{"id":79156,"date":"2012-02-16T15:10:51","date_gmt":"2012-02-16T15:10:51","guid":{"rendered":"https:\/\/dev.president-ksgov.net\/govor-predsednice-republike-kosovo-gospodje-atifete-jahjaga-na-svecanoj-sednici-skuptine-kosova-povodom-cetvrte-godinjice-proglaenja-nezavisnosti-kosova-2\/"},"modified":"2012-02-16T15:10:51","modified_gmt":"2012-02-16T15:10:51","slug":"govor-predsednice-republike-kosovo-gospodje-atifete-jahjaga-na-svecanoj-sednici-skuptine-kosova-povodom-cetvrte-godinjice-proglaenja-nezavisnosti-kosova-2","status":"publish","type":"post","link":"https:\/\/president-ksgov.net\/sr\/govor-predsednice-republike-kosovo-gospodje-atifete-jahjaga-na-svecanoj-sednici-skuptine-kosova-povodom-cetvrte-godinjice-proglaenja-nezavisnosti-kosova-2\/","title":{"rendered":"Govor Predsednice Republike Kosovo, gospo\u0111e Atifete Jahjaga na sve\u010danoj sednici Skup&#154;tine Kosova povodom \u010detvrte godi&#154;njice progla&#154;enja nezavisnosti Kosova"},"content":{"rendered":"<p>Sloboda i nezavisnost zemlje su prepletene u svim na&#353;im nastojanjima kroz generacije da bismo &#382;iveli slobodno,  ravnopravni i dostojanstveno.<\/p>\n<p>Po&#353;tovani Predsednik Skup&#353;tine Republike Kosovo.<br \/>\nPo&#353;tovani Premijer,<br \/>\nPo&#353;tovani poslanici,<br \/>\nPo&#353;tovani zamenici premijera i ministri,<br \/>\nPo&#353;tovani ambasadori prijateljskih zemalja na Kosovu,<br \/>\nPo&#353;tovani gradani Republike Kosovo,<\/p>\n<p>Cetvrta godi&#353;njica slavlja nezavisnosti zemlje, kao ostvarivanje snovi, i vekovnih nastojanja, nalazi Kosovo Suverenu i Nezavisnu Dr&#382;avu, sa priznanjem od 87 zemalja sveta i sa jednom vizijom i jasnim putem u procesu evropskih integracija.\u00a0 <\/p>\n<p>Sloboda i nezavisnost zemlje su prepletene u svim na&#353;im nastojanjima kroz generacije da bismo &#382;iveli slobodno,\u00a0 ravnopravni i dostojanstveno.<\/p>\n<p>Na&#353;a filozofska i politicka ideja o Slobodi i Nezavisnosti Kosova je uvek bila humana ideja postajuci jedan preporod u kriticnom mi&#353;ljenju, jedna originalnost u politickom razmi&#353;ljanju i delovanju, jedno ukr&#353;tanje mudrosti kao umece i odgovornost, jedna dalekovidna platforma kao strategija i kao delatnost i pragmaticno\u00a0 pona&#353;anje koristeci sve potencijale i kapacitete, uz upotrebu iskustva iz na&#353;e bogate tradicije, dopunjene savremeni filozofskim i politickim idejama, kao izgradnja jednog novog dru&#353;tva, koja je dovela medunarodno razumevanje i podr&#353;ku za na&#353;u pravedan cilj i koje kao nikad ranije donela plodove koje\u00a0 mi danas u&#382;ivamo-Republiku Kosovo, suverenu i nezavisnu dr&#382;avu, demokratsko dru&#353;tvo za sve\u00a0 gradane, u vecito prijateljstvo sa Sjedinjenim Americkim Dr&#382;avama i jasnim i prosperitetnim putem ka clanstva u Evropsku Zajednicu i NATO.<\/p>\n<p>Kao &#353;to nam danas cestita Americki Dr&#382;avni Sekretar Hillary Clinton, &#8220;Sjedinjene Americke Dr&#382;ave kao prijatelj i kao partner ce biti sa nama da bi podr&#382;ali bezbednost, mir i prosperitet Kosova.&#8221; <\/p>\n<p>Po&#353;tovani,<\/p>\n<p>Za Kosovo, Suverenu i Nezavisnu Dr&#382;avu su se &#382;rtvovali najbolji sinovi i kceri na&#353;e zemlje da bismo mi bili po&#353;tovani da ih spomenemo u svakoj manifestaciji i godi&#353;njici.<\/p>\n<p>Ovaj dan nas cini da se osecamo ponosni za mukotrpan put koji smo prevalili ispunjen &#382;rtvama. To nas cini da danas ceneci na&#353;a dostignuca da se podsecamo svih onih koji su &#382;rtvovali, koji su pali na oltar slobode i koji su se stopili radeci za dobrobit naroda i domovine da bismo mi danas bili slobodni i suvereni u na&#353;em tlu da bi gradili slobodnu i nezavisnu dr&#382;avu Kosovo.\u00a0 <\/p>\n<p>Da se podsetimo ovde dve znamenite figure, istorijskog Predsednika Dr. Ibrahim Rugova i legendarnog komandanta Oslobodilacke Vojske Kosova Adem Ja&#353;ari, ova dva simbola putokaz za dana&#353;njicu i na&#353;u buducnost. <\/p>\n<p>Na&#353;i rukovodioci, u najte&#382;im vremenima, su znali donositi va&#382;ne odluke koje su potvrdile pravac istorije ali su odredili i na&#353;u sudbinu kao narod i na&#353;a domovina.<\/p>\n<p>Po&#353;tujuci na&#353;u pro&#353;lost po&#353;tujemo &#382;rtve, po&#353;tujemo i na&#353;u sada&#353;njost i na&#353;u buducnost jer politicki program oko kojeg smo se ujedinili je bio pravedan, human, dalekovidan, zasnovan na najbolju tradiciju na&#353;eg naroda, na civilizovane evropske vrednosti utvrdujuci nas cvrstu u porodici naroda Evrope, ponovo se vracajuci na civilizaciju kojoj smo uvek pripadali i iz kojeg smo nepravedno izdvojeni za jedno du&#382;e vreme.<\/p>\n<p>Sada svima nam je lak&#353;e jer put trasiran, nacela su izgradena, istorijske dileme su nestale i nama sleduje samo da konkretno preduzmemo korake za realizaciju strategije i na&#353;e dr&#382;avne i gradanske platforme.<\/p>\n<p>Na ovom putu mi nismo bili sami, imali smo nepo&#353;tednu podr&#353;ku Sjedinjenih Americkih Dr&#382;ava, zemalja Evropske Zajednice i NATO-a, koja je izvr&#353;ila vojno humanitarnu intervenciju za spa&#353;avanje jednog naroda.<\/p>\n<p>Zato nezavisnost Kosova je nepovratan proces i nema alternative. Mi smo faktor mira i stabilnosti u region i &#353;ire, koji razvijamo dobre bilateralne dobrosusedske odnose dajuci jedan dobar primer medusobnog po&#353;tovanja i saradnje.<\/p>\n<p>Kosovo je izgradila svoj medunarodni subjektivitet i predstavlja ravnopravno uz potpuni reciprocitet. Procesu se ne vracaju natrag i niko ne mo&#382;e stvarati utisak da proces nezavisnosti Republike Kosovo nije okoncan.<\/p>\n<p>Republika Kosovo je izgradena na gradanskom principu, sa ravnopravnim pravima i slobodom za sve ljude.<br \/>\nSve nacionalnosti Kosova u&#382;ivaju svoja puna nacionalna prava bez obzira na njihov broj. Ovo je na&#353;a vrednost tradicionalno izgradena uz medusobno po&#353;tovanje jedan drugog.<\/p>\n<p>Svi gradani Kosova bez razlike su ujedinjuju u viziji potpunog clanstva u Evropsku Zajednicu. U porodici naroda sa visokim standardima slobode i prava, demokratskih procesa, jednog naprednog &#353;kolskog sistema, zdravstvenog i socijalnog sistema. Sa jednom modernom ekonomijom u funkciji op&#353;teg razvoja koristeci naucna dostignuca i transformirajuci potrebama ljudi i vremenu.<\/p>\n<p>Na&#353;a zemlja ima velike potencijale razvoja koristeci plansku na&#353;e prirodne rasurse, ali mi smo ponosni narocito za na&#353;u rodoljubnu i &#353;kolovanu omladinu punom znanja i sposobnosti visokih evropskih standarda. Stvarajuci povoljan ambijent uz izgradnju moderne infrastrukture puteva, &#382;eleznice i vazdu&#353;nog transporta , na&#353;a zemlja postaje podobna za strane investicije, za privlacnost kapitala i prepletanje na&#353;e sa svetskom ekonomijom.<\/p>\n<p>Gradani i politicki subjekti Kosova su pokazali toleranciju i razumevanje za po&#353;tovanje pravila i zakona, gradeci koalicije efikasnog upravljanja\u00a0 imajuci konstruktivnu opoziciju i uspostavljajuci koheziju i jedinstvo stavljajuci ih u funkciji demokratskih i dr&#382;avotvornih procesa.<\/p>\n<p>Po&#353;tovani poslanici,<br \/>\nPo&#353;tovani zvanicnici,<br \/>\nPo&#353;tovani gradani Republike Kosovo,<\/p>\n<p>U telegram cestitke, koji nam je pristigao dana od Dr&#382;avnog Sekretara Clinton se ka&#382;e da &#8222;iako je nova dr&#382;ava, Kosovo je zemlja koja ima jednu obecavajucu buducnost, i Sjedinjene Americke Dr&#382;aver su posvecene podr&#382;ati jedno nezavisno, suvereno i multietnicko Kosovo&#8220;. Sekretar Clinton pozdravlja nastojanja izabranih rukovodioca u posvecenju i realizaciji aspiracija gradana Kosova za jace demokratske institucije, vecu ekonomsku perspektivu i uspostavljanje vladanja reda i zakona. &#8222;Ovaj put ce voditi Kosovo u potpunu evropsku integraciju i trajnu stabilnost i prosperitet za na&#353;u zemlju&#8220;. <\/p>\n<p>Cetvrta godi&#353;njica progla&#353;enja nezavisnosti je slavlje koje nas ohrabri, mobilizir i podstice da uvek i u svaku priliku budemo u slu&#382;bi na&#353;eg naroda i na&#353;e zemlje.<\/p>\n<p>Mi zaslu&#382;ujemo jednu bolju buducnost. Mi radimo za jednu bolju buducnost.Mi cemo pretvoriti u realnost na&#353;e snovi, jer imamo volju, imamo hrabrosti, imamo posvecenost i imamo podr&#353;ku na&#353;ih medunarodnih prijatelja.<\/p>\n<p>Ovo je na&#353;a misija koju cemo zajedno ispuniti.<\/p>\n<p>Hvala vam!\u00a0 SRETNA VAM OVA GODI&#352;NJICA!<\/p>\n","protected":false},"excerpt":{"rendered":"<p>Sloboda i nezavisnost zemlje su prepletene u svim na&#353;im nastojanjima kroz generacije da bismo &#382;iveli slobodno,  ravnopravni i dostojanstveno.<\/p>\n","protected":false},"author":1,"featured_media":57324,"comment_status":"open","ping_status":"closed","sticky":false,"template":"","format":"standard","meta":{"_eb_attr":"","footnotes":""},"categories":[101],"tags":[],"class_list":["post-79156","post","type-post","status-publish","format-standard","has-post-thumbnail","hentry","category-vesti"],"yoast_head":"<!-- This site is optimized with the Yoast SEO plugin v23.5 - https:\/\/yoast.com\/wordpress\/plugins\/seo\/ -->\n<title>Govor Predsednice Republike Kosovo, gospo\u0111e Atifete Jahjaga na sve\u010danoj sednici Skup&#154;tine Kosova povodom \u010detvrte godi&#154;njice progla&#154;enja nezavisnosti Kosova - Predsednik Republike Kosovo - DR. VJOSA OSMANI - SADRIU<\/title>\n<meta name=\"description\" content=\"Govor Predsednice Republike Kosovo, gospo\u0111e Atifete Jahjaga na sve\u010danoj sednici Skup&#154;tine Kosova povodom \u010detvrte godi&#154;njice progla&#154;enja nezavisnosti Kosova - Predsednik Republike Kosovo - DR. VJOSA OSMANI - SADRIU -\" \/>\n<meta name=\"robots\" content=\"index, follow, max-snippet:-1, max-image-preview:large, max-video-preview:-1\" \/>\n<link rel=\"canonical\" href=\"https:\/\/president-ksgov.net\/fjala-e-presidentes-atifete-jahjaga-ne-mbledhjen-solemne-te-kuvendit-te-kosoves-ne-katervjetorin-e-shpalljes-se-pavaresise-se-kosoves-2\/\" \/>\n<meta property=\"og:locale\" content=\"sr_RS\" \/>\n<meta property=\"og:type\" content=\"article\" \/>\n<meta property=\"og:title\" content=\"Govor Predsednice Republike Kosovo, gospo\u0111e Atifete Jahjaga na sve\u010danoj sednici Skup&#154;tine Kosova povodom \u010detvrte godi&#154;njice progla&#154;enja nezavisnosti Kosova - Predsednik Republike Kosovo - DR. VJOSA OSMANI - SADRIU\" \/>\n<meta property=\"og:description\" content=\"Govor Predsednice Republike Kosovo, gospo\u0111e Atifete Jahjaga na sve\u010danoj sednici Skup&#154;tine Kosova povodom \u010detvrte godi&#154;njice progla&#154;enja nezavisnosti Kosova - Predsednik Republike Kosovo - DR. VJOSA OSMANI - SADRIU -\" \/>\n<meta property=\"og:url\" content=\"https:\/\/president-ksgov.net\/fjala-e-presidentes-atifete-jahjaga-ne-mbledhjen-solemne-te-kuvendit-te-kosoves-ne-katervjetorin-e-shpalljes-se-pavaresise-se-kosoves-2\/\" \/>\n<meta property=\"og:site_name\" content=\"Predsednik Republike Kosovo - DR. VJOSA OSMANI - SADRIU\" \/>\n<meta property=\"article:published_time\" content=\"2012-02-16T15:10:51+00:00\" \/>\n<meta property=\"og:image\" content=\"https:\/\/president-ksgov.net\/wp-content\/uploads\/16_02_2012_Seanca_e_Kuvendit_01.jpg\" \/>\n\t<meta property=\"og:image:width\" content=\"1000\" \/>\n\t<meta property=\"og:image:height\" content=\"667\" \/>\n\t<meta property=\"og:image:type\" content=\"image\/jpeg\" \/>\n<meta name=\"author\" content=\"admin\" \/>\n<meta name=\"twitter:card\" content=\"summary_large_image\" \/>\n<meta name=\"twitter:label1\" content=\"\u041d\u0430\u043f\u0438\u0441\u0430\u043d\u043e \u043e\u0434\" \/>\n\t<meta name=\"twitter:data1\" content=\"admin\" \/>\n\t<meta name=\"twitter:label2\" content=\"\u041f\u0440\u043e\u0446\u0435\u045a\u0435\u043d\u043e \u0432\u0440\u0435\u043c\u0435 \u0447\u0438\u0442\u0430\u045a\u0430\" \/>\n\t<meta name=\"twitter:data2\" content=\"5 \u043c\u0438\u043d\u0443\u0442\u0430\" \/>\n<script type=\"application\/ld+json\" class=\"yoast-schema-graph\">{\"@context\":\"https:\/\/schema.org\",\"@graph\":[{\"@type\":\"WebPage\",\"@id\":\"https:\/\/president-ksgov.net\/fjala-e-presidentes-atifete-jahjaga-ne-mbledhjen-solemne-te-kuvendit-te-kosoves-ne-katervjetorin-e-shpalljes-se-pavaresise-se-kosoves-2\/\",\"url\":\"https:\/\/president-ksgov.net\/fjala-e-presidentes-atifete-jahjaga-ne-mbledhjen-solemne-te-kuvendit-te-kosoves-ne-katervjetorin-e-shpalljes-se-pavaresise-se-kosoves-2\/\",\"name\":\"Govor Predsednice Republike Kosovo, gospo\u0111e Atifete Jahjaga na sve\u010danoj sednici Skup&#154;tine Kosova povodom \u010detvrte godi&#154;njice progla&#154;enja nezavisnosti Kosova - Predsednik Republike Kosovo - DR. VJOSA OSMANI - SADRIU\",\"isPartOf\":{\"@id\":\"https:\/\/president-ksgov.net\/#website\"},\"primaryImageOfPage\":{\"@id\":\"https:\/\/president-ksgov.net\/fjala-e-presidentes-atifete-jahjaga-ne-mbledhjen-solemne-te-kuvendit-te-kosoves-ne-katervjetorin-e-shpalljes-se-pavaresise-se-kosoves-2\/#primaryimage\"},\"image\":{\"@id\":\"https:\/\/president-ksgov.net\/fjala-e-presidentes-atifete-jahjaga-ne-mbledhjen-solemne-te-kuvendit-te-kosoves-ne-katervjetorin-e-shpalljes-se-pavaresise-se-kosoves-2\/#primaryimage\"},\"thumbnailUrl\":\"https:\/\/president-ksgov.net\/wp-content\/uploads\/16_02_2012_Seanca_e_Kuvendit_01.jpg\",\"datePublished\":\"2012-02-16T15:10:51+00:00\",\"dateModified\":\"2012-02-16T15:10:51+00:00\",\"author\":{\"@id\":\"https:\/\/president-ksgov.net\/#\/schema\/person\/bb4337a5fb147cb2046d80548172cbee\"},\"description\":\"Govor Predsednice Republike Kosovo, gospo\u0111e Atifete Jahjaga na sve\u010danoj sednici Skup&#154;tine Kosova povodom \u010detvrte godi&#154;njice progla&#154;enja nezavisnosti Kosova - Predsednik Republike Kosovo - DR. VJOSA OSMANI - SADRIU -\",\"breadcrumb\":{\"@id\":\"https:\/\/president-ksgov.net\/fjala-e-presidentes-atifete-jahjaga-ne-mbledhjen-solemne-te-kuvendit-te-kosoves-ne-katervjetorin-e-shpalljes-se-pavaresise-se-kosoves-2\/#breadcrumb\"},\"inLanguage\":\"sr-RS\",\"potentialAction\":[{\"@type\":\"ReadAction\",\"target\":[\"https:\/\/president-ksgov.net\/fjala-e-presidentes-atifete-jahjaga-ne-mbledhjen-solemne-te-kuvendit-te-kosoves-ne-katervjetorin-e-shpalljes-se-pavaresise-se-kosoves-2\/\"]}]},{\"@type\":\"ImageObject\",\"inLanguage\":\"sr-RS\",\"@id\":\"https:\/\/president-ksgov.net\/fjala-e-presidentes-atifete-jahjaga-ne-mbledhjen-solemne-te-kuvendit-te-kosoves-ne-katervjetorin-e-shpalljes-se-pavaresise-se-kosoves-2\/#primaryimage\",\"url\":\"https:\/\/president-ksgov.net\/wp-content\/uploads\/16_02_2012_Seanca_e_Kuvendit_01.jpg\",\"contentUrl\":\"https:\/\/president-ksgov.net\/wp-content\/uploads\/16_02_2012_Seanca_e_Kuvendit_01.jpg\",\"width\":1000,\"height\":667},{\"@type\":\"BreadcrumbList\",\"@id\":\"https:\/\/president-ksgov.net\/fjala-e-presidentes-atifete-jahjaga-ne-mbledhjen-solemne-te-kuvendit-te-kosoves-ne-katervjetorin-e-shpalljes-se-pavaresise-se-kosoves-2\/#breadcrumb\",\"itemListElement\":[{\"@type\":\"ListItem\",\"position\":1,\"name\":\"Home\",\"item\":\"https:\/\/president-ksgov.net\/sr\/\"},{\"@type\":\"ListItem\",\"position\":2,\"name\":\"Govor Predsednice Republike Kosovo, gospo\u0111e Atifete Jahjaga na sve\u010danoj sednici Skup&#154;tine Kosova povodom \u010detvrte godi&#154;njice progla&#154;enja nezavisnosti Kosova\"}]},{\"@type\":\"WebSite\",\"@id\":\"https:\/\/president-ksgov.net\/#website\",\"url\":\"https:\/\/president-ksgov.net\/\",\"name\":\"Presidente e Republik\u00ebs s\u00eb Kosov\u00ebs\",\"description\":\"Presidente e Republik\u00ebs s\u00eb Kosov\u00ebs\",\"alternateName\":\"DR. VJOSA OSMANI - SADRIU\",\"potentialAction\":[{\"@type\":\"SearchAction\",\"target\":{\"@type\":\"EntryPoint\",\"urlTemplate\":\"https:\/\/president-ksgov.net\/?s={search_term_string}\"},\"query-input\":{\"@type\":\"PropertyValueSpecification\",\"valueRequired\":true,\"valueName\":\"search_term_string\"}}],\"inLanguage\":\"sr-RS\"},{\"@type\":\"Person\",\"@id\":\"https:\/\/president-ksgov.net\/#\/schema\/person\/bb4337a5fb147cb2046d80548172cbee\",\"name\":\"admin\",\"image\":{\"@type\":\"ImageObject\",\"inLanguage\":\"sr-RS\",\"@id\":\"https:\/\/president-ksgov.net\/#\/schema\/person\/image\/\",\"url\":\"https:\/\/secure.gravatar.com\/avatar\/36156ca0fa3b8d9d25174f146e16beea0cf28f37adf1b9e19b6c9c279a7c9dd3?s=96&d=mm&r=g\",\"contentUrl\":\"https:\/\/secure.gravatar.com\/avatar\/36156ca0fa3b8d9d25174f146e16beea0cf28f37adf1b9e19b6c9c279a7c9dd3?s=96&d=mm&r=g\",\"caption\":\"admin\"},\"sameAs\":[\"https:\/\/president-ksgov.net\"]}]}<\/script>\n<!-- \/ Yoast SEO plugin. -->","yoast_head_json":{"title":"Govor Predsednice Republike Kosovo, gospo\u0111e Atifete Jahjaga na sve\u010danoj sednici Skup&#154;tine Kosova povodom \u010detvrte godi&#154;njice progla&#154;enja nezavisnosti Kosova - Predsednik Republike Kosovo - DR. VJOSA OSMANI - SADRIU","description":"Govor Predsednice Republike Kosovo, gospo\u0111e Atifete Jahjaga na sve\u010danoj sednici Skup&#154;tine Kosova povodom \u010detvrte godi&#154;njice progla&#154;enja nezavisnosti Kosova - Predsednik Republike Kosovo - DR. VJOSA OSMANI - SADRIU -","robots":{"index":"index","follow":"follow","max-snippet":"max-snippet:-1","max-image-preview":"max-image-preview:large","max-video-preview":"max-video-preview:-1"},"canonical":"https:\/\/president-ksgov.net\/fjala-e-presidentes-atifete-jahjaga-ne-mbledhjen-solemne-te-kuvendit-te-kosoves-ne-katervjetorin-e-shpalljes-se-pavaresise-se-kosoves-2\/","og_locale":"sr_RS","og_type":"article","og_title":"Govor Predsednice Republike Kosovo, gospo\u0111e Atifete Jahjaga na sve\u010danoj sednici Skup&#154;tine Kosova povodom \u010detvrte godi&#154;njice progla&#154;enja nezavisnosti Kosova - Predsednik Republike Kosovo - DR. VJOSA OSMANI - SADRIU","og_description":"Govor Predsednice Republike Kosovo, gospo\u0111e Atifete Jahjaga na sve\u010danoj sednici Skup&#154;tine Kosova povodom \u010detvrte godi&#154;njice progla&#154;enja nezavisnosti Kosova - Predsednik Republike Kosovo - DR. VJOSA OSMANI - SADRIU -","og_url":"https:\/\/president-ksgov.net\/fjala-e-presidentes-atifete-jahjaga-ne-mbledhjen-solemne-te-kuvendit-te-kosoves-ne-katervjetorin-e-shpalljes-se-pavaresise-se-kosoves-2\/","og_site_name":"Predsednik Republike Kosovo - DR. VJOSA OSMANI - SADRIU","article_published_time":"2012-02-16T15:10:51+00:00","og_image":[{"width":1000,"height":667,"url":"https:\/\/president-ksgov.net\/wp-content\/uploads\/16_02_2012_Seanca_e_Kuvendit_01.jpg","type":"image\/jpeg"}],"author":"admin","twitter_card":"summary_large_image","twitter_misc":{"\u041d\u0430\u043f\u0438\u0441\u0430\u043d\u043e \u043e\u0434":"admin","\u041f\u0440\u043e\u0446\u0435\u045a\u0435\u043d\u043e \u0432\u0440\u0435\u043c\u0435 \u0447\u0438\u0442\u0430\u045a\u0430":"5 \u043c\u0438\u043d\u0443\u0442\u0430"},"schema":{"@context":"https:\/\/schema.org","@graph":[{"@type":"WebPage","@id":"https:\/\/president-ksgov.net\/fjala-e-presidentes-atifete-jahjaga-ne-mbledhjen-solemne-te-kuvendit-te-kosoves-ne-katervjetorin-e-shpalljes-se-pavaresise-se-kosoves-2\/","url":"https:\/\/president-ksgov.net\/fjala-e-presidentes-atifete-jahjaga-ne-mbledhjen-solemne-te-kuvendit-te-kosoves-ne-katervjetorin-e-shpalljes-se-pavaresise-se-kosoves-2\/","name":"Govor Predsednice Republike Kosovo, gospo\u0111e Atifete Jahjaga na sve\u010danoj sednici Skup&#154;tine Kosova povodom \u010detvrte godi&#154;njice progla&#154;enja nezavisnosti Kosova - Predsednik Republike Kosovo - DR. VJOSA OSMANI - SADRIU","isPartOf":{"@id":"https:\/\/president-ksgov.net\/#website"},"primaryImageOfPage":{"@id":"https:\/\/president-ksgov.net\/fjala-e-presidentes-atifete-jahjaga-ne-mbledhjen-solemne-te-kuvendit-te-kosoves-ne-katervjetorin-e-shpalljes-se-pavaresise-se-kosoves-2\/#primaryimage"},"image":{"@id":"https:\/\/president-ksgov.net\/fjala-e-presidentes-atifete-jahjaga-ne-mbledhjen-solemne-te-kuvendit-te-kosoves-ne-katervjetorin-e-shpalljes-se-pavaresise-se-kosoves-2\/#primaryimage"},"thumbnailUrl":"https:\/\/president-ksgov.net\/wp-content\/uploads\/16_02_2012_Seanca_e_Kuvendit_01.jpg","datePublished":"2012-02-16T15:10:51+00:00","dateModified":"2012-02-16T15:10:51+00:00","author":{"@id":"https:\/\/president-ksgov.net\/#\/schema\/person\/bb4337a5fb147cb2046d80548172cbee"},"description":"Govor Predsednice Republike Kosovo, gospo\u0111e Atifete Jahjaga na sve\u010danoj sednici Skup&#154;tine Kosova povodom \u010detvrte godi&#154;njice progla&#154;enja nezavisnosti Kosova - Predsednik Republike Kosovo - DR. VJOSA OSMANI - SADRIU -","breadcrumb":{"@id":"https:\/\/president-ksgov.net\/fjala-e-presidentes-atifete-jahjaga-ne-mbledhjen-solemne-te-kuvendit-te-kosoves-ne-katervjetorin-e-shpalljes-se-pavaresise-se-kosoves-2\/#breadcrumb"},"inLanguage":"sr-RS","potentialAction":[{"@type":"ReadAction","target":["https:\/\/president-ksgov.net\/fjala-e-presidentes-atifete-jahjaga-ne-mbledhjen-solemne-te-kuvendit-te-kosoves-ne-katervjetorin-e-shpalljes-se-pavaresise-se-kosoves-2\/"]}]},{"@type":"ImageObject","inLanguage":"sr-RS","@id":"https:\/\/president-ksgov.net\/fjala-e-presidentes-atifete-jahjaga-ne-mbledhjen-solemne-te-kuvendit-te-kosoves-ne-katervjetorin-e-shpalljes-se-pavaresise-se-kosoves-2\/#primaryimage","url":"https:\/\/president-ksgov.net\/wp-content\/uploads\/16_02_2012_Seanca_e_Kuvendit_01.jpg","contentUrl":"https:\/\/president-ksgov.net\/wp-content\/uploads\/16_02_2012_Seanca_e_Kuvendit_01.jpg","width":1000,"height":667},{"@type":"BreadcrumbList","@id":"https:\/\/president-ksgov.net\/fjala-e-presidentes-atifete-jahjaga-ne-mbledhjen-solemne-te-kuvendit-te-kosoves-ne-katervjetorin-e-shpalljes-se-pavaresise-se-kosoves-2\/#breadcrumb","itemListElement":[{"@type":"ListItem","position":1,"name":"Home","item":"https:\/\/president-ksgov.net\/sr\/"},{"@type":"ListItem","position":2,"name":"Govor Predsednice Republike Kosovo, gospo\u0111e Atifete Jahjaga na sve\u010danoj sednici Skup&#154;tine Kosova povodom \u010detvrte godi&#154;njice progla&#154;enja nezavisnosti Kosova"}]},{"@type":"WebSite","@id":"https:\/\/president-ksgov.net\/#website","url":"https:\/\/president-ksgov.net\/","name":"Presidente e Republik\u00ebs s\u00eb Kosov\u00ebs","description":"Presidente e Republik\u00ebs s\u00eb Kosov\u00ebs","alternateName":"DR. VJOSA OSMANI - SADRIU","potentialAction":[{"@type":"SearchAction","target":{"@type":"EntryPoint","urlTemplate":"https:\/\/president-ksgov.net\/?s={search_term_string}"},"query-input":{"@type":"PropertyValueSpecification","valueRequired":true,"valueName":"search_term_string"}}],"inLanguage":"sr-RS"},{"@type":"Person","@id":"https:\/\/president-ksgov.net\/#\/schema\/person\/bb4337a5fb147cb2046d80548172cbee","name":"admin","image":{"@type":"ImageObject","inLanguage":"sr-RS","@id":"https:\/\/president-ksgov.net\/#\/schema\/person\/image\/","url":"https:\/\/secure.gravatar.com\/avatar\/36156ca0fa3b8d9d25174f146e16beea0cf28f37adf1b9e19b6c9c279a7c9dd3?s=96&d=mm&r=g","contentUrl":"https:\/\/secure.gravatar.com\/avatar\/36156ca0fa3b8d9d25174f146e16beea0cf28f37adf1b9e19b6c9c279a7c9dd3?s=96&d=mm&r=g","caption":"admin"},"sameAs":["https:\/\/president-ksgov.net"]}]}},"_links":{"self":[{"href":"https:\/\/president-ksgov.net\/sr\/wp-json\/wp\/v2\/posts\/79156","targetHints":{"allow":["GET"]}}],"collection":[{"href":"https:\/\/president-ksgov.net\/sr\/wp-json\/wp\/v2\/posts"}],"about":[{"href":"https:\/\/president-ksgov.net\/sr\/wp-json\/wp\/v2\/types\/post"}],"author":[{"embeddable":true,"href":"https:\/\/president-ksgov.net\/sr\/wp-json\/wp\/v2\/users\/1"}],"replies":[{"embeddable":true,"href":"https:\/\/president-ksgov.net\/sr\/wp-json\/wp\/v2\/comments?post=79156"}],"version-history":[{"count":0,"href":"https:\/\/president-ksgov.net\/sr\/wp-json\/wp\/v2\/posts\/79156\/revisions"}],"wp:featuredmedia":[{"embeddable":true,"href":"https:\/\/president-ksgov.net\/sr\/wp-json\/wp\/v2\/media\/57324"}],"wp:attachment":[{"href":"https:\/\/president-ksgov.net\/sr\/wp-json\/wp\/v2\/media?parent=79156"}],"wp:term":[{"taxonomy":"category","embeddable":true,"href":"https:\/\/president-ksgov.net\/sr\/wp-json\/wp\/v2\/categories?post=79156"},{"taxonomy":"post_tag","embeddable":true,"href":"https:\/\/president-ksgov.net\/sr\/wp-json\/wp\/v2\/tags?post=79156"}],"curies":[{"name":"wp","href":"https:\/\/api.w.org\/{rel}","templated":true}]}}