{"id":79097,"date":"2012-03-27T14:01:06","date_gmt":"2012-03-27T14:01:06","guid":{"rendered":"https:\/\/dev.president-ksgov.net\/konferencija-za-medije-predsednice-jahjaga-i-komisionera-fyle\/"},"modified":"2012-03-27T14:01:06","modified_gmt":"2012-03-27T14:01:06","slug":"konferencija-za-medije-predsednice-jahjaga-i-komisionera-fyle","status":"publish","type":"post","link":"https:\/\/president-ksgov.net\/sr\/konferencija-za-medije-predsednice-jahjaga-i-komisionera-fyle\/","title":{"rendered":"Konferencija za medije Predsednice Jahjaga i Komisionera Fyle"},"content":{"rendered":"<p>Nakon inauguracionog sastanka Nacionalnog Ve\u0107a za Evropske Integracije, Predsednica Republike Kosovo, Gospo\u0111a Atifete Jahjaga i Komisioner za Pro&#353;irenje EZ-e g.din Stefan Fyle , su govorili na jednoj konferenciji za medije o radu ovog ve\u0107a i nizu drugih tema.<\/p>\n<p>U nastavku donosimo izjave Predsednice Jahjaga i Komisionera Fyle:<\/p>\n<p>Predsednica Atifete Jahjaga: Danas smo odr&#382;ali inauguracioni sastanak Nacionalnog Veca za Evropske Integracije, koje deluje pod mojim autoritetom kao Predsednice Republike Kosovo, u okviru mojih ustavnih i zakonskih obaveza koordinacije i usagla&#353;avanja politika u jednoj vrlo va&#382;noj, takoreci &#382;ivotno znacajnoj oblasti kakav je put ka Evropskoj Integraciji na&#353;e dr&#382;ave.<\/p>\n<p>Poca&#353;cena sam da je ovom sastanku ucestvovao i dao punu podr&#353;ku Komisioner za pro&#353;irenje Evropske\u00a0 Zajednice Stefan Fyle, kao dokaz da u ovom na&#353;em cilju imamo punu institucionalnu podr&#353;ku Evropske Zajednice i da je u na&#353;em interesu i u interesu Evrope da se Kosovo i ceo Zapadni Balkan, &#353;to pre integri&#353;u u zajednici slobodnih i ravnopravnih naroda Evrope.<\/p>\n<p>Kosovo i EZ u medusobnim odnosima su ucinile jedan vrlo va&#382;an korak lansiranjem dijaloga o Liberalizaciji Viza i pocetak studije fizibiliteta za Sporazum o Stabilizaciji i Asociranju, koji bi omogucio tokom celog buduceg perioda da uradimo sveobuhvatnu analizu o na&#353;oj politickoj, ekonomskoj i zakonodavnoj spremnosti.<\/p>\n<p>Ovo uvr&#353;tava Kosovo u okvir politika Evropske Zajednice za Zapadni Balkan u pravcu uspostavljanja kontraktualnih odnosa.<\/p>\n<p>Takode sam poca&#353;cena da na dana&#353;njem sastanku su ucestvovali i dali podr&#353;ku, kao dokaz institucionalnog jedinstva, predsednik Skup&#353;tine Kosova, gospodin Jakup Krasnici i Premijer Kosova, gospodin Ha&#353;im Thaci kao i lider opozicije Predsednik Demokratskog Saveza Kosova, gospodin Isa Mustafa.<\/p>\n<p>Na dana&#353;njem sastanku su ucestvovali, ministri vlade Republike Kosovo, iz oblasti koje su va&#382;ne za ispunjavanje standarda za clanstvo u EZ-e ,\u00a0 predstavnici civilnog dru&#353;tva te drugi relevantni faktori i ambasadori zemalja QUINT-a, koji u svojim nacionalnim politikama i u okviru mehanizama Evropske Zajednice imaju va&#382;nu ulogu na putu clanstva Kosova u EZ-e.\u00a0\u00a0\u00a0\u00a0\u00a0\u00a0\u00a0\u00a0\u00a0\u00a0\u00a0\u00a0\u00a0\u00a0\u00a0\u00a0\u00a0\u00a0\u00a0\u00a0\u00a0\u00a0\u00a0\u00a0\u00a0\u00a0\u00a0\u00a0\u00a0\u00a0\u00a0\u00a0\u00a0\u00a0\u00a0\u00a0\u00a0\u00a0\u00a0\u00a0\u00a0\u00a0\u00a0\u00a0\u00a0\u00a0\u00a0\u00a0\u00a0\u00a0\u00a0\u00a0\u00a0\u00a0\u00a0\u00a0\u00a0\u00a0\u00a0\u00a0\u00a0\u00a0\u00a0\u00a0\u00a0\u00a0\u00a0\u00a0\u00a0\u00a0\u00a0\u00a0\u00a0\u00a0\u00a0\u00a0\u00a0\u00a0\u00a0\u00a0\u00a0\u00a0\u00a0\u00a0\u00a0\u00a0\u00a0\u00a0\u00a0\u00a0\u00a0\u00a0\u00a0\u00a0\u00a0\u00a0\u00a0\u00a0\u00a0\u00a0\u00a0\u00a0\u00a0\u00a0\u00a0\u00a0\u00a0\u00a0\u00a0\u00a0\u00a0\u00a0\u00a0\u00a0\u00a0\u00a0\u00a0\u00a0\u00a0\u00a0\u00a0\u00a0\u00a0\u00a0\u00a0\u00a0\u00a0\u00a0\u00a0\u00a0\u00a0\u00a0\u00a0\u00a0\u00a0\u00a0\u00a0\u00a0\u00a0\u00a0\u00a0\u00a0 <\/p>\n<p>Dana&#353;nji sastanak je bio informativan i izve&#353;tavajuci sa izno&#353;enjem gledi&#353;ta da bi se usaglasili i koordinirali efektivno unutar institucija\u00a0 radi izvr&#353;avanja svih onih zadataka koji se tra&#382;e od nas.<\/p>\n<p>Danas smo bili ovde da iska&#382;emo na&#353;e posvecenje, na&#353; cilj i &#382;elju svih gradana Republike Kosovo, bez razlike, da na&#353;a jedina alternativa jeste da se uclanimo u Evropsku Zajednicu, i takode reci cu ovde, jer se ovo nadovezuje sa politikama regionalne i globalne bezbednosti, mi &#382;elimo i gradimo potrebne kapacitete da bismo postali clanovi NATO-a dajuci na&#353; doprinos humanim i miroljubivim misijama.<\/p>\n<p>Ovo nacionalno vece, osim svoje simbolike mojeg predvodena kao Predsednice zemlje i faktor jedinstva, razvija ce konkretnu delatnost ne bivajuci izvr&#353;ni organ nego mesto potpunog sprovodenja ustavnosti i zakonitosti u &#353;irem sastavu pozicija, opozicija i civilno dru&#353;tvo.<\/p>\n<p>Komisioner Stefan Fyle: Gospodo Predsednice, zadovoljstvo mi je &#353;to sam danas prisustvovao na prvom sastanku Nacionalnog Veca za Evropsku Integraciju. Radosno ocekujem ovaj sveobuhvatni pristup po&#353;to je bitno za ubrzanje napredovanja Kosova u pravcu EZ-e.<\/p>\n<p>Mi smo formalno zapoceli studiju fizibiliteta za Sporazum o Stabilizaciji i Asociranju sa Kosovom. Ovo podstice unapredenje evropske agende za Kosovo. Studija fizibiliteta za Kosovo ce otvarati jednu novu epohu u na&#353;im odnosima.<\/p>\n<p>Mi trebamo odr&#382;ati momentum\/pripravnost. Kosovo treba da se usredsredi na pitanja cije neodgodivo re&#353;avanje je od bitne va&#382;nosti za studiju fizibiliteta. &#381;eleo bih da podvucem neke od njih: trgovina, reforma javne administracije, izborna reforma, vladanje zakona i integracija manjina.<br \/>\nVa&#382;no je da se osigura jer ovo odra&#382;ava maksimalan napredak u primeni njene agende evropske reforme. Ovo zahteva jednu &#353;iroku javnu podr&#353;ku i posvecenje celog politickog spektra.<\/p>\n<p>Godina 2012 jeste godina mogucnosti za Kosovo. Studija fizibiliteta jeste va&#382;an korak. Ovo je deo jedne ambiciozne agende\u00a0 odnosa izmedu EZ-e i Kosova.<\/p>\n<p>Ocekujemo da se uputstvo\/putokaz o vizama prezentira Kosovu tokom ovog proleca. Mi takode ocekujemo napredak, tokom ove godine, na otvaranje programa EZ-e i clanstvo u Evropsku Banku za Obnovu i Razvoj. Na kraju meseca Maj ce poceti strukturiran dijalog o vladanju zakona.<\/p>\n<p>Mi usko saradujemo sa autoritetima Kosova u planovima za dugorocnu i sveobuhvatnu agendu za sever.\u00a0 <\/p>\n<p>Kao &#353;to rekoh i na otvaranju Nacionalnog Veca za\u00a0 Evropske Integracije bitno je da sve politicke snage Kosova podr&#382;avaju izgradnju poverenja na sveobuhvatan nacin, kako bi se ostvarilo istinito komuniciranje za integraciju, a ne konfrontiranje. <\/p>\n<p>Jo&#353; jednom, gospodo Predsednice, jako se radujem &#353;to sam danas ovde, i jako mi je drago da, osim ovog slu&#353;anja govora, bili smo u stanje da postignemo da jedan znacajan deo vremena posvetimo jednoj vrlo otvorenoj interaktivnoj diskusiji o svim ovim\u00a0 va&#382;nim pitanjima, i to jako cenim.<\/p>\n","protected":false},"excerpt":{"rendered":"<p>Nakon inauguracionog sastanka Nacionalnog Ve\u0107a za Evropske Integracije, Predsednica Republike Kosovo, Gospo\u0111a Atifete Jahjaga i Komisioner za Pro&#353;irenje EZ-e g.din Stefan Fyle , su govorili na jednoj konferenciji za medije o radu ovog ve\u0107a i nizu drugih tema.<\/p>\n","protected":false},"author":1,"featured_media":56654,"comment_status":"open","ping_status":"closed","sticky":false,"template":"","format":"standard","meta":{"_eb_attr":"","footnotes":""},"categories":[101],"tags":[],"class_list":["post-79097","post","type-post","status-publish","format-standard","has-post-thumbnail","hentry","category-vesti"],"yoast_head":"<!-- This site is optimized with the Yoast SEO plugin v23.5 - https:\/\/yoast.com\/wordpress\/plugins\/seo\/ -->\n<title>Konferencija za medije Predsednice Jahjaga i Komisionera Fyle - Predsednik Republike Kosovo - DR. VJOSA OSMANI - SADRIU<\/title>\n<meta name=\"description\" content=\"Konferencija za medije Predsednice Jahjaga i Komisionera Fyle - Predsednik Republike Kosovo - DR. VJOSA OSMANI - SADRIU -\" \/>\n<meta name=\"robots\" content=\"index, follow, max-snippet:-1, max-image-preview:large, max-video-preview:-1\" \/>\n<link rel=\"canonical\" href=\"https:\/\/president-ksgov.net\/konferenca-per-media-e-presidentes-jahjaga-dhe-komisionerit-fyle\/\" \/>\n<meta property=\"og:locale\" content=\"sr_RS\" \/>\n<meta property=\"og:type\" content=\"article\" \/>\n<meta property=\"og:title\" content=\"Konferencija za medije Predsednice Jahjaga i Komisionera Fyle - Predsednik Republike Kosovo - DR. VJOSA OSMANI - SADRIU\" \/>\n<meta property=\"og:description\" content=\"Konferencija za medije Predsednice Jahjaga i Komisionera Fyle - Predsednik Republike Kosovo - DR. VJOSA OSMANI - SADRIU -\" \/>\n<meta property=\"og:url\" content=\"https:\/\/president-ksgov.net\/konferenca-per-media-e-presidentes-jahjaga-dhe-komisionerit-fyle\/\" \/>\n<meta property=\"og:site_name\" content=\"Predsednik Republike Kosovo - DR. VJOSA OSMANI - SADRIU\" \/>\n<meta property=\"article:published_time\" content=\"2012-03-27T14:01:06+00:00\" \/>\n<meta property=\"og:image\" content=\"https:\/\/president-ksgov.net\/wp-content\/uploads\/27_03_2012_Konferenca_0.jpg\" \/>\n\t<meta property=\"og:image:width\" content=\"1000\" \/>\n\t<meta property=\"og:image:height\" content=\"576\" \/>\n\t<meta property=\"og:image:type\" content=\"image\/jpeg\" \/>\n<meta name=\"author\" content=\"admin\" \/>\n<meta name=\"twitter:card\" content=\"summary_large_image\" \/>\n<meta name=\"twitter:label1\" content=\"\u041d\u0430\u043f\u0438\u0441\u0430\u043d\u043e \u043e\u0434\" \/>\n\t<meta name=\"twitter:data1\" content=\"admin\" \/>\n\t<meta name=\"twitter:label2\" content=\"\u041f\u0440\u043e\u0446\u0435\u045a\u0435\u043d\u043e \u0432\u0440\u0435\u043c\u0435 \u0447\u0438\u0442\u0430\u045a\u0430\" \/>\n\t<meta name=\"twitter:data2\" content=\"4 \u043c\u0438\u043d\u0443\u0442\u0430\" \/>\n<script type=\"application\/ld+json\" class=\"yoast-schema-graph\">{\"@context\":\"https:\/\/schema.org\",\"@graph\":[{\"@type\":\"WebPage\",\"@id\":\"https:\/\/president-ksgov.net\/konferenca-per-media-e-presidentes-jahjaga-dhe-komisionerit-fyle\/\",\"url\":\"https:\/\/president-ksgov.net\/konferenca-per-media-e-presidentes-jahjaga-dhe-komisionerit-fyle\/\",\"name\":\"Konferencija za medije Predsednice Jahjaga i Komisionera Fyle - Predsednik Republike Kosovo - DR. VJOSA OSMANI - SADRIU\",\"isPartOf\":{\"@id\":\"https:\/\/president-ksgov.net\/#website\"},\"primaryImageOfPage\":{\"@id\":\"https:\/\/president-ksgov.net\/konferenca-per-media-e-presidentes-jahjaga-dhe-komisionerit-fyle\/#primaryimage\"},\"image\":{\"@id\":\"https:\/\/president-ksgov.net\/konferenca-per-media-e-presidentes-jahjaga-dhe-komisionerit-fyle\/#primaryimage\"},\"thumbnailUrl\":\"https:\/\/president-ksgov.net\/wp-content\/uploads\/27_03_2012_Konferenca_0.jpg\",\"datePublished\":\"2012-03-27T14:01:06+00:00\",\"dateModified\":\"2012-03-27T14:01:06+00:00\",\"author\":{\"@id\":\"https:\/\/president-ksgov.net\/#\/schema\/person\/bb4337a5fb147cb2046d80548172cbee\"},\"description\":\"Konferencija za medije Predsednice Jahjaga i Komisionera Fyle - Predsednik Republike Kosovo - DR. VJOSA OSMANI - SADRIU -\",\"breadcrumb\":{\"@id\":\"https:\/\/president-ksgov.net\/konferenca-per-media-e-presidentes-jahjaga-dhe-komisionerit-fyle\/#breadcrumb\"},\"inLanguage\":\"sr-RS\",\"potentialAction\":[{\"@type\":\"ReadAction\",\"target\":[\"https:\/\/president-ksgov.net\/konferenca-per-media-e-presidentes-jahjaga-dhe-komisionerit-fyle\/\"]}]},{\"@type\":\"ImageObject\",\"inLanguage\":\"sr-RS\",\"@id\":\"https:\/\/president-ksgov.net\/konferenca-per-media-e-presidentes-jahjaga-dhe-komisionerit-fyle\/#primaryimage\",\"url\":\"https:\/\/president-ksgov.net\/wp-content\/uploads\/27_03_2012_Konferenca_0.jpg\",\"contentUrl\":\"https:\/\/president-ksgov.net\/wp-content\/uploads\/27_03_2012_Konferenca_0.jpg\",\"width\":1000,\"height\":576},{\"@type\":\"BreadcrumbList\",\"@id\":\"https:\/\/president-ksgov.net\/konferenca-per-media-e-presidentes-jahjaga-dhe-komisionerit-fyle\/#breadcrumb\",\"itemListElement\":[{\"@type\":\"ListItem\",\"position\":1,\"name\":\"Home\",\"item\":\"https:\/\/president-ksgov.net\/sr\/\"},{\"@type\":\"ListItem\",\"position\":2,\"name\":\"Konferencija za medije Predsednice Jahjaga i Komisionera Fyle\"}]},{\"@type\":\"WebSite\",\"@id\":\"https:\/\/president-ksgov.net\/#website\",\"url\":\"https:\/\/president-ksgov.net\/\",\"name\":\"Presidente e Republik\u00ebs s\u00eb Kosov\u00ebs\",\"description\":\"Presidente e Republik\u00ebs s\u00eb Kosov\u00ebs\",\"alternateName\":\"DR. VJOSA OSMANI - SADRIU\",\"potentialAction\":[{\"@type\":\"SearchAction\",\"target\":{\"@type\":\"EntryPoint\",\"urlTemplate\":\"https:\/\/president-ksgov.net\/?s={search_term_string}\"},\"query-input\":{\"@type\":\"PropertyValueSpecification\",\"valueRequired\":true,\"valueName\":\"search_term_string\"}}],\"inLanguage\":\"sr-RS\"},{\"@type\":\"Person\",\"@id\":\"https:\/\/president-ksgov.net\/#\/schema\/person\/bb4337a5fb147cb2046d80548172cbee\",\"name\":\"admin\",\"image\":{\"@type\":\"ImageObject\",\"inLanguage\":\"sr-RS\",\"@id\":\"https:\/\/president-ksgov.net\/#\/schema\/person\/image\/\",\"url\":\"https:\/\/secure.gravatar.com\/avatar\/36156ca0fa3b8d9d25174f146e16beea0cf28f37adf1b9e19b6c9c279a7c9dd3?s=96&d=mm&r=g\",\"contentUrl\":\"https:\/\/secure.gravatar.com\/avatar\/36156ca0fa3b8d9d25174f146e16beea0cf28f37adf1b9e19b6c9c279a7c9dd3?s=96&d=mm&r=g\",\"caption\":\"admin\"},\"sameAs\":[\"https:\/\/president-ksgov.net\"]}]}<\/script>\n<!-- \/ Yoast SEO plugin. -->","yoast_head_json":{"title":"Konferencija za medije Predsednice Jahjaga i Komisionera Fyle - Predsednik Republike Kosovo - DR. VJOSA OSMANI - SADRIU","description":"Konferencija za medije Predsednice Jahjaga i Komisionera Fyle - Predsednik Republike Kosovo - DR. VJOSA OSMANI - SADRIU -","robots":{"index":"index","follow":"follow","max-snippet":"max-snippet:-1","max-image-preview":"max-image-preview:large","max-video-preview":"max-video-preview:-1"},"canonical":"https:\/\/president-ksgov.net\/konferenca-per-media-e-presidentes-jahjaga-dhe-komisionerit-fyle\/","og_locale":"sr_RS","og_type":"article","og_title":"Konferencija za medije Predsednice Jahjaga i Komisionera Fyle - Predsednik Republike Kosovo - DR. VJOSA OSMANI - SADRIU","og_description":"Konferencija za medije Predsednice Jahjaga i Komisionera Fyle - Predsednik Republike Kosovo - DR. VJOSA OSMANI - SADRIU -","og_url":"https:\/\/president-ksgov.net\/konferenca-per-media-e-presidentes-jahjaga-dhe-komisionerit-fyle\/","og_site_name":"Predsednik Republike Kosovo - DR. VJOSA OSMANI - SADRIU","article_published_time":"2012-03-27T14:01:06+00:00","og_image":[{"width":1000,"height":576,"url":"https:\/\/president-ksgov.net\/wp-content\/uploads\/27_03_2012_Konferenca_0.jpg","type":"image\/jpeg"}],"author":"admin","twitter_card":"summary_large_image","twitter_misc":{"\u041d\u0430\u043f\u0438\u0441\u0430\u043d\u043e \u043e\u0434":"admin","\u041f\u0440\u043e\u0446\u0435\u045a\u0435\u043d\u043e \u0432\u0440\u0435\u043c\u0435 \u0447\u0438\u0442\u0430\u045a\u0430":"4 \u043c\u0438\u043d\u0443\u0442\u0430"},"schema":{"@context":"https:\/\/schema.org","@graph":[{"@type":"WebPage","@id":"https:\/\/president-ksgov.net\/konferenca-per-media-e-presidentes-jahjaga-dhe-komisionerit-fyle\/","url":"https:\/\/president-ksgov.net\/konferenca-per-media-e-presidentes-jahjaga-dhe-komisionerit-fyle\/","name":"Konferencija za medije Predsednice Jahjaga i Komisionera Fyle - Predsednik Republike Kosovo - DR. VJOSA OSMANI - SADRIU","isPartOf":{"@id":"https:\/\/president-ksgov.net\/#website"},"primaryImageOfPage":{"@id":"https:\/\/president-ksgov.net\/konferenca-per-media-e-presidentes-jahjaga-dhe-komisionerit-fyle\/#primaryimage"},"image":{"@id":"https:\/\/president-ksgov.net\/konferenca-per-media-e-presidentes-jahjaga-dhe-komisionerit-fyle\/#primaryimage"},"thumbnailUrl":"https:\/\/president-ksgov.net\/wp-content\/uploads\/27_03_2012_Konferenca_0.jpg","datePublished":"2012-03-27T14:01:06+00:00","dateModified":"2012-03-27T14:01:06+00:00","author":{"@id":"https:\/\/president-ksgov.net\/#\/schema\/person\/bb4337a5fb147cb2046d80548172cbee"},"description":"Konferencija za medije Predsednice Jahjaga i Komisionera Fyle - Predsednik Republike Kosovo - DR. VJOSA OSMANI - SADRIU -","breadcrumb":{"@id":"https:\/\/president-ksgov.net\/konferenca-per-media-e-presidentes-jahjaga-dhe-komisionerit-fyle\/#breadcrumb"},"inLanguage":"sr-RS","potentialAction":[{"@type":"ReadAction","target":["https:\/\/president-ksgov.net\/konferenca-per-media-e-presidentes-jahjaga-dhe-komisionerit-fyle\/"]}]},{"@type":"ImageObject","inLanguage":"sr-RS","@id":"https:\/\/president-ksgov.net\/konferenca-per-media-e-presidentes-jahjaga-dhe-komisionerit-fyle\/#primaryimage","url":"https:\/\/president-ksgov.net\/wp-content\/uploads\/27_03_2012_Konferenca_0.jpg","contentUrl":"https:\/\/president-ksgov.net\/wp-content\/uploads\/27_03_2012_Konferenca_0.jpg","width":1000,"height":576},{"@type":"BreadcrumbList","@id":"https:\/\/president-ksgov.net\/konferenca-per-media-e-presidentes-jahjaga-dhe-komisionerit-fyle\/#breadcrumb","itemListElement":[{"@type":"ListItem","position":1,"name":"Home","item":"https:\/\/president-ksgov.net\/sr\/"},{"@type":"ListItem","position":2,"name":"Konferencija za medije Predsednice Jahjaga i Komisionera Fyle"}]},{"@type":"WebSite","@id":"https:\/\/president-ksgov.net\/#website","url":"https:\/\/president-ksgov.net\/","name":"Presidente e Republik\u00ebs s\u00eb Kosov\u00ebs","description":"Presidente e Republik\u00ebs s\u00eb Kosov\u00ebs","alternateName":"DR. VJOSA OSMANI - SADRIU","potentialAction":[{"@type":"SearchAction","target":{"@type":"EntryPoint","urlTemplate":"https:\/\/president-ksgov.net\/?s={search_term_string}"},"query-input":{"@type":"PropertyValueSpecification","valueRequired":true,"valueName":"search_term_string"}}],"inLanguage":"sr-RS"},{"@type":"Person","@id":"https:\/\/president-ksgov.net\/#\/schema\/person\/bb4337a5fb147cb2046d80548172cbee","name":"admin","image":{"@type":"ImageObject","inLanguage":"sr-RS","@id":"https:\/\/president-ksgov.net\/#\/schema\/person\/image\/","url":"https:\/\/secure.gravatar.com\/avatar\/36156ca0fa3b8d9d25174f146e16beea0cf28f37adf1b9e19b6c9c279a7c9dd3?s=96&d=mm&r=g","contentUrl":"https:\/\/secure.gravatar.com\/avatar\/36156ca0fa3b8d9d25174f146e16beea0cf28f37adf1b9e19b6c9c279a7c9dd3?s=96&d=mm&r=g","caption":"admin"},"sameAs":["https:\/\/president-ksgov.net"]}]}},"_links":{"self":[{"href":"https:\/\/president-ksgov.net\/sr\/wp-json\/wp\/v2\/posts\/79097","targetHints":{"allow":["GET"]}}],"collection":[{"href":"https:\/\/president-ksgov.net\/sr\/wp-json\/wp\/v2\/posts"}],"about":[{"href":"https:\/\/president-ksgov.net\/sr\/wp-json\/wp\/v2\/types\/post"}],"author":[{"embeddable":true,"href":"https:\/\/president-ksgov.net\/sr\/wp-json\/wp\/v2\/users\/1"}],"replies":[{"embeddable":true,"href":"https:\/\/president-ksgov.net\/sr\/wp-json\/wp\/v2\/comments?post=79097"}],"version-history":[{"count":0,"href":"https:\/\/president-ksgov.net\/sr\/wp-json\/wp\/v2\/posts\/79097\/revisions"}],"wp:featuredmedia":[{"embeddable":true,"href":"https:\/\/president-ksgov.net\/sr\/wp-json\/wp\/v2\/media\/56654"}],"wp:attachment":[{"href":"https:\/\/president-ksgov.net\/sr\/wp-json\/wp\/v2\/media?parent=79097"}],"wp:term":[{"taxonomy":"category","embeddable":true,"href":"https:\/\/president-ksgov.net\/sr\/wp-json\/wp\/v2\/categories?post=79097"},{"taxonomy":"post_tag","embeddable":true,"href":"https:\/\/president-ksgov.net\/sr\/wp-json\/wp\/v2\/tags?post=79097"}],"curies":[{"name":"wp","href":"https:\/\/api.w.org\/{rel}","templated":true}]}}