{"id":79093,"date":"2012-03-28T11:31:56","date_gmt":"2012-03-28T11:31:56","guid":{"rendered":"https:\/\/dev.president-ksgov.net\/predsednica-jahjaga-je-docekala-potpredsednika-alijansa-za-buducnost-kosova-bljerim-alja\/"},"modified":"2012-03-28T11:31:56","modified_gmt":"2012-03-28T11:31:56","slug":"predsednica-jahjaga-je-docekala-potpredsednika-alijansa-za-buducnost-kosova-bljerim-alja","status":"publish","type":"post","link":"https:\/\/president-ksgov.net\/sr\/predsednica-jahjaga-je-docekala-potpredsednika-alijansa-za-buducnost-kosova-bljerim-alja\/","title":{"rendered":"Predsednica Jahjaga je do\u010dekala potpredsednika Alijansa za Budu\u0107nost Kosova, Bljerim &#138;alja"},"content":{"rendered":"<p>Predsednica Republike Kosova, Gospo\u0111a  Atifete Jahjaga, do\u010dekala danas na sastanak potpredsednika Alijansa za Budu\u0107nost Kosova, gospodina Bljerim &#352;alja, u okviru konsultacija sa partijama i politi\u010dkim subjektima Kosova za progla&#353;avanje izbora za predsednika op&#353;tine Ferizaj \/ Uro&#353;evac.<\/p>\n<p>Predsednica Jahjaga je istakla da zajedno sa politi\u010dkim snagama Kosova tra&#382;i povoljan datum za odr&#382;avanje izbora za predsednika u op&#353;tini Ferizaj \/Uro&#353;evac po&#353;tuju\u0107i zakonske rokove.<\/p>\n<p>Potpredsednik Alijansa za Budu\u0107nost Kosova, gospodin Bljerim &#352;alja, re\u010de da izja&#353;njavanje za jedan datum za izbore u Ferizaj \/Uro&#353;evac, u okviru zakonskih rokova, bi trebalo da omogu\u0107ava i najbolje pripremanje svih politi\u010dkih subjekata i institucija koje \u0107e snositi postupak izbora.<\/p>\n","protected":false},"excerpt":{"rendered":"<p>Predsednica Republike Kosova, Gospo\u0111a  Atifete Jahjaga, do\u010dekala danas na sastanak potpredsednika Alijansa za Budu\u0107nost Kosova, gospodina Bljerim &#352;alja, u okviru konsultacija sa partijama i politi\u010dkim subjektima Kosova za progla&#353;avanje izbora za predsednika op&#353;tine Ferizaj \/ Uro&#353;evac.<\/p>\n","protected":false},"author":1,"featured_media":56626,"comment_status":"open","ping_status":"closed","sticky":false,"template":"","format":"standard","meta":{"_eb_attr":"","footnotes":""},"categories":[101],"tags":[],"class_list":["post-79093","post","type-post","status-publish","format-standard","has-post-thumbnail","hentry","category-vesti"],"yoast_head":"<!-- This site is optimized with the Yoast SEO plugin v23.5 - https:\/\/yoast.com\/wordpress\/plugins\/seo\/ -->\n<title>Predsednica Jahjaga je do\u010dekala potpredsednika Alijansa za Budu\u0107nost Kosova, Bljerim &#138;alja - Predsednik Republike Kosovo - DR. VJOSA OSMANI - SADRIU<\/title>\n<meta name=\"description\" content=\"Predsednica Jahjaga je do\u010dekala potpredsednika Alijansa za Budu\u0107nost Kosova, Bljerim &#138;alja - Predsednik Republike Kosovo - DR. VJOSA OSMANI - SADRIU -\" \/>\n<meta name=\"robots\" content=\"index, follow, max-snippet:-1, max-image-preview:large, max-video-preview:-1\" \/>\n<link rel=\"canonical\" href=\"https:\/\/president-ksgov.net\/sr\/predsednica-jahjaga-je-docekala-potpredsednika-alijansa-za-buducnost-kosova-bljerim-alja\/\" \/>\n<meta property=\"og:locale\" content=\"sr_RS\" \/>\n<meta property=\"og:type\" content=\"article\" \/>\n<meta property=\"og:title\" content=\"Predsednica Jahjaga je do\u010dekala potpredsednika Alijansa za Budu\u0107nost Kosova, Bljerim &#138;alja - Predsednik Republike Kosovo - DR. VJOSA OSMANI - SADRIU\" \/>\n<meta property=\"og:description\" content=\"Predsednica Jahjaga je do\u010dekala potpredsednika Alijansa za Budu\u0107nost Kosova, Bljerim &#138;alja - Predsednik Republike Kosovo - DR. VJOSA OSMANI - SADRIU -\" \/>\n<meta property=\"og:url\" content=\"https:\/\/president-ksgov.net\/sr\/predsednica-jahjaga-je-docekala-potpredsednika-alijansa-za-buducnost-kosova-bljerim-alja\/\" \/>\n<meta property=\"og:site_name\" content=\"Predsednik Republike Kosovo - DR. VJOSA OSMANI - SADRIU\" \/>\n<meta property=\"article:published_time\" content=\"2012-03-28T11:31:56+00:00\" \/>\n<meta property=\"og:image\" content=\"https:\/\/president-ksgov.net\/wp-content\/uploads\/28_03_2012_takim_me_Blerim_Shalen_1.jpg\" \/>\n\t<meta property=\"og:image:width\" content=\"1000\" \/>\n\t<meta property=\"og:image:height\" content=\"800\" \/>\n\t<meta property=\"og:image:type\" content=\"image\/jpeg\" \/>\n<meta name=\"author\" content=\"admin\" \/>\n<meta name=\"twitter:card\" content=\"summary_large_image\" \/>\n<meta name=\"twitter:label1\" content=\"\u041d\u0430\u043f\u0438\u0441\u0430\u043d\u043e \u043e\u0434\" \/>\n\t<meta name=\"twitter:data1\" content=\"admin\" \/>\n\t<meta name=\"twitter:label2\" content=\"\u041f\u0440\u043e\u0446\u0435\u045a\u0435\u043d\u043e \u0432\u0440\u0435\u043c\u0435 \u0447\u0438\u0442\u0430\u045a\u0430\" \/>\n\t<meta name=\"twitter:data2\" content=\"1 \u043c\u0438\u043d\u0443\u0442\" \/>\n<script type=\"application\/ld+json\" class=\"yoast-schema-graph\">{\"@context\":\"https:\/\/schema.org\",\"@graph\":[{\"@type\":\"WebPage\",\"@id\":\"https:\/\/president-ksgov.net\/sr\/predsednica-jahjaga-je-docekala-potpredsednika-alijansa-za-buducnost-kosova-bljerim-alja\/\",\"url\":\"https:\/\/president-ksgov.net\/sr\/predsednica-jahjaga-je-docekala-potpredsednika-alijansa-za-buducnost-kosova-bljerim-alja\/\",\"name\":\"Predsednica Jahjaga je do\u010dekala potpredsednika Alijansa za Budu\u0107nost Kosova, Bljerim &#138;alja - Predsednik Republike Kosovo - DR. VJOSA OSMANI - SADRIU\",\"isPartOf\":{\"@id\":\"https:\/\/president-ksgov.net\/#website\"},\"primaryImageOfPage\":{\"@id\":\"https:\/\/president-ksgov.net\/sr\/predsednica-jahjaga-je-docekala-potpredsednika-alijansa-za-buducnost-kosova-bljerim-alja\/#primaryimage\"},\"image\":{\"@id\":\"https:\/\/president-ksgov.net\/sr\/predsednica-jahjaga-je-docekala-potpredsednika-alijansa-za-buducnost-kosova-bljerim-alja\/#primaryimage\"},\"thumbnailUrl\":\"https:\/\/president-ksgov.net\/wp-content\/uploads\/28_03_2012_takim_me_Blerim_Shalen_1.jpg\",\"datePublished\":\"2012-03-28T11:31:56+00:00\",\"dateModified\":\"2012-03-28T11:31:56+00:00\",\"author\":{\"@id\":\"https:\/\/president-ksgov.net\/#\/schema\/person\/bb4337a5fb147cb2046d80548172cbee\"},\"description\":\"Predsednica Jahjaga je do\u010dekala potpredsednika Alijansa za Budu\u0107nost Kosova, Bljerim &#138;alja - Predsednik Republike Kosovo - DR. VJOSA OSMANI - SADRIU -\",\"breadcrumb\":{\"@id\":\"https:\/\/president-ksgov.net\/sr\/predsednica-jahjaga-je-docekala-potpredsednika-alijansa-za-buducnost-kosova-bljerim-alja\/#breadcrumb\"},\"inLanguage\":\"sr-RS\",\"potentialAction\":[{\"@type\":\"ReadAction\",\"target\":[\"https:\/\/president-ksgov.net\/sr\/predsednica-jahjaga-je-docekala-potpredsednika-alijansa-za-buducnost-kosova-bljerim-alja\/\"]}]},{\"@type\":\"ImageObject\",\"inLanguage\":\"sr-RS\",\"@id\":\"https:\/\/president-ksgov.net\/sr\/predsednica-jahjaga-je-docekala-potpredsednika-alijansa-za-buducnost-kosova-bljerim-alja\/#primaryimage\",\"url\":\"https:\/\/president-ksgov.net\/wp-content\/uploads\/28_03_2012_takim_me_Blerim_Shalen_1.jpg\",\"contentUrl\":\"https:\/\/president-ksgov.net\/wp-content\/uploads\/28_03_2012_takim_me_Blerim_Shalen_1.jpg\",\"width\":1000,\"height\":800},{\"@type\":\"BreadcrumbList\",\"@id\":\"https:\/\/president-ksgov.net\/sr\/predsednica-jahjaga-je-docekala-potpredsednika-alijansa-za-buducnost-kosova-bljerim-alja\/#breadcrumb\",\"itemListElement\":[{\"@type\":\"ListItem\",\"position\":1,\"name\":\"Home\",\"item\":\"https:\/\/president-ksgov.net\/sr\/\"},{\"@type\":\"ListItem\",\"position\":2,\"name\":\"Predsednica Jahjaga je do\u010dekala potpredsednika Alijansa za Budu\u0107nost Kosova, Bljerim &#138;alja\"}]},{\"@type\":\"WebSite\",\"@id\":\"https:\/\/president-ksgov.net\/#website\",\"url\":\"https:\/\/president-ksgov.net\/\",\"name\":\"Presidente e Republik\u00ebs s\u00eb Kosov\u00ebs\",\"description\":\"Presidente e Republik\u00ebs s\u00eb Kosov\u00ebs\",\"alternateName\":\"DR. VJOSA OSMANI - SADRIU\",\"potentialAction\":[{\"@type\":\"SearchAction\",\"target\":{\"@type\":\"EntryPoint\",\"urlTemplate\":\"https:\/\/president-ksgov.net\/?s={search_term_string}\"},\"query-input\":{\"@type\":\"PropertyValueSpecification\",\"valueRequired\":true,\"valueName\":\"search_term_string\"}}],\"inLanguage\":\"sr-RS\"},{\"@type\":\"Person\",\"@id\":\"https:\/\/president-ksgov.net\/#\/schema\/person\/bb4337a5fb147cb2046d80548172cbee\",\"name\":\"admin\",\"image\":{\"@type\":\"ImageObject\",\"inLanguage\":\"sr-RS\",\"@id\":\"https:\/\/president-ksgov.net\/#\/schema\/person\/image\/\",\"url\":\"https:\/\/secure.gravatar.com\/avatar\/36156ca0fa3b8d9d25174f146e16beea0cf28f37adf1b9e19b6c9c279a7c9dd3?s=96&d=mm&r=g\",\"contentUrl\":\"https:\/\/secure.gravatar.com\/avatar\/36156ca0fa3b8d9d25174f146e16beea0cf28f37adf1b9e19b6c9c279a7c9dd3?s=96&d=mm&r=g\",\"caption\":\"admin\"},\"sameAs\":[\"https:\/\/president-ksgov.net\"]}]}<\/script>\n<!-- \/ Yoast SEO plugin. -->","yoast_head_json":{"title":"Predsednica Jahjaga je do\u010dekala potpredsednika Alijansa za Budu\u0107nost Kosova, Bljerim &#138;alja - Predsednik Republike Kosovo - DR. VJOSA OSMANI - SADRIU","description":"Predsednica Jahjaga je do\u010dekala potpredsednika Alijansa za Budu\u0107nost Kosova, Bljerim &#138;alja - Predsednik Republike Kosovo - DR. VJOSA OSMANI - SADRIU -","robots":{"index":"index","follow":"follow","max-snippet":"max-snippet:-1","max-image-preview":"max-image-preview:large","max-video-preview":"max-video-preview:-1"},"canonical":"https:\/\/president-ksgov.net\/sr\/predsednica-jahjaga-je-docekala-potpredsednika-alijansa-za-buducnost-kosova-bljerim-alja\/","og_locale":"sr_RS","og_type":"article","og_title":"Predsednica Jahjaga je do\u010dekala potpredsednika Alijansa za Budu\u0107nost Kosova, Bljerim &#138;alja - Predsednik Republike Kosovo - DR. VJOSA OSMANI - SADRIU","og_description":"Predsednica Jahjaga je do\u010dekala potpredsednika Alijansa za Budu\u0107nost Kosova, Bljerim &#138;alja - Predsednik Republike Kosovo - DR. VJOSA OSMANI - SADRIU -","og_url":"https:\/\/president-ksgov.net\/sr\/predsednica-jahjaga-je-docekala-potpredsednika-alijansa-za-buducnost-kosova-bljerim-alja\/","og_site_name":"Predsednik Republike Kosovo - DR. VJOSA OSMANI - SADRIU","article_published_time":"2012-03-28T11:31:56+00:00","og_image":[{"width":1000,"height":800,"url":"https:\/\/president-ksgov.net\/wp-content\/uploads\/28_03_2012_takim_me_Blerim_Shalen_1.jpg","type":"image\/jpeg"}],"author":"admin","twitter_card":"summary_large_image","twitter_misc":{"\u041d\u0430\u043f\u0438\u0441\u0430\u043d\u043e \u043e\u0434":"admin","\u041f\u0440\u043e\u0446\u0435\u045a\u0435\u043d\u043e \u0432\u0440\u0435\u043c\u0435 \u0447\u0438\u0442\u0430\u045a\u0430":"1 \u043c\u0438\u043d\u0443\u0442"},"schema":{"@context":"https:\/\/schema.org","@graph":[{"@type":"WebPage","@id":"https:\/\/president-ksgov.net\/sr\/predsednica-jahjaga-je-docekala-potpredsednika-alijansa-za-buducnost-kosova-bljerim-alja\/","url":"https:\/\/president-ksgov.net\/sr\/predsednica-jahjaga-je-docekala-potpredsednika-alijansa-za-buducnost-kosova-bljerim-alja\/","name":"Predsednica Jahjaga je do\u010dekala potpredsednika Alijansa za Budu\u0107nost Kosova, Bljerim &#138;alja - Predsednik Republike Kosovo - DR. VJOSA OSMANI - SADRIU","isPartOf":{"@id":"https:\/\/president-ksgov.net\/#website"},"primaryImageOfPage":{"@id":"https:\/\/president-ksgov.net\/sr\/predsednica-jahjaga-je-docekala-potpredsednika-alijansa-za-buducnost-kosova-bljerim-alja\/#primaryimage"},"image":{"@id":"https:\/\/president-ksgov.net\/sr\/predsednica-jahjaga-je-docekala-potpredsednika-alijansa-za-buducnost-kosova-bljerim-alja\/#primaryimage"},"thumbnailUrl":"https:\/\/president-ksgov.net\/wp-content\/uploads\/28_03_2012_takim_me_Blerim_Shalen_1.jpg","datePublished":"2012-03-28T11:31:56+00:00","dateModified":"2012-03-28T11:31:56+00:00","author":{"@id":"https:\/\/president-ksgov.net\/#\/schema\/person\/bb4337a5fb147cb2046d80548172cbee"},"description":"Predsednica Jahjaga je do\u010dekala potpredsednika Alijansa za Budu\u0107nost Kosova, Bljerim &#138;alja - Predsednik Republike Kosovo - DR. VJOSA OSMANI - SADRIU -","breadcrumb":{"@id":"https:\/\/president-ksgov.net\/sr\/predsednica-jahjaga-je-docekala-potpredsednika-alijansa-za-buducnost-kosova-bljerim-alja\/#breadcrumb"},"inLanguage":"sr-RS","potentialAction":[{"@type":"ReadAction","target":["https:\/\/president-ksgov.net\/sr\/predsednica-jahjaga-je-docekala-potpredsednika-alijansa-za-buducnost-kosova-bljerim-alja\/"]}]},{"@type":"ImageObject","inLanguage":"sr-RS","@id":"https:\/\/president-ksgov.net\/sr\/predsednica-jahjaga-je-docekala-potpredsednika-alijansa-za-buducnost-kosova-bljerim-alja\/#primaryimage","url":"https:\/\/president-ksgov.net\/wp-content\/uploads\/28_03_2012_takim_me_Blerim_Shalen_1.jpg","contentUrl":"https:\/\/president-ksgov.net\/wp-content\/uploads\/28_03_2012_takim_me_Blerim_Shalen_1.jpg","width":1000,"height":800},{"@type":"BreadcrumbList","@id":"https:\/\/president-ksgov.net\/sr\/predsednica-jahjaga-je-docekala-potpredsednika-alijansa-za-buducnost-kosova-bljerim-alja\/#breadcrumb","itemListElement":[{"@type":"ListItem","position":1,"name":"Home","item":"https:\/\/president-ksgov.net\/sr\/"},{"@type":"ListItem","position":2,"name":"Predsednica Jahjaga je do\u010dekala potpredsednika Alijansa za Budu\u0107nost Kosova, Bljerim &#138;alja"}]},{"@type":"WebSite","@id":"https:\/\/president-ksgov.net\/#website","url":"https:\/\/president-ksgov.net\/","name":"Presidente e Republik\u00ebs s\u00eb Kosov\u00ebs","description":"Presidente e Republik\u00ebs s\u00eb Kosov\u00ebs","alternateName":"DR. VJOSA OSMANI - SADRIU","potentialAction":[{"@type":"SearchAction","target":{"@type":"EntryPoint","urlTemplate":"https:\/\/president-ksgov.net\/?s={search_term_string}"},"query-input":{"@type":"PropertyValueSpecification","valueRequired":true,"valueName":"search_term_string"}}],"inLanguage":"sr-RS"},{"@type":"Person","@id":"https:\/\/president-ksgov.net\/#\/schema\/person\/bb4337a5fb147cb2046d80548172cbee","name":"admin","image":{"@type":"ImageObject","inLanguage":"sr-RS","@id":"https:\/\/president-ksgov.net\/#\/schema\/person\/image\/","url":"https:\/\/secure.gravatar.com\/avatar\/36156ca0fa3b8d9d25174f146e16beea0cf28f37adf1b9e19b6c9c279a7c9dd3?s=96&d=mm&r=g","contentUrl":"https:\/\/secure.gravatar.com\/avatar\/36156ca0fa3b8d9d25174f146e16beea0cf28f37adf1b9e19b6c9c279a7c9dd3?s=96&d=mm&r=g","caption":"admin"},"sameAs":["https:\/\/president-ksgov.net"]}]}},"_links":{"self":[{"href":"https:\/\/president-ksgov.net\/sr\/wp-json\/wp\/v2\/posts\/79093","targetHints":{"allow":["GET"]}}],"collection":[{"href":"https:\/\/president-ksgov.net\/sr\/wp-json\/wp\/v2\/posts"}],"about":[{"href":"https:\/\/president-ksgov.net\/sr\/wp-json\/wp\/v2\/types\/post"}],"author":[{"embeddable":true,"href":"https:\/\/president-ksgov.net\/sr\/wp-json\/wp\/v2\/users\/1"}],"replies":[{"embeddable":true,"href":"https:\/\/president-ksgov.net\/sr\/wp-json\/wp\/v2\/comments?post=79093"}],"version-history":[{"count":0,"href":"https:\/\/president-ksgov.net\/sr\/wp-json\/wp\/v2\/posts\/79093\/revisions"}],"wp:featuredmedia":[{"embeddable":true,"href":"https:\/\/president-ksgov.net\/sr\/wp-json\/wp\/v2\/media\/56626"}],"wp:attachment":[{"href":"https:\/\/president-ksgov.net\/sr\/wp-json\/wp\/v2\/media?parent=79093"}],"wp:term":[{"taxonomy":"category","embeddable":true,"href":"https:\/\/president-ksgov.net\/sr\/wp-json\/wp\/v2\/categories?post=79093"},{"taxonomy":"post_tag","embeddable":true,"href":"https:\/\/president-ksgov.net\/sr\/wp-json\/wp\/v2\/tags?post=79093"}],"curies":[{"name":"wp","href":"https:\/\/api.w.org\/{rel}","templated":true}]}}