{"id":79041,"date":"2012-04-30T17:01:13","date_gmt":"2012-04-30T17:01:13","guid":{"rendered":"https:\/\/dev.president-ksgov.net\/objanjenje-ureda-predsednice-republike-kosovo-4\/"},"modified":"2012-04-30T17:01:13","modified_gmt":"2012-04-30T17:01:13","slug":"objanjenje-ureda-predsednice-republike-kosovo-4","status":"publish","type":"post","link":"https:\/\/president-ksgov.net\/sr\/objanjenje-ureda-predsednice-republike-kosovo-4\/","title":{"rendered":"Obja&#154;njenje Ureda Predsednice Republike Kosovo"},"content":{"rendered":"<p>Nakon pisanja nekih medija Kosova za u\u010de&#353;\u0107e Predsednice Republike Kosovo u Be\u010dki Valcer organizovan od Ambasade Austrije u Pri&#353;tini i odsustva na obele&#382;avanju godi&#353;njice nestalih lica 27 Aprila, Ured Predsednice Republike Kosovo daje slede\u0107e obja&#353;njenje:<\/p>\n<p>U okviru agende aktivnosti Predsednice Kosova za Petak 27 April 2012 godine, Protokol Ureda Predsednice je pravovremeno obavestio organizatore Dana Secanja Nestalih, da Predsednica nece moci ucestvovati na manifestaciji secanja i postavljanja kamen temeljca\u00a0 Memorijalnog Kompleksa u Meje.<\/p>\n<p>Takode je pravovremeno obave&#353;tena i BSK-a da Predsednica ne mo&#382;e prisustvovati poljskoj ve&#382;bi &#8220;Shqiponja 1&#8221;.<\/p>\n<p>Javnost vec zna da u organizaciji Ambasade Austrije na Kosovu, dana 27 Aprila u vece, je po prvi put odr&#382;an u Pri&#353;tini &#8220;Becki Valcer&#8221;, jedan tradicionalni austrijski dogadaj sa humanitarnim ciljem dobrocinstva. U okviru ove\u00a0 manifestacije su prikupljeni posebni fondovi za Pedijatrijsku Kliniku Univerzitetskog Klinickog Bolnickog Centra Kosova, za decu Kosova. Uce&#353;ce Predsednice Republike Kosovo u ovu aktivnost, gde je bio odreden kod oblacenja, imao je posve humanitaran cilj i cilj dobrocinstva i kao takav je pomagao prikupljanje odredenih fondova humanitarne svrhe.<\/p>\n<p>Ured Predsednice Kosova obja&#353;njava da je pravo medija da komentiraju dnevnu i programsku agendu Predsednice i da izvode zakljucke na kojem dogadaju je trebalo i gde nije trebalo ici i kakve su poruke date ili su se trebale dati &#8230; i ovaj interes je pratio Predsednicu takoreci u svakoj njenoj aktivnosti unutar i van zemlje.<\/p>\n<p>Ured Predsednice obja&#353;njava da Predsednica Republike Kosovo pitanje nestalih, kao jedno jako bolno i &#382;alosno pitanje sa primarnim tretmanom, je imala u svoju agendu jo&#353; od pocetka mandata i bila je u Meje i u \u00d0akovica pre godinu dana i ona je pokrenula to u vi&#353;e sastanaka sa medunarodnim predstavnicima unutar i van zemlje.<\/p>\n<p>Predsednica Republike Kosovo se sastala u njenu kancelariju sa delegacijom udru&#382;enja ukucana nestalih, i delegacijom &#8222;Poziv Majki&#8220; u nastojanju iznala&#382;enja mogucnosti za rasvetljavanje sudbine nestalih, dok ovu nedelju je odreden jedan drugi sastanak, i ovo pitanje nastavlja ostati jedno od uzvi&#353;enih anga&#382;ovanja za Predsednicu Republike Kosovo.<\/p>\n","protected":false},"excerpt":{"rendered":"<p>Nakon pisanja nekih medija Kosova za u\u010de&#353;\u0107e Predsednice Republike Kosovo u Be\u010dki Valcer organizovan od Ambasade Austrije u Pri&#353;tini i odsustva na obele&#382;avanju godi&#353;njice nestalih lica 27 Aprila, Ured Predsednice Republike Kosovo daje slede\u0107e obja&#353;njenje:<\/p>\n","protected":false},"author":1,"featured_media":86338,"comment_status":"open","ping_status":"closed","sticky":false,"template":"","format":"standard","meta":{"_eb_attr":"","footnotes":""},"categories":[101],"tags":[],"class_list":["post-79041","post","type-post","status-publish","format-standard","has-post-thumbnail","hentry","category-vesti"],"yoast_head":"<!-- This site is optimized with the Yoast SEO plugin v23.5 - https:\/\/yoast.com\/wordpress\/plugins\/seo\/ -->\n<title>Obja&#154;njenje Ureda Predsednice Republike Kosovo - Predsednik Republike Kosovo - DR. VJOSA OSMANI - SADRIU<\/title>\n<meta name=\"description\" content=\"Obja&#154;njenje Ureda Predsednice Republike Kosovo - Predsednik Republike Kosovo - DR. VJOSA OSMANI - SADRIU -\" \/>\n<meta name=\"robots\" content=\"index, follow, max-snippet:-1, max-image-preview:large, max-video-preview:-1\" \/>\n<link rel=\"canonical\" href=\"https:\/\/president-ksgov.net\/sqarim-i-zyres-se-presidentit-te-republikes-se-kosoves\/\" \/>\n<meta property=\"og:locale\" content=\"sr_RS\" \/>\n<meta property=\"og:type\" content=\"article\" \/>\n<meta property=\"og:title\" content=\"Obja&#154;njenje Ureda Predsednice Republike Kosovo - Predsednik Republike Kosovo - DR. VJOSA OSMANI - SADRIU\" \/>\n<meta property=\"og:description\" content=\"Obja&#154;njenje Ureda Predsednice Republike Kosovo - Predsednik Republike Kosovo - DR. VJOSA OSMANI - SADRIU -\" \/>\n<meta property=\"og:url\" content=\"https:\/\/president-ksgov.net\/sqarim-i-zyres-se-presidentit-te-republikes-se-kosoves\/\" \/>\n<meta property=\"og:site_name\" content=\"Predsednik Republike Kosovo - DR. VJOSA OSMANI - SADRIU\" \/>\n<meta property=\"article:published_time\" content=\"2012-04-30T17:01:13+00:00\" \/>\n<meta property=\"og:image\" content=\"https:\/\/president-ksgov.net\/wp-content\/uploads\/Zyra-e-Presidentes-Featured-Image1-e1678970937938.png\" \/>\n\t<meta property=\"og:image:width\" content=\"1024\" \/>\n\t<meta property=\"og:image:height\" content=\"716\" \/>\n\t<meta property=\"og:image:type\" content=\"image\/png\" \/>\n<meta name=\"author\" content=\"admin\" \/>\n<meta name=\"twitter:card\" content=\"summary_large_image\" \/>\n<meta name=\"twitter:label1\" content=\"\u041d\u0430\u043f\u0438\u0441\u0430\u043d\u043e \u043e\u0434\" \/>\n\t<meta name=\"twitter:data1\" content=\"admin\" \/>\n\t<meta name=\"twitter:label2\" content=\"\u041f\u0440\u043e\u0446\u0435\u045a\u0435\u043d\u043e \u0432\u0440\u0435\u043c\u0435 \u0447\u0438\u0442\u0430\u045a\u0430\" \/>\n\t<meta name=\"twitter:data2\" content=\"2 \u043c\u0438\u043d\u0443\u0442\u0430\" \/>\n<script type=\"application\/ld+json\" class=\"yoast-schema-graph\">{\"@context\":\"https:\/\/schema.org\",\"@graph\":[{\"@type\":\"WebPage\",\"@id\":\"https:\/\/president-ksgov.net\/sqarim-i-zyres-se-presidentit-te-republikes-se-kosoves\/\",\"url\":\"https:\/\/president-ksgov.net\/sqarim-i-zyres-se-presidentit-te-republikes-se-kosoves\/\",\"name\":\"Obja&#154;njenje Ureda Predsednice Republike Kosovo - Predsednik Republike Kosovo - DR. VJOSA OSMANI - SADRIU\",\"isPartOf\":{\"@id\":\"https:\/\/president-ksgov.net\/#website\"},\"primaryImageOfPage\":{\"@id\":\"https:\/\/president-ksgov.net\/sqarim-i-zyres-se-presidentit-te-republikes-se-kosoves\/#primaryimage\"},\"image\":{\"@id\":\"https:\/\/president-ksgov.net\/sqarim-i-zyres-se-presidentit-te-republikes-se-kosoves\/#primaryimage\"},\"thumbnailUrl\":\"https:\/\/president-ksgov.net\/wp-content\/uploads\/Zyra-e-Presidentes-Featured-Image1-e1678970937938.png\",\"datePublished\":\"2012-04-30T17:01:13+00:00\",\"dateModified\":\"2012-04-30T17:01:13+00:00\",\"author\":{\"@id\":\"https:\/\/president-ksgov.net\/#\/schema\/person\/bb4337a5fb147cb2046d80548172cbee\"},\"description\":\"Obja&#154;njenje Ureda Predsednice Republike Kosovo - Predsednik Republike Kosovo - DR. VJOSA OSMANI - SADRIU -\",\"breadcrumb\":{\"@id\":\"https:\/\/president-ksgov.net\/sqarim-i-zyres-se-presidentit-te-republikes-se-kosoves\/#breadcrumb\"},\"inLanguage\":\"sr-RS\",\"potentialAction\":[{\"@type\":\"ReadAction\",\"target\":[\"https:\/\/president-ksgov.net\/sqarim-i-zyres-se-presidentit-te-republikes-se-kosoves\/\"]}]},{\"@type\":\"ImageObject\",\"inLanguage\":\"sr-RS\",\"@id\":\"https:\/\/president-ksgov.net\/sqarim-i-zyres-se-presidentit-te-republikes-se-kosoves\/#primaryimage\",\"url\":\"https:\/\/president-ksgov.net\/wp-content\/uploads\/Zyra-e-Presidentes-Featured-Image1-e1678970937938.png\",\"contentUrl\":\"https:\/\/president-ksgov.net\/wp-content\/uploads\/Zyra-e-Presidentes-Featured-Image1-e1678970937938.png\",\"width\":1024,\"height\":716},{\"@type\":\"BreadcrumbList\",\"@id\":\"https:\/\/president-ksgov.net\/sqarim-i-zyres-se-presidentit-te-republikes-se-kosoves\/#breadcrumb\",\"itemListElement\":[{\"@type\":\"ListItem\",\"position\":1,\"name\":\"Home\",\"item\":\"https:\/\/president-ksgov.net\/sr\/\"},{\"@type\":\"ListItem\",\"position\":2,\"name\":\"Obja&#154;njenje Ureda Predsednice Republike Kosovo\"}]},{\"@type\":\"WebSite\",\"@id\":\"https:\/\/president-ksgov.net\/#website\",\"url\":\"https:\/\/president-ksgov.net\/\",\"name\":\"Presidente e Republik\u00ebs s\u00eb Kosov\u00ebs\",\"description\":\"Presidente e Republik\u00ebs s\u00eb Kosov\u00ebs\",\"alternateName\":\"DR. VJOSA OSMANI - SADRIU\",\"potentialAction\":[{\"@type\":\"SearchAction\",\"target\":{\"@type\":\"EntryPoint\",\"urlTemplate\":\"https:\/\/president-ksgov.net\/?s={search_term_string}\"},\"query-input\":{\"@type\":\"PropertyValueSpecification\",\"valueRequired\":true,\"valueName\":\"search_term_string\"}}],\"inLanguage\":\"sr-RS\"},{\"@type\":\"Person\",\"@id\":\"https:\/\/president-ksgov.net\/#\/schema\/person\/bb4337a5fb147cb2046d80548172cbee\",\"name\":\"admin\",\"image\":{\"@type\":\"ImageObject\",\"inLanguage\":\"sr-RS\",\"@id\":\"https:\/\/president-ksgov.net\/#\/schema\/person\/image\/\",\"url\":\"https:\/\/secure.gravatar.com\/avatar\/36156ca0fa3b8d9d25174f146e16beea0cf28f37adf1b9e19b6c9c279a7c9dd3?s=96&d=mm&r=g\",\"contentUrl\":\"https:\/\/secure.gravatar.com\/avatar\/36156ca0fa3b8d9d25174f146e16beea0cf28f37adf1b9e19b6c9c279a7c9dd3?s=96&d=mm&r=g\",\"caption\":\"admin\"},\"sameAs\":[\"https:\/\/president-ksgov.net\"]}]}<\/script>\n<!-- \/ Yoast SEO plugin. -->","yoast_head_json":{"title":"Obja&#154;njenje Ureda Predsednice Republike Kosovo - Predsednik Republike Kosovo - DR. VJOSA OSMANI - SADRIU","description":"Obja&#154;njenje Ureda Predsednice Republike Kosovo - Predsednik Republike Kosovo - DR. VJOSA OSMANI - SADRIU -","robots":{"index":"index","follow":"follow","max-snippet":"max-snippet:-1","max-image-preview":"max-image-preview:large","max-video-preview":"max-video-preview:-1"},"canonical":"https:\/\/president-ksgov.net\/sqarim-i-zyres-se-presidentit-te-republikes-se-kosoves\/","og_locale":"sr_RS","og_type":"article","og_title":"Obja&#154;njenje Ureda Predsednice Republike Kosovo - Predsednik Republike Kosovo - DR. VJOSA OSMANI - SADRIU","og_description":"Obja&#154;njenje Ureda Predsednice Republike Kosovo - Predsednik Republike Kosovo - DR. VJOSA OSMANI - SADRIU -","og_url":"https:\/\/president-ksgov.net\/sqarim-i-zyres-se-presidentit-te-republikes-se-kosoves\/","og_site_name":"Predsednik Republike Kosovo - DR. VJOSA OSMANI - SADRIU","article_published_time":"2012-04-30T17:01:13+00:00","og_image":[{"width":1024,"height":716,"url":"https:\/\/president-ksgov.net\/wp-content\/uploads\/Zyra-e-Presidentes-Featured-Image1-e1678970937938.png","type":"image\/png"}],"author":"admin","twitter_card":"summary_large_image","twitter_misc":{"\u041d\u0430\u043f\u0438\u0441\u0430\u043d\u043e \u043e\u0434":"admin","\u041f\u0440\u043e\u0446\u0435\u045a\u0435\u043d\u043e \u0432\u0440\u0435\u043c\u0435 \u0447\u0438\u0442\u0430\u045a\u0430":"2 \u043c\u0438\u043d\u0443\u0442\u0430"},"schema":{"@context":"https:\/\/schema.org","@graph":[{"@type":"WebPage","@id":"https:\/\/president-ksgov.net\/sqarim-i-zyres-se-presidentit-te-republikes-se-kosoves\/","url":"https:\/\/president-ksgov.net\/sqarim-i-zyres-se-presidentit-te-republikes-se-kosoves\/","name":"Obja&#154;njenje Ureda Predsednice Republike Kosovo - Predsednik Republike Kosovo - DR. VJOSA OSMANI - SADRIU","isPartOf":{"@id":"https:\/\/president-ksgov.net\/#website"},"primaryImageOfPage":{"@id":"https:\/\/president-ksgov.net\/sqarim-i-zyres-se-presidentit-te-republikes-se-kosoves\/#primaryimage"},"image":{"@id":"https:\/\/president-ksgov.net\/sqarim-i-zyres-se-presidentit-te-republikes-se-kosoves\/#primaryimage"},"thumbnailUrl":"https:\/\/president-ksgov.net\/wp-content\/uploads\/Zyra-e-Presidentes-Featured-Image1-e1678970937938.png","datePublished":"2012-04-30T17:01:13+00:00","dateModified":"2012-04-30T17:01:13+00:00","author":{"@id":"https:\/\/president-ksgov.net\/#\/schema\/person\/bb4337a5fb147cb2046d80548172cbee"},"description":"Obja&#154;njenje Ureda Predsednice Republike Kosovo - Predsednik Republike Kosovo - DR. VJOSA OSMANI - SADRIU -","breadcrumb":{"@id":"https:\/\/president-ksgov.net\/sqarim-i-zyres-se-presidentit-te-republikes-se-kosoves\/#breadcrumb"},"inLanguage":"sr-RS","potentialAction":[{"@type":"ReadAction","target":["https:\/\/president-ksgov.net\/sqarim-i-zyres-se-presidentit-te-republikes-se-kosoves\/"]}]},{"@type":"ImageObject","inLanguage":"sr-RS","@id":"https:\/\/president-ksgov.net\/sqarim-i-zyres-se-presidentit-te-republikes-se-kosoves\/#primaryimage","url":"https:\/\/president-ksgov.net\/wp-content\/uploads\/Zyra-e-Presidentes-Featured-Image1-e1678970937938.png","contentUrl":"https:\/\/president-ksgov.net\/wp-content\/uploads\/Zyra-e-Presidentes-Featured-Image1-e1678970937938.png","width":1024,"height":716},{"@type":"BreadcrumbList","@id":"https:\/\/president-ksgov.net\/sqarim-i-zyres-se-presidentit-te-republikes-se-kosoves\/#breadcrumb","itemListElement":[{"@type":"ListItem","position":1,"name":"Home","item":"https:\/\/president-ksgov.net\/sr\/"},{"@type":"ListItem","position":2,"name":"Obja&#154;njenje Ureda Predsednice Republike Kosovo"}]},{"@type":"WebSite","@id":"https:\/\/president-ksgov.net\/#website","url":"https:\/\/president-ksgov.net\/","name":"Presidente e Republik\u00ebs s\u00eb Kosov\u00ebs","description":"Presidente e Republik\u00ebs s\u00eb Kosov\u00ebs","alternateName":"DR. VJOSA OSMANI - SADRIU","potentialAction":[{"@type":"SearchAction","target":{"@type":"EntryPoint","urlTemplate":"https:\/\/president-ksgov.net\/?s={search_term_string}"},"query-input":{"@type":"PropertyValueSpecification","valueRequired":true,"valueName":"search_term_string"}}],"inLanguage":"sr-RS"},{"@type":"Person","@id":"https:\/\/president-ksgov.net\/#\/schema\/person\/bb4337a5fb147cb2046d80548172cbee","name":"admin","image":{"@type":"ImageObject","inLanguage":"sr-RS","@id":"https:\/\/president-ksgov.net\/#\/schema\/person\/image\/","url":"https:\/\/secure.gravatar.com\/avatar\/36156ca0fa3b8d9d25174f146e16beea0cf28f37adf1b9e19b6c9c279a7c9dd3?s=96&d=mm&r=g","contentUrl":"https:\/\/secure.gravatar.com\/avatar\/36156ca0fa3b8d9d25174f146e16beea0cf28f37adf1b9e19b6c9c279a7c9dd3?s=96&d=mm&r=g","caption":"admin"},"sameAs":["https:\/\/president-ksgov.net"]}]}},"_links":{"self":[{"href":"https:\/\/president-ksgov.net\/sr\/wp-json\/wp\/v2\/posts\/79041","targetHints":{"allow":["GET"]}}],"collection":[{"href":"https:\/\/president-ksgov.net\/sr\/wp-json\/wp\/v2\/posts"}],"about":[{"href":"https:\/\/president-ksgov.net\/sr\/wp-json\/wp\/v2\/types\/post"}],"author":[{"embeddable":true,"href":"https:\/\/president-ksgov.net\/sr\/wp-json\/wp\/v2\/users\/1"}],"replies":[{"embeddable":true,"href":"https:\/\/president-ksgov.net\/sr\/wp-json\/wp\/v2\/comments?post=79041"}],"version-history":[{"count":0,"href":"https:\/\/president-ksgov.net\/sr\/wp-json\/wp\/v2\/posts\/79041\/revisions"}],"wp:featuredmedia":[{"embeddable":true,"href":"https:\/\/president-ksgov.net\/sr\/wp-json\/wp\/v2\/media\/86338"}],"wp:attachment":[{"href":"https:\/\/president-ksgov.net\/sr\/wp-json\/wp\/v2\/media?parent=79041"}],"wp:term":[{"taxonomy":"category","embeddable":true,"href":"https:\/\/president-ksgov.net\/sr\/wp-json\/wp\/v2\/categories?post=79041"},{"taxonomy":"post_tag","embeddable":true,"href":"https:\/\/president-ksgov.net\/sr\/wp-json\/wp\/v2\/tags?post=79041"}],"curies":[{"name":"wp","href":"https:\/\/api.w.org\/{rel}","templated":true}]}}