{"id":79032,"date":"2012-05-09T20:06:30","date_gmt":"2012-05-09T20:06:30","guid":{"rendered":"https:\/\/dev.president-ksgov.net\/govor-predsednice-atifete-jahjaga-povodom-09-maja-dana-evrope\/"},"modified":"2023-03-08T09:04:50","modified_gmt":"2023-03-08T09:04:50","slug":"govor-predsednice-atifete-jahjaga-povodom-09-maja-dana-evrope","status":"publish","type":"post","link":"https:\/\/president-ksgov.net\/sr\/govor-predsednice-atifete-jahjaga-povodom-09-maja-dana-evrope\/","title":{"rendered":"GOVOR PREDSEDNICE ATIFETE JAHJAGA POVODOM 09 MAJA, DANA EVROPE"},"content":{"rendered":"<p>Ovaj dan praznika simbolizuje napredak i ujedinjenje u jednu porodicu koja sadr&#382;i zajedni\u010dke vrednosti, ciljeve i jasnu viziju za jedan bolji &#382;ivot  gra\u0111ana.<\/p>\n<p>Po&#353;tovani specijalni predstavnik Evropske Zajednice, g.din &#381;bogar<br \/>\nPo&#353;tovani ambasadori i \u010dlanovi Diplomatskog Kora,<br \/>\nPo&#353;tovani Premijer Tha\u010di,<br \/>\nPo&#353;tovani ministri,<br \/>\nPo&#353;tovani ministar za evropske integracije, g.\u0111a \u010citaku<br \/>\nPo&#353;tovani poslanici,<br \/>\nPredstavnici civilnog dru&#353;tva,<br \/>\nDame i gospodo, <\/p>\n<p>Dana&#353;nji dan je poznat kao Dan Evrope, za Nas, zemlje Balkana, koji ciljamo integraciju sa slobodnim narodima EZ-e, jeste jedan poseban dan u kalendar na&#353;ih slu&#382;benih praznika. <\/p>\n<p>Ovaj dan praznika simbolizuje napredak i ujedinjenje u jednu porodicu koja sadr&#382;i zajedni\u010dke vrednosti, ciljeve i jasnu viziju za jedan bolji &#382;ivot\u00a0 gra\u0111ana.<\/p>\n<p>Vrednosti i uspeh Evropske Zajednice sa snagom njihove transformacije su inspirisali mnoge zemlje da preduzimaju reforme za dobrobit gra\u0111ana.<\/p>\n<p>Mi, zemlje Zapadnog Balkana, imamo mogu\u0107nost da s ponosom i voljom sledimo ideale i viziju Evropske Zajednice, na putu unutra&#353;nje demokratske konsolidacije, unapre\u0111enja dobrosusedskih odnosa tokom na&#353;eg zajedni\u010dkog kretanja u pravcu Evrope.<\/p>\n<p>Demokratska budu\u0107nost na&#353;e dr&#382;ave se zasniva na ustrajan pravni sistem koji garantuje za&#353;titu gra\u0111ana zasnovan na evropsko nasledstvo politi\u010dkih ideja i na dobru praksu demokratskih zemalja.<\/p>\n<p>Sprovo\u0111enje Ustava zajedno sa vladanjem reda i zakona obezbe\u0111uje pravnu dr&#382;avu koja omogu\u0107ava na&#353;e bezbedno \u010dlanstvo u Evropsku Zajednicu. <\/p>\n<p>Mi, zemlje zapadnog Balkana, pru&#382;aju\u0107i na&#353;im gra\u0111anima bezbednost, prosperitet i stvaraju\u0107i uslove i ravnopravne mogu\u0107nosti za ispunjavanje njihovih &#382;ivotnih snova istovremeno radimo na ispunjavanju standarda za\u00a0 &#353;to br&#382;u integraciju na&#353;ih naroda i na&#353;ih zemalja u Evropsku Zajednicu.<\/p>\n<p>Mi smo posve\u0107eni da &#382;ivimo u miru i stabilnosti grade\u0107i dobro susedne odnose, po&#353;tuju\u0107i me\u0111usobni suverenitet i teritorijalni integritet i poma&#382;u\u0107i jedni druge na putu Evropsko-Atlantskih integracija.<\/p>\n<p>Zajedni\u010dke politike i koordinacija na&#353;ih delatnosti kao regija poma&#382;e nam da utvrdimo prioritete, omogu\u0107ava nam da zajedno te&#382;imo vi&#353;e i ja\u010damo kao faktor u me\u0111unarodnoj sceni. Jer se ovo karakterizira sa uzajamnom ekonomskom zavisno&#353;\u0107u, povezanosti tr&#382;i&#353;ta i resursa.<br \/>\nRepublika Kosovo, suverena i nezavisna dr&#382;ava, kao faktor mira i stabilnosti regiona, jeste vi&#353;e nego neophodno da bude ravnopravan \u010dlan me\u0111unarodnih organizacija i mehanizama daju\u0107i svoj doprinos u svim savremenim procesima.<\/p>\n<p>Evropska Zajednica, kao zajednica nezavisnih dr&#382;ava jeste jedan do sada nevi\u0111en fenomen u ljudskoj istoriji i ono &#353;to ja mislim jeste da danas multipolaritet\u00a0 sveta se ne meri sa snagom pojedina\u010dnih dr&#382;ava, niti sa uticajem i dominacijom u odre\u0111enom kontinentu, nego sa u\u010de&#353;\u0107em i doprinosom u me\u0111unarodnoj strukturi mira i stabilnosti.<br \/>\nOno &#353;to ja cenim kao multipolaritet jeste Evropska Zajednica, jeste NATO, jeste Organizacija Ujedinjenih Nacija, alijanse to koje skupljaju oko sebe dru&#353;tva koja imaju jednu viziju zasnovanu na dostojanstvo, slobodu i ravnopravnost, i recipro\u010dnu pomo\u0107.<br \/>\nDanas svi Mi, zemlje regije, smo orjentisani da poma&#382;emo jedni druge, da koordiniramo na&#353;e postupke jer samo tako mo&#382;emo graditi jednu naprednu budu\u0107nost za narode na&#353;ih zemalja. Nalazimo se u jednom va&#382;nom momentu za ostvarivanje na&#353;eg sna integracije u Evropsku Zajednicu.<\/p>\n<p>Republika Kosovo i Evropska Zajednica su bele&#382;ile novu stranicu u dvostranim odnosima, lansiranjem Studije Fizibiliteta za Sporazum o Stabilizaciji i Asocijaciji, te sa po\u010detkom procesa dijaloga za Liberalizaciju viza, &#353;to pru&#382;a nove mogu\u0107nosti za gra\u0111ane zemlje i za no&#353;u ekonomiju.<\/p>\n<p>Slobodno kretanje ljudi, robe i kapitala, &#353;to su na\u010dela koje Evropska Zajednica smatra osnovnim, smatraju se na\u010delima i gra\u0111ana Kosova.<br \/>\nPosve\u0107eni smo da ispunjavamo sve na&#353;e kriterije i obaveze na putu integracije Republike Kosova u Evropsku Zajednicu. Na&#353;i gra\u0111ani, s punim pravom tra&#382;e od nas da &#382;eljno i potpuno odani i posve\u0107eni nastavimo s ispunjavanjem politi\u010dkih, ekonomskih i zakonskih kriterija za \u010dlanstvo u Evropsku Zajednicu. Ali, uspeh na&#353;e integracije u Evropu zavisi od svih nas; institucije, politi\u010dke partije, civilno dru&#353;tvo i od svih gra\u0111ana Republike Kosovo.<\/p>\n<p>Evropa jednoglasnom politi\u010dkom voljom izlazi sa svakog boji&#353;ta jo&#353; ja\u010da. Posve\u0107enje Evropljana da iznalaze modalitete ja\u010danja demokratskog bloka uz ozbiljnost i odgovornost dokazuje da momentalni izazovi na ugro&#382;avaju viziju i misiju EZ-e za jednu ujedinjenu Evropu i svesni smo da Evropska Zajednica \u0107e potpuno ispuniti svoju viziju samo onda kada sve zemlje Zapadnog Balkana se pripoje Evropskoj Porodici.<\/p>\n<p>G. din &#381;bogar,<br \/>\nPo&#353;tovani u\u010desnici, <\/p>\n<p>Ovog simboli\u010dnog dana, koji obele&#382;avamo danas, &#382;elim da jo&#353; jednom naglasim posve\u0107enje i spremnost Republike Kosovo, svih njenih gra\u0111ana, da se prisajedine va&#353;oj porodici; vi kao saveznici i na&#353;i partneri stekli ste na&#353;e poverenje, onako kao &#353;to mi imamo poverenje u vas, u sposobnost i snagu transformacije Evropske Zajednice. Zajedno \u0107emo savladati svaki izazov na koji nailazimo tokom na&#353;eg puta u pravcu Evrope. <\/p>\n<p>Na ovaj dan da nazdravimo sa \u010da&#353;om za viziju jedinstva slobodnih naroda Evrope.<\/p>\n<p>&#381;iveli!\u00a0\u00a0<\/p>\n","protected":false},"excerpt":{"rendered":"<p>Ovaj dan praznika simbolizuje napredak i ujedinjenje u jednu porodicu koja sadr&#382;i zajedni\u010dke vrednosti, ciljeve i jasnu viziju za jedan bolji &#382;ivot  gra\u0111ana.<\/p>\n","protected":false},"author":1,"featured_media":56259,"comment_status":"open","ping_status":"closed","sticky":false,"template":"","format":"standard","meta":{"_eb_attr":"","footnotes":""},"categories":[106],"tags":[],"class_list":["post-79032","post","type-post","status-publish","format-standard","has-post-thumbnail","hentry","category-govori"],"yoast_head":"<!-- This site is optimized with the Yoast SEO plugin v23.5 - https:\/\/yoast.com\/wordpress\/plugins\/seo\/ -->\n<title>GOVOR PREDSEDNICE ATIFETE JAHJAGA POVODOM 09 MAJA, DANA EVROPE - Predsednik Republike Kosovo - DR. VJOSA OSMANI - SADRIU<\/title>\n<meta name=\"description\" content=\"GOVOR PREDSEDNICE ATIFETE JAHJAGA POVODOM 09 MAJA, DANA EVROPE - Predsednik Republike Kosovo - DR. VJOSA OSMANI - SADRIU -\" \/>\n<meta name=\"robots\" content=\"index, follow, max-snippet:-1, max-image-preview:large, max-video-preview:-1\" \/>\n<link rel=\"canonical\" href=\"https:\/\/president-ksgov.net\/fjala-e-presidentes-atifete-jahjaga-me-rastin-e-dites-se-evropes-09-maj-2012\/\" \/>\n<meta property=\"og:locale\" content=\"sr_RS\" \/>\n<meta property=\"og:type\" content=\"article\" \/>\n<meta property=\"og:title\" content=\"GOVOR PREDSEDNICE ATIFETE JAHJAGA POVODOM 09 MAJA, DANA EVROPE - Predsednik Republike Kosovo - DR. VJOSA OSMANI - SADRIU\" \/>\n<meta property=\"og:description\" content=\"GOVOR PREDSEDNICE ATIFETE JAHJAGA POVODOM 09 MAJA, DANA EVROPE - Predsednik Republike Kosovo - DR. VJOSA OSMANI - SADRIU -\" \/>\n<meta property=\"og:url\" content=\"https:\/\/president-ksgov.net\/fjala-e-presidentes-atifete-jahjaga-me-rastin-e-dites-se-evropes-09-maj-2012\/\" \/>\n<meta property=\"og:site_name\" content=\"Predsednik Republike Kosovo - DR. VJOSA OSMANI - SADRIU\" \/>\n<meta property=\"article:published_time\" content=\"2012-05-09T20:06:30+00:00\" \/>\n<meta property=\"article:modified_time\" content=\"2023-03-08T09:04:50+00:00\" \/>\n<meta property=\"og:image\" content=\"https:\/\/president-ksgov.net\/wp-content\/uploads\/09_05_12_14991_09_05_2012_Dita_e_Evropes_3.jpg\" \/>\n\t<meta property=\"og:image:width\" content=\"1000\" \/>\n\t<meta property=\"og:image:height\" content=\"667\" \/>\n\t<meta property=\"og:image:type\" content=\"image\/jpeg\" \/>\n<meta name=\"author\" content=\"admin\" \/>\n<meta name=\"twitter:card\" content=\"summary_large_image\" \/>\n<meta name=\"twitter:label1\" content=\"\u041d\u0430\u043f\u0438\u0441\u0430\u043d\u043e \u043e\u0434\" \/>\n\t<meta name=\"twitter:data1\" content=\"admin\" \/>\n\t<meta name=\"twitter:label2\" content=\"\u041f\u0440\u043e\u0446\u0435\u045a\u0435\u043d\u043e \u0432\u0440\u0435\u043c\u0435 \u0447\u0438\u0442\u0430\u045a\u0430\" \/>\n\t<meta name=\"twitter:data2\" content=\"4 \u043c\u0438\u043d\u0443\u0442\u0430\" \/>\n<script type=\"application\/ld+json\" class=\"yoast-schema-graph\">{\"@context\":\"https:\/\/schema.org\",\"@graph\":[{\"@type\":\"WebPage\",\"@id\":\"https:\/\/president-ksgov.net\/fjala-e-presidentes-atifete-jahjaga-me-rastin-e-dites-se-evropes-09-maj-2012\/\",\"url\":\"https:\/\/president-ksgov.net\/fjala-e-presidentes-atifete-jahjaga-me-rastin-e-dites-se-evropes-09-maj-2012\/\",\"name\":\"GOVOR PREDSEDNICE ATIFETE JAHJAGA POVODOM 09 MAJA, DANA EVROPE - Predsednik Republike Kosovo - DR. VJOSA OSMANI - SADRIU\",\"isPartOf\":{\"@id\":\"https:\/\/president-ksgov.net\/#website\"},\"primaryImageOfPage\":{\"@id\":\"https:\/\/president-ksgov.net\/fjala-e-presidentes-atifete-jahjaga-me-rastin-e-dites-se-evropes-09-maj-2012\/#primaryimage\"},\"image\":{\"@id\":\"https:\/\/president-ksgov.net\/fjala-e-presidentes-atifete-jahjaga-me-rastin-e-dites-se-evropes-09-maj-2012\/#primaryimage\"},\"thumbnailUrl\":\"https:\/\/president-ksgov.net\/wp-content\/uploads\/09_05_12_14991_09_05_2012_Dita_e_Evropes_3.jpg\",\"datePublished\":\"2012-05-09T20:06:30+00:00\",\"dateModified\":\"2023-03-08T09:04:50+00:00\",\"author\":{\"@id\":\"https:\/\/president-ksgov.net\/#\/schema\/person\/bb4337a5fb147cb2046d80548172cbee\"},\"description\":\"GOVOR PREDSEDNICE ATIFETE JAHJAGA POVODOM 09 MAJA, DANA EVROPE - Predsednik Republike Kosovo - DR. VJOSA OSMANI - SADRIU -\",\"breadcrumb\":{\"@id\":\"https:\/\/president-ksgov.net\/fjala-e-presidentes-atifete-jahjaga-me-rastin-e-dites-se-evropes-09-maj-2012\/#breadcrumb\"},\"inLanguage\":\"sr-RS\",\"potentialAction\":[{\"@type\":\"ReadAction\",\"target\":[\"https:\/\/president-ksgov.net\/fjala-e-presidentes-atifete-jahjaga-me-rastin-e-dites-se-evropes-09-maj-2012\/\"]}]},{\"@type\":\"ImageObject\",\"inLanguage\":\"sr-RS\",\"@id\":\"https:\/\/president-ksgov.net\/fjala-e-presidentes-atifete-jahjaga-me-rastin-e-dites-se-evropes-09-maj-2012\/#primaryimage\",\"url\":\"https:\/\/president-ksgov.net\/wp-content\/uploads\/09_05_12_14991_09_05_2012_Dita_e_Evropes_3.jpg\",\"contentUrl\":\"https:\/\/president-ksgov.net\/wp-content\/uploads\/09_05_12_14991_09_05_2012_Dita_e_Evropes_3.jpg\",\"width\":1000,\"height\":667},{\"@type\":\"BreadcrumbList\",\"@id\":\"https:\/\/president-ksgov.net\/fjala-e-presidentes-atifete-jahjaga-me-rastin-e-dites-se-evropes-09-maj-2012\/#breadcrumb\",\"itemListElement\":[{\"@type\":\"ListItem\",\"position\":1,\"name\":\"Home\",\"item\":\"https:\/\/president-ksgov.net\/sr\/\"},{\"@type\":\"ListItem\",\"position\":2,\"name\":\"GOVOR PREDSEDNICE ATIFETE JAHJAGA POVODOM 09 MAJA, DANA EVROPE\"}]},{\"@type\":\"WebSite\",\"@id\":\"https:\/\/president-ksgov.net\/#website\",\"url\":\"https:\/\/president-ksgov.net\/\",\"name\":\"Presidente e Republik\u00ebs s\u00eb Kosov\u00ebs\",\"description\":\"Presidente e Republik\u00ebs s\u00eb Kosov\u00ebs\",\"alternateName\":\"DR. VJOSA OSMANI - SADRIU\",\"potentialAction\":[{\"@type\":\"SearchAction\",\"target\":{\"@type\":\"EntryPoint\",\"urlTemplate\":\"https:\/\/president-ksgov.net\/?s={search_term_string}\"},\"query-input\":{\"@type\":\"PropertyValueSpecification\",\"valueRequired\":true,\"valueName\":\"search_term_string\"}}],\"inLanguage\":\"sr-RS\"},{\"@type\":\"Person\",\"@id\":\"https:\/\/president-ksgov.net\/#\/schema\/person\/bb4337a5fb147cb2046d80548172cbee\",\"name\":\"admin\",\"image\":{\"@type\":\"ImageObject\",\"inLanguage\":\"sr-RS\",\"@id\":\"https:\/\/president-ksgov.net\/#\/schema\/person\/image\/\",\"url\":\"https:\/\/secure.gravatar.com\/avatar\/36156ca0fa3b8d9d25174f146e16beea0cf28f37adf1b9e19b6c9c279a7c9dd3?s=96&d=mm&r=g\",\"contentUrl\":\"https:\/\/secure.gravatar.com\/avatar\/36156ca0fa3b8d9d25174f146e16beea0cf28f37adf1b9e19b6c9c279a7c9dd3?s=96&d=mm&r=g\",\"caption\":\"admin\"},\"sameAs\":[\"https:\/\/president-ksgov.net\"]}]}<\/script>\n<!-- \/ Yoast SEO plugin. -->","yoast_head_json":{"title":"GOVOR PREDSEDNICE ATIFETE JAHJAGA POVODOM 09 MAJA, DANA EVROPE - Predsednik Republike Kosovo - DR. VJOSA OSMANI - SADRIU","description":"GOVOR PREDSEDNICE ATIFETE JAHJAGA POVODOM 09 MAJA, DANA EVROPE - Predsednik Republike Kosovo - DR. VJOSA OSMANI - SADRIU -","robots":{"index":"index","follow":"follow","max-snippet":"max-snippet:-1","max-image-preview":"max-image-preview:large","max-video-preview":"max-video-preview:-1"},"canonical":"https:\/\/president-ksgov.net\/fjala-e-presidentes-atifete-jahjaga-me-rastin-e-dites-se-evropes-09-maj-2012\/","og_locale":"sr_RS","og_type":"article","og_title":"GOVOR PREDSEDNICE ATIFETE JAHJAGA POVODOM 09 MAJA, DANA EVROPE - Predsednik Republike Kosovo - DR. VJOSA OSMANI - SADRIU","og_description":"GOVOR PREDSEDNICE ATIFETE JAHJAGA POVODOM 09 MAJA, DANA EVROPE - Predsednik Republike Kosovo - DR. VJOSA OSMANI - SADRIU -","og_url":"https:\/\/president-ksgov.net\/fjala-e-presidentes-atifete-jahjaga-me-rastin-e-dites-se-evropes-09-maj-2012\/","og_site_name":"Predsednik Republike Kosovo - DR. VJOSA OSMANI - SADRIU","article_published_time":"2012-05-09T20:06:30+00:00","article_modified_time":"2023-03-08T09:04:50+00:00","og_image":[{"width":1000,"height":667,"url":"https:\/\/president-ksgov.net\/wp-content\/uploads\/09_05_12_14991_09_05_2012_Dita_e_Evropes_3.jpg","type":"image\/jpeg"}],"author":"admin","twitter_card":"summary_large_image","twitter_misc":{"\u041d\u0430\u043f\u0438\u0441\u0430\u043d\u043e \u043e\u0434":"admin","\u041f\u0440\u043e\u0446\u0435\u045a\u0435\u043d\u043e \u0432\u0440\u0435\u043c\u0435 \u0447\u0438\u0442\u0430\u045a\u0430":"4 \u043c\u0438\u043d\u0443\u0442\u0430"},"schema":{"@context":"https:\/\/schema.org","@graph":[{"@type":"WebPage","@id":"https:\/\/president-ksgov.net\/fjala-e-presidentes-atifete-jahjaga-me-rastin-e-dites-se-evropes-09-maj-2012\/","url":"https:\/\/president-ksgov.net\/fjala-e-presidentes-atifete-jahjaga-me-rastin-e-dites-se-evropes-09-maj-2012\/","name":"GOVOR PREDSEDNICE ATIFETE JAHJAGA POVODOM 09 MAJA, DANA EVROPE - Predsednik Republike Kosovo - DR. VJOSA OSMANI - SADRIU","isPartOf":{"@id":"https:\/\/president-ksgov.net\/#website"},"primaryImageOfPage":{"@id":"https:\/\/president-ksgov.net\/fjala-e-presidentes-atifete-jahjaga-me-rastin-e-dites-se-evropes-09-maj-2012\/#primaryimage"},"image":{"@id":"https:\/\/president-ksgov.net\/fjala-e-presidentes-atifete-jahjaga-me-rastin-e-dites-se-evropes-09-maj-2012\/#primaryimage"},"thumbnailUrl":"https:\/\/president-ksgov.net\/wp-content\/uploads\/09_05_12_14991_09_05_2012_Dita_e_Evropes_3.jpg","datePublished":"2012-05-09T20:06:30+00:00","dateModified":"2023-03-08T09:04:50+00:00","author":{"@id":"https:\/\/president-ksgov.net\/#\/schema\/person\/bb4337a5fb147cb2046d80548172cbee"},"description":"GOVOR PREDSEDNICE ATIFETE JAHJAGA POVODOM 09 MAJA, DANA EVROPE - Predsednik Republike Kosovo - DR. VJOSA OSMANI - SADRIU -","breadcrumb":{"@id":"https:\/\/president-ksgov.net\/fjala-e-presidentes-atifete-jahjaga-me-rastin-e-dites-se-evropes-09-maj-2012\/#breadcrumb"},"inLanguage":"sr-RS","potentialAction":[{"@type":"ReadAction","target":["https:\/\/president-ksgov.net\/fjala-e-presidentes-atifete-jahjaga-me-rastin-e-dites-se-evropes-09-maj-2012\/"]}]},{"@type":"ImageObject","inLanguage":"sr-RS","@id":"https:\/\/president-ksgov.net\/fjala-e-presidentes-atifete-jahjaga-me-rastin-e-dites-se-evropes-09-maj-2012\/#primaryimage","url":"https:\/\/president-ksgov.net\/wp-content\/uploads\/09_05_12_14991_09_05_2012_Dita_e_Evropes_3.jpg","contentUrl":"https:\/\/president-ksgov.net\/wp-content\/uploads\/09_05_12_14991_09_05_2012_Dita_e_Evropes_3.jpg","width":1000,"height":667},{"@type":"BreadcrumbList","@id":"https:\/\/president-ksgov.net\/fjala-e-presidentes-atifete-jahjaga-me-rastin-e-dites-se-evropes-09-maj-2012\/#breadcrumb","itemListElement":[{"@type":"ListItem","position":1,"name":"Home","item":"https:\/\/president-ksgov.net\/sr\/"},{"@type":"ListItem","position":2,"name":"GOVOR PREDSEDNICE ATIFETE JAHJAGA POVODOM 09 MAJA, DANA EVROPE"}]},{"@type":"WebSite","@id":"https:\/\/president-ksgov.net\/#website","url":"https:\/\/president-ksgov.net\/","name":"Presidente e Republik\u00ebs s\u00eb Kosov\u00ebs","description":"Presidente e Republik\u00ebs s\u00eb Kosov\u00ebs","alternateName":"DR. VJOSA OSMANI - SADRIU","potentialAction":[{"@type":"SearchAction","target":{"@type":"EntryPoint","urlTemplate":"https:\/\/president-ksgov.net\/?s={search_term_string}"},"query-input":{"@type":"PropertyValueSpecification","valueRequired":true,"valueName":"search_term_string"}}],"inLanguage":"sr-RS"},{"@type":"Person","@id":"https:\/\/president-ksgov.net\/#\/schema\/person\/bb4337a5fb147cb2046d80548172cbee","name":"admin","image":{"@type":"ImageObject","inLanguage":"sr-RS","@id":"https:\/\/president-ksgov.net\/#\/schema\/person\/image\/","url":"https:\/\/secure.gravatar.com\/avatar\/36156ca0fa3b8d9d25174f146e16beea0cf28f37adf1b9e19b6c9c279a7c9dd3?s=96&d=mm&r=g","contentUrl":"https:\/\/secure.gravatar.com\/avatar\/36156ca0fa3b8d9d25174f146e16beea0cf28f37adf1b9e19b6c9c279a7c9dd3?s=96&d=mm&r=g","caption":"admin"},"sameAs":["https:\/\/president-ksgov.net"]}]}},"_links":{"self":[{"href":"https:\/\/president-ksgov.net\/sr\/wp-json\/wp\/v2\/posts\/79032","targetHints":{"allow":["GET"]}}],"collection":[{"href":"https:\/\/president-ksgov.net\/sr\/wp-json\/wp\/v2\/posts"}],"about":[{"href":"https:\/\/president-ksgov.net\/sr\/wp-json\/wp\/v2\/types\/post"}],"author":[{"embeddable":true,"href":"https:\/\/president-ksgov.net\/sr\/wp-json\/wp\/v2\/users\/1"}],"replies":[{"embeddable":true,"href":"https:\/\/president-ksgov.net\/sr\/wp-json\/wp\/v2\/comments?post=79032"}],"version-history":[{"count":1,"href":"https:\/\/president-ksgov.net\/sr\/wp-json\/wp\/v2\/posts\/79032\/revisions"}],"predecessor-version":[{"id":81810,"href":"https:\/\/president-ksgov.net\/sr\/wp-json\/wp\/v2\/posts\/79032\/revisions\/81810"}],"wp:featuredmedia":[{"embeddable":true,"href":"https:\/\/president-ksgov.net\/sr\/wp-json\/wp\/v2\/media\/56259"}],"wp:attachment":[{"href":"https:\/\/president-ksgov.net\/sr\/wp-json\/wp\/v2\/media?parent=79032"}],"wp:term":[{"taxonomy":"category","embeddable":true,"href":"https:\/\/president-ksgov.net\/sr\/wp-json\/wp\/v2\/categories?post=79032"},{"taxonomy":"post_tag","embeddable":true,"href":"https:\/\/president-ksgov.net\/sr\/wp-json\/wp\/v2\/tags?post=79032"}],"curies":[{"name":"wp","href":"https:\/\/api.w.org\/{rel}","templated":true}]}}