{"id":79014,"date":"2012-05-21T15:44:32","date_gmt":"2012-05-21T15:44:32","guid":{"rendered":"https:\/\/dev.president-ksgov.net\/govor-predsednice-povodom-100-obljetnice-skuptine-junika\/"},"modified":"2023-03-08T09:04:50","modified_gmt":"2023-03-08T09:04:50","slug":"govor-predsednice-povodom-100-obljetnice-skuptine-junika","status":"publish","type":"post","link":"https:\/\/president-ksgov.net\/sr\/govor-predsednice-povodom-100-obljetnice-skuptine-junika\/","title":{"rendered":"Govor Predsednice povodom 100-obljetnice Skup&#154;tine Junika"},"content":{"rendered":"<p>Predsednica Republike Kosovo, gospo\u0111a Atifete Jahjaga je prisustvovala manifestaciji obele&#382;avanja 100-te obljetnice Skup&#353;tine Junika.<\/p>\n<p>Takode, Predsednica Jahjaga je prisustvovala i ceremoniji postavljanja kamen temeljca memorijala 100-te obljetnice Skup&#353;tine Junika, i inauguracije regionalnog centra turizma.<\/p>\n<p>U nastavku prenosimo govor Predsednice Jahjaga:<\/p>\n<p>Po&#353;tovani me&#353;tani Junika.<br \/>\nPo&#353;tovani gradani svih krajeva Kosova i Albanije, koji ste danas do&#353;li ovde da zajedno bele&#382;imo ovaj vrhunski datum na&#353;e istorije.<br \/>\nPo&#353;tovani Predsednik Skup&#353;tine, g.din Krasnici,<br \/>\nPo&#353;tovani Premijer Thaci,<br \/>\nPo&#353;tovani Ambasador Lauka,<br \/>\nPo&#353;tovani Predsednik op&#353;tine Junik, g.din Kuci,<br \/>\nPo&#353;tovani predsednici op&#353;tina Republike Kosovo,<br \/>\nPo&#353;tovani rukovodioci i predstavnici op&#353;tina Republike Albanije,<\/p>\n<p>Poca&#353;cena sam &#353;to se nalazim ovde u Junik, u mestu gde pre 100 godina su se skupili vode na&#353;e nacije i utvrdili put slobode i nezavisnosti. Put koji je trajao mnogo i koji sa progla&#353;enjem nezavisnosti Republike Kosovo je vekovecan ideal mnogih generacija koji nisu niti jednom stali radeci za nacionalno oslobodenje, za nezavisnost i demokratiju.<\/p>\n<p>Upravo na ovom mestu, ovde u legendarni Junik, je po prvi put sastavljen konkretan nacionalni program prilagoden za uslove i okolnosti vremena, oslonjen na pu&#353;canu cev, na oru&#382;ani ustanak koji je dovodio de toga da se slobodno vijori zastava u herojsku Valonu, dana 28 Novembra 1912 godine.\u00a0 <\/p>\n<p>Na&#353; narod ima slavnu istoriju, na koju smo ponosni. Skup&#353;tina Junika je javno proglasila politicke zahteve za priznavanje subjektivnosti i suvereniteta Albanaca u celokupni teritorij etnickih ognji&#353;ta.<\/p>\n<p>Ovi zahtevi, po&#353;tujuci unutra&#353;nju i spoljnu realnost, namerava autonomiju Albanije unutar Otomanske Imperije, uspostavljanje albanske administracije u celoj teritoriji, utvrdivanje albanskog jezika sa nacionalnom azbukom latinice kao slu&#382;beni jezik, postavljanje nacionalne zastave u celoj zemlji i imenovanje jednog generalnog guvernera iz redova naslednika sa porodica Albanskih Princeva. Takode, je od tada&#353;njih velikih sila zatra&#382;eno da budu garant za sprovodenje ovih zahteva.<\/p>\n<p>Po&#353;tovani me&#353;tani Junika, jer mi smo danas svi u Junik,<\/p>\n<p>Na&#353;a nastojanja za Slobodu i Nezavisnost Nacije i Domovine, za stvaranje dr&#382;ave, su dugo trajale, vi&#353;e nego kod svih drugih naroda.<\/p>\n<p>Mi, tada nismo imali podr&#353;ku susednih naroda u na&#353;oj borbi za Slobodu, iako smo se mi borili i pomagali nezavisnost svih okolnih dr&#382;ava.<\/p>\n<p>Iako smo imali protivljenje i vojno uplitanje susednih dr&#382;ava, koje su masakrirale stanovni&#353;tvo i osvajali na&#353;a ognji&#353;ta, mi smo pre&#382;iveli isku&#353;enja istorije i postigli smo ocuvati na&#353;u nacionalnu bit, biolo&#353;ku bit, i danas mi smo slobodni i sposobni zbrinuti sebe, bivajuci faktor mira i stabilnosti, jaki i po&#353;tovani izgradujuci jednu svetliju buducnost.<\/p>\n<p>Mi danas, kao nikad ranije, imamo podr&#353;ku na&#353;ih medunarodnih prijatelja, Sjedinjenih Americkih Dr&#382;ava\u00a0 i zemalja Evropske Zajednice. <\/p>\n<p>Na&#353;a nastojanja da budemo slobodni, dostojanstveni, ravnopravni i gazde svojih ognji&#353;ta, nisu nikada prestala. S toga mi danas, svi zajedno i slobodni slavimo i po&#353;tujemo na&#353;e istorijske dogadaje.<\/p>\n<p>Ovog dana, da se setimo rada, anga&#382;ovanja i &#382;rtvovanja najsvetlijih sinova i kceri domovine.<\/p>\n<p>Da se setimo ideologa albanskih ustanaka za nezavisnost Hasan Pri&#353;tine; ideologa i arhitekta nezavisnosti Republike Kosovo, na&#353;eg predsednika Ibrahim Rugova, njegove mudrosti i dalekovidosti, legendarnog komandanta Adem Jashari, njegovo posvecenje, hrabrost i heroizam. Da se ovde podsetimo svih ucesnika slavne borbe Oslobodilacke Vojske Kosova, koja je u svoje redove imala mnogo junaka i heroja kao: Sali Cekaj, Luan Haradinaj, Fehmi i Xhev\u00eb Lladrovci, Agim Ramadani, Zahir Pajaziti, Edmond Hoxh\u00ebn i mnogo drugih hrabrih boraca kojima je danas narod podigao spomenike.<\/p>\n<p>Sloboda i Nezavisnost nisu lako stecene.<\/p>\n<p>Sloboda i Nezavisnost Republike Kosovo je nepovratna i braniti ce se po svaku cenu.<\/p>\n<p>Braco i seste,<\/p>\n<p>Svaka generacija ima svoje ideale. Svaka generacija se trudi imajuci u obzir vreme i mogucnost koje ima. Mi ne treba da budemo rob ideja i prevazidenih koncepata. Svaka generacija ima svoje snovi i svako vreme bira najprihvatljivija sredstva i metode, za ostvarivanje svojih ciljeva i namera.<\/p>\n<p>Mi Albanci, kao nacija, gde god se nalazimo, &#382;elimo da &#382;ivimo u miru i slozi sa svim narodima sveta.<\/p>\n<p>Po&#353;tujuci ideale na&#353;ih predaka, mi danas ciljamo put evropskih i evropsko-atlantskih integracija, postajuci zemlja clanica Evropske Zajednice i NATO-a.<\/p>\n<p>Ovako branimo na&#353;u nezavisnost i slobodu, ovako obezbedujemo buducnost na&#353;e dece.<\/p>\n<p>Republika Kosovo i Republika Albanija, dve nezavisne i suverene dr&#382;ave, danas koriste sve mogucnosti za izgradnju, razvoj i unapredenje odnosa za dobrobit svih gradana.<\/p>\n<p>Mi smo danas jaci nego ikad ranije kroz\u00a0 istoriju. Jer smo zajedno. Mi poma&#382;emo, po&#353;tujemo i imamo medusobno razumevanje prema jedan-drugom. Po&#353;tujemo red i zakon, neprestano radeci\u00a0 za domovinu i za na&#353;u evropsku buducnost.<\/p>\n<p>Mi smo moderna nacija, razvijamo se i svakodnevno napredujemo. Svesrdno prihvatamo nove ideje, tehnolo&#353;ka dostignuca, konkurentno tr&#382;i&#353;te i doprinosimo savremenom svetskom razvoju.\u00a0 <\/p>\n<p>Po&#353;tovani gradani,<\/p>\n<p>Da volimo jedan drugog, da radimo s posvecenjem, odlucno&#353;cu i iskreno. <\/p>\n<p>Da odr&#382;imo rec i obecanje.\u00a0 Da ostvarimo sve na&#353;e ideale. Da izgradimo jednu bolju, sigurniju i srecniju buducnost.\u00a0 <\/p>\n<p>Skup&#353;tina Junika, proglasom za slobodu, protiv ropstva, ujedinila sav Albanski narod, dovela do slobode, dovela do nezavisnosti Albanije i Kosova. <\/p>\n<p>Sretna 100-ta obljetnica Skup&#353;tine Junika!<br \/>\nSretna 100-ta obljetnica Nezavisnosti!<\/p>\n","protected":false},"excerpt":{"rendered":"<p>Predsednica Republike Kosovo, gospo\u0111a Atifete Jahjaga je prisustvovala manifestaciji obele&#382;avanja 100-te obljetnice Skup&#353;tine Junika.<\/p>\n","protected":false},"author":1,"featured_media":56103,"comment_status":"open","ping_status":"closed","sticky":false,"template":"","format":"standard","meta":{"_eb_attr":"","footnotes":""},"categories":[106],"tags":[],"class_list":["post-79014","post","type-post","status-publish","format-standard","has-post-thumbnail","hentry","category-govori"],"yoast_head":"<!-- This site is optimized with the Yoast SEO plugin v23.5 - https:\/\/yoast.com\/wordpress\/plugins\/seo\/ -->\n<title>Govor Predsednice povodom 100-obljetnice Skup&#154;tine Junika - Predsednik Republike Kosovo - DR. VJOSA OSMANI - SADRIU<\/title>\n<meta name=\"description\" content=\"Govor Predsednice povodom 100-obljetnice Skup&#154;tine Junika - Predsednik Republike Kosovo - DR. VJOSA OSMANI - SADRIU -\" \/>\n<meta name=\"robots\" content=\"index, follow, max-snippet:-1, max-image-preview:large, max-video-preview:-1\" \/>\n<link rel=\"canonical\" href=\"https:\/\/president-ksgov.net\/fjala-e-presidentes-jahjaga-ne-100-vjetorin-e-kuvendit-te-junikut\/\" \/>\n<meta property=\"og:locale\" content=\"sr_RS\" \/>\n<meta property=\"og:type\" content=\"article\" \/>\n<meta property=\"og:title\" content=\"Govor Predsednice povodom 100-obljetnice Skup&#154;tine Junika - Predsednik Republike Kosovo - DR. VJOSA OSMANI - SADRIU\" \/>\n<meta property=\"og:description\" content=\"Govor Predsednice povodom 100-obljetnice Skup&#154;tine Junika - Predsednik Republike Kosovo - DR. VJOSA OSMANI - SADRIU -\" \/>\n<meta property=\"og:url\" content=\"https:\/\/president-ksgov.net\/fjala-e-presidentes-jahjaga-ne-100-vjetorin-e-kuvendit-te-junikut\/\" \/>\n<meta property=\"og:site_name\" content=\"Predsednik Republike Kosovo - DR. VJOSA OSMANI - SADRIU\" \/>\n<meta property=\"article:published_time\" content=\"2012-05-21T15:44:32+00:00\" \/>\n<meta property=\"article:modified_time\" content=\"2023-03-08T09:04:50+00:00\" \/>\n<meta property=\"og:image\" content=\"https:\/\/president-ksgov.net\/wp-content\/uploads\/21_05_12_114912_21_05_2012_Junik_0.jpg\" \/>\n\t<meta property=\"og:image:width\" content=\"1000\" \/>\n\t<meta property=\"og:image:height\" content=\"667\" \/>\n\t<meta property=\"og:image:type\" content=\"image\/jpeg\" \/>\n<meta name=\"author\" content=\"admin\" \/>\n<meta name=\"twitter:card\" content=\"summary_large_image\" \/>\n<meta name=\"twitter:label1\" content=\"\u041d\u0430\u043f\u0438\u0441\u0430\u043d\u043e \u043e\u0434\" \/>\n\t<meta name=\"twitter:data1\" content=\"admin\" \/>\n\t<meta name=\"twitter:label2\" content=\"\u041f\u0440\u043e\u0446\u0435\u045a\u0435\u043d\u043e \u0432\u0440\u0435\u043c\u0435 \u0447\u0438\u0442\u0430\u045a\u0430\" \/>\n\t<meta name=\"twitter:data2\" content=\"4 \u043c\u0438\u043d\u0443\u0442\u0430\" \/>\n<script type=\"application\/ld+json\" class=\"yoast-schema-graph\">{\"@context\":\"https:\/\/schema.org\",\"@graph\":[{\"@type\":\"WebPage\",\"@id\":\"https:\/\/president-ksgov.net\/fjala-e-presidentes-jahjaga-ne-100-vjetorin-e-kuvendit-te-junikut\/\",\"url\":\"https:\/\/president-ksgov.net\/fjala-e-presidentes-jahjaga-ne-100-vjetorin-e-kuvendit-te-junikut\/\",\"name\":\"Govor Predsednice povodom 100-obljetnice Skup&#154;tine Junika - Predsednik Republike Kosovo - DR. VJOSA OSMANI - SADRIU\",\"isPartOf\":{\"@id\":\"https:\/\/president-ksgov.net\/#website\"},\"primaryImageOfPage\":{\"@id\":\"https:\/\/president-ksgov.net\/fjala-e-presidentes-jahjaga-ne-100-vjetorin-e-kuvendit-te-junikut\/#primaryimage\"},\"image\":{\"@id\":\"https:\/\/president-ksgov.net\/fjala-e-presidentes-jahjaga-ne-100-vjetorin-e-kuvendit-te-junikut\/#primaryimage\"},\"thumbnailUrl\":\"https:\/\/president-ksgov.net\/wp-content\/uploads\/21_05_12_114912_21_05_2012_Junik_0.jpg\",\"datePublished\":\"2012-05-21T15:44:32+00:00\",\"dateModified\":\"2023-03-08T09:04:50+00:00\",\"author\":{\"@id\":\"https:\/\/president-ksgov.net\/#\/schema\/person\/bb4337a5fb147cb2046d80548172cbee\"},\"description\":\"Govor Predsednice povodom 100-obljetnice Skup&#154;tine Junika - Predsednik Republike Kosovo - DR. VJOSA OSMANI - SADRIU -\",\"breadcrumb\":{\"@id\":\"https:\/\/president-ksgov.net\/fjala-e-presidentes-jahjaga-ne-100-vjetorin-e-kuvendit-te-junikut\/#breadcrumb\"},\"inLanguage\":\"sr-RS\",\"potentialAction\":[{\"@type\":\"ReadAction\",\"target\":[\"https:\/\/president-ksgov.net\/fjala-e-presidentes-jahjaga-ne-100-vjetorin-e-kuvendit-te-junikut\/\"]}]},{\"@type\":\"ImageObject\",\"inLanguage\":\"sr-RS\",\"@id\":\"https:\/\/president-ksgov.net\/fjala-e-presidentes-jahjaga-ne-100-vjetorin-e-kuvendit-te-junikut\/#primaryimage\",\"url\":\"https:\/\/president-ksgov.net\/wp-content\/uploads\/21_05_12_114912_21_05_2012_Junik_0.jpg\",\"contentUrl\":\"https:\/\/president-ksgov.net\/wp-content\/uploads\/21_05_12_114912_21_05_2012_Junik_0.jpg\",\"width\":1000,\"height\":667},{\"@type\":\"BreadcrumbList\",\"@id\":\"https:\/\/president-ksgov.net\/fjala-e-presidentes-jahjaga-ne-100-vjetorin-e-kuvendit-te-junikut\/#breadcrumb\",\"itemListElement\":[{\"@type\":\"ListItem\",\"position\":1,\"name\":\"Home\",\"item\":\"https:\/\/president-ksgov.net\/sr\/\"},{\"@type\":\"ListItem\",\"position\":2,\"name\":\"Govor Predsednice povodom 100-obljetnice Skup&#154;tine Junika\"}]},{\"@type\":\"WebSite\",\"@id\":\"https:\/\/president-ksgov.net\/#website\",\"url\":\"https:\/\/president-ksgov.net\/\",\"name\":\"Presidente e Republik\u00ebs s\u00eb Kosov\u00ebs\",\"description\":\"Presidente e Republik\u00ebs s\u00eb Kosov\u00ebs\",\"alternateName\":\"DR. VJOSA OSMANI - SADRIU\",\"potentialAction\":[{\"@type\":\"SearchAction\",\"target\":{\"@type\":\"EntryPoint\",\"urlTemplate\":\"https:\/\/president-ksgov.net\/?s={search_term_string}\"},\"query-input\":{\"@type\":\"PropertyValueSpecification\",\"valueRequired\":true,\"valueName\":\"search_term_string\"}}],\"inLanguage\":\"sr-RS\"},{\"@type\":\"Person\",\"@id\":\"https:\/\/president-ksgov.net\/#\/schema\/person\/bb4337a5fb147cb2046d80548172cbee\",\"name\":\"admin\",\"image\":{\"@type\":\"ImageObject\",\"inLanguage\":\"sr-RS\",\"@id\":\"https:\/\/president-ksgov.net\/#\/schema\/person\/image\/\",\"url\":\"https:\/\/secure.gravatar.com\/avatar\/36156ca0fa3b8d9d25174f146e16beea0cf28f37adf1b9e19b6c9c279a7c9dd3?s=96&d=mm&r=g\",\"contentUrl\":\"https:\/\/secure.gravatar.com\/avatar\/36156ca0fa3b8d9d25174f146e16beea0cf28f37adf1b9e19b6c9c279a7c9dd3?s=96&d=mm&r=g\",\"caption\":\"admin\"},\"sameAs\":[\"https:\/\/president-ksgov.net\"]}]}<\/script>\n<!-- \/ Yoast SEO plugin. -->","yoast_head_json":{"title":"Govor Predsednice povodom 100-obljetnice Skup&#154;tine Junika - Predsednik Republike Kosovo - DR. VJOSA OSMANI - SADRIU","description":"Govor Predsednice povodom 100-obljetnice Skup&#154;tine Junika - Predsednik Republike Kosovo - DR. VJOSA OSMANI - SADRIU -","robots":{"index":"index","follow":"follow","max-snippet":"max-snippet:-1","max-image-preview":"max-image-preview:large","max-video-preview":"max-video-preview:-1"},"canonical":"https:\/\/president-ksgov.net\/fjala-e-presidentes-jahjaga-ne-100-vjetorin-e-kuvendit-te-junikut\/","og_locale":"sr_RS","og_type":"article","og_title":"Govor Predsednice povodom 100-obljetnice Skup&#154;tine Junika - Predsednik Republike Kosovo - DR. VJOSA OSMANI - SADRIU","og_description":"Govor Predsednice povodom 100-obljetnice Skup&#154;tine Junika - Predsednik Republike Kosovo - DR. VJOSA OSMANI - SADRIU -","og_url":"https:\/\/president-ksgov.net\/fjala-e-presidentes-jahjaga-ne-100-vjetorin-e-kuvendit-te-junikut\/","og_site_name":"Predsednik Republike Kosovo - DR. VJOSA OSMANI - SADRIU","article_published_time":"2012-05-21T15:44:32+00:00","article_modified_time":"2023-03-08T09:04:50+00:00","og_image":[{"width":1000,"height":667,"url":"https:\/\/president-ksgov.net\/wp-content\/uploads\/21_05_12_114912_21_05_2012_Junik_0.jpg","type":"image\/jpeg"}],"author":"admin","twitter_card":"summary_large_image","twitter_misc":{"\u041d\u0430\u043f\u0438\u0441\u0430\u043d\u043e \u043e\u0434":"admin","\u041f\u0440\u043e\u0446\u0435\u045a\u0435\u043d\u043e \u0432\u0440\u0435\u043c\u0435 \u0447\u0438\u0442\u0430\u045a\u0430":"4 \u043c\u0438\u043d\u0443\u0442\u0430"},"schema":{"@context":"https:\/\/schema.org","@graph":[{"@type":"WebPage","@id":"https:\/\/president-ksgov.net\/fjala-e-presidentes-jahjaga-ne-100-vjetorin-e-kuvendit-te-junikut\/","url":"https:\/\/president-ksgov.net\/fjala-e-presidentes-jahjaga-ne-100-vjetorin-e-kuvendit-te-junikut\/","name":"Govor Predsednice povodom 100-obljetnice Skup&#154;tine Junika - Predsednik Republike Kosovo - DR. VJOSA OSMANI - SADRIU","isPartOf":{"@id":"https:\/\/president-ksgov.net\/#website"},"primaryImageOfPage":{"@id":"https:\/\/president-ksgov.net\/fjala-e-presidentes-jahjaga-ne-100-vjetorin-e-kuvendit-te-junikut\/#primaryimage"},"image":{"@id":"https:\/\/president-ksgov.net\/fjala-e-presidentes-jahjaga-ne-100-vjetorin-e-kuvendit-te-junikut\/#primaryimage"},"thumbnailUrl":"https:\/\/president-ksgov.net\/wp-content\/uploads\/21_05_12_114912_21_05_2012_Junik_0.jpg","datePublished":"2012-05-21T15:44:32+00:00","dateModified":"2023-03-08T09:04:50+00:00","author":{"@id":"https:\/\/president-ksgov.net\/#\/schema\/person\/bb4337a5fb147cb2046d80548172cbee"},"description":"Govor Predsednice povodom 100-obljetnice Skup&#154;tine Junika - Predsednik Republike Kosovo - DR. VJOSA OSMANI - SADRIU -","breadcrumb":{"@id":"https:\/\/president-ksgov.net\/fjala-e-presidentes-jahjaga-ne-100-vjetorin-e-kuvendit-te-junikut\/#breadcrumb"},"inLanguage":"sr-RS","potentialAction":[{"@type":"ReadAction","target":["https:\/\/president-ksgov.net\/fjala-e-presidentes-jahjaga-ne-100-vjetorin-e-kuvendit-te-junikut\/"]}]},{"@type":"ImageObject","inLanguage":"sr-RS","@id":"https:\/\/president-ksgov.net\/fjala-e-presidentes-jahjaga-ne-100-vjetorin-e-kuvendit-te-junikut\/#primaryimage","url":"https:\/\/president-ksgov.net\/wp-content\/uploads\/21_05_12_114912_21_05_2012_Junik_0.jpg","contentUrl":"https:\/\/president-ksgov.net\/wp-content\/uploads\/21_05_12_114912_21_05_2012_Junik_0.jpg","width":1000,"height":667},{"@type":"BreadcrumbList","@id":"https:\/\/president-ksgov.net\/fjala-e-presidentes-jahjaga-ne-100-vjetorin-e-kuvendit-te-junikut\/#breadcrumb","itemListElement":[{"@type":"ListItem","position":1,"name":"Home","item":"https:\/\/president-ksgov.net\/sr\/"},{"@type":"ListItem","position":2,"name":"Govor Predsednice povodom 100-obljetnice Skup&#154;tine Junika"}]},{"@type":"WebSite","@id":"https:\/\/president-ksgov.net\/#website","url":"https:\/\/president-ksgov.net\/","name":"Presidente e Republik\u00ebs s\u00eb Kosov\u00ebs","description":"Presidente e Republik\u00ebs s\u00eb Kosov\u00ebs","alternateName":"DR. VJOSA OSMANI - SADRIU","potentialAction":[{"@type":"SearchAction","target":{"@type":"EntryPoint","urlTemplate":"https:\/\/president-ksgov.net\/?s={search_term_string}"},"query-input":{"@type":"PropertyValueSpecification","valueRequired":true,"valueName":"search_term_string"}}],"inLanguage":"sr-RS"},{"@type":"Person","@id":"https:\/\/president-ksgov.net\/#\/schema\/person\/bb4337a5fb147cb2046d80548172cbee","name":"admin","image":{"@type":"ImageObject","inLanguage":"sr-RS","@id":"https:\/\/president-ksgov.net\/#\/schema\/person\/image\/","url":"https:\/\/secure.gravatar.com\/avatar\/36156ca0fa3b8d9d25174f146e16beea0cf28f37adf1b9e19b6c9c279a7c9dd3?s=96&d=mm&r=g","contentUrl":"https:\/\/secure.gravatar.com\/avatar\/36156ca0fa3b8d9d25174f146e16beea0cf28f37adf1b9e19b6c9c279a7c9dd3?s=96&d=mm&r=g","caption":"admin"},"sameAs":["https:\/\/president-ksgov.net"]}]}},"_links":{"self":[{"href":"https:\/\/president-ksgov.net\/sr\/wp-json\/wp\/v2\/posts\/79014","targetHints":{"allow":["GET"]}}],"collection":[{"href":"https:\/\/president-ksgov.net\/sr\/wp-json\/wp\/v2\/posts"}],"about":[{"href":"https:\/\/president-ksgov.net\/sr\/wp-json\/wp\/v2\/types\/post"}],"author":[{"embeddable":true,"href":"https:\/\/president-ksgov.net\/sr\/wp-json\/wp\/v2\/users\/1"}],"replies":[{"embeddable":true,"href":"https:\/\/president-ksgov.net\/sr\/wp-json\/wp\/v2\/comments?post=79014"}],"version-history":[{"count":1,"href":"https:\/\/president-ksgov.net\/sr\/wp-json\/wp\/v2\/posts\/79014\/revisions"}],"predecessor-version":[{"id":81809,"href":"https:\/\/president-ksgov.net\/sr\/wp-json\/wp\/v2\/posts\/79014\/revisions\/81809"}],"wp:featuredmedia":[{"embeddable":true,"href":"https:\/\/president-ksgov.net\/sr\/wp-json\/wp\/v2\/media\/56103"}],"wp:attachment":[{"href":"https:\/\/president-ksgov.net\/sr\/wp-json\/wp\/v2\/media?parent=79014"}],"wp:term":[{"taxonomy":"category","embeddable":true,"href":"https:\/\/president-ksgov.net\/sr\/wp-json\/wp\/v2\/categories?post=79014"},{"taxonomy":"post_tag","embeddable":true,"href":"https:\/\/president-ksgov.net\/sr\/wp-json\/wp\/v2\/tags?post=79014"}],"curies":[{"name":"wp","href":"https:\/\/api.w.org\/{rel}","templated":true}]}}