{"id":79012,"date":"2012-05-23T12:43:06","date_gmt":"2012-05-23T12:43:06","guid":{"rendered":"https:\/\/dev.president-ksgov.net\/govor-predsednice-atifete-jahjaga-na-konferenciji-ene-organizovanog-od-naac-hope-fellowship\/"},"modified":"2012-05-23T12:43:06","modified_gmt":"2012-05-23T12:43:06","slug":"govor-predsednice-atifete-jahjaga-na-konferenciji-ene-organizovanog-od-naac-hope-fellowship","status":"publish","type":"post","link":"https:\/\/president-ksgov.net\/sr\/govor-predsednice-atifete-jahjaga-na-konferenciji-ene-organizovanog-od-naac-hope-fellowship\/","title":{"rendered":"Govor Predsednice Atifete Jahjaga na konferenciji &#142;ene, organizovanog od NAAC &#8211; Hope Fellowship"},"content":{"rendered":"<p>Ose\u0107am se dobro kad god se nalazim me\u0111u vama, me\u0111u tako jakim &#382;enama koje predstavljaju dobar imid&#382; Kosova. Ja sam bila prisutna na va&#353;a organizovanja i pratila sam uticaj\/podstrek koji je Hope Fellowship godinama imao na napredak &#382;ene. Dr&#382;avni Sekretar SAD-e, gospo\u0111a Hillary Clinton, je rekla:&#8220;Talenat je univerzalan, ali mogu\u0107nosti nisu&#8220;. Hope Fellowship je u\u010dinio upravo to, ponudio mogu\u0107nost onda kada je trebalo.<\/p>\n<p>U ovim posleratnim godinama je u\u010dinjen progres u unapre\u0111enju uloge &#382;ene sa politi\u010dkog, ekonomskog i dru&#353;tvenog aspekta. &#381;ena Kosova je sve vi&#353;e prisutna i ja\u010da. Ali ostaje jo&#353; posla da se uradi da bi &#382;ena zauzela zaslu&#382;eno mesto koje joj prirodno pripada. Ne bez cilja sam nazvala mesto &#382;ene u dru&#353;tvu kao prirodno. Jer mi &#382;ene smo polovina dru&#353;tva i vi&#353;e je nego prirodno da u taj postotak budemo i predstavljene u svakoj oblasti &#382;ivota.<\/p>\n<p>U\u010de&#353;\u0107e i dostojanstveno predstavljanje &#382;ene u svaki segment rada i &#382;ivota jeste jedan izazov sa kojim sa su\u010deljavaju sve zemlje sveta, nezavisno od nivoa njihovog razvoja.<\/p>\n<p>Polna ravnopravnost sada ve\u0107 je pravo i globalno na\u010delo, s toga i tra&#382;i i treba da ima globalan tretman.<\/p>\n<p>Niti jedna dr&#382;ava ne mo&#382;e da smatra sebe demokratskom ukoliko polovina njenog dru&#353;tva nije integrirana.<\/p>\n<p>Niko ne mo&#382;e dovesti u pitanje potrebu obuhvata &#382;ene u proces odlu\u010divanja i stvarana politike. Onako kako je rekla biv&#353;a Premijerka Velike Britanije, velika Margaret The\u010der: &#8220;Ukoliko u politici &#382;elite da se ne&#353;to ka&#382;e, onda zahtevajte od jednog mu&#382;a, ali ako &#382;elite da se ne&#353;to zavr&#353;i, zahtevajte od jedne &#382;ene&#8220;. Aktivno u\u010de&#353;\u0107e &#382;ene u svim procesima se dokazao kao pravi\u010dniji i sveobuhvatniji sistem upravljanja, koji odgovara potrebama &#382;ena i mu&#353;karaca zemlje. Tako\u0111e je dokazano da zemlje gde polni jaz je manji su naprednije zemlje koje pru&#382;aju\u00a0\u00a0\u00a0\u00a0\u00a0\u00a0\u00a0\u00a0\u00a0\u00a0\u00a0 sveobuhvatne politike.<\/p>\n<p>Institucije Kosova su ispoljavale odlu\u010dnost da garantuju predstavljanje i u\u010de&#353;\u0107e &#382;ene na svakom nivou odlu\u010divanja\u00a0 i javnog &#382;ivota. Kosovo je uzela najbolje prakse proiza&#353;le iz Rezolucije 1325 Saveta Bezbednosti Ujedinjenih Naroda o &#381;eni, Miru i Bezbednosti, obuhvataju\u0107i u njenom zakonodavstvu svotu predstavljana na lokalnom i centralnom nivou, &#353;to je rezultiralo da vi&#353;e od 30% poslanika Skup&#353;tine Kosova budu &#382;ene i da neka ministarstva i klju\u010dne rukovode\u0107e procese vode &#382;ene. Ovi su rezultati su pozitivni indikator napretka kada imamo u obzir da mnoge zemlje jo&#353; nisu postigli ovaj nivo predstavljanja. Ali, svakako, to nije zadovoljavaju\u0107e. <\/p>\n<p>\u010cesto puta mi je postavljeno pitanje da li je odre\u0111ivanje kvota najbolje re&#353;enje. I ja sam odgovorila da svakako kvote nisu kona\u010dno re&#353;enje, ali su put u pravcu re&#353;enja. Naro\u010dito, u ovom tranzitnom periodu, kroz koju prolazimo, treba da ciljamo posti\u0107i onu ta\u010dku razvoja i demokratskog napretka kada odre\u0111ivanje kvota vi&#353;e nije potrebno, jer &#382;ena kao ravnopravna, sposobna i stru\u010dno osposobljena ravnopravno se takmi\u010di sa mu&#353;karcem za svaku poziciju u dru&#353;tvu.<\/p>\n<p>Na&#353;a zemlja stvara sve potrebne uslove kako bi &#382;ena putem jednakih mogu\u0107nosti i\u00a0 &#353;ansi da vr&#353;i ulogu koja joj pripada u dru&#353;tvu doprinose\u0107i tako za ekonomski rast i razvoj zemlje. Ja\u010danje &#382;ene i investicija za &#382;enu unapre\u0111uje porodicu, dru&#353;tvo i zemlju, pove\u0107ava stepen ekonomskog razvoja i pobolj&#353;ava blagostanje svakog gra\u0111ana.<\/p>\n<p>Svesni smo da vaspitanje i &#353;kolovanje &#382;ene jest me\u0111u osnovnim preduslovima radi sni&#382;avanja polnog jarka. <\/p>\n<p>Jedna narodna poslovica u Afriku ka&#382;e: &#8220;Da vaspita&#353; jednog sina, vaspitala si i &#353;kolovala si jednu individuu, da vaspita&#353; i &#353;koluje&#353; jednu devojku vaspitao si i &#353;kolovala si jednu celu porodicu i jednu celu zajednicu&#8220;. S punim pravom, Dr&#382;avni Sekretar, Gospo\u0111a Klinton, rekla da su ljudska prava,\u00a0 prava &#382;ena i da su\u00a0 prava &#382;ena ljudska prava. Jednom za uvek.<\/p>\n<p>Stepen vaspitanja i &#353;kolovanja &#382;ene na Kosovu nije zadovoljavaju\u0107e. Nivo napu&#353;tanja &#353;kole i analfabetizma jeste mnogo vi&#353;i kod &#382;ena nego kod mu&#353;karaca. Ovo neposredno uti\u010de na nivo zapo&#353;ljavanja &#382;ene na vrste poslova koje ona vr&#353;i i na njenu platu i na na\u010din &#382;ivot za njega i za porodicu.<\/p>\n<p>Investicija na vaspitanje i &#353;kolovanje &#382;ena umno&#382;ava znanja i stru\u010dne sposobnosti stvaraju\u0107i konkretne mogu\u0107nosti da\u00a0 ponude njihovim porodicama jednu bolju sada&#353;njost i jednu bolju budu\u0107nost.<\/p>\n<p>Ali, vaspitanje i &#353;kolovanje &#382;ene nije samo jedan od izazova sa kojima se su\u010deljava na&#353;a zemlja i na&#353;e dru&#353;tvo.<\/p>\n<p>Tako\u0111e nije zadovoljavaju\u0107e stanje &#382;ene u ekonomiji, preduze\u0107u i biznisu. &#381;ene raspola&#382;u samo 8 % nekretnina na Kosovu i raspola&#382;u 6% biznisa. Nedostatak vlasni&#353;tva ometa sposobnost &#382;ene za kori&#353;\u0107enje kreditnih mogu\u0107nosti, preduzimanje preduzetnih inicijativa, \u010dine\u0107i da one nemaju finansijsku nezavisnost i da budu aktivne ka subjekti u neformalnoj ekonomiji.<\/p>\n<p>Ova realnost treba da se menja. Dru&#353;tvo i na&#353;a zemlja trebaju preduzeti konkretne korake da se ova situacija menja.<\/p>\n<p>Trebamo se pozvati na zakon a ne na tradicije ili na&#353;u kulturu za pitanje podele nasledstva. Trebamo pojednostaviti zakonitost svojine i da obezbedimo jasnu interpretaciju prava svojine.<\/p>\n<p>Tako\u0111e, biznis treba da shvati da je u njihovoj koristi da adaptiraju politiku i procedure koje obezbe\u0111uju integraciju &#382;ena i njihovo podsticanje na menad&#382;erske i upravlja\u010dke pozicije.<\/p>\n<p>Republika Kosovo je postigla vidne rezultate, \u010desto puta zavidne u pore\u0111enju sa zemljama regije na u\u010de&#353;\u0107e &#382;ene predava\u010da u nastavi, u\u010de&#353;\u0107e &#382;ene u zdravstvu, parlamentarnom &#382;ivotu, diplomatiji i u zadnje vreme u odlu\u010divanje. Vi ste videli da sam vratila spisak imenovanja ambasadora dok se ne ispunjava sporazum da najmanje jedna tre\u0107ina diplomatske slu&#382;be Kosova budu &#382;ene. Tako\u0111e smo se sporazumeli da sve op&#353;tine Kosova da imaju jednog potpredsednika &#382;enu. Iznena\u0111uju\u0107e je za vas, ali ja sam razumela da od 38 op&#353;tina Kosova, gde svaka op&#353;tina Kosova ima po dva potpredsednika, samo jedna &#382;ena, i to u &#352;trpce, se nalazi na polo&#382;aj potpredsednika. Moja inicijativa je da na lokalnom nivou, jedan potpredsednik op&#353;tine bude &#382;ena, da bi mogle da se obrate pitanja na lokalnom nivou.<\/p>\n<p>U mom poslu sam srela dosta &#382;ena iz zemlje i sveta koje sa svojim posve\u0107ivanjem, odlu\u010dno&#353;\u0107u, ustrajno&#353;\u0107u u odbrani odre\u0111enih pitanja bez straha i nagla&#353;avaju\u0107i, uz postignuti uspeh i postanak primer inspiracije za mnoge druge &#382;ene &#353;irom sveta, da bi sledili njihov primer.<\/p>\n<p>Na&#353;e dru&#353;tvo ima izrazitu potrebu za davanje glasa i podr&#353;ke &#382;eni radi za&#353;tite i obezbe\u0111enja prava za &#382;enu, radi ja\u010danja nade, ali, pre svega, radi garantovanja i davanja\u00a0 mogu\u0107nosti za jedan bolji rad i &#382;ivot.<\/p>\n<p>NAAC tokom ovih godina je podr&#382;ala glas &#382;enama Kosova, da sa njihovim neprestanim nastojanjima su postigle da uti\u010du na realnost. Svaka od &#382;ena Hope Fellows je dokazala snagu i viziju &#382;ene Kosova, kao jedna savremena &#382;ena, sposobna da se su\u010deljava i re&#353;avan sve izazove.<\/p>\n<p>Sigurana sam da \u0107e svaka od vas produ&#382;iti va&#353;a nastojanja, va&#353;e posve\u0107enje za pove\u0107anje na&#353;eg op&#353;teg napretka.<\/p>\n<p>Ovaj na&#353; op&#353;ti princip se mo&#382;e obuhvatiti i u sino\u0107no predstavljanje na Evroviziji na&#353;e predstavnice Rona Nishliu. Mada predstavlja Republiku Albaniju, kosovska Rona je svojom sposobno&#353;\u0107u i njenom snagom vanredne peva\u010dice dokazala da mi kora\u010damo ka sigurnoj budu\u0107nosti. Svi mi trebamo podr&#382;ati Ronu, gde god bila.<\/p>\n<p>Hvala Vam i &#382;elim Vam uspeh u Va&#353;em radu!<\/p>\n","protected":false},"excerpt":{"rendered":"<p>Ose\u0107am se dobro kad god se nalazim me\u0111u vama, me\u0111u tako jakim &#382;enama koje predstavljaju dobar imid&#382; Kosova. Ja sam bila prisutna na va&#353;a organizovanja i pratila sam uticaj\/podstrek koji je Hope Fellowship godinama imao na napredak &#382;ene. Dr&#382;avni Sekretar SAD-e, gospo\u0111a Hillary Clinton, je rekla:&#8220;Talenat je univerzalan, ali mogu\u0107nosti nisu&#8220;. Hope Fellowship je u\u010dinio upravo to, ponudio mogu\u0107nost onda kada je trebalo.<\/p>\n","protected":false},"author":1,"featured_media":56092,"comment_status":"open","ping_status":"closed","sticky":false,"template":"","format":"standard","meta":{"_eb_attr":"","footnotes":""},"categories":[101],"tags":[],"class_list":["post-79012","post","type-post","status-publish","format-standard","has-post-thumbnail","hentry","category-vesti"],"yoast_head":"<!-- This site is optimized with the Yoast SEO plugin v23.5 - https:\/\/yoast.com\/wordpress\/plugins\/seo\/ -->\n<title>Govor Predsednice Atifete Jahjaga na konferenciji &#142;ene, organizovanog od NAAC - Hope Fellowship - Predsednik Republike Kosovo - DR. VJOSA OSMANI - SADRIU<\/title>\n<meta name=\"description\" content=\"Govor Predsednice Atifete Jahjaga na konferenciji &#142;ene, organizovanog od NAAC - Hope Fellowship - Predsednik Republike Kosovo - DR. VJOSA OSMANI - SADRIU -\" \/>\n<meta name=\"robots\" content=\"index, follow, max-snippet:-1, max-image-preview:large, max-video-preview:-1\" \/>\n<link rel=\"canonical\" href=\"https:\/\/president-ksgov.net\/fjala-e-presidentes-atifete-jahjaga-ne-konferencen-e-gruas-te-organizuar-nga-naac-hope-fellowship\/\" \/>\n<meta property=\"og:locale\" content=\"sr_RS\" \/>\n<meta property=\"og:type\" content=\"article\" \/>\n<meta property=\"og:title\" content=\"Govor Predsednice Atifete Jahjaga na konferenciji &#142;ene, organizovanog od NAAC - Hope Fellowship - Predsednik Republike Kosovo - DR. VJOSA OSMANI - SADRIU\" \/>\n<meta property=\"og:description\" content=\"Govor Predsednice Atifete Jahjaga na konferenciji &#142;ene, organizovanog od NAAC - Hope Fellowship - Predsednik Republike Kosovo - DR. VJOSA OSMANI - SADRIU -\" \/>\n<meta property=\"og:url\" content=\"https:\/\/president-ksgov.net\/fjala-e-presidentes-atifete-jahjaga-ne-konferencen-e-gruas-te-organizuar-nga-naac-hope-fellowship\/\" \/>\n<meta property=\"og:site_name\" content=\"Predsednik Republike Kosovo - DR. VJOSA OSMANI - SADRIU\" \/>\n<meta property=\"article:published_time\" content=\"2012-05-23T12:43:06+00:00\" \/>\n<meta property=\"og:image\" content=\"https:\/\/president-ksgov.net\/wp-content\/uploads\/001_-_23_05_2012_Konferenca_2.jpg\" \/>\n\t<meta property=\"og:image:width\" content=\"1000\" \/>\n\t<meta property=\"og:image:height\" content=\"925\" \/>\n\t<meta property=\"og:image:type\" content=\"image\/jpeg\" \/>\n<meta name=\"author\" content=\"admin\" \/>\n<meta name=\"twitter:card\" content=\"summary_large_image\" \/>\n<meta name=\"twitter:label1\" content=\"\u041d\u0430\u043f\u0438\u0441\u0430\u043d\u043e \u043e\u0434\" \/>\n\t<meta name=\"twitter:data1\" content=\"admin\" \/>\n\t<meta name=\"twitter:label2\" content=\"\u041f\u0440\u043e\u0446\u0435\u045a\u0435\u043d\u043e \u0432\u0440\u0435\u043c\u0435 \u0447\u0438\u0442\u0430\u045a\u0430\" \/>\n\t<meta name=\"twitter:data2\" content=\"6 \u043c\u0438\u043d\u0443\u0442\u0430\" \/>\n<script type=\"application\/ld+json\" class=\"yoast-schema-graph\">{\"@context\":\"https:\/\/schema.org\",\"@graph\":[{\"@type\":\"WebPage\",\"@id\":\"https:\/\/president-ksgov.net\/fjala-e-presidentes-atifete-jahjaga-ne-konferencen-e-gruas-te-organizuar-nga-naac-hope-fellowship\/\",\"url\":\"https:\/\/president-ksgov.net\/fjala-e-presidentes-atifete-jahjaga-ne-konferencen-e-gruas-te-organizuar-nga-naac-hope-fellowship\/\",\"name\":\"Govor Predsednice Atifete Jahjaga na konferenciji &#142;ene, organizovanog od NAAC - Hope Fellowship - Predsednik Republike Kosovo - DR. VJOSA OSMANI - SADRIU\",\"isPartOf\":{\"@id\":\"https:\/\/president-ksgov.net\/#website\"},\"primaryImageOfPage\":{\"@id\":\"https:\/\/president-ksgov.net\/fjala-e-presidentes-atifete-jahjaga-ne-konferencen-e-gruas-te-organizuar-nga-naac-hope-fellowship\/#primaryimage\"},\"image\":{\"@id\":\"https:\/\/president-ksgov.net\/fjala-e-presidentes-atifete-jahjaga-ne-konferencen-e-gruas-te-organizuar-nga-naac-hope-fellowship\/#primaryimage\"},\"thumbnailUrl\":\"https:\/\/president-ksgov.net\/wp-content\/uploads\/001_-_23_05_2012_Konferenca_2.jpg\",\"datePublished\":\"2012-05-23T12:43:06+00:00\",\"dateModified\":\"2012-05-23T12:43:06+00:00\",\"author\":{\"@id\":\"https:\/\/president-ksgov.net\/#\/schema\/person\/bb4337a5fb147cb2046d80548172cbee\"},\"description\":\"Govor Predsednice Atifete Jahjaga na konferenciji &#142;ene, organizovanog od NAAC - Hope Fellowship - Predsednik Republike Kosovo - DR. VJOSA OSMANI - SADRIU -\",\"breadcrumb\":{\"@id\":\"https:\/\/president-ksgov.net\/fjala-e-presidentes-atifete-jahjaga-ne-konferencen-e-gruas-te-organizuar-nga-naac-hope-fellowship\/#breadcrumb\"},\"inLanguage\":\"sr-RS\",\"potentialAction\":[{\"@type\":\"ReadAction\",\"target\":[\"https:\/\/president-ksgov.net\/fjala-e-presidentes-atifete-jahjaga-ne-konferencen-e-gruas-te-organizuar-nga-naac-hope-fellowship\/\"]}]},{\"@type\":\"ImageObject\",\"inLanguage\":\"sr-RS\",\"@id\":\"https:\/\/president-ksgov.net\/fjala-e-presidentes-atifete-jahjaga-ne-konferencen-e-gruas-te-organizuar-nga-naac-hope-fellowship\/#primaryimage\",\"url\":\"https:\/\/president-ksgov.net\/wp-content\/uploads\/001_-_23_05_2012_Konferenca_2.jpg\",\"contentUrl\":\"https:\/\/president-ksgov.net\/wp-content\/uploads\/001_-_23_05_2012_Konferenca_2.jpg\",\"width\":1000,\"height\":925},{\"@type\":\"BreadcrumbList\",\"@id\":\"https:\/\/president-ksgov.net\/fjala-e-presidentes-atifete-jahjaga-ne-konferencen-e-gruas-te-organizuar-nga-naac-hope-fellowship\/#breadcrumb\",\"itemListElement\":[{\"@type\":\"ListItem\",\"position\":1,\"name\":\"Home\",\"item\":\"https:\/\/president-ksgov.net\/sr\/\"},{\"@type\":\"ListItem\",\"position\":2,\"name\":\"Govor Predsednice Atifete Jahjaga na konferenciji &#142;ene, organizovanog od NAAC &#8211; Hope Fellowship\"}]},{\"@type\":\"WebSite\",\"@id\":\"https:\/\/president-ksgov.net\/#website\",\"url\":\"https:\/\/president-ksgov.net\/\",\"name\":\"Presidente e Republik\u00ebs s\u00eb Kosov\u00ebs\",\"description\":\"Presidente e Republik\u00ebs s\u00eb Kosov\u00ebs\",\"alternateName\":\"DR. VJOSA OSMANI - SADRIU\",\"potentialAction\":[{\"@type\":\"SearchAction\",\"target\":{\"@type\":\"EntryPoint\",\"urlTemplate\":\"https:\/\/president-ksgov.net\/?s={search_term_string}\"},\"query-input\":{\"@type\":\"PropertyValueSpecification\",\"valueRequired\":true,\"valueName\":\"search_term_string\"}}],\"inLanguage\":\"sr-RS\"},{\"@type\":\"Person\",\"@id\":\"https:\/\/president-ksgov.net\/#\/schema\/person\/bb4337a5fb147cb2046d80548172cbee\",\"name\":\"admin\",\"image\":{\"@type\":\"ImageObject\",\"inLanguage\":\"sr-RS\",\"@id\":\"https:\/\/president-ksgov.net\/#\/schema\/person\/image\/\",\"url\":\"https:\/\/secure.gravatar.com\/avatar\/36156ca0fa3b8d9d25174f146e16beea0cf28f37adf1b9e19b6c9c279a7c9dd3?s=96&d=mm&r=g\",\"contentUrl\":\"https:\/\/secure.gravatar.com\/avatar\/36156ca0fa3b8d9d25174f146e16beea0cf28f37adf1b9e19b6c9c279a7c9dd3?s=96&d=mm&r=g\",\"caption\":\"admin\"},\"sameAs\":[\"https:\/\/president-ksgov.net\"]}]}<\/script>\n<!-- \/ Yoast SEO plugin. -->","yoast_head_json":{"title":"Govor Predsednice Atifete Jahjaga na konferenciji &#142;ene, organizovanog od NAAC - Hope Fellowship - Predsednik Republike Kosovo - DR. VJOSA OSMANI - SADRIU","description":"Govor Predsednice Atifete Jahjaga na konferenciji &#142;ene, organizovanog od NAAC - Hope Fellowship - Predsednik Republike Kosovo - DR. VJOSA OSMANI - SADRIU -","robots":{"index":"index","follow":"follow","max-snippet":"max-snippet:-1","max-image-preview":"max-image-preview:large","max-video-preview":"max-video-preview:-1"},"canonical":"https:\/\/president-ksgov.net\/fjala-e-presidentes-atifete-jahjaga-ne-konferencen-e-gruas-te-organizuar-nga-naac-hope-fellowship\/","og_locale":"sr_RS","og_type":"article","og_title":"Govor Predsednice Atifete Jahjaga na konferenciji &#142;ene, organizovanog od NAAC - Hope Fellowship - Predsednik Republike Kosovo - DR. VJOSA OSMANI - SADRIU","og_description":"Govor Predsednice Atifete Jahjaga na konferenciji &#142;ene, organizovanog od NAAC - Hope Fellowship - Predsednik Republike Kosovo - DR. VJOSA OSMANI - SADRIU -","og_url":"https:\/\/president-ksgov.net\/fjala-e-presidentes-atifete-jahjaga-ne-konferencen-e-gruas-te-organizuar-nga-naac-hope-fellowship\/","og_site_name":"Predsednik Republike Kosovo - DR. VJOSA OSMANI - SADRIU","article_published_time":"2012-05-23T12:43:06+00:00","og_image":[{"width":1000,"height":925,"url":"https:\/\/president-ksgov.net\/wp-content\/uploads\/001_-_23_05_2012_Konferenca_2.jpg","type":"image\/jpeg"}],"author":"admin","twitter_card":"summary_large_image","twitter_misc":{"\u041d\u0430\u043f\u0438\u0441\u0430\u043d\u043e \u043e\u0434":"admin","\u041f\u0440\u043e\u0446\u0435\u045a\u0435\u043d\u043e \u0432\u0440\u0435\u043c\u0435 \u0447\u0438\u0442\u0430\u045a\u0430":"6 \u043c\u0438\u043d\u0443\u0442\u0430"},"schema":{"@context":"https:\/\/schema.org","@graph":[{"@type":"WebPage","@id":"https:\/\/president-ksgov.net\/fjala-e-presidentes-atifete-jahjaga-ne-konferencen-e-gruas-te-organizuar-nga-naac-hope-fellowship\/","url":"https:\/\/president-ksgov.net\/fjala-e-presidentes-atifete-jahjaga-ne-konferencen-e-gruas-te-organizuar-nga-naac-hope-fellowship\/","name":"Govor Predsednice Atifete Jahjaga na konferenciji &#142;ene, organizovanog od NAAC - Hope Fellowship - Predsednik Republike Kosovo - DR. VJOSA OSMANI - SADRIU","isPartOf":{"@id":"https:\/\/president-ksgov.net\/#website"},"primaryImageOfPage":{"@id":"https:\/\/president-ksgov.net\/fjala-e-presidentes-atifete-jahjaga-ne-konferencen-e-gruas-te-organizuar-nga-naac-hope-fellowship\/#primaryimage"},"image":{"@id":"https:\/\/president-ksgov.net\/fjala-e-presidentes-atifete-jahjaga-ne-konferencen-e-gruas-te-organizuar-nga-naac-hope-fellowship\/#primaryimage"},"thumbnailUrl":"https:\/\/president-ksgov.net\/wp-content\/uploads\/001_-_23_05_2012_Konferenca_2.jpg","datePublished":"2012-05-23T12:43:06+00:00","dateModified":"2012-05-23T12:43:06+00:00","author":{"@id":"https:\/\/president-ksgov.net\/#\/schema\/person\/bb4337a5fb147cb2046d80548172cbee"},"description":"Govor Predsednice Atifete Jahjaga na konferenciji &#142;ene, organizovanog od NAAC - Hope Fellowship - Predsednik Republike Kosovo - DR. VJOSA OSMANI - SADRIU -","breadcrumb":{"@id":"https:\/\/president-ksgov.net\/fjala-e-presidentes-atifete-jahjaga-ne-konferencen-e-gruas-te-organizuar-nga-naac-hope-fellowship\/#breadcrumb"},"inLanguage":"sr-RS","potentialAction":[{"@type":"ReadAction","target":["https:\/\/president-ksgov.net\/fjala-e-presidentes-atifete-jahjaga-ne-konferencen-e-gruas-te-organizuar-nga-naac-hope-fellowship\/"]}]},{"@type":"ImageObject","inLanguage":"sr-RS","@id":"https:\/\/president-ksgov.net\/fjala-e-presidentes-atifete-jahjaga-ne-konferencen-e-gruas-te-organizuar-nga-naac-hope-fellowship\/#primaryimage","url":"https:\/\/president-ksgov.net\/wp-content\/uploads\/001_-_23_05_2012_Konferenca_2.jpg","contentUrl":"https:\/\/president-ksgov.net\/wp-content\/uploads\/001_-_23_05_2012_Konferenca_2.jpg","width":1000,"height":925},{"@type":"BreadcrumbList","@id":"https:\/\/president-ksgov.net\/fjala-e-presidentes-atifete-jahjaga-ne-konferencen-e-gruas-te-organizuar-nga-naac-hope-fellowship\/#breadcrumb","itemListElement":[{"@type":"ListItem","position":1,"name":"Home","item":"https:\/\/president-ksgov.net\/sr\/"},{"@type":"ListItem","position":2,"name":"Govor Predsednice Atifete Jahjaga na konferenciji &#142;ene, organizovanog od NAAC &#8211; Hope Fellowship"}]},{"@type":"WebSite","@id":"https:\/\/president-ksgov.net\/#website","url":"https:\/\/president-ksgov.net\/","name":"Presidente e Republik\u00ebs s\u00eb Kosov\u00ebs","description":"Presidente e Republik\u00ebs s\u00eb Kosov\u00ebs","alternateName":"DR. VJOSA OSMANI - SADRIU","potentialAction":[{"@type":"SearchAction","target":{"@type":"EntryPoint","urlTemplate":"https:\/\/president-ksgov.net\/?s={search_term_string}"},"query-input":{"@type":"PropertyValueSpecification","valueRequired":true,"valueName":"search_term_string"}}],"inLanguage":"sr-RS"},{"@type":"Person","@id":"https:\/\/president-ksgov.net\/#\/schema\/person\/bb4337a5fb147cb2046d80548172cbee","name":"admin","image":{"@type":"ImageObject","inLanguage":"sr-RS","@id":"https:\/\/president-ksgov.net\/#\/schema\/person\/image\/","url":"https:\/\/secure.gravatar.com\/avatar\/36156ca0fa3b8d9d25174f146e16beea0cf28f37adf1b9e19b6c9c279a7c9dd3?s=96&d=mm&r=g","contentUrl":"https:\/\/secure.gravatar.com\/avatar\/36156ca0fa3b8d9d25174f146e16beea0cf28f37adf1b9e19b6c9c279a7c9dd3?s=96&d=mm&r=g","caption":"admin"},"sameAs":["https:\/\/president-ksgov.net"]}]}},"_links":{"self":[{"href":"https:\/\/president-ksgov.net\/sr\/wp-json\/wp\/v2\/posts\/79012","targetHints":{"allow":["GET"]}}],"collection":[{"href":"https:\/\/president-ksgov.net\/sr\/wp-json\/wp\/v2\/posts"}],"about":[{"href":"https:\/\/president-ksgov.net\/sr\/wp-json\/wp\/v2\/types\/post"}],"author":[{"embeddable":true,"href":"https:\/\/president-ksgov.net\/sr\/wp-json\/wp\/v2\/users\/1"}],"replies":[{"embeddable":true,"href":"https:\/\/president-ksgov.net\/sr\/wp-json\/wp\/v2\/comments?post=79012"}],"version-history":[{"count":0,"href":"https:\/\/president-ksgov.net\/sr\/wp-json\/wp\/v2\/posts\/79012\/revisions"}],"wp:featuredmedia":[{"embeddable":true,"href":"https:\/\/president-ksgov.net\/sr\/wp-json\/wp\/v2\/media\/56092"}],"wp:attachment":[{"href":"https:\/\/president-ksgov.net\/sr\/wp-json\/wp\/v2\/media?parent=79012"}],"wp:term":[{"taxonomy":"category","embeddable":true,"href":"https:\/\/president-ksgov.net\/sr\/wp-json\/wp\/v2\/categories?post=79012"},{"taxonomy":"post_tag","embeddable":true,"href":"https:\/\/president-ksgov.net\/sr\/wp-json\/wp\/v2\/tags?post=79012"}],"curies":[{"name":"wp","href":"https:\/\/api.w.org\/{rel}","templated":true}]}}