{"id":78973,"date":"2012-06-13T08:49:02","date_gmt":"2012-06-13T08:49:02","guid":{"rendered":"https:\/\/dev.president-ksgov.net\/predsednica-jahjaga-se-sastala-predsedavajucom-pod-komiteta-senata-sad-e-za-evropu-senatora-jeanne-shaheen\/"},"modified":"2012-06-13T08:49:02","modified_gmt":"2012-06-13T08:49:02","slug":"predsednica-jahjaga-se-sastala-predsedavajucom-pod-komiteta-senata-sad-e-za-evropu-senatora-jeanne-shaheen","status":"publish","type":"post","link":"https:\/\/president-ksgov.net\/sr\/predsednica-jahjaga-se-sastala-predsedavajucom-pod-komiteta-senata-sad-e-za-evropu-senatora-jeanne-shaheen\/","title":{"rendered":"Predsednica Jahjaga se sastala predsedavaju\u0107om pod komiteta Senata SAD-e za Evropu, senatora Jeanne Shaheen"},"content":{"rendered":"<p>Predsednica Republike Kosovo, gospo\u0111a Atifete Jahjaga, se sastala u Va&#353;ington sa predsedavaju\u0107om pod komiteta Senata SAD-e za Evropu, senator Jeanne Shaheen.<\/p>\n<p>Predsednica Jahjaga i senatora Shaheen su razgovarale o zbivanjima na Kosovu, procesima kroz koje prolazi zemlja i njenim izazovima i o ulozi koju snage NATO-a igraju za bezbednost na Kosovu i celu regiju. Predsednica Jahjaga je naglasila da SAD-e su igrale veliku ulogu pri oslobo\u0111enju Kosova i u svim fazama izgradnje njene dr&#382;avnosti.<\/p>\n<p>Ona re\u010de da Kosovo je nezavisna dr&#382;ava sa garantovanim teritorijalnim integritetom\u00a0 i dr&#382;ava ravnopravnih gra\u0111ana bez obzira na etni\u010dko poreklo. Predsednica Jahjaga naglasila da Kosovo s uspehom zavr&#353;ava fazu nadzora njene nezavisnosti i ocenila da me\u0111unarodna vojna prisutnost NATO-a je i nadalje potrebna radi obezbe\u0111enja jedne mirne i bezbedne sredine. Ovo uti\u010de i na stanje u tri op&#353;tine na severu Kosova.<\/p>\n<p>Institucije Kosova podr&#382;avaju KFOR u uspostavljanju reda i mira u ovom delu zemlje, gde ilegalne i kriminalne strukture, podr&#382;ane od Republike Srbije, izazivaju dostignu\u0107a i institucije zemlje i dr&#382;e kao taoce stanovni&#353;tvo lokalnih Srba.<\/p>\n<p>Predsednica Jahjaga je naglasila da se od lokalnog srpskog stanovni&#353;tva zahteva da se distancira od ilegalnih struktura i da otklone barikade sa puteva kako bi se omogu\u0107ilo slobodno kretanje gra\u0111ana i robe i da se integriraju u lokalne i centralne institucije Republike Kosovo.<\/p>\n<p>Senator Shaheen je dala podr&#353;ku celokupnom razvoju Kosova, njenom putu ka evropsko-atlantskih integracija i razvoju demokratskih procesa.<\/p>\n","protected":false},"excerpt":{"rendered":"<p>Predsednica Republike Kosovo, gospo\u0111a Atifete Jahjaga, se sastala u Va&#353;ington sa predsedavaju\u0107om pod komiteta Senata SAD-e za Evropu, senator Jeanne Shaheen.<\/p>\n","protected":false},"author":1,"featured_media":55739,"comment_status":"open","ping_status":"closed","sticky":false,"template":"","format":"standard","meta":{"_eb_attr":"","footnotes":""},"categories":[101],"tags":[],"class_list":["post-78973","post","type-post","status-publish","format-standard","has-post-thumbnail","hentry","category-vesti"],"yoast_head":"<!-- This site is optimized with the Yoast SEO plugin v23.5 - https:\/\/yoast.com\/wordpress\/plugins\/seo\/ -->\n<title>Predsednica Jahjaga se sastala predsedavaju\u0107om pod komiteta Senata SAD-e za Evropu, senatora Jeanne Shaheen - Predsednik Republike Kosovo - DR. VJOSA OSMANI - SADRIU<\/title>\n<meta name=\"description\" content=\"Predsednica Jahjaga se sastala predsedavaju\u0107om pod komiteta Senata SAD-e za Evropu, senatora Jeanne Shaheen - Predsednik Republike Kosovo - DR. VJOSA OSMANI - SADRIU -\" \/>\n<meta name=\"robots\" content=\"index, follow, max-snippet:-1, max-image-preview:large, max-video-preview:-1\" \/>\n<link rel=\"canonical\" href=\"https:\/\/president-ksgov.net\/presidentja-jahjaga-u-takua-me-me-kryesuesen-e-nenkomitetit-te-senatit-te-shba-se-per-evrope-senatoren-jeanne-shaheen\/\" \/>\n<meta property=\"og:locale\" content=\"sr_RS\" \/>\n<meta property=\"og:type\" content=\"article\" \/>\n<meta property=\"og:title\" content=\"Predsednica Jahjaga se sastala predsedavaju\u0107om pod komiteta Senata SAD-e za Evropu, senatora Jeanne Shaheen - Predsednik Republike Kosovo - DR. VJOSA OSMANI - SADRIU\" \/>\n<meta property=\"og:description\" content=\"Predsednica Jahjaga se sastala predsedavaju\u0107om pod komiteta Senata SAD-e za Evropu, senatora Jeanne Shaheen - Predsednik Republike Kosovo - DR. VJOSA OSMANI - SADRIU -\" \/>\n<meta property=\"og:url\" content=\"https:\/\/president-ksgov.net\/presidentja-jahjaga-u-takua-me-me-kryesuesen-e-nenkomitetit-te-senatit-te-shba-se-per-evrope-senatoren-jeanne-shaheen\/\" \/>\n<meta property=\"og:site_name\" content=\"Predsednik Republike Kosovo - DR. VJOSA OSMANI - SADRIU\" \/>\n<meta property=\"article:published_time\" content=\"2012-06-13T08:49:02+00:00\" \/>\n<meta property=\"og:image\" content=\"https:\/\/president-ksgov.net\/wp-content\/uploads\/12.06.2012_Takim_me__senatoren_Shaheen_11.jpg\" \/>\n\t<meta property=\"og:image:width\" content=\"1000\" \/>\n\t<meta property=\"og:image:height\" content=\"627\" \/>\n\t<meta property=\"og:image:type\" content=\"image\/jpeg\" \/>\n<meta name=\"author\" content=\"admin\" \/>\n<meta name=\"twitter:card\" content=\"summary_large_image\" \/>\n<meta name=\"twitter:label1\" content=\"\u041d\u0430\u043f\u0438\u0441\u0430\u043d\u043e \u043e\u0434\" \/>\n\t<meta name=\"twitter:data1\" content=\"admin\" \/>\n\t<meta name=\"twitter:label2\" content=\"\u041f\u0440\u043e\u0446\u0435\u045a\u0435\u043d\u043e \u0432\u0440\u0435\u043c\u0435 \u0447\u0438\u0442\u0430\u045a\u0430\" \/>\n\t<meta name=\"twitter:data2\" content=\"1 \u043c\u0438\u043d\u0443\u0442\" \/>\n<script type=\"application\/ld+json\" class=\"yoast-schema-graph\">{\"@context\":\"https:\/\/schema.org\",\"@graph\":[{\"@type\":\"WebPage\",\"@id\":\"https:\/\/president-ksgov.net\/presidentja-jahjaga-u-takua-me-me-kryesuesen-e-nenkomitetit-te-senatit-te-shba-se-per-evrope-senatoren-jeanne-shaheen\/\",\"url\":\"https:\/\/president-ksgov.net\/presidentja-jahjaga-u-takua-me-me-kryesuesen-e-nenkomitetit-te-senatit-te-shba-se-per-evrope-senatoren-jeanne-shaheen\/\",\"name\":\"Predsednica Jahjaga se sastala predsedavaju\u0107om pod komiteta Senata SAD-e za Evropu, senatora Jeanne Shaheen - Predsednik Republike Kosovo - DR. VJOSA OSMANI - SADRIU\",\"isPartOf\":{\"@id\":\"https:\/\/president-ksgov.net\/#website\"},\"primaryImageOfPage\":{\"@id\":\"https:\/\/president-ksgov.net\/presidentja-jahjaga-u-takua-me-me-kryesuesen-e-nenkomitetit-te-senatit-te-shba-se-per-evrope-senatoren-jeanne-shaheen\/#primaryimage\"},\"image\":{\"@id\":\"https:\/\/president-ksgov.net\/presidentja-jahjaga-u-takua-me-me-kryesuesen-e-nenkomitetit-te-senatit-te-shba-se-per-evrope-senatoren-jeanne-shaheen\/#primaryimage\"},\"thumbnailUrl\":\"https:\/\/president-ksgov.net\/wp-content\/uploads\/12.06.2012_Takim_me__senatoren_Shaheen_11.jpg\",\"datePublished\":\"2012-06-13T08:49:02+00:00\",\"dateModified\":\"2012-06-13T08:49:02+00:00\",\"author\":{\"@id\":\"https:\/\/president-ksgov.net\/#\/schema\/person\/bb4337a5fb147cb2046d80548172cbee\"},\"description\":\"Predsednica Jahjaga se sastala predsedavaju\u0107om pod komiteta Senata SAD-e za Evropu, senatora Jeanne Shaheen - Predsednik Republike Kosovo - DR. VJOSA OSMANI - SADRIU -\",\"breadcrumb\":{\"@id\":\"https:\/\/president-ksgov.net\/presidentja-jahjaga-u-takua-me-me-kryesuesen-e-nenkomitetit-te-senatit-te-shba-se-per-evrope-senatoren-jeanne-shaheen\/#breadcrumb\"},\"inLanguage\":\"sr-RS\",\"potentialAction\":[{\"@type\":\"ReadAction\",\"target\":[\"https:\/\/president-ksgov.net\/presidentja-jahjaga-u-takua-me-me-kryesuesen-e-nenkomitetit-te-senatit-te-shba-se-per-evrope-senatoren-jeanne-shaheen\/\"]}]},{\"@type\":\"ImageObject\",\"inLanguage\":\"sr-RS\",\"@id\":\"https:\/\/president-ksgov.net\/presidentja-jahjaga-u-takua-me-me-kryesuesen-e-nenkomitetit-te-senatit-te-shba-se-per-evrope-senatoren-jeanne-shaheen\/#primaryimage\",\"url\":\"https:\/\/president-ksgov.net\/wp-content\/uploads\/12.06.2012_Takim_me__senatoren_Shaheen_11.jpg\",\"contentUrl\":\"https:\/\/president-ksgov.net\/wp-content\/uploads\/12.06.2012_Takim_me__senatoren_Shaheen_11.jpg\",\"width\":1000,\"height\":627},{\"@type\":\"BreadcrumbList\",\"@id\":\"https:\/\/president-ksgov.net\/presidentja-jahjaga-u-takua-me-me-kryesuesen-e-nenkomitetit-te-senatit-te-shba-se-per-evrope-senatoren-jeanne-shaheen\/#breadcrumb\",\"itemListElement\":[{\"@type\":\"ListItem\",\"position\":1,\"name\":\"Home\",\"item\":\"https:\/\/president-ksgov.net\/sr\/\"},{\"@type\":\"ListItem\",\"position\":2,\"name\":\"Predsednica Jahjaga se sastala predsedavaju\u0107om pod komiteta Senata SAD-e za Evropu, senatora Jeanne Shaheen\"}]},{\"@type\":\"WebSite\",\"@id\":\"https:\/\/president-ksgov.net\/#website\",\"url\":\"https:\/\/president-ksgov.net\/\",\"name\":\"Presidente e Republik\u00ebs s\u00eb Kosov\u00ebs\",\"description\":\"Presidente e Republik\u00ebs s\u00eb Kosov\u00ebs\",\"alternateName\":\"DR. VJOSA OSMANI - SADRIU\",\"potentialAction\":[{\"@type\":\"SearchAction\",\"target\":{\"@type\":\"EntryPoint\",\"urlTemplate\":\"https:\/\/president-ksgov.net\/?s={search_term_string}\"},\"query-input\":{\"@type\":\"PropertyValueSpecification\",\"valueRequired\":true,\"valueName\":\"search_term_string\"}}],\"inLanguage\":\"sr-RS\"},{\"@type\":\"Person\",\"@id\":\"https:\/\/president-ksgov.net\/#\/schema\/person\/bb4337a5fb147cb2046d80548172cbee\",\"name\":\"admin\",\"image\":{\"@type\":\"ImageObject\",\"inLanguage\":\"sr-RS\",\"@id\":\"https:\/\/president-ksgov.net\/#\/schema\/person\/image\/\",\"url\":\"https:\/\/secure.gravatar.com\/avatar\/36156ca0fa3b8d9d25174f146e16beea0cf28f37adf1b9e19b6c9c279a7c9dd3?s=96&d=mm&r=g\",\"contentUrl\":\"https:\/\/secure.gravatar.com\/avatar\/36156ca0fa3b8d9d25174f146e16beea0cf28f37adf1b9e19b6c9c279a7c9dd3?s=96&d=mm&r=g\",\"caption\":\"admin\"},\"sameAs\":[\"https:\/\/president-ksgov.net\"]}]}<\/script>\n<!-- \/ Yoast SEO plugin. -->","yoast_head_json":{"title":"Predsednica Jahjaga se sastala predsedavaju\u0107om pod komiteta Senata SAD-e za Evropu, senatora Jeanne Shaheen - Predsednik Republike Kosovo - DR. VJOSA OSMANI - SADRIU","description":"Predsednica Jahjaga se sastala predsedavaju\u0107om pod komiteta Senata SAD-e za Evropu, senatora Jeanne Shaheen - Predsednik Republike Kosovo - DR. VJOSA OSMANI - SADRIU -","robots":{"index":"index","follow":"follow","max-snippet":"max-snippet:-1","max-image-preview":"max-image-preview:large","max-video-preview":"max-video-preview:-1"},"canonical":"https:\/\/president-ksgov.net\/presidentja-jahjaga-u-takua-me-me-kryesuesen-e-nenkomitetit-te-senatit-te-shba-se-per-evrope-senatoren-jeanne-shaheen\/","og_locale":"sr_RS","og_type":"article","og_title":"Predsednica Jahjaga se sastala predsedavaju\u0107om pod komiteta Senata SAD-e za Evropu, senatora Jeanne Shaheen - Predsednik Republike Kosovo - DR. VJOSA OSMANI - SADRIU","og_description":"Predsednica Jahjaga se sastala predsedavaju\u0107om pod komiteta Senata SAD-e za Evropu, senatora Jeanne Shaheen - Predsednik Republike Kosovo - DR. VJOSA OSMANI - SADRIU -","og_url":"https:\/\/president-ksgov.net\/presidentja-jahjaga-u-takua-me-me-kryesuesen-e-nenkomitetit-te-senatit-te-shba-se-per-evrope-senatoren-jeanne-shaheen\/","og_site_name":"Predsednik Republike Kosovo - DR. VJOSA OSMANI - SADRIU","article_published_time":"2012-06-13T08:49:02+00:00","og_image":[{"width":1000,"height":627,"url":"https:\/\/president-ksgov.net\/wp-content\/uploads\/12.06.2012_Takim_me__senatoren_Shaheen_11.jpg","type":"image\/jpeg"}],"author":"admin","twitter_card":"summary_large_image","twitter_misc":{"\u041d\u0430\u043f\u0438\u0441\u0430\u043d\u043e \u043e\u0434":"admin","\u041f\u0440\u043e\u0446\u0435\u045a\u0435\u043d\u043e \u0432\u0440\u0435\u043c\u0435 \u0447\u0438\u0442\u0430\u045a\u0430":"1 \u043c\u0438\u043d\u0443\u0442"},"schema":{"@context":"https:\/\/schema.org","@graph":[{"@type":"WebPage","@id":"https:\/\/president-ksgov.net\/presidentja-jahjaga-u-takua-me-me-kryesuesen-e-nenkomitetit-te-senatit-te-shba-se-per-evrope-senatoren-jeanne-shaheen\/","url":"https:\/\/president-ksgov.net\/presidentja-jahjaga-u-takua-me-me-kryesuesen-e-nenkomitetit-te-senatit-te-shba-se-per-evrope-senatoren-jeanne-shaheen\/","name":"Predsednica Jahjaga se sastala predsedavaju\u0107om pod komiteta Senata SAD-e za Evropu, senatora Jeanne Shaheen - Predsednik Republike Kosovo - DR. VJOSA OSMANI - SADRIU","isPartOf":{"@id":"https:\/\/president-ksgov.net\/#website"},"primaryImageOfPage":{"@id":"https:\/\/president-ksgov.net\/presidentja-jahjaga-u-takua-me-me-kryesuesen-e-nenkomitetit-te-senatit-te-shba-se-per-evrope-senatoren-jeanne-shaheen\/#primaryimage"},"image":{"@id":"https:\/\/president-ksgov.net\/presidentja-jahjaga-u-takua-me-me-kryesuesen-e-nenkomitetit-te-senatit-te-shba-se-per-evrope-senatoren-jeanne-shaheen\/#primaryimage"},"thumbnailUrl":"https:\/\/president-ksgov.net\/wp-content\/uploads\/12.06.2012_Takim_me__senatoren_Shaheen_11.jpg","datePublished":"2012-06-13T08:49:02+00:00","dateModified":"2012-06-13T08:49:02+00:00","author":{"@id":"https:\/\/president-ksgov.net\/#\/schema\/person\/bb4337a5fb147cb2046d80548172cbee"},"description":"Predsednica Jahjaga se sastala predsedavaju\u0107om pod komiteta Senata SAD-e za Evropu, senatora Jeanne Shaheen - Predsednik Republike Kosovo - DR. VJOSA OSMANI - SADRIU -","breadcrumb":{"@id":"https:\/\/president-ksgov.net\/presidentja-jahjaga-u-takua-me-me-kryesuesen-e-nenkomitetit-te-senatit-te-shba-se-per-evrope-senatoren-jeanne-shaheen\/#breadcrumb"},"inLanguage":"sr-RS","potentialAction":[{"@type":"ReadAction","target":["https:\/\/president-ksgov.net\/presidentja-jahjaga-u-takua-me-me-kryesuesen-e-nenkomitetit-te-senatit-te-shba-se-per-evrope-senatoren-jeanne-shaheen\/"]}]},{"@type":"ImageObject","inLanguage":"sr-RS","@id":"https:\/\/president-ksgov.net\/presidentja-jahjaga-u-takua-me-me-kryesuesen-e-nenkomitetit-te-senatit-te-shba-se-per-evrope-senatoren-jeanne-shaheen\/#primaryimage","url":"https:\/\/president-ksgov.net\/wp-content\/uploads\/12.06.2012_Takim_me__senatoren_Shaheen_11.jpg","contentUrl":"https:\/\/president-ksgov.net\/wp-content\/uploads\/12.06.2012_Takim_me__senatoren_Shaheen_11.jpg","width":1000,"height":627},{"@type":"BreadcrumbList","@id":"https:\/\/president-ksgov.net\/presidentja-jahjaga-u-takua-me-me-kryesuesen-e-nenkomitetit-te-senatit-te-shba-se-per-evrope-senatoren-jeanne-shaheen\/#breadcrumb","itemListElement":[{"@type":"ListItem","position":1,"name":"Home","item":"https:\/\/president-ksgov.net\/sr\/"},{"@type":"ListItem","position":2,"name":"Predsednica Jahjaga se sastala predsedavaju\u0107om pod komiteta Senata SAD-e za Evropu, senatora Jeanne Shaheen"}]},{"@type":"WebSite","@id":"https:\/\/president-ksgov.net\/#website","url":"https:\/\/president-ksgov.net\/","name":"Presidente e Republik\u00ebs s\u00eb Kosov\u00ebs","description":"Presidente e Republik\u00ebs s\u00eb Kosov\u00ebs","alternateName":"DR. VJOSA OSMANI - SADRIU","potentialAction":[{"@type":"SearchAction","target":{"@type":"EntryPoint","urlTemplate":"https:\/\/president-ksgov.net\/?s={search_term_string}"},"query-input":{"@type":"PropertyValueSpecification","valueRequired":true,"valueName":"search_term_string"}}],"inLanguage":"sr-RS"},{"@type":"Person","@id":"https:\/\/president-ksgov.net\/#\/schema\/person\/bb4337a5fb147cb2046d80548172cbee","name":"admin","image":{"@type":"ImageObject","inLanguage":"sr-RS","@id":"https:\/\/president-ksgov.net\/#\/schema\/person\/image\/","url":"https:\/\/secure.gravatar.com\/avatar\/36156ca0fa3b8d9d25174f146e16beea0cf28f37adf1b9e19b6c9c279a7c9dd3?s=96&d=mm&r=g","contentUrl":"https:\/\/secure.gravatar.com\/avatar\/36156ca0fa3b8d9d25174f146e16beea0cf28f37adf1b9e19b6c9c279a7c9dd3?s=96&d=mm&r=g","caption":"admin"},"sameAs":["https:\/\/president-ksgov.net"]}]}},"_links":{"self":[{"href":"https:\/\/president-ksgov.net\/sr\/wp-json\/wp\/v2\/posts\/78973","targetHints":{"allow":["GET"]}}],"collection":[{"href":"https:\/\/president-ksgov.net\/sr\/wp-json\/wp\/v2\/posts"}],"about":[{"href":"https:\/\/president-ksgov.net\/sr\/wp-json\/wp\/v2\/types\/post"}],"author":[{"embeddable":true,"href":"https:\/\/president-ksgov.net\/sr\/wp-json\/wp\/v2\/users\/1"}],"replies":[{"embeddable":true,"href":"https:\/\/president-ksgov.net\/sr\/wp-json\/wp\/v2\/comments?post=78973"}],"version-history":[{"count":0,"href":"https:\/\/president-ksgov.net\/sr\/wp-json\/wp\/v2\/posts\/78973\/revisions"}],"wp:featuredmedia":[{"embeddable":true,"href":"https:\/\/president-ksgov.net\/sr\/wp-json\/wp\/v2\/media\/55739"}],"wp:attachment":[{"href":"https:\/\/president-ksgov.net\/sr\/wp-json\/wp\/v2\/media?parent=78973"}],"wp:term":[{"taxonomy":"category","embeddable":true,"href":"https:\/\/president-ksgov.net\/sr\/wp-json\/wp\/v2\/categories?post=78973"},{"taxonomy":"post_tag","embeddable":true,"href":"https:\/\/president-ksgov.net\/sr\/wp-json\/wp\/v2\/tags?post=78973"}],"curies":[{"name":"wp","href":"https:\/\/api.w.org\/{rel}","templated":true}]}}