{"id":78969,"date":"2012-06-14T08:54:33","date_gmt":"2012-06-14T08:54:33","guid":{"rendered":"https:\/\/dev.president-ksgov.net\/predsednica-jahjaga-je-docekana-od-generala-timothy-orr-i-od-nacelnika-grada-johnston-gospodje-paula-dierenfeld\/"},"modified":"2012-06-14T08:54:33","modified_gmt":"2012-06-14T08:54:33","slug":"predsednica-jahjaga-je-docekana-od-generala-timothy-orr-i-od-nacelnika-grada-johnston-gospodje-paula-dierenfeld","status":"publish","type":"post","link":"https:\/\/president-ksgov.net\/sr\/predsednica-jahjaga-je-docekana-od-generala-timothy-orr-i-od-nacelnika-grada-johnston-gospodje-paula-dierenfeld\/","title":{"rendered":"Predsednica Jahjaga je do\u010dekana od generala Timothy Orr i od na\u010delnika grada Johnston, gospo\u0111e Paula Dierenfeld"},"content":{"rendered":"<p>Predsednica Republike Kosovo, gospo\u0111a Atifete Jahjaga, tokom boravka u SAD-e, je primljena od generala Timothy Orr, u sedi&#353;te Zajedni\u010dkih Snaga, u vojni logor Dodge Nacionalne Garde  Iowe  i od na\u010delnika grada Johnston, gospo\u0111a Paula Dierenfeld. Predsednicu Jahjaga, tokom posete u Iowa  prati ambasador Republike Kosovo u SAD-e, gospodin Akan Ismajli i ambasador SAD-e na Kosovu, gospodin Christopher Dell.<\/p>\n<p>Na docek, organizovan u cast Predsednice Jahjaga, general Orr je naglasio da Nacionalna Garda SAD-e\u00a0 u Iowa\u00a0 ima jedno dr&#382;avno partnerstvo sa Republikom Kosovo, koje datira godinama. On rece da Naconalna Garda poma&#382;e Bezbednosu Snagu Kosova za ispunjavanje njenih Operacionalnih Kapaciteta i ocenio odnose sa Kosovom kao odlicne. On rece da je va&#382;no da se pro&#353;ili i jaca partnerstvo sa Kosovom.<\/p>\n<p>Dok nacelnik grada Johnston u Iowa , gospoda\u00a0 Paula Dierenfeld je naglasila da &#8220;je prvi put da jedan predsednik jedne strane dr&#382;ave posecuje ovo mesto i posebno vojni logor Nacionalne Garde i ovo bele&#382;i jednu sna&#382;nu vezu koju ima ova Garda i grad sa Kosovom&#8221;. Ona rece da saradnja izmedu Kosova i Iowa treba da jo&#353; vi&#353;e ojaca. |<\/p>\n<p>Zahvaljujuci se generalu Orr i gospodi Dierenfeld za vrlo topao docek, Predsednica Republike Kosovo, gospoda Atifete Jahjaga, je naglasila da SAD-e je jedan partner i veliki prijatelj Republike Kosovo i u&#382;iva po&#353;tovanje od svih gradana za vanrednu pomoc koju je dala za slobodu i nezavisnost Kosova.<\/p>\n<p>Predsednica Jahjaga rece da posle okoncanja perioda rata i procesa obnove, institucije Kosova zajedno sa medunarodnim partnerima grade jednu demokratsku dr&#382;avu, izgradenu na gradanskim nacelima, koji smera clanstvo u EZ-e i NATO. Predsednica Jahjaga rece da Republika Kosovo je uspostavila jado dobre odnose sa Nacionalnom Gardom SAD-e u Iowa\u00a0 i namerava podici ovu saradnju na vi&#353;i nivo.<\/p>\n<p>&#8220;Koristila sam moju posetu u Sjedinjene Americke Dr&#382;ave da posetim i dr&#382;avu Iowa\u00a0 jer mi, Kosovo, imamo jednu dobru saradnju sa vama, narocito u oblasti bezbednosti u obucavanju i osposobljavanju\u00a0 pripadnika na&#353;ih Snaga Bezbednosti Kosova, za po&#353;tene humanitarne misije spa&#353;avanja, dominiranja i op&#353;te pomoci stanovni&#353;tvu, u emergentnim situacijama, ili u slucaju prirodnih nesreca koja nas mnogo poma&#382;e da na&#353;e cerke i sinovi budu strucno sposobni i posveceni, opskrbljeni znanjem i iskustvom da slu&#382;e narodu i zemlje&#8220;, rece Predsednica Jahjaga.<\/p>\n<p>Ona rece da saradnja izmedu Kosova i Iowe\u00a0 treba da se nadalje produbi putem bratimljenja gradova i razmene iskustava i programa izmedu njih.<br \/>\n&#8220;Ova na&#353;a povezanost treba da se nastavlja putem bratimljenja na&#353;ih gradova , Iowe\u00a0\u00a0 i onih iz Republike Kosovo, da bismo dalje produbili\u00a0 na&#353;u prisnu saradnju. Ovo bi pomoglo razmenu poseta, na&#353;ih iskustava i odredenih programa\u00a0 izmedu njih&#8220;, rece Predsednica Jahjaga. <\/p>\n<p>Tokom boravka u Iowa, Predsednica Jahjaga je posetila Univerzitet Iowe\u00a0 gde se sastala sa njegovim upravljacima sa kojima je diskutovala o mogucnosti uspostavljanja saradnje na nivou univerziteta i potom je posetila Centar za Alternativnu Energiju -Elektricnu Centralu kori&#353;cenjem vetra te Centar za Istra&#382;ivanja Hortikultura.<\/p>\n","protected":false},"excerpt":{"rendered":"<p>Predsednica Republike Kosovo, gospo\u0111a Atifete Jahjaga, tokom boravka u SAD-e, je primljena od generala Timothy Orr, u sedi&#353;te Zajedni\u010dkih Snaga, u vojni logor Dodge Nacionalne Garde  Iowe  i od na\u010delnika grada Johnston, gospo\u0111a Paula Dierenfeld. Predsednicu Jahjaga, tokom posete u Iowa  prati ambasador Republike Kosovo u SAD-e, gospodin Akan Ismajli i ambasador SAD-e na Kosovu, gospodin Christopher Dell.<\/p>\n","protected":false},"author":1,"featured_media":55696,"comment_status":"open","ping_status":"closed","sticky":false,"template":"","format":"standard","meta":{"_eb_attr":"","footnotes":""},"categories":[101],"tags":[],"class_list":["post-78969","post","type-post","status-publish","format-standard","has-post-thumbnail","hentry","category-vesti"],"yoast_head":"<!-- This site is optimized with the Yoast SEO plugin v23.5 - https:\/\/yoast.com\/wordpress\/plugins\/seo\/ -->\n<title>Predsednica Jahjaga je do\u010dekana od generala Timothy Orr i od na\u010delnika grada Johnston, gospo\u0111e Paula Dierenfeld - Predsednik Republike Kosovo - DR. VJOSA OSMANI - SADRIU<\/title>\n<meta name=\"description\" content=\"Predsednica Jahjaga je do\u010dekana od generala Timothy Orr i od na\u010delnika grada Johnston, gospo\u0111e Paula Dierenfeld - Predsednik Republike Kosovo - DR. VJOSA OSMANI - SADRIU -\" \/>\n<meta name=\"robots\" content=\"index, follow, max-snippet:-1, max-image-preview:large, max-video-preview:-1\" \/>\n<link rel=\"canonical\" href=\"https:\/\/president-ksgov.net\/presidentja-jahjaga-u-prit-nga-gjenerali-timothy-orr-dhe-nga-prefektja-e-qytetit-johnston-zonja-paula-dierenfeld\/\" \/>\n<meta property=\"og:locale\" content=\"sr_RS\" \/>\n<meta property=\"og:type\" content=\"article\" \/>\n<meta property=\"og:title\" content=\"Predsednica Jahjaga je do\u010dekana od generala Timothy Orr i od na\u010delnika grada Johnston, gospo\u0111e Paula Dierenfeld - Predsednik Republike Kosovo - DR. VJOSA OSMANI - SADRIU\" \/>\n<meta property=\"og:description\" content=\"Predsednica Jahjaga je do\u010dekana od generala Timothy Orr i od na\u010delnika grada Johnston, gospo\u0111e Paula Dierenfeld - Predsednik Republike Kosovo - DR. VJOSA OSMANI - SADRIU -\" \/>\n<meta property=\"og:url\" content=\"https:\/\/president-ksgov.net\/presidentja-jahjaga-u-prit-nga-gjenerali-timothy-orr-dhe-nga-prefektja-e-qytetit-johnston-zonja-paula-dierenfeld\/\" \/>\n<meta property=\"og:site_name\" content=\"Predsednik Republike Kosovo - DR. VJOSA OSMANI - SADRIU\" \/>\n<meta property=\"article:published_time\" content=\"2012-06-14T08:54:33+00:00\" \/>\n<meta property=\"og:image\" content=\"https:\/\/president-ksgov.net\/wp-content\/uploads\/13.06.2012_Takim_me_0-scaled.jpg\" \/>\n\t<meta property=\"og:image:width\" content=\"2560\" \/>\n\t<meta property=\"og:image:height\" content=\"1707\" \/>\n\t<meta property=\"og:image:type\" content=\"image\/jpeg\" \/>\n<meta name=\"author\" content=\"admin\" \/>\n<meta name=\"twitter:card\" content=\"summary_large_image\" \/>\n<meta name=\"twitter:label1\" content=\"\u041d\u0430\u043f\u0438\u0441\u0430\u043d\u043e \u043e\u0434\" \/>\n\t<meta name=\"twitter:data1\" content=\"admin\" \/>\n\t<meta name=\"twitter:label2\" content=\"\u041f\u0440\u043e\u0446\u0435\u045a\u0435\u043d\u043e \u0432\u0440\u0435\u043c\u0435 \u0447\u0438\u0442\u0430\u045a\u0430\" \/>\n\t<meta name=\"twitter:data2\" content=\"2 \u043c\u0438\u043d\u0443\u0442\u0430\" \/>\n<script type=\"application\/ld+json\" class=\"yoast-schema-graph\">{\"@context\":\"https:\/\/schema.org\",\"@graph\":[{\"@type\":\"WebPage\",\"@id\":\"https:\/\/president-ksgov.net\/presidentja-jahjaga-u-prit-nga-gjenerali-timothy-orr-dhe-nga-prefektja-e-qytetit-johnston-zonja-paula-dierenfeld\/\",\"url\":\"https:\/\/president-ksgov.net\/presidentja-jahjaga-u-prit-nga-gjenerali-timothy-orr-dhe-nga-prefektja-e-qytetit-johnston-zonja-paula-dierenfeld\/\",\"name\":\"Predsednica Jahjaga je do\u010dekana od generala Timothy Orr i od na\u010delnika grada Johnston, gospo\u0111e Paula Dierenfeld - Predsednik Republike Kosovo - DR. VJOSA OSMANI - SADRIU\",\"isPartOf\":{\"@id\":\"https:\/\/president-ksgov.net\/#website\"},\"primaryImageOfPage\":{\"@id\":\"https:\/\/president-ksgov.net\/presidentja-jahjaga-u-prit-nga-gjenerali-timothy-orr-dhe-nga-prefektja-e-qytetit-johnston-zonja-paula-dierenfeld\/#primaryimage\"},\"image\":{\"@id\":\"https:\/\/president-ksgov.net\/presidentja-jahjaga-u-prit-nga-gjenerali-timothy-orr-dhe-nga-prefektja-e-qytetit-johnston-zonja-paula-dierenfeld\/#primaryimage\"},\"thumbnailUrl\":\"https:\/\/president-ksgov.net\/wp-content\/uploads\/13.06.2012_Takim_me_0-scaled.jpg\",\"datePublished\":\"2012-06-14T08:54:33+00:00\",\"dateModified\":\"2012-06-14T08:54:33+00:00\",\"author\":{\"@id\":\"https:\/\/president-ksgov.net\/#\/schema\/person\/bb4337a5fb147cb2046d80548172cbee\"},\"description\":\"Predsednica Jahjaga je do\u010dekana od generala Timothy Orr i od na\u010delnika grada Johnston, gospo\u0111e Paula Dierenfeld - Predsednik Republike Kosovo - DR. VJOSA OSMANI - SADRIU -\",\"breadcrumb\":{\"@id\":\"https:\/\/president-ksgov.net\/presidentja-jahjaga-u-prit-nga-gjenerali-timothy-orr-dhe-nga-prefektja-e-qytetit-johnston-zonja-paula-dierenfeld\/#breadcrumb\"},\"inLanguage\":\"sr-RS\",\"potentialAction\":[{\"@type\":\"ReadAction\",\"target\":[\"https:\/\/president-ksgov.net\/presidentja-jahjaga-u-prit-nga-gjenerali-timothy-orr-dhe-nga-prefektja-e-qytetit-johnston-zonja-paula-dierenfeld\/\"]}]},{\"@type\":\"ImageObject\",\"inLanguage\":\"sr-RS\",\"@id\":\"https:\/\/president-ksgov.net\/presidentja-jahjaga-u-prit-nga-gjenerali-timothy-orr-dhe-nga-prefektja-e-qytetit-johnston-zonja-paula-dierenfeld\/#primaryimage\",\"url\":\"https:\/\/president-ksgov.net\/wp-content\/uploads\/13.06.2012_Takim_me_0-scaled.jpg\",\"contentUrl\":\"https:\/\/president-ksgov.net\/wp-content\/uploads\/13.06.2012_Takim_me_0-scaled.jpg\",\"width\":2560,\"height\":1707},{\"@type\":\"BreadcrumbList\",\"@id\":\"https:\/\/president-ksgov.net\/presidentja-jahjaga-u-prit-nga-gjenerali-timothy-orr-dhe-nga-prefektja-e-qytetit-johnston-zonja-paula-dierenfeld\/#breadcrumb\",\"itemListElement\":[{\"@type\":\"ListItem\",\"position\":1,\"name\":\"Home\",\"item\":\"https:\/\/president-ksgov.net\/sr\/\"},{\"@type\":\"ListItem\",\"position\":2,\"name\":\"Predsednica Jahjaga je do\u010dekana od generala Timothy Orr i od na\u010delnika grada Johnston, gospo\u0111e Paula Dierenfeld\"}]},{\"@type\":\"WebSite\",\"@id\":\"https:\/\/president-ksgov.net\/#website\",\"url\":\"https:\/\/president-ksgov.net\/\",\"name\":\"Presidente e Republik\u00ebs s\u00eb Kosov\u00ebs\",\"description\":\"Presidente e Republik\u00ebs s\u00eb Kosov\u00ebs\",\"alternateName\":\"DR. VJOSA OSMANI - SADRIU\",\"potentialAction\":[{\"@type\":\"SearchAction\",\"target\":{\"@type\":\"EntryPoint\",\"urlTemplate\":\"https:\/\/president-ksgov.net\/?s={search_term_string}\"},\"query-input\":{\"@type\":\"PropertyValueSpecification\",\"valueRequired\":true,\"valueName\":\"search_term_string\"}}],\"inLanguage\":\"sr-RS\"},{\"@type\":\"Person\",\"@id\":\"https:\/\/president-ksgov.net\/#\/schema\/person\/bb4337a5fb147cb2046d80548172cbee\",\"name\":\"admin\",\"image\":{\"@type\":\"ImageObject\",\"inLanguage\":\"sr-RS\",\"@id\":\"https:\/\/president-ksgov.net\/#\/schema\/person\/image\/\",\"url\":\"https:\/\/secure.gravatar.com\/avatar\/36156ca0fa3b8d9d25174f146e16beea0cf28f37adf1b9e19b6c9c279a7c9dd3?s=96&d=mm&r=g\",\"contentUrl\":\"https:\/\/secure.gravatar.com\/avatar\/36156ca0fa3b8d9d25174f146e16beea0cf28f37adf1b9e19b6c9c279a7c9dd3?s=96&d=mm&r=g\",\"caption\":\"admin\"},\"sameAs\":[\"https:\/\/president-ksgov.net\"]}]}<\/script>\n<!-- \/ Yoast SEO plugin. -->","yoast_head_json":{"title":"Predsednica Jahjaga je do\u010dekana od generala Timothy Orr i od na\u010delnika grada Johnston, gospo\u0111e Paula Dierenfeld - Predsednik Republike Kosovo - DR. VJOSA OSMANI - SADRIU","description":"Predsednica Jahjaga je do\u010dekana od generala Timothy Orr i od na\u010delnika grada Johnston, gospo\u0111e Paula Dierenfeld - Predsednik Republike Kosovo - DR. VJOSA OSMANI - SADRIU -","robots":{"index":"index","follow":"follow","max-snippet":"max-snippet:-1","max-image-preview":"max-image-preview:large","max-video-preview":"max-video-preview:-1"},"canonical":"https:\/\/president-ksgov.net\/presidentja-jahjaga-u-prit-nga-gjenerali-timothy-orr-dhe-nga-prefektja-e-qytetit-johnston-zonja-paula-dierenfeld\/","og_locale":"sr_RS","og_type":"article","og_title":"Predsednica Jahjaga je do\u010dekana od generala Timothy Orr i od na\u010delnika grada Johnston, gospo\u0111e Paula Dierenfeld - Predsednik Republike Kosovo - DR. VJOSA OSMANI - SADRIU","og_description":"Predsednica Jahjaga je do\u010dekana od generala Timothy Orr i od na\u010delnika grada Johnston, gospo\u0111e Paula Dierenfeld - Predsednik Republike Kosovo - DR. VJOSA OSMANI - SADRIU -","og_url":"https:\/\/president-ksgov.net\/presidentja-jahjaga-u-prit-nga-gjenerali-timothy-orr-dhe-nga-prefektja-e-qytetit-johnston-zonja-paula-dierenfeld\/","og_site_name":"Predsednik Republike Kosovo - DR. VJOSA OSMANI - SADRIU","article_published_time":"2012-06-14T08:54:33+00:00","og_image":[{"width":2560,"height":1707,"url":"https:\/\/president-ksgov.net\/wp-content\/uploads\/13.06.2012_Takim_me_0-scaled.jpg","type":"image\/jpeg"}],"author":"admin","twitter_card":"summary_large_image","twitter_misc":{"\u041d\u0430\u043f\u0438\u0441\u0430\u043d\u043e \u043e\u0434":"admin","\u041f\u0440\u043e\u0446\u0435\u045a\u0435\u043d\u043e \u0432\u0440\u0435\u043c\u0435 \u0447\u0438\u0442\u0430\u045a\u0430":"2 \u043c\u0438\u043d\u0443\u0442\u0430"},"schema":{"@context":"https:\/\/schema.org","@graph":[{"@type":"WebPage","@id":"https:\/\/president-ksgov.net\/presidentja-jahjaga-u-prit-nga-gjenerali-timothy-orr-dhe-nga-prefektja-e-qytetit-johnston-zonja-paula-dierenfeld\/","url":"https:\/\/president-ksgov.net\/presidentja-jahjaga-u-prit-nga-gjenerali-timothy-orr-dhe-nga-prefektja-e-qytetit-johnston-zonja-paula-dierenfeld\/","name":"Predsednica Jahjaga je do\u010dekana od generala Timothy Orr i od na\u010delnika grada Johnston, gospo\u0111e Paula Dierenfeld - Predsednik Republike Kosovo - DR. VJOSA OSMANI - SADRIU","isPartOf":{"@id":"https:\/\/president-ksgov.net\/#website"},"primaryImageOfPage":{"@id":"https:\/\/president-ksgov.net\/presidentja-jahjaga-u-prit-nga-gjenerali-timothy-orr-dhe-nga-prefektja-e-qytetit-johnston-zonja-paula-dierenfeld\/#primaryimage"},"image":{"@id":"https:\/\/president-ksgov.net\/presidentja-jahjaga-u-prit-nga-gjenerali-timothy-orr-dhe-nga-prefektja-e-qytetit-johnston-zonja-paula-dierenfeld\/#primaryimage"},"thumbnailUrl":"https:\/\/president-ksgov.net\/wp-content\/uploads\/13.06.2012_Takim_me_0-scaled.jpg","datePublished":"2012-06-14T08:54:33+00:00","dateModified":"2012-06-14T08:54:33+00:00","author":{"@id":"https:\/\/president-ksgov.net\/#\/schema\/person\/bb4337a5fb147cb2046d80548172cbee"},"description":"Predsednica Jahjaga je do\u010dekana od generala Timothy Orr i od na\u010delnika grada Johnston, gospo\u0111e Paula Dierenfeld - Predsednik Republike Kosovo - DR. VJOSA OSMANI - SADRIU -","breadcrumb":{"@id":"https:\/\/president-ksgov.net\/presidentja-jahjaga-u-prit-nga-gjenerali-timothy-orr-dhe-nga-prefektja-e-qytetit-johnston-zonja-paula-dierenfeld\/#breadcrumb"},"inLanguage":"sr-RS","potentialAction":[{"@type":"ReadAction","target":["https:\/\/president-ksgov.net\/presidentja-jahjaga-u-prit-nga-gjenerali-timothy-orr-dhe-nga-prefektja-e-qytetit-johnston-zonja-paula-dierenfeld\/"]}]},{"@type":"ImageObject","inLanguage":"sr-RS","@id":"https:\/\/president-ksgov.net\/presidentja-jahjaga-u-prit-nga-gjenerali-timothy-orr-dhe-nga-prefektja-e-qytetit-johnston-zonja-paula-dierenfeld\/#primaryimage","url":"https:\/\/president-ksgov.net\/wp-content\/uploads\/13.06.2012_Takim_me_0-scaled.jpg","contentUrl":"https:\/\/president-ksgov.net\/wp-content\/uploads\/13.06.2012_Takim_me_0-scaled.jpg","width":2560,"height":1707},{"@type":"BreadcrumbList","@id":"https:\/\/president-ksgov.net\/presidentja-jahjaga-u-prit-nga-gjenerali-timothy-orr-dhe-nga-prefektja-e-qytetit-johnston-zonja-paula-dierenfeld\/#breadcrumb","itemListElement":[{"@type":"ListItem","position":1,"name":"Home","item":"https:\/\/president-ksgov.net\/sr\/"},{"@type":"ListItem","position":2,"name":"Predsednica Jahjaga je do\u010dekana od generala Timothy Orr i od na\u010delnika grada Johnston, gospo\u0111e Paula Dierenfeld"}]},{"@type":"WebSite","@id":"https:\/\/president-ksgov.net\/#website","url":"https:\/\/president-ksgov.net\/","name":"Presidente e Republik\u00ebs s\u00eb Kosov\u00ebs","description":"Presidente e Republik\u00ebs s\u00eb Kosov\u00ebs","alternateName":"DR. VJOSA OSMANI - SADRIU","potentialAction":[{"@type":"SearchAction","target":{"@type":"EntryPoint","urlTemplate":"https:\/\/president-ksgov.net\/?s={search_term_string}"},"query-input":{"@type":"PropertyValueSpecification","valueRequired":true,"valueName":"search_term_string"}}],"inLanguage":"sr-RS"},{"@type":"Person","@id":"https:\/\/president-ksgov.net\/#\/schema\/person\/bb4337a5fb147cb2046d80548172cbee","name":"admin","image":{"@type":"ImageObject","inLanguage":"sr-RS","@id":"https:\/\/president-ksgov.net\/#\/schema\/person\/image\/","url":"https:\/\/secure.gravatar.com\/avatar\/36156ca0fa3b8d9d25174f146e16beea0cf28f37adf1b9e19b6c9c279a7c9dd3?s=96&d=mm&r=g","contentUrl":"https:\/\/secure.gravatar.com\/avatar\/36156ca0fa3b8d9d25174f146e16beea0cf28f37adf1b9e19b6c9c279a7c9dd3?s=96&d=mm&r=g","caption":"admin"},"sameAs":["https:\/\/president-ksgov.net"]}]}},"_links":{"self":[{"href":"https:\/\/president-ksgov.net\/sr\/wp-json\/wp\/v2\/posts\/78969","targetHints":{"allow":["GET"]}}],"collection":[{"href":"https:\/\/president-ksgov.net\/sr\/wp-json\/wp\/v2\/posts"}],"about":[{"href":"https:\/\/president-ksgov.net\/sr\/wp-json\/wp\/v2\/types\/post"}],"author":[{"embeddable":true,"href":"https:\/\/president-ksgov.net\/sr\/wp-json\/wp\/v2\/users\/1"}],"replies":[{"embeddable":true,"href":"https:\/\/president-ksgov.net\/sr\/wp-json\/wp\/v2\/comments?post=78969"}],"version-history":[{"count":0,"href":"https:\/\/president-ksgov.net\/sr\/wp-json\/wp\/v2\/posts\/78969\/revisions"}],"wp:featuredmedia":[{"embeddable":true,"href":"https:\/\/president-ksgov.net\/sr\/wp-json\/wp\/v2\/media\/55696"}],"wp:attachment":[{"href":"https:\/\/president-ksgov.net\/sr\/wp-json\/wp\/v2\/media?parent=78969"}],"wp:term":[{"taxonomy":"category","embeddable":true,"href":"https:\/\/president-ksgov.net\/sr\/wp-json\/wp\/v2\/categories?post=78969"},{"taxonomy":"post_tag","embeddable":true,"href":"https:\/\/president-ksgov.net\/sr\/wp-json\/wp\/v2\/tags?post=78969"}],"curies":[{"name":"wp","href":"https:\/\/api.w.org\/{rel}","templated":true}]}}