{"id":78965,"date":"2012-06-16T08:06:48","date_gmt":"2012-06-16T08:06:48","guid":{"rendered":"https:\/\/dev.president-ksgov.net\/predsednica-jahjaga-se-sastala-guvernatorom-drave-iowa-terry-branstad\/"},"modified":"2012-06-16T08:06:48","modified_gmt":"2012-06-16T08:06:48","slug":"predsednica-jahjaga-se-sastala-guvernatorom-drave-iowa-terry-branstad","status":"publish","type":"post","link":"https:\/\/president-ksgov.net\/sr\/predsednica-jahjaga-se-sastala-guvernatorom-drave-iowa-terry-branstad\/","title":{"rendered":"Predsednica Jahjaga se sastala guvernatorom dr&#158;ave Iowa, Terry Branstad"},"content":{"rendered":"<p>Predsednica Republike Kosovo gospo\u0111a  Atifete Jahjaga , na kraju njene posete u ameri\u010dkoj dr&#382;avi Iowa,  Terry Branstad, sa kojim je razgovarala o saradni izme\u0111u dve dra&#382;ave, za razmenu iskustava i naro\u010dito smo razgovarali o mogu\u0107nosti saradnje u oblasti ekonomije, agrikulture i energetike i  o saradanji u oblasti obrazovanja.<\/p>\n<p>Predsednica Jahjaga, pokazuju\u0107i dobru saradnju izme\u0111u Nacionalne Garde dr&#382;ave Iowa i Bezbednosne Snage Kosova, koja \u0107e se saradnja konkretizovat i nakon ispunjavanja operacionalnih kapaciteta Bezbednosne Snage Kosova, re\u010de da se ovaj primer treba razvijati i u oblasti ekonomije i trgova\u010dkoj razmeni, naro\u010dito u oblasti agrikulture i u oblasti energetike u kojima dr&#382;ava Iowa, je postigla zavidne razultate.<\/p>\n<p>Predsednica Jahjaga, re\u010de da je stekla dobar utisak tokom posete Medicinskom Fakultetu i naro\u010dito je inspirirana sa istra&#382;ivanjima koje se vr&#353;e u ovoj visokoj instituciji kao i sa prakti\u010dnim radom koje obavljaju studenti, koriste\u0107i tehnolo&#353;ka dostignu\u0107a i simuliraju\u0107i sa robotima, dobiv&#353;i tako potrebne sposobnosti , jedno takvo iskustvo bila bi doboro&#353;la i za Univerzitete Kosova.<\/p>\n<p>Guverner Brandstad se zahvalio predsednici za posetu u\u010dinjenu dr&#382;avi Iowa nagla&#353;avaju\u0107i da je ovo prva poseta koju predsednica jedne dr&#382;ave \u010dini dr&#382;avi Iowa, za &#353;ta\u00a0 se on i gra\u0111ani ose\u0107aju\u00a0 se vrlo po&#353;tovani.<\/p>\n<p>On re\u010de Predsednici Jahjaga da \u0107e kineski predsednik biti drugi dr&#382;avnik koji \u0107e posetiti dr&#382;avu Iowa, idu\u0107eg meseca.<\/p>\n<p>Guvernator Branstad re\u010de da ove dve zemlje imaju sli\u010dnosti, ali i razlike koje se trebaju koristiti u ekonomskoj saradnji i trgova\u010dkoj razmeni. On je ponudio predsednici Jahjaga svu pomo\u0107 i podr&#353;ku anga&#382;uju\u0107i se za uzajamne posete raz nih delegacija na&#353;ih dr&#382;ava.<br \/>\nGuverner dr&#382;ave Iowa, se zahvalio Predsednici Jahjaga za u\u010dinjeni poziv za posetu Republici Kosovo i naglasio da ova poseta \u0107e da ostvariti oko polovine idu\u0107e godine.<\/p>\n<p>Predsednica Republike Kosovo je posetila &#381;albeni Sud dr&#382;ave Iowa, gde se sastala sa glavnim sudijom Lyrry U. Eisenhauer i sa sudijama ovog suda koji su ga informirali o radu sudova u dr&#382;avi Iowa, o organizaciji sudova, o procesu komuniciranja sa strankama, za o\u010duvanje podataka i prezentaciji dokumentacije na elektronski na\u010din.<\/p>\n<p>Predsednica Jahjaga se interesovala naro\u010dito za za&#353;titu podataka, za program za&#353;tite svedoka, za borbu protiv korupcije i organizovanog kriminala te o praksi koja mo&#382;e slu&#382;iti sistemu pravde na Kosovu.<\/p>\n","protected":false},"excerpt":{"rendered":"<p>Predsednica Republike Kosovo gospo\u0111a  Atifete Jahjaga , na kraju njene posete u ameri\u010dkoj dr&#382;avi Iowa,  Terry Branstad, sa kojim je razgovarala o saradni izme\u0111u dve dra&#382;ave, za razmenu iskustava i naro\u010dito smo razgovarali o mogu\u0107nosti saradnje u oblasti ekonomije, agrikulture i energetike i  o saradanji u oblasti obrazovanja.<\/p>\n","protected":false},"author":1,"featured_media":55641,"comment_status":"open","ping_status":"closed","sticky":false,"template":"","format":"standard","meta":{"_eb_attr":"","footnotes":""},"categories":[101],"tags":[],"class_list":["post-78965","post","type-post","status-publish","format-standard","has-post-thumbnail","hentry","category-vesti"],"yoast_head":"<!-- This site is optimized with the Yoast SEO plugin v23.5 - https:\/\/yoast.com\/wordpress\/plugins\/seo\/ -->\n<title>Predsednica Jahjaga se sastala guvernatorom dr&#158;ave Iowa, Terry Branstad - Predsednik Republike Kosovo - DR. VJOSA OSMANI - SADRIU<\/title>\n<meta name=\"description\" content=\"Predsednica Jahjaga se sastala guvernatorom dr&#158;ave Iowa, Terry Branstad - Predsednik Republike Kosovo - DR. VJOSA OSMANI - SADRIU -\" \/>\n<meta name=\"robots\" content=\"index, follow, max-snippet:-1, max-image-preview:large, max-video-preview:-1\" \/>\n<link rel=\"canonical\" href=\"https:\/\/president-ksgov.net\/presidentja-jahjaga-takoi-guvernatorin-e-iowa-s-terry-branstad\/\" \/>\n<meta property=\"og:locale\" content=\"sr_RS\" \/>\n<meta property=\"og:type\" content=\"article\" \/>\n<meta property=\"og:title\" content=\"Predsednica Jahjaga se sastala guvernatorom dr&#158;ave Iowa, Terry Branstad - Predsednik Republike Kosovo - DR. VJOSA OSMANI - SADRIU\" \/>\n<meta property=\"og:description\" content=\"Predsednica Jahjaga se sastala guvernatorom dr&#158;ave Iowa, Terry Branstad - Predsednik Republike Kosovo - DR. VJOSA OSMANI - SADRIU -\" \/>\n<meta property=\"og:url\" content=\"https:\/\/president-ksgov.net\/presidentja-jahjaga-takoi-guvernatorin-e-iowa-s-terry-branstad\/\" \/>\n<meta property=\"og:site_name\" content=\"Predsednik Republike Kosovo - DR. VJOSA OSMANI - SADRIU\" \/>\n<meta property=\"article:published_time\" content=\"2012-06-16T08:06:48+00:00\" \/>\n<meta property=\"og:image\" content=\"https:\/\/president-ksgov.net\/wp-content\/uploads\/15.06.2012_Takimet_1.jpg\" \/>\n\t<meta property=\"og:image:width\" content=\"1000\" \/>\n\t<meta property=\"og:image:height\" content=\"667\" \/>\n\t<meta property=\"og:image:type\" content=\"image\/jpeg\" \/>\n<meta name=\"author\" content=\"admin\" \/>\n<meta name=\"twitter:card\" content=\"summary_large_image\" \/>\n<meta name=\"twitter:label1\" content=\"\u041d\u0430\u043f\u0438\u0441\u0430\u043d\u043e \u043e\u0434\" \/>\n\t<meta name=\"twitter:data1\" content=\"admin\" \/>\n\t<meta name=\"twitter:label2\" content=\"\u041f\u0440\u043e\u0446\u0435\u045a\u0435\u043d\u043e \u0432\u0440\u0435\u043c\u0435 \u0447\u0438\u0442\u0430\u045a\u0430\" \/>\n\t<meta name=\"twitter:data2\" content=\"2 \u043c\u0438\u043d\u0443\u0442\u0430\" \/>\n<script type=\"application\/ld+json\" class=\"yoast-schema-graph\">{\"@context\":\"https:\/\/schema.org\",\"@graph\":[{\"@type\":\"WebPage\",\"@id\":\"https:\/\/president-ksgov.net\/presidentja-jahjaga-takoi-guvernatorin-e-iowa-s-terry-branstad\/\",\"url\":\"https:\/\/president-ksgov.net\/presidentja-jahjaga-takoi-guvernatorin-e-iowa-s-terry-branstad\/\",\"name\":\"Predsednica Jahjaga se sastala guvernatorom dr&#158;ave Iowa, Terry Branstad - Predsednik Republike Kosovo - DR. VJOSA OSMANI - SADRIU\",\"isPartOf\":{\"@id\":\"https:\/\/president-ksgov.net\/#website\"},\"primaryImageOfPage\":{\"@id\":\"https:\/\/president-ksgov.net\/presidentja-jahjaga-takoi-guvernatorin-e-iowa-s-terry-branstad\/#primaryimage\"},\"image\":{\"@id\":\"https:\/\/president-ksgov.net\/presidentja-jahjaga-takoi-guvernatorin-e-iowa-s-terry-branstad\/#primaryimage\"},\"thumbnailUrl\":\"https:\/\/president-ksgov.net\/wp-content\/uploads\/15.06.2012_Takimet_1.jpg\",\"datePublished\":\"2012-06-16T08:06:48+00:00\",\"dateModified\":\"2012-06-16T08:06:48+00:00\",\"author\":{\"@id\":\"https:\/\/president-ksgov.net\/#\/schema\/person\/bb4337a5fb147cb2046d80548172cbee\"},\"description\":\"Predsednica Jahjaga se sastala guvernatorom dr&#158;ave Iowa, Terry Branstad - Predsednik Republike Kosovo - DR. VJOSA OSMANI - SADRIU -\",\"breadcrumb\":{\"@id\":\"https:\/\/president-ksgov.net\/presidentja-jahjaga-takoi-guvernatorin-e-iowa-s-terry-branstad\/#breadcrumb\"},\"inLanguage\":\"sr-RS\",\"potentialAction\":[{\"@type\":\"ReadAction\",\"target\":[\"https:\/\/president-ksgov.net\/presidentja-jahjaga-takoi-guvernatorin-e-iowa-s-terry-branstad\/\"]}]},{\"@type\":\"ImageObject\",\"inLanguage\":\"sr-RS\",\"@id\":\"https:\/\/president-ksgov.net\/presidentja-jahjaga-takoi-guvernatorin-e-iowa-s-terry-branstad\/#primaryimage\",\"url\":\"https:\/\/president-ksgov.net\/wp-content\/uploads\/15.06.2012_Takimet_1.jpg\",\"contentUrl\":\"https:\/\/president-ksgov.net\/wp-content\/uploads\/15.06.2012_Takimet_1.jpg\",\"width\":1000,\"height\":667},{\"@type\":\"BreadcrumbList\",\"@id\":\"https:\/\/president-ksgov.net\/presidentja-jahjaga-takoi-guvernatorin-e-iowa-s-terry-branstad\/#breadcrumb\",\"itemListElement\":[{\"@type\":\"ListItem\",\"position\":1,\"name\":\"Home\",\"item\":\"https:\/\/president-ksgov.net\/sr\/\"},{\"@type\":\"ListItem\",\"position\":2,\"name\":\"Predsednica Jahjaga se sastala guvernatorom dr&#158;ave Iowa, Terry Branstad\"}]},{\"@type\":\"WebSite\",\"@id\":\"https:\/\/president-ksgov.net\/#website\",\"url\":\"https:\/\/president-ksgov.net\/\",\"name\":\"Presidente e Republik\u00ebs s\u00eb Kosov\u00ebs\",\"description\":\"Presidente e Republik\u00ebs s\u00eb Kosov\u00ebs\",\"alternateName\":\"DR. VJOSA OSMANI - SADRIU\",\"potentialAction\":[{\"@type\":\"SearchAction\",\"target\":{\"@type\":\"EntryPoint\",\"urlTemplate\":\"https:\/\/president-ksgov.net\/?s={search_term_string}\"},\"query-input\":{\"@type\":\"PropertyValueSpecification\",\"valueRequired\":true,\"valueName\":\"search_term_string\"}}],\"inLanguage\":\"sr-RS\"},{\"@type\":\"Person\",\"@id\":\"https:\/\/president-ksgov.net\/#\/schema\/person\/bb4337a5fb147cb2046d80548172cbee\",\"name\":\"admin\",\"image\":{\"@type\":\"ImageObject\",\"inLanguage\":\"sr-RS\",\"@id\":\"https:\/\/president-ksgov.net\/#\/schema\/person\/image\/\",\"url\":\"https:\/\/secure.gravatar.com\/avatar\/36156ca0fa3b8d9d25174f146e16beea0cf28f37adf1b9e19b6c9c279a7c9dd3?s=96&d=mm&r=g\",\"contentUrl\":\"https:\/\/secure.gravatar.com\/avatar\/36156ca0fa3b8d9d25174f146e16beea0cf28f37adf1b9e19b6c9c279a7c9dd3?s=96&d=mm&r=g\",\"caption\":\"admin\"},\"sameAs\":[\"https:\/\/president-ksgov.net\"]}]}<\/script>\n<!-- \/ Yoast SEO plugin. -->","yoast_head_json":{"title":"Predsednica Jahjaga se sastala guvernatorom dr&#158;ave Iowa, Terry Branstad - Predsednik Republike Kosovo - DR. VJOSA OSMANI - SADRIU","description":"Predsednica Jahjaga se sastala guvernatorom dr&#158;ave Iowa, Terry Branstad - Predsednik Republike Kosovo - DR. VJOSA OSMANI - SADRIU -","robots":{"index":"index","follow":"follow","max-snippet":"max-snippet:-1","max-image-preview":"max-image-preview:large","max-video-preview":"max-video-preview:-1"},"canonical":"https:\/\/president-ksgov.net\/presidentja-jahjaga-takoi-guvernatorin-e-iowa-s-terry-branstad\/","og_locale":"sr_RS","og_type":"article","og_title":"Predsednica Jahjaga se sastala guvernatorom dr&#158;ave Iowa, Terry Branstad - Predsednik Republike Kosovo - DR. VJOSA OSMANI - SADRIU","og_description":"Predsednica Jahjaga se sastala guvernatorom dr&#158;ave Iowa, Terry Branstad - Predsednik Republike Kosovo - DR. VJOSA OSMANI - SADRIU -","og_url":"https:\/\/president-ksgov.net\/presidentja-jahjaga-takoi-guvernatorin-e-iowa-s-terry-branstad\/","og_site_name":"Predsednik Republike Kosovo - DR. VJOSA OSMANI - SADRIU","article_published_time":"2012-06-16T08:06:48+00:00","og_image":[{"width":1000,"height":667,"url":"https:\/\/president-ksgov.net\/wp-content\/uploads\/15.06.2012_Takimet_1.jpg","type":"image\/jpeg"}],"author":"admin","twitter_card":"summary_large_image","twitter_misc":{"\u041d\u0430\u043f\u0438\u0441\u0430\u043d\u043e \u043e\u0434":"admin","\u041f\u0440\u043e\u0446\u0435\u045a\u0435\u043d\u043e \u0432\u0440\u0435\u043c\u0435 \u0447\u0438\u0442\u0430\u045a\u0430":"2 \u043c\u0438\u043d\u0443\u0442\u0430"},"schema":{"@context":"https:\/\/schema.org","@graph":[{"@type":"WebPage","@id":"https:\/\/president-ksgov.net\/presidentja-jahjaga-takoi-guvernatorin-e-iowa-s-terry-branstad\/","url":"https:\/\/president-ksgov.net\/presidentja-jahjaga-takoi-guvernatorin-e-iowa-s-terry-branstad\/","name":"Predsednica Jahjaga se sastala guvernatorom dr&#158;ave Iowa, Terry Branstad - Predsednik Republike Kosovo - DR. VJOSA OSMANI - SADRIU","isPartOf":{"@id":"https:\/\/president-ksgov.net\/#website"},"primaryImageOfPage":{"@id":"https:\/\/president-ksgov.net\/presidentja-jahjaga-takoi-guvernatorin-e-iowa-s-terry-branstad\/#primaryimage"},"image":{"@id":"https:\/\/president-ksgov.net\/presidentja-jahjaga-takoi-guvernatorin-e-iowa-s-terry-branstad\/#primaryimage"},"thumbnailUrl":"https:\/\/president-ksgov.net\/wp-content\/uploads\/15.06.2012_Takimet_1.jpg","datePublished":"2012-06-16T08:06:48+00:00","dateModified":"2012-06-16T08:06:48+00:00","author":{"@id":"https:\/\/president-ksgov.net\/#\/schema\/person\/bb4337a5fb147cb2046d80548172cbee"},"description":"Predsednica Jahjaga se sastala guvernatorom dr&#158;ave Iowa, Terry Branstad - Predsednik Republike Kosovo - DR. VJOSA OSMANI - SADRIU -","breadcrumb":{"@id":"https:\/\/president-ksgov.net\/presidentja-jahjaga-takoi-guvernatorin-e-iowa-s-terry-branstad\/#breadcrumb"},"inLanguage":"sr-RS","potentialAction":[{"@type":"ReadAction","target":["https:\/\/president-ksgov.net\/presidentja-jahjaga-takoi-guvernatorin-e-iowa-s-terry-branstad\/"]}]},{"@type":"ImageObject","inLanguage":"sr-RS","@id":"https:\/\/president-ksgov.net\/presidentja-jahjaga-takoi-guvernatorin-e-iowa-s-terry-branstad\/#primaryimage","url":"https:\/\/president-ksgov.net\/wp-content\/uploads\/15.06.2012_Takimet_1.jpg","contentUrl":"https:\/\/president-ksgov.net\/wp-content\/uploads\/15.06.2012_Takimet_1.jpg","width":1000,"height":667},{"@type":"BreadcrumbList","@id":"https:\/\/president-ksgov.net\/presidentja-jahjaga-takoi-guvernatorin-e-iowa-s-terry-branstad\/#breadcrumb","itemListElement":[{"@type":"ListItem","position":1,"name":"Home","item":"https:\/\/president-ksgov.net\/sr\/"},{"@type":"ListItem","position":2,"name":"Predsednica Jahjaga se sastala guvernatorom dr&#158;ave Iowa, Terry Branstad"}]},{"@type":"WebSite","@id":"https:\/\/president-ksgov.net\/#website","url":"https:\/\/president-ksgov.net\/","name":"Presidente e Republik\u00ebs s\u00eb Kosov\u00ebs","description":"Presidente e Republik\u00ebs s\u00eb Kosov\u00ebs","alternateName":"DR. VJOSA OSMANI - SADRIU","potentialAction":[{"@type":"SearchAction","target":{"@type":"EntryPoint","urlTemplate":"https:\/\/president-ksgov.net\/?s={search_term_string}"},"query-input":{"@type":"PropertyValueSpecification","valueRequired":true,"valueName":"search_term_string"}}],"inLanguage":"sr-RS"},{"@type":"Person","@id":"https:\/\/president-ksgov.net\/#\/schema\/person\/bb4337a5fb147cb2046d80548172cbee","name":"admin","image":{"@type":"ImageObject","inLanguage":"sr-RS","@id":"https:\/\/president-ksgov.net\/#\/schema\/person\/image\/","url":"https:\/\/secure.gravatar.com\/avatar\/36156ca0fa3b8d9d25174f146e16beea0cf28f37adf1b9e19b6c9c279a7c9dd3?s=96&d=mm&r=g","contentUrl":"https:\/\/secure.gravatar.com\/avatar\/36156ca0fa3b8d9d25174f146e16beea0cf28f37adf1b9e19b6c9c279a7c9dd3?s=96&d=mm&r=g","caption":"admin"},"sameAs":["https:\/\/president-ksgov.net"]}]}},"_links":{"self":[{"href":"https:\/\/president-ksgov.net\/sr\/wp-json\/wp\/v2\/posts\/78965","targetHints":{"allow":["GET"]}}],"collection":[{"href":"https:\/\/president-ksgov.net\/sr\/wp-json\/wp\/v2\/posts"}],"about":[{"href":"https:\/\/president-ksgov.net\/sr\/wp-json\/wp\/v2\/types\/post"}],"author":[{"embeddable":true,"href":"https:\/\/president-ksgov.net\/sr\/wp-json\/wp\/v2\/users\/1"}],"replies":[{"embeddable":true,"href":"https:\/\/president-ksgov.net\/sr\/wp-json\/wp\/v2\/comments?post=78965"}],"version-history":[{"count":0,"href":"https:\/\/president-ksgov.net\/sr\/wp-json\/wp\/v2\/posts\/78965\/revisions"}],"wp:featuredmedia":[{"embeddable":true,"href":"https:\/\/president-ksgov.net\/sr\/wp-json\/wp\/v2\/media\/55641"}],"wp:attachment":[{"href":"https:\/\/president-ksgov.net\/sr\/wp-json\/wp\/v2\/media?parent=78965"}],"wp:term":[{"taxonomy":"category","embeddable":true,"href":"https:\/\/president-ksgov.net\/sr\/wp-json\/wp\/v2\/categories?post=78965"},{"taxonomy":"post_tag","embeddable":true,"href":"https:\/\/president-ksgov.net\/sr\/wp-json\/wp\/v2\/tags?post=78965"}],"curies":[{"name":"wp","href":"https:\/\/api.w.org\/{rel}","templated":true}]}}