{"id":78914,"date":"2012-07-18T12:45:34","date_gmt":"2012-07-18T12:45:34","guid":{"rendered":"https:\/\/dev.president-ksgov.net\/izjava-za-medije-konferencija-sa-novinarima-jahjaga-rompuy\/"},"modified":"2012-07-18T12:45:34","modified_gmt":"2012-07-18T12:45:34","slug":"izjava-za-medije-konferencija-sa-novinarima-jahjaga-rompuy","status":"publish","type":"post","link":"https:\/\/president-ksgov.net\/sr\/izjava-za-medije-konferencija-sa-novinarima-jahjaga-rompuy\/","title":{"rendered":"IZJAVA ZA MEDIJE &#150; KONFERENCIJA SA NOVINARIMA JAHJAGA &#150; ROMPUY"},"content":{"rendered":"<p>Mi smo danas imali jedan vrlo koristan i sadr&#382;ajan razgovor sa Predsednikom Rompuy. Imali smo potpunu saglasnost u oceni dosada&#353;njeg puta Republike Kosovo za integraciju u Evropsku Zajednicu.<\/p>\n<p>Po&#353;tovani Predsednik\u00a0 Rompuy, <\/p>\n<p>Po&#353;tovani novinari, <\/p>\n<p>Mi smo danas imali jedan vrlo koristan i sadr&#382;ajan razgovor sa Predsednikom Rompuy. Imali smo potpunu saglasnost u oceni dosada&#353;njeg puta Republike Kosovo za integraciju u Evropsku Zajednicu. Zahvalila sam se gospodinu Rompuy za njegovo posve\u0107enje kao i za posve\u0107enje zemalja EZ-e za jasnu podr&#353;ku datu Kosovu, da povrh ne priznavanja njene nezavisnosti od pet zemalja \u010dlanica EZ-e, nikada nije dovedeno u pitanje cilj i &#353;ansa da Republika Kosovo u budu\u0107em periodu postane punopravni \u010dlan EZ-e.<\/p>\n<p>Ovo je uskladu sa strategijom pro&#353;irenje Evropske Zajednice koje utvr\u0111uje da sve zemlje Zapadnog Balkana imaju jasnu evropsku perspektivu. <\/p>\n<p>Jo&#353; od moje posete u spetembru pro&#353;le godine, Republika Kosovo je ostvarila napredak u njenoj evropskoj agendi. Dobili smo Putokaz za liberalizaciju viza i nadamo se da \u0107e gra\u0111ani Kosova uskoro mo\u0107i da slobodno putuju u zemlje EZ-e, jer gra\u0111ani Kosova su jedini iz cele Evrope koji ne u&#382;ivaju ovo pravo. Dobili smo Studiju Fizibileteta za Sporazum o Stabilizaciji i Asociranju i institucije Kosova kao i svi gra\u0111ani su posve\u0107eni da ispunjavaju sve obaveze koje \u0107e ubrzavati procedure. <\/p>\n<p>Republika Kosovo sa ocenom Me\u0111unarodne Grupe Upravljanja, u septembru \u0107e uspe&#353;no zaklju\u010diti svoju fazu nadzora nezavisnosti. To je jedan zajedni\u010dki uspeh gra\u0111ana i institucija Kosova i me\u0111unarodnih misija, koji su dali nepo&#353;tednu pomo\u0107 jo&#353; od oslobo\u0111enja Kosova 1999 godine. U toku smo sprovo\u0111enja potrebnih zakonskih i ustavnih izmena da do septembra sve obaveze prolaze u doma\u0107e institucije daju\u0107i svaka od njih potrebne garancije za prava i slobode zajednica, za kulturnu, istorijsku i versku ba&#353;tinu kao i za demokratske procese u op&#353;te, koji se odnose na slobodu izra&#382;avanja, slobodu kretanja, slobodno kretanje robe i kapitala, te deobu upravljanja i nezavisnost sudstva.<br \/>\n\u00a0<br \/>\nRepublika Kosovo je demokratska dr&#382;ava, dr&#382;ava izgra\u0111ena na gra\u0111anskim principima, gde svi gra\u0111ani, nezavisno od njihove etni\u010dke ili verske pripadnosti i nezavisno od broja u&#382;ivaju ista\/ravnopravna prava i slobode u celoj njenoj istoriji. Sa procesom decentralizacije od svega 38 op&#353;tina, 10 op&#353;tina je sa ve\u010dinskim srpskim etnitetom, dok jedna se ve\u010dinskim turskim etnitetom i u tim op&#353;tinama smo preneli kompetencije koje obezbe\u0111uju jednu &#353;iru samoupravu. Tri op&#353;tine na severu Kosova jo&#353; nisu prihvatile ovaj proces, ali \u010dinimo nastojanja da do budu\u0107ih op&#353;tinskih izbora da se ove tri op&#353;tine obuhvate u sistem upravljanj koriste\u0107i prava koja ima daje Ustav i zakoni Kosova.<\/p>\n<p>Uz posredovanje Evropske Zajednice u Bruksel je u toku dijalog izme\u0111u Republike Kosovo i Republike Srbije. Do sada je postignuto sedam sporazuma koji olak&#353;avaju &#382;ivot gra\u0111ana sa obe strane granice i relaksiraju odnose izme\u0111u dveju na&#353;ih zemalja. Nismo zadovoljni sa sprovo\u0111enjem ovih sporazuma i tra&#382;ili smo od EZ-e da iznalaze mehanizme za nadzor i garantovanje sprovo\u0111enja ovih sporazuma.<\/p>\n<p>Mi o\u010dekujemo od Republike Srbije da normalizira i uspostavlja normalne susedne odnose sa Republikom Kosovo, jer ovo je u interesu obeju zemalja i na&#353;ih gra\u0111ana. Ovo je jedan faktor mira i stabilnosti, i koji neposredno uti\u0107e na rasturanje paralelnih struktura i eliminirati kriminalne strukture u tri op&#353;tine na severnu teritoriju Kosova. Dijalog izme\u0111u Kosova i Srbije jeste jedini put da mi nalazimo re&#353;enja za sva pitanja, da bismo zajedno, poma&#382;u\u0107i jedan drugog, kora\u010dali u pravcu evropsko-atlantskih integracija.<\/p>\n<p>Jo&#353; jednom vam se zahvaljujem, Predsedni\u010de Rompuy za va&#353;e posve\u0107enje i posve\u0107enje svih institucija EZ-e po&#353;to dajete jasnu perspektivu mom narodu i mojo zemlji za \u010dlanstvo u Evropsku Zajednicu. Za ovu viziju imamo op&#353;ti politi\u010dki i nacionalni konsenzus svih gra\u0111ana jer mi na&#353;u budu\u0107nost vidimo unutar ZE-e.<\/p>\n","protected":false},"excerpt":{"rendered":"<p>Mi smo danas imali jedan vrlo koristan i sadr&#382;ajan razgovor sa Predsednikom Rompuy. Imali smo potpunu saglasnost u oceni dosada&#353;njeg puta Republike Kosovo za integraciju u Evropsku Zajednicu.<\/p>\n","protected":false},"author":1,"featured_media":55311,"comment_status":"open","ping_status":"closed","sticky":false,"template":"","format":"standard","meta":{"_eb_attr":"","footnotes":""},"categories":[101],"tags":[],"class_list":["post-78914","post","type-post","status-publish","format-standard","has-post-thumbnail","hentry","category-vesti"],"yoast_head":"<!-- This site is optimized with the Yoast SEO plugin v23.5 - https:\/\/yoast.com\/wordpress\/plugins\/seo\/ -->\n<title>IZJAVA ZA MEDIJE &#150; KONFERENCIJA SA NOVINARIMA JAHJAGA &#150; ROMPUY - Predsednik Republike Kosovo - DR. VJOSA OSMANI - SADRIU<\/title>\n<meta name=\"description\" content=\"IZJAVA ZA MEDIJE &#150; KONFERENCIJA SA NOVINARIMA JAHJAGA &#150; ROMPUY - Predsednik Republike Kosovo - DR. VJOSA OSMANI - SADRIU -\" \/>\n<meta name=\"robots\" content=\"index, follow, max-snippet:-1, max-image-preview:large, max-video-preview:-1\" \/>\n<link rel=\"canonical\" href=\"https:\/\/president-ksgov.net\/presidentja-jahjaga-u-takua-me-presidentin-e-keshillit-evropian-herman-van-rompuy\/\" \/>\n<meta property=\"og:locale\" content=\"sr_RS\" \/>\n<meta property=\"og:type\" content=\"article\" \/>\n<meta property=\"og:title\" content=\"IZJAVA ZA MEDIJE &#150; KONFERENCIJA SA NOVINARIMA JAHJAGA &#150; ROMPUY - Predsednik Republike Kosovo - DR. VJOSA OSMANI - SADRIU\" \/>\n<meta property=\"og:description\" content=\"IZJAVA ZA MEDIJE &#150; KONFERENCIJA SA NOVINARIMA JAHJAGA &#150; ROMPUY - Predsednik Republike Kosovo - DR. VJOSA OSMANI - SADRIU -\" \/>\n<meta property=\"og:url\" content=\"https:\/\/president-ksgov.net\/presidentja-jahjaga-u-takua-me-presidentin-e-keshillit-evropian-herman-van-rompuy\/\" \/>\n<meta property=\"og:site_name\" content=\"Predsednik Republike Kosovo - DR. VJOSA OSMANI - SADRIU\" \/>\n<meta property=\"article:published_time\" content=\"2012-07-18T12:45:34+00:00\" \/>\n<meta property=\"og:image\" content=\"https:\/\/president-ksgov.net\/wp-content\/uploads\/18.07.2012_Herman_Van_Rompuy_0.jpg\" \/>\n\t<meta property=\"og:image:width\" content=\"1000\" \/>\n\t<meta property=\"og:image:height\" content=\"667\" \/>\n\t<meta property=\"og:image:type\" content=\"image\/jpeg\" \/>\n<meta name=\"author\" content=\"admin\" \/>\n<meta name=\"twitter:card\" content=\"summary_large_image\" \/>\n<meta name=\"twitter:label1\" content=\"\u041d\u0430\u043f\u0438\u0441\u0430\u043d\u043e \u043e\u0434\" \/>\n\t<meta name=\"twitter:data1\" content=\"admin\" \/>\n\t<meta name=\"twitter:label2\" content=\"\u041f\u0440\u043e\u0446\u0435\u045a\u0435\u043d\u043e \u0432\u0440\u0435\u043c\u0435 \u0447\u0438\u0442\u0430\u045a\u0430\" \/>\n\t<meta name=\"twitter:data2\" content=\"3 \u043c\u0438\u043d\u0443\u0442\u0430\" \/>\n<script type=\"application\/ld+json\" class=\"yoast-schema-graph\">{\"@context\":\"https:\/\/schema.org\",\"@graph\":[{\"@type\":\"WebPage\",\"@id\":\"https:\/\/president-ksgov.net\/presidentja-jahjaga-u-takua-me-presidentin-e-keshillit-evropian-herman-van-rompuy\/\",\"url\":\"https:\/\/president-ksgov.net\/presidentja-jahjaga-u-takua-me-presidentin-e-keshillit-evropian-herman-van-rompuy\/\",\"name\":\"IZJAVA ZA MEDIJE &#150; KONFERENCIJA SA NOVINARIMA JAHJAGA &#150; ROMPUY - Predsednik Republike Kosovo - DR. VJOSA OSMANI - SADRIU\",\"isPartOf\":{\"@id\":\"https:\/\/president-ksgov.net\/#website\"},\"primaryImageOfPage\":{\"@id\":\"https:\/\/president-ksgov.net\/presidentja-jahjaga-u-takua-me-presidentin-e-keshillit-evropian-herman-van-rompuy\/#primaryimage\"},\"image\":{\"@id\":\"https:\/\/president-ksgov.net\/presidentja-jahjaga-u-takua-me-presidentin-e-keshillit-evropian-herman-van-rompuy\/#primaryimage\"},\"thumbnailUrl\":\"https:\/\/president-ksgov.net\/wp-content\/uploads\/18.07.2012_Herman_Van_Rompuy_0.jpg\",\"datePublished\":\"2012-07-18T12:45:34+00:00\",\"dateModified\":\"2012-07-18T12:45:34+00:00\",\"author\":{\"@id\":\"https:\/\/president-ksgov.net\/#\/schema\/person\/bb4337a5fb147cb2046d80548172cbee\"},\"description\":\"IZJAVA ZA MEDIJE &#150; KONFERENCIJA SA NOVINARIMA JAHJAGA &#150; ROMPUY - Predsednik Republike Kosovo - DR. VJOSA OSMANI - SADRIU -\",\"breadcrumb\":{\"@id\":\"https:\/\/president-ksgov.net\/presidentja-jahjaga-u-takua-me-presidentin-e-keshillit-evropian-herman-van-rompuy\/#breadcrumb\"},\"inLanguage\":\"sr-RS\",\"potentialAction\":[{\"@type\":\"ReadAction\",\"target\":[\"https:\/\/president-ksgov.net\/presidentja-jahjaga-u-takua-me-presidentin-e-keshillit-evropian-herman-van-rompuy\/\"]}]},{\"@type\":\"ImageObject\",\"inLanguage\":\"sr-RS\",\"@id\":\"https:\/\/president-ksgov.net\/presidentja-jahjaga-u-takua-me-presidentin-e-keshillit-evropian-herman-van-rompuy\/#primaryimage\",\"url\":\"https:\/\/president-ksgov.net\/wp-content\/uploads\/18.07.2012_Herman_Van_Rompuy_0.jpg\",\"contentUrl\":\"https:\/\/president-ksgov.net\/wp-content\/uploads\/18.07.2012_Herman_Van_Rompuy_0.jpg\",\"width\":1000,\"height\":667},{\"@type\":\"BreadcrumbList\",\"@id\":\"https:\/\/president-ksgov.net\/presidentja-jahjaga-u-takua-me-presidentin-e-keshillit-evropian-herman-van-rompuy\/#breadcrumb\",\"itemListElement\":[{\"@type\":\"ListItem\",\"position\":1,\"name\":\"Home\",\"item\":\"https:\/\/president-ksgov.net\/sr\/\"},{\"@type\":\"ListItem\",\"position\":2,\"name\":\"IZJAVA ZA MEDIJE &#150; KONFERENCIJA SA NOVINARIMA JAHJAGA &#150; ROMPUY\"}]},{\"@type\":\"WebSite\",\"@id\":\"https:\/\/president-ksgov.net\/#website\",\"url\":\"https:\/\/president-ksgov.net\/\",\"name\":\"Presidente e Republik\u00ebs s\u00eb Kosov\u00ebs\",\"description\":\"Presidente e Republik\u00ebs s\u00eb Kosov\u00ebs\",\"alternateName\":\"DR. VJOSA OSMANI - SADRIU\",\"potentialAction\":[{\"@type\":\"SearchAction\",\"target\":{\"@type\":\"EntryPoint\",\"urlTemplate\":\"https:\/\/president-ksgov.net\/?s={search_term_string}\"},\"query-input\":{\"@type\":\"PropertyValueSpecification\",\"valueRequired\":true,\"valueName\":\"search_term_string\"}}],\"inLanguage\":\"sr-RS\"},{\"@type\":\"Person\",\"@id\":\"https:\/\/president-ksgov.net\/#\/schema\/person\/bb4337a5fb147cb2046d80548172cbee\",\"name\":\"admin\",\"image\":{\"@type\":\"ImageObject\",\"inLanguage\":\"sr-RS\",\"@id\":\"https:\/\/president-ksgov.net\/#\/schema\/person\/image\/\",\"url\":\"https:\/\/secure.gravatar.com\/avatar\/36156ca0fa3b8d9d25174f146e16beea0cf28f37adf1b9e19b6c9c279a7c9dd3?s=96&d=mm&r=g\",\"contentUrl\":\"https:\/\/secure.gravatar.com\/avatar\/36156ca0fa3b8d9d25174f146e16beea0cf28f37adf1b9e19b6c9c279a7c9dd3?s=96&d=mm&r=g\",\"caption\":\"admin\"},\"sameAs\":[\"https:\/\/president-ksgov.net\"]}]}<\/script>\n<!-- \/ Yoast SEO plugin. -->","yoast_head_json":{"title":"IZJAVA ZA MEDIJE &#150; KONFERENCIJA SA NOVINARIMA JAHJAGA &#150; ROMPUY - Predsednik Republike Kosovo - DR. VJOSA OSMANI - SADRIU","description":"IZJAVA ZA MEDIJE &#150; KONFERENCIJA SA NOVINARIMA JAHJAGA &#150; ROMPUY - Predsednik Republike Kosovo - DR. VJOSA OSMANI - SADRIU -","robots":{"index":"index","follow":"follow","max-snippet":"max-snippet:-1","max-image-preview":"max-image-preview:large","max-video-preview":"max-video-preview:-1"},"canonical":"https:\/\/president-ksgov.net\/presidentja-jahjaga-u-takua-me-presidentin-e-keshillit-evropian-herman-van-rompuy\/","og_locale":"sr_RS","og_type":"article","og_title":"IZJAVA ZA MEDIJE &#150; KONFERENCIJA SA NOVINARIMA JAHJAGA &#150; ROMPUY - Predsednik Republike Kosovo - DR. VJOSA OSMANI - SADRIU","og_description":"IZJAVA ZA MEDIJE &#150; KONFERENCIJA SA NOVINARIMA JAHJAGA &#150; ROMPUY - Predsednik Republike Kosovo - DR. VJOSA OSMANI - SADRIU -","og_url":"https:\/\/president-ksgov.net\/presidentja-jahjaga-u-takua-me-presidentin-e-keshillit-evropian-herman-van-rompuy\/","og_site_name":"Predsednik Republike Kosovo - DR. VJOSA OSMANI - SADRIU","article_published_time":"2012-07-18T12:45:34+00:00","og_image":[{"width":1000,"height":667,"url":"https:\/\/president-ksgov.net\/wp-content\/uploads\/18.07.2012_Herman_Van_Rompuy_0.jpg","type":"image\/jpeg"}],"author":"admin","twitter_card":"summary_large_image","twitter_misc":{"\u041d\u0430\u043f\u0438\u0441\u0430\u043d\u043e \u043e\u0434":"admin","\u041f\u0440\u043e\u0446\u0435\u045a\u0435\u043d\u043e \u0432\u0440\u0435\u043c\u0435 \u0447\u0438\u0442\u0430\u045a\u0430":"3 \u043c\u0438\u043d\u0443\u0442\u0430"},"schema":{"@context":"https:\/\/schema.org","@graph":[{"@type":"WebPage","@id":"https:\/\/president-ksgov.net\/presidentja-jahjaga-u-takua-me-presidentin-e-keshillit-evropian-herman-van-rompuy\/","url":"https:\/\/president-ksgov.net\/presidentja-jahjaga-u-takua-me-presidentin-e-keshillit-evropian-herman-van-rompuy\/","name":"IZJAVA ZA MEDIJE &#150; KONFERENCIJA SA NOVINARIMA JAHJAGA &#150; ROMPUY - Predsednik Republike Kosovo - DR. VJOSA OSMANI - SADRIU","isPartOf":{"@id":"https:\/\/president-ksgov.net\/#website"},"primaryImageOfPage":{"@id":"https:\/\/president-ksgov.net\/presidentja-jahjaga-u-takua-me-presidentin-e-keshillit-evropian-herman-van-rompuy\/#primaryimage"},"image":{"@id":"https:\/\/president-ksgov.net\/presidentja-jahjaga-u-takua-me-presidentin-e-keshillit-evropian-herman-van-rompuy\/#primaryimage"},"thumbnailUrl":"https:\/\/president-ksgov.net\/wp-content\/uploads\/18.07.2012_Herman_Van_Rompuy_0.jpg","datePublished":"2012-07-18T12:45:34+00:00","dateModified":"2012-07-18T12:45:34+00:00","author":{"@id":"https:\/\/president-ksgov.net\/#\/schema\/person\/bb4337a5fb147cb2046d80548172cbee"},"description":"IZJAVA ZA MEDIJE &#150; KONFERENCIJA SA NOVINARIMA JAHJAGA &#150; ROMPUY - Predsednik Republike Kosovo - DR. VJOSA OSMANI - SADRIU -","breadcrumb":{"@id":"https:\/\/president-ksgov.net\/presidentja-jahjaga-u-takua-me-presidentin-e-keshillit-evropian-herman-van-rompuy\/#breadcrumb"},"inLanguage":"sr-RS","potentialAction":[{"@type":"ReadAction","target":["https:\/\/president-ksgov.net\/presidentja-jahjaga-u-takua-me-presidentin-e-keshillit-evropian-herman-van-rompuy\/"]}]},{"@type":"ImageObject","inLanguage":"sr-RS","@id":"https:\/\/president-ksgov.net\/presidentja-jahjaga-u-takua-me-presidentin-e-keshillit-evropian-herman-van-rompuy\/#primaryimage","url":"https:\/\/president-ksgov.net\/wp-content\/uploads\/18.07.2012_Herman_Van_Rompuy_0.jpg","contentUrl":"https:\/\/president-ksgov.net\/wp-content\/uploads\/18.07.2012_Herman_Van_Rompuy_0.jpg","width":1000,"height":667},{"@type":"BreadcrumbList","@id":"https:\/\/president-ksgov.net\/presidentja-jahjaga-u-takua-me-presidentin-e-keshillit-evropian-herman-van-rompuy\/#breadcrumb","itemListElement":[{"@type":"ListItem","position":1,"name":"Home","item":"https:\/\/president-ksgov.net\/sr\/"},{"@type":"ListItem","position":2,"name":"IZJAVA ZA MEDIJE &#150; KONFERENCIJA SA NOVINARIMA JAHJAGA &#150; ROMPUY"}]},{"@type":"WebSite","@id":"https:\/\/president-ksgov.net\/#website","url":"https:\/\/president-ksgov.net\/","name":"Presidente e Republik\u00ebs s\u00eb Kosov\u00ebs","description":"Presidente e Republik\u00ebs s\u00eb Kosov\u00ebs","alternateName":"DR. VJOSA OSMANI - SADRIU","potentialAction":[{"@type":"SearchAction","target":{"@type":"EntryPoint","urlTemplate":"https:\/\/president-ksgov.net\/?s={search_term_string}"},"query-input":{"@type":"PropertyValueSpecification","valueRequired":true,"valueName":"search_term_string"}}],"inLanguage":"sr-RS"},{"@type":"Person","@id":"https:\/\/president-ksgov.net\/#\/schema\/person\/bb4337a5fb147cb2046d80548172cbee","name":"admin","image":{"@type":"ImageObject","inLanguage":"sr-RS","@id":"https:\/\/president-ksgov.net\/#\/schema\/person\/image\/","url":"https:\/\/secure.gravatar.com\/avatar\/36156ca0fa3b8d9d25174f146e16beea0cf28f37adf1b9e19b6c9c279a7c9dd3?s=96&d=mm&r=g","contentUrl":"https:\/\/secure.gravatar.com\/avatar\/36156ca0fa3b8d9d25174f146e16beea0cf28f37adf1b9e19b6c9c279a7c9dd3?s=96&d=mm&r=g","caption":"admin"},"sameAs":["https:\/\/president-ksgov.net"]}]}},"_links":{"self":[{"href":"https:\/\/president-ksgov.net\/sr\/wp-json\/wp\/v2\/posts\/78914","targetHints":{"allow":["GET"]}}],"collection":[{"href":"https:\/\/president-ksgov.net\/sr\/wp-json\/wp\/v2\/posts"}],"about":[{"href":"https:\/\/president-ksgov.net\/sr\/wp-json\/wp\/v2\/types\/post"}],"author":[{"embeddable":true,"href":"https:\/\/president-ksgov.net\/sr\/wp-json\/wp\/v2\/users\/1"}],"replies":[{"embeddable":true,"href":"https:\/\/president-ksgov.net\/sr\/wp-json\/wp\/v2\/comments?post=78914"}],"version-history":[{"count":0,"href":"https:\/\/president-ksgov.net\/sr\/wp-json\/wp\/v2\/posts\/78914\/revisions"}],"wp:featuredmedia":[{"embeddable":true,"href":"https:\/\/president-ksgov.net\/sr\/wp-json\/wp\/v2\/media\/55311"}],"wp:attachment":[{"href":"https:\/\/president-ksgov.net\/sr\/wp-json\/wp\/v2\/media?parent=78914"}],"wp:term":[{"taxonomy":"category","embeddable":true,"href":"https:\/\/president-ksgov.net\/sr\/wp-json\/wp\/v2\/categories?post=78914"},{"taxonomy":"post_tag","embeddable":true,"href":"https:\/\/president-ksgov.net\/sr\/wp-json\/wp\/v2\/tags?post=78914"}],"curies":[{"name":"wp","href":"https:\/\/api.w.org\/{rel}","templated":true}]}}