{"id":78913,"date":"2012-07-18T17:00:04","date_gmt":"2012-07-18T17:00:04","guid":{"rendered":"https:\/\/dev.president-ksgov.net\/konferencja-sa-novinarima-predsednica-jahjaga-predsednik-evropske-komisije-jose-manuel-barroso\/"},"modified":"2012-07-18T17:00:04","modified_gmt":"2012-07-18T17:00:04","slug":"konferencja-sa-novinarima-predsednica-jahjaga-predsednik-evropske-komisije-jose-manuel-barroso","status":"publish","type":"post","link":"https:\/\/president-ksgov.net\/sr\/konferencja-sa-novinarima-predsednica-jahjaga-predsednik-evropske-komisije-jose-manuel-barroso\/","title":{"rendered":"KONFERENCJA SA NOVINARIMA &#150; PREDSEDNICA JAHJAGA &#150; PREDSEDNIK EVROPSKE KOMISIJE JOSE MANUEL BARROSO"},"content":{"rendered":"<p>Kao &#353;to znate od 27 zemalja \u010dlanica EZ-e, njih pet jo&#353; nije priznalo nezavisnost Kosova. Razlozi su unutra&#353;nji iako je Kosovo sui generis slu\u010daj. Ja ohrabrim ove dr&#382;ave da slede primer ve\u0107ine zemalja \u010dlanica EZ-e i da se pridr&#382;avaju posve\u0107enju konkretne evropske perspektive Zapadnog Balkana.<\/p>\n<p>Po&#353;tovani Predsednice Barroso, <\/p>\n<p>Po&#353;tovani novinari, <\/p>\n<p>Sa Predsednikom Evropske Komisije, gospodinom Barroso, smo imali jedan zajednicki dobar i sadr&#382;ajan razgovor. Mi smo tretirali konkretne teme i obostrane obaveze u procesu Republike Kosovo za postanak zemljom clanicom EZ-e. <\/p>\n<p>Kao &#353;to znate od 27 zemalja clanica EZ-e, njih pet jo&#353; nije priznalo nezavisnost Kosova. Razlozi su unutra&#353;nji iako je Kosovo sui generis slucaj. Ja ohrabrim ove dr&#382;ave da slede primer vecine zemalja clanica EZ-e i da se pridr&#382;avaju posvecenju konkretne evropske perspektive Zapadnog Balkana.<\/p>\n<p>Kosovo je ostvarila napredak u njenoj evropskoj agendi uzimajuci u obzir da od 2008 godine je suverena i nezavisna dr&#382;ava. Dobili smo putokaz za liberalizaciju viza i verujem da ce iduce godine gradani Kosova putovati slobodno i bez viza u zemlje EZ-e, kao i svi ostali gradani regije. <\/p>\n<p>Dobili smo studija fizibiliteta za Sporazum o Stabilizaciji i Asociranju i duboko verujemo da na&#353; put za dobijanje statusa zemlje kandidata ce biti kraci od drugih zemalja.<\/p>\n<p>Na&#353;e posvecenje za ispunjavanje svih uslova i potrebnih kriterija je plebiscitarno i u tome imamo potpuni politicki i nacionalni konsenzus o agendi i na&#353;e ciljeve za clanstvo u EZ-e.<\/p>\n<p>Radi podsticanja potrebnim reformama, pri Uredu Predsednice sa osnovala dva Nacionalna Veca, uz saglasnost i podr&#353;ku svih relevantnih faktora.<br \/>\nU cilju koordinacije, usagla&#353;avanja i koordinacije svih institucionalnih i dru&#353;tvenih postupaka i aktivnosti, su funkcionalizovana Nacionalno Vece za Evropske Integracije i Nacionalno Vece Protiv Korupcije.<\/p>\n<p>Kosovo je gradanska i demokratska dr&#382;ava, gde svi gradani, bez razlike imaju jednaka\/ravnopravna prava i slobode. Kosovo je zemlja reda i vladanja zakona i mi nastojimo i preduzimamo sve postupke za iskorenjivanje korupcije i organizovanog kriminala. Kosovo nije zemlja izvora nego je tranzitna zemlja negativnih pojava, i da bi smo bili uspe&#353;niji , Kosovo treba da bude zemlja clanica svih regionalnih evropskih\u00a0 mehanizama bezbednosti.<\/p>\n<p>Republika Kosovo prati politike dobrosusedstva sa svim zemljama regije, obuhvatajuci i Republiku Srbiju, sa kojom smo odr&#382;ali proces dijaloga u Bruksel i postigli smo sedam sporazuma koji olak&#353;avaju &#382;ivog gradana dveju zemalja i u op&#353;te relaksiraju odnose u regionu.<\/p>\n<p>Dijalog vidimo kao jedinu mogucnost da re&#353;avamo sva pitanja i da potpuno normalizujemo odnose izmedu dve dr&#382;ave. &#381;eleli bismo da Evropska Zajednica kao posrednik iznalazi efikasan mehanizam za nadzor i garanciju sprovodenja ovih sporazuma, &#353;to bi utvrdilo i potrebu nastavljanja daljnjeg dijaloga.<\/p>\n<p>Kosovo ulazi u jednu novu fazu njenog razvoja. Medunarodna Upravljacka Grupa, je ocenila da su postignuti svi uslovi za okoncanje faze nadzora nezavisnosti. Ovo je jedno zajednicko dostignuce gradana, institucija Kosova i medunarodne zajednice. Mi cemo nastaviti, i nakon okoncanja faze nadzora nezavisnosti, da budemo posveceni na spram nacela sa kojima smo stvorili dr&#382;avu Kosovo &#8211; demokratiji, slobodi, i jednakih prava pred zakonom za svakog gradana, bez razlike.<\/p>\n<p>Misija EZ-e za vladanje zakona, EULEX, je u toku realizacije dobrog posla, u&#382;ivajuci poverenje gradana Kosova i mi smo interesovani da se ovaj mandat nastavlja, i nakon okoncanja faze nadzora nezavisnosti uz po&#353;tovanje Ustava i zakona zemlje, uz po&#353;tovanje nacela EZ-e za takve misije i zahtev institucija Kosova za potrebu mandata ovih misija u na&#353;oj zemlji.<\/p>\n<p>Zahvaljujemo se Predsednicu Barroso za njegovo licno posvecenje i<br \/>\nanga&#382;ovanje po pitanju Kosova.<\/p>\n","protected":false},"excerpt":{"rendered":"<p>Kao &#353;to znate od 27 zemalja \u010dlanica EZ-e, njih pet jo&#353; nije priznalo nezavisnost Kosova. Razlozi su unutra&#353;nji iako je Kosovo sui generis slu\u010daj. Ja ohrabrim ove dr&#382;ave da slede primer ve\u0107ine zemalja \u010dlanica EZ-e i da se pridr&#382;avaju posve\u0107enju konkretne evropske perspektive Zapadnog Balkana.<\/p>\n","protected":false},"author":1,"featured_media":55286,"comment_status":"open","ping_status":"closed","sticky":false,"template":"","format":"standard","meta":{"_eb_attr":"","footnotes":""},"categories":[101],"tags":[],"class_list":["post-78913","post","type-post","status-publish","format-standard","has-post-thumbnail","hentry","category-vesti"],"yoast_head":"<!-- This site is optimized with the Yoast SEO plugin v23.5 - https:\/\/yoast.com\/wordpress\/plugins\/seo\/ -->\n<title>KONFERENCJA SA NOVINARIMA &#150; PREDSEDNICA JAHJAGA &#150; PREDSEDNIK EVROPSKE KOMISIJE JOSE MANUEL BARROSO - Predsednik Republike Kosovo - DR. VJOSA OSMANI - SADRIU<\/title>\n<meta name=\"description\" content=\"KONFERENCJA SA NOVINARIMA &#150; PREDSEDNICA JAHJAGA &#150; PREDSEDNIK EVROPSKE KOMISIJE JOSE MANUEL BARROSO - Predsednik Republike Kosovo - DR. VJOSA OSMANI - SADRIU -\" \/>\n<meta name=\"robots\" content=\"index, follow, max-snippet:-1, max-image-preview:large, max-video-preview:-1\" \/>\n<link rel=\"canonical\" href=\"https:\/\/president-ksgov.net\/presidentja-jahjaga-u-takua-me-presidentin-e-komisionit-evropian-zoteri-jose-manual-barroso-2\/\" \/>\n<meta property=\"og:locale\" content=\"sr_RS\" \/>\n<meta property=\"og:type\" content=\"article\" \/>\n<meta property=\"og:title\" content=\"KONFERENCJA SA NOVINARIMA &#150; PREDSEDNICA JAHJAGA &#150; PREDSEDNIK EVROPSKE KOMISIJE JOSE MANUEL BARROSO - Predsednik Republike Kosovo - DR. VJOSA OSMANI - SADRIU\" \/>\n<meta property=\"og:description\" content=\"KONFERENCJA SA NOVINARIMA &#150; PREDSEDNICA JAHJAGA &#150; PREDSEDNIK EVROPSKE KOMISIJE JOSE MANUEL BARROSO - Predsednik Republike Kosovo - DR. VJOSA OSMANI - SADRIU -\" \/>\n<meta property=\"og:url\" content=\"https:\/\/president-ksgov.net\/presidentja-jahjaga-u-takua-me-presidentin-e-komisionit-evropian-zoteri-jose-manual-barroso-2\/\" \/>\n<meta property=\"og:site_name\" content=\"Predsednik Republike Kosovo - DR. VJOSA OSMANI - SADRIU\" \/>\n<meta property=\"article:published_time\" content=\"2012-07-18T17:00:04+00:00\" \/>\n<meta property=\"og:image\" content=\"https:\/\/president-ksgov.net\/wp-content\/uploads\/18.07.2012_Baroso_0.jpg\" \/>\n\t<meta property=\"og:image:width\" content=\"1000\" \/>\n\t<meta property=\"og:image:height\" content=\"667\" \/>\n\t<meta property=\"og:image:type\" content=\"image\/jpeg\" \/>\n<meta name=\"author\" content=\"admin\" \/>\n<meta name=\"twitter:card\" content=\"summary_large_image\" \/>\n<meta name=\"twitter:label1\" content=\"\u041d\u0430\u043f\u0438\u0441\u0430\u043d\u043e \u043e\u0434\" \/>\n\t<meta name=\"twitter:data1\" content=\"admin\" \/>\n\t<meta name=\"twitter:label2\" content=\"\u041f\u0440\u043e\u0446\u0435\u045a\u0435\u043d\u043e \u0432\u0440\u0435\u043c\u0435 \u0447\u0438\u0442\u0430\u045a\u0430\" \/>\n\t<meta name=\"twitter:data2\" content=\"3 \u043c\u0438\u043d\u0443\u0442\u0430\" \/>\n<script type=\"application\/ld+json\" class=\"yoast-schema-graph\">{\"@context\":\"https:\/\/schema.org\",\"@graph\":[{\"@type\":\"WebPage\",\"@id\":\"https:\/\/president-ksgov.net\/presidentja-jahjaga-u-takua-me-presidentin-e-komisionit-evropian-zoteri-jose-manual-barroso-2\/\",\"url\":\"https:\/\/president-ksgov.net\/presidentja-jahjaga-u-takua-me-presidentin-e-komisionit-evropian-zoteri-jose-manual-barroso-2\/\",\"name\":\"KONFERENCJA SA NOVINARIMA &#150; PREDSEDNICA JAHJAGA &#150; PREDSEDNIK EVROPSKE KOMISIJE JOSE MANUEL BARROSO - Predsednik Republike Kosovo - DR. VJOSA OSMANI - SADRIU\",\"isPartOf\":{\"@id\":\"https:\/\/president-ksgov.net\/#website\"},\"primaryImageOfPage\":{\"@id\":\"https:\/\/president-ksgov.net\/presidentja-jahjaga-u-takua-me-presidentin-e-komisionit-evropian-zoteri-jose-manual-barroso-2\/#primaryimage\"},\"image\":{\"@id\":\"https:\/\/president-ksgov.net\/presidentja-jahjaga-u-takua-me-presidentin-e-komisionit-evropian-zoteri-jose-manual-barroso-2\/#primaryimage\"},\"thumbnailUrl\":\"https:\/\/president-ksgov.net\/wp-content\/uploads\/18.07.2012_Baroso_0.jpg\",\"datePublished\":\"2012-07-18T17:00:04+00:00\",\"dateModified\":\"2012-07-18T17:00:04+00:00\",\"author\":{\"@id\":\"https:\/\/president-ksgov.net\/#\/schema\/person\/bb4337a5fb147cb2046d80548172cbee\"},\"description\":\"KONFERENCJA SA NOVINARIMA &#150; PREDSEDNICA JAHJAGA &#150; PREDSEDNIK EVROPSKE KOMISIJE JOSE MANUEL BARROSO - Predsednik Republike Kosovo - DR. VJOSA OSMANI - SADRIU -\",\"breadcrumb\":{\"@id\":\"https:\/\/president-ksgov.net\/presidentja-jahjaga-u-takua-me-presidentin-e-komisionit-evropian-zoteri-jose-manual-barroso-2\/#breadcrumb\"},\"inLanguage\":\"sr-RS\",\"potentialAction\":[{\"@type\":\"ReadAction\",\"target\":[\"https:\/\/president-ksgov.net\/presidentja-jahjaga-u-takua-me-presidentin-e-komisionit-evropian-zoteri-jose-manual-barroso-2\/\"]}]},{\"@type\":\"ImageObject\",\"inLanguage\":\"sr-RS\",\"@id\":\"https:\/\/president-ksgov.net\/presidentja-jahjaga-u-takua-me-presidentin-e-komisionit-evropian-zoteri-jose-manual-barroso-2\/#primaryimage\",\"url\":\"https:\/\/president-ksgov.net\/wp-content\/uploads\/18.07.2012_Baroso_0.jpg\",\"contentUrl\":\"https:\/\/president-ksgov.net\/wp-content\/uploads\/18.07.2012_Baroso_0.jpg\",\"width\":1000,\"height\":667},{\"@type\":\"BreadcrumbList\",\"@id\":\"https:\/\/president-ksgov.net\/presidentja-jahjaga-u-takua-me-presidentin-e-komisionit-evropian-zoteri-jose-manual-barroso-2\/#breadcrumb\",\"itemListElement\":[{\"@type\":\"ListItem\",\"position\":1,\"name\":\"Home\",\"item\":\"https:\/\/president-ksgov.net\/sr\/\"},{\"@type\":\"ListItem\",\"position\":2,\"name\":\"KONFERENCJA SA NOVINARIMA &#150; PREDSEDNICA JAHJAGA &#150; PREDSEDNIK EVROPSKE KOMISIJE JOSE MANUEL BARROSO\"}]},{\"@type\":\"WebSite\",\"@id\":\"https:\/\/president-ksgov.net\/#website\",\"url\":\"https:\/\/president-ksgov.net\/\",\"name\":\"Presidente e Republik\u00ebs s\u00eb Kosov\u00ebs\",\"description\":\"Presidente e Republik\u00ebs s\u00eb Kosov\u00ebs\",\"alternateName\":\"DR. VJOSA OSMANI - SADRIU\",\"potentialAction\":[{\"@type\":\"SearchAction\",\"target\":{\"@type\":\"EntryPoint\",\"urlTemplate\":\"https:\/\/president-ksgov.net\/?s={search_term_string}\"},\"query-input\":{\"@type\":\"PropertyValueSpecification\",\"valueRequired\":true,\"valueName\":\"search_term_string\"}}],\"inLanguage\":\"sr-RS\"},{\"@type\":\"Person\",\"@id\":\"https:\/\/president-ksgov.net\/#\/schema\/person\/bb4337a5fb147cb2046d80548172cbee\",\"name\":\"admin\",\"image\":{\"@type\":\"ImageObject\",\"inLanguage\":\"sr-RS\",\"@id\":\"https:\/\/president-ksgov.net\/#\/schema\/person\/image\/\",\"url\":\"https:\/\/secure.gravatar.com\/avatar\/36156ca0fa3b8d9d25174f146e16beea0cf28f37adf1b9e19b6c9c279a7c9dd3?s=96&d=mm&r=g\",\"contentUrl\":\"https:\/\/secure.gravatar.com\/avatar\/36156ca0fa3b8d9d25174f146e16beea0cf28f37adf1b9e19b6c9c279a7c9dd3?s=96&d=mm&r=g\",\"caption\":\"admin\"},\"sameAs\":[\"https:\/\/president-ksgov.net\"]}]}<\/script>\n<!-- \/ Yoast SEO plugin. -->","yoast_head_json":{"title":"KONFERENCJA SA NOVINARIMA &#150; PREDSEDNICA JAHJAGA &#150; PREDSEDNIK EVROPSKE KOMISIJE JOSE MANUEL BARROSO - Predsednik Republike Kosovo - DR. VJOSA OSMANI - SADRIU","description":"KONFERENCJA SA NOVINARIMA &#150; PREDSEDNICA JAHJAGA &#150; PREDSEDNIK EVROPSKE KOMISIJE JOSE MANUEL BARROSO - Predsednik Republike Kosovo - DR. VJOSA OSMANI - SADRIU -","robots":{"index":"index","follow":"follow","max-snippet":"max-snippet:-1","max-image-preview":"max-image-preview:large","max-video-preview":"max-video-preview:-1"},"canonical":"https:\/\/president-ksgov.net\/presidentja-jahjaga-u-takua-me-presidentin-e-komisionit-evropian-zoteri-jose-manual-barroso-2\/","og_locale":"sr_RS","og_type":"article","og_title":"KONFERENCJA SA NOVINARIMA &#150; PREDSEDNICA JAHJAGA &#150; PREDSEDNIK EVROPSKE KOMISIJE JOSE MANUEL BARROSO - Predsednik Republike Kosovo - DR. VJOSA OSMANI - SADRIU","og_description":"KONFERENCJA SA NOVINARIMA &#150; PREDSEDNICA JAHJAGA &#150; PREDSEDNIK EVROPSKE KOMISIJE JOSE MANUEL BARROSO - Predsednik Republike Kosovo - DR. VJOSA OSMANI - SADRIU -","og_url":"https:\/\/president-ksgov.net\/presidentja-jahjaga-u-takua-me-presidentin-e-komisionit-evropian-zoteri-jose-manual-barroso-2\/","og_site_name":"Predsednik Republike Kosovo - DR. VJOSA OSMANI - SADRIU","article_published_time":"2012-07-18T17:00:04+00:00","og_image":[{"width":1000,"height":667,"url":"https:\/\/president-ksgov.net\/wp-content\/uploads\/18.07.2012_Baroso_0.jpg","type":"image\/jpeg"}],"author":"admin","twitter_card":"summary_large_image","twitter_misc":{"\u041d\u0430\u043f\u0438\u0441\u0430\u043d\u043e \u043e\u0434":"admin","\u041f\u0440\u043e\u0446\u0435\u045a\u0435\u043d\u043e \u0432\u0440\u0435\u043c\u0435 \u0447\u0438\u0442\u0430\u045a\u0430":"3 \u043c\u0438\u043d\u0443\u0442\u0430"},"schema":{"@context":"https:\/\/schema.org","@graph":[{"@type":"WebPage","@id":"https:\/\/president-ksgov.net\/presidentja-jahjaga-u-takua-me-presidentin-e-komisionit-evropian-zoteri-jose-manual-barroso-2\/","url":"https:\/\/president-ksgov.net\/presidentja-jahjaga-u-takua-me-presidentin-e-komisionit-evropian-zoteri-jose-manual-barroso-2\/","name":"KONFERENCJA SA NOVINARIMA &#150; PREDSEDNICA JAHJAGA &#150; PREDSEDNIK EVROPSKE KOMISIJE JOSE MANUEL BARROSO - Predsednik Republike Kosovo - DR. VJOSA OSMANI - SADRIU","isPartOf":{"@id":"https:\/\/president-ksgov.net\/#website"},"primaryImageOfPage":{"@id":"https:\/\/president-ksgov.net\/presidentja-jahjaga-u-takua-me-presidentin-e-komisionit-evropian-zoteri-jose-manual-barroso-2\/#primaryimage"},"image":{"@id":"https:\/\/president-ksgov.net\/presidentja-jahjaga-u-takua-me-presidentin-e-komisionit-evropian-zoteri-jose-manual-barroso-2\/#primaryimage"},"thumbnailUrl":"https:\/\/president-ksgov.net\/wp-content\/uploads\/18.07.2012_Baroso_0.jpg","datePublished":"2012-07-18T17:00:04+00:00","dateModified":"2012-07-18T17:00:04+00:00","author":{"@id":"https:\/\/president-ksgov.net\/#\/schema\/person\/bb4337a5fb147cb2046d80548172cbee"},"description":"KONFERENCJA SA NOVINARIMA &#150; PREDSEDNICA JAHJAGA &#150; PREDSEDNIK EVROPSKE KOMISIJE JOSE MANUEL BARROSO - Predsednik Republike Kosovo - DR. VJOSA OSMANI - SADRIU -","breadcrumb":{"@id":"https:\/\/president-ksgov.net\/presidentja-jahjaga-u-takua-me-presidentin-e-komisionit-evropian-zoteri-jose-manual-barroso-2\/#breadcrumb"},"inLanguage":"sr-RS","potentialAction":[{"@type":"ReadAction","target":["https:\/\/president-ksgov.net\/presidentja-jahjaga-u-takua-me-presidentin-e-komisionit-evropian-zoteri-jose-manual-barroso-2\/"]}]},{"@type":"ImageObject","inLanguage":"sr-RS","@id":"https:\/\/president-ksgov.net\/presidentja-jahjaga-u-takua-me-presidentin-e-komisionit-evropian-zoteri-jose-manual-barroso-2\/#primaryimage","url":"https:\/\/president-ksgov.net\/wp-content\/uploads\/18.07.2012_Baroso_0.jpg","contentUrl":"https:\/\/president-ksgov.net\/wp-content\/uploads\/18.07.2012_Baroso_0.jpg","width":1000,"height":667},{"@type":"BreadcrumbList","@id":"https:\/\/president-ksgov.net\/presidentja-jahjaga-u-takua-me-presidentin-e-komisionit-evropian-zoteri-jose-manual-barroso-2\/#breadcrumb","itemListElement":[{"@type":"ListItem","position":1,"name":"Home","item":"https:\/\/president-ksgov.net\/sr\/"},{"@type":"ListItem","position":2,"name":"KONFERENCJA SA NOVINARIMA &#150; PREDSEDNICA JAHJAGA &#150; PREDSEDNIK EVROPSKE KOMISIJE JOSE MANUEL BARROSO"}]},{"@type":"WebSite","@id":"https:\/\/president-ksgov.net\/#website","url":"https:\/\/president-ksgov.net\/","name":"Presidente e Republik\u00ebs s\u00eb Kosov\u00ebs","description":"Presidente e Republik\u00ebs s\u00eb Kosov\u00ebs","alternateName":"DR. VJOSA OSMANI - SADRIU","potentialAction":[{"@type":"SearchAction","target":{"@type":"EntryPoint","urlTemplate":"https:\/\/president-ksgov.net\/?s={search_term_string}"},"query-input":{"@type":"PropertyValueSpecification","valueRequired":true,"valueName":"search_term_string"}}],"inLanguage":"sr-RS"},{"@type":"Person","@id":"https:\/\/president-ksgov.net\/#\/schema\/person\/bb4337a5fb147cb2046d80548172cbee","name":"admin","image":{"@type":"ImageObject","inLanguage":"sr-RS","@id":"https:\/\/president-ksgov.net\/#\/schema\/person\/image\/","url":"https:\/\/secure.gravatar.com\/avatar\/36156ca0fa3b8d9d25174f146e16beea0cf28f37adf1b9e19b6c9c279a7c9dd3?s=96&d=mm&r=g","contentUrl":"https:\/\/secure.gravatar.com\/avatar\/36156ca0fa3b8d9d25174f146e16beea0cf28f37adf1b9e19b6c9c279a7c9dd3?s=96&d=mm&r=g","caption":"admin"},"sameAs":["https:\/\/president-ksgov.net"]}]}},"_links":{"self":[{"href":"https:\/\/president-ksgov.net\/sr\/wp-json\/wp\/v2\/posts\/78913","targetHints":{"allow":["GET"]}}],"collection":[{"href":"https:\/\/president-ksgov.net\/sr\/wp-json\/wp\/v2\/posts"}],"about":[{"href":"https:\/\/president-ksgov.net\/sr\/wp-json\/wp\/v2\/types\/post"}],"author":[{"embeddable":true,"href":"https:\/\/president-ksgov.net\/sr\/wp-json\/wp\/v2\/users\/1"}],"replies":[{"embeddable":true,"href":"https:\/\/president-ksgov.net\/sr\/wp-json\/wp\/v2\/comments?post=78913"}],"version-history":[{"count":0,"href":"https:\/\/president-ksgov.net\/sr\/wp-json\/wp\/v2\/posts\/78913\/revisions"}],"wp:featuredmedia":[{"embeddable":true,"href":"https:\/\/president-ksgov.net\/sr\/wp-json\/wp\/v2\/media\/55286"}],"wp:attachment":[{"href":"https:\/\/president-ksgov.net\/sr\/wp-json\/wp\/v2\/media?parent=78913"}],"wp:term":[{"taxonomy":"category","embeddable":true,"href":"https:\/\/president-ksgov.net\/sr\/wp-json\/wp\/v2\/categories?post=78913"},{"taxonomy":"post_tag","embeddable":true,"href":"https:\/\/president-ksgov.net\/sr\/wp-json\/wp\/v2\/tags?post=78913"}],"curies":[{"name":"wp","href":"https:\/\/api.w.org\/{rel}","templated":true}]}}