{"id":78872,"date":"2012-08-30T12:53:46","date_gmt":"2012-08-30T12:53:46","guid":{"rendered":"https:\/\/dev.president-ksgov.net\/predsednica-atifete-jahjaga-je-docekala-predsednika-bujar-nishani\/"},"modified":"2012-08-30T12:53:46","modified_gmt":"2012-08-30T12:53:46","slug":"predsednica-atifete-jahjaga-je-docekala-predsednika-bujar-nishani","status":"publish","type":"post","link":"https:\/\/president-ksgov.net\/sr\/predsednica-atifete-jahjaga-je-docekala-predsednika-bujar-nishani\/","title":{"rendered":"Predsednica Atifete Jahjaga je do\u010dekala Predsednika Bujar Nishani"},"content":{"rendered":"<p>Predsednica Republike Kosovo gospo\u0111a Atifete Jahjaga danas je do\u010dekala Predsednika Republike  Albanije, g. Bujar Nishani.<\/p>\n<p>Na poziv Predsednice Jahjaga, Predsednik Nishani njegovu prvu dr&#382;avnu posetu, nakon izbora na \u010delo Albanije, ostvaruje u Republici Kosovo. <\/p>\n<p>Predsednik Nishani je do\u010dekan dr&#382;avnom ceremonijom od strane Predsednice Jahjaga, i potom dva predsednika su odr&#382;ali jedan zajedni\u010dki sastanak, gde su razgovarali o nizu pitanja od interesa.<\/p>\n<p>Zatim Predsednica Jahjaga i Predsednik Nishani su vodili sastanak &#353;irih\u00a0 delegacija dveju dr&#382;ava.<\/p>\n<p>Predsednica Jahjaga i Predsednik Nishani su na sastanku naglasili veliko posve\u0107enje institucija Kosova i Albanije za sve bolju saradnju izme\u0111u na&#353;ih dveju zemalja u svim oblastima i za pomo\u0107 zajedni\u010dkom kretanju na putu me\u0111unarodnih integracija.<\/p>\n<p>Oni su tako\u0111e naglasili veliku va&#382;nost okon\u010danja nadzora nezavisnosti, &#353;to ozna\u010dava jedan vrlo va&#382;an momenat na putu Kosova u pravcu evropsko-atlantskih integracija.<\/p>\n<p>Nakon sastanka, Predsednica Jahjaga i Predsednik Nishani su dali izjave za medije i odgovorili na pitanja novinara.<br \/>\nU nastavku, dajemo izjave Predsednice Jahjaga i Predsednika Nishani.<\/p>\n<p>Predsednica Jahjaga: Predsedniku Albanije &#382;elim dobrodo&#353;licu i plodonosnu dr&#382;avnu posetu u Republici Kosovo. Visoko cenim &#382;elju Predsednika Nishani da prvu posetu u\u010dini upravo u na&#353;u zemlju jer ovo ima smisao poruke i svoju simboliku pri ovoj proslavi 100 godi&#353;njice nezavisnosti Albanije za koju su na&#353;i preci dali vanredni doprinos ustancima za nacionalno oslobo\u0111enje i aktivnim u\u010de&#353;\u0107em u Skup&#353;tini, u Valoni.<\/p>\n<p>Imali smo plodan razgovor u cilju daljnje svestrane saradnje izme\u0111u na&#353;e dve zemlje, u cilju unapre\u0111enja i razvoja investicija i zajedni\u010dkog pristupa tre\u0107im tr&#382;i&#353;tima. Saglasili smo se da granica izme\u0111u na&#353;e dve zemlje bude jedna evropska granica koja spaja ljude omogu\u0107iv&#353;i slobodnu komunikaciju sa konkretnim programima\u00a0 pri kori&#353;\u0107enju na&#353;ih resursa.<\/p>\n<p>Ove godine zavr&#353;ava se nacionalni put &#8220;Ibrahim Rugova&#8221; u celom segmentu Pri&#353;tina &#8211; Dra\u010d i to \u0107e mnogo pomo\u0107i trgova\u010dkoj razmeni, razmeni robe a pristup\u00a0 Republike Kosovo lukama Albanije\u00a0 jeste od vanredne va&#382;nosti za plasman na&#353;ih proizvoda i za ekonomsko povezivanje sa svim zemljama sveta. <\/p>\n<p>Zahvalila sam se Predsedniku Nishani za stalnu pomo\u0107 koju Albanija daje Kosovu u svim oblastima i potpuno smo se saglasili da \u0107e se podr&#353;ka dr&#382;ave Albanije nastaviti i u budu\u0107e naro\u010dito u propagandi za nova priznanja nezavisnosti Kosova, za \u010dlanstvo Kosova u regionalnim i globalnim organizacijama, za predstavljanje Kosova u tre\u0107im zemljama i na na&#353;em putu Evropsko-Atlantskih integracija u kojoj Albanija posti&#382;e uspeh i mi imamo &#353;ta nau\u010diti od tog iskustva. <\/p>\n<p>Mi predsednici predstavljaju\u0107i jedinstvo naroda, predstavljamo osnovna na\u010dela i glavne pravce politike. Vlade dveju na&#353;ih zemalja ovekove\u010de konkretnim sporazumima saradnju u privredi, kulturu, obrazovanje, nauku, zdravstvo i u svim oblastima od zajedni\u010dkog interesa, i mi jesmo i bit \u0107emo dobar primer bilateralne i regionalne saradnje. Ovo je u interesu svih gra\u0111ana, u interesu napretka, razvoja, mira i stabilnosti u regionu. <\/p>\n<p>Predsednik Nishani: &#381;elim izraziti svo moje zadovoljstvo i posebno po&#353;tovanje koje imam &#353;to prvu posetu kao Predsednik Albanije ostvarujem na Kosovu. Koristim priliku da se zahvalim Predsednici Jahjaga za upu\u0107eni poziv i veli\u010danstven do\u010dek koji mi je prire\u0111en.<br \/>\nOvom posetom pru&#382;ena mi je mogu\u0107nost da pratim veliki napredak Kosova i njenih gra\u0111ana, koji su ostvarili u ovim godinama svoje nezavisnosti i slobode.<\/p>\n<p>Slobodno, nezavisno, demokratsko i suvereno Kosovo, danas je ne samo nepovratna realnost, nego i jedan neophodan faktor za mir, stabilnost i ekonomski razvoj u celom regionu Balkana.<\/p>\n<p>Sa Predsednicom\u00a0 Jahjaga smo imali jedan vrlo va&#382;an i prijateljski razgovor o dostignu\u0107ima na&#353;ih dveju zemalja i o na&#353;oj prisnoj politi\u010dkoj, ekonomskoj i svestranoj saradnji koja jo&#353; vi&#353;e treba da napreduje i oja\u010da.<\/p>\n<p>Sada ve\u0107 ostvareno slobodno kretanje i komuniciranje gra\u0111ana dveju na&#353;ih zemalja jeste jedan od najsvetlijih\u00a0 modela o&#382;ivotvorenja univerzalnih ljudskih prava i sloboda. Ka ovom standardu se trebamo orijentirati i konsolidovati kretanje, razmenu robe i trgovinu.<\/p>\n<p>Imao sam priliku da izrazim Predsednici najbolje \u010destitke za poslednju odluku Me\u0111unarodne Upravlja\u010dke Grupe za Kosovo koja je okon\u010dala nadzor nezavisnosti i otvorila jedno novo poglavlje za dr&#382;avu Kosovo kao suverene i nezavisne dr&#382;ave. Ovo veliko dostignu\u0107e je namenjeno gra\u0111anima i dru&#353;tvu Kosova, politi\u010dkim predstavnicima i njenim institucijama za pokazano dostojanstvo, suzdr&#382;ljivost, mudrost i hrabrost.<\/p>\n<p>Posebna zasluga je namenjena Predsednici Jahjaga za njen li\u010dni doprinos afirmaciji dostojanstvenog profila dr&#382;ave Kosovo i za zrelo i mudro tretiranje izazova sa kojima se su\u010deljava Kosovo.<\/p>\n<p>Izrazio sam svu spremnost i volju Republike Albanije za pru&#382;anje celog njenog pozitivnog iskustva i potrebno iskustvo za institucije Kosova u svim procesima integracije koje je zapo\u010delo Kosovo i naro\u010dito nastojanja Albanije za obuhvatanje Kosova u Jadransku Kartu.<\/p>\n<p>Podelili smo zajedni\u010dka gledi&#353;ta o zajedni\u010dkim izazovima koje imaju na&#353;e dve zemlje, kako u borbi protiv korupcije, konsolidaciji neovisnih institucija, dru&#353;tvenu odgovornost politi\u010dkih aktera, pro&#353;irenje prostora slobodnog tr&#382;i&#353;ta. <\/p>\n<p>Ovaj sastanak se odvija u 100-godi&#353;njici nezavisnosti Albanije, proces koji je svoje svetlo upalilo u velikoj Skup&#353;tini Prizrenske Lige i zavr&#353;en Skupom Albanskih velikana u Valoni. Ovo \u0107e biti jedan momenat radosti i slavlja za sve Albance, ma gde se oni nalazili. Ovo je tako\u0111e momenat podse\u0107anja i analiza. Pozvao sam Predsednicu Jahjaga da nam, njenim prisustvom, uveli\u010da ovo slavlje.\u00a0\u00a0<br \/>\nMoja prva poseta kao Predsednik Albanije u Kosovo \u0107e ostati u najlep&#353;em se\u0107anju celog mog &#382;ivota.<\/p>\n","protected":false},"excerpt":{"rendered":"<p>Predsednica Republike Kosovo gospo\u0111a Atifete Jahjaga danas je do\u010dekala Predsednika Republike  Albanije, g. Bujar Nishani.<\/p>\n","protected":false},"author":1,"featured_media":55020,"comment_status":"open","ping_status":"closed","sticky":false,"template":"","format":"standard","meta":{"_eb_attr":"","footnotes":""},"categories":[101],"tags":[],"class_list":["post-78872","post","type-post","status-publish","format-standard","has-post-thumbnail","hentry","category-vesti"],"yoast_head":"<!-- This site is optimized with the Yoast SEO plugin v23.5 - https:\/\/yoast.com\/wordpress\/plugins\/seo\/ -->\n<title>Predsednica Atifete Jahjaga je do\u010dekala Predsednika Bujar Nishani - Predsednik Republike Kosovo - DR. VJOSA OSMANI - SADRIU<\/title>\n<meta name=\"description\" content=\"Predsednica Atifete Jahjaga je do\u010dekala Predsednika Bujar Nishani - Predsednik Republike Kosovo - DR. VJOSA OSMANI - SADRIU -\" \/>\n<meta name=\"robots\" content=\"index, follow, max-snippet:-1, max-image-preview:large, max-video-preview:-1\" \/>\n<link rel=\"canonical\" href=\"https:\/\/president-ksgov.net\/presidentja-atifete-jahjaga-priti-presidentin-bujar-nishani\/\" \/>\n<meta property=\"og:locale\" content=\"sr_RS\" \/>\n<meta property=\"og:type\" content=\"article\" \/>\n<meta property=\"og:title\" content=\"Predsednica Atifete Jahjaga je do\u010dekala Predsednika Bujar Nishani - Predsednik Republike Kosovo - DR. VJOSA OSMANI - SADRIU\" \/>\n<meta property=\"og:description\" content=\"Predsednica Atifete Jahjaga je do\u010dekala Predsednika Bujar Nishani - Predsednik Republike Kosovo - DR. VJOSA OSMANI - SADRIU -\" \/>\n<meta property=\"og:url\" content=\"https:\/\/president-ksgov.net\/presidentja-atifete-jahjaga-priti-presidentin-bujar-nishani\/\" \/>\n<meta property=\"og:site_name\" content=\"Predsednik Republike Kosovo - DR. VJOSA OSMANI - SADRIU\" \/>\n<meta property=\"article:published_time\" content=\"2012-08-30T12:53:46+00:00\" \/>\n<meta property=\"og:image\" content=\"https:\/\/president-ksgov.net\/wp-content\/uploads\/30_08_2012_Konferenca_1.jpg\" \/>\n\t<meta property=\"og:image:width\" content=\"1000\" \/>\n\t<meta property=\"og:image:height\" content=\"667\" \/>\n\t<meta property=\"og:image:type\" content=\"image\/jpeg\" \/>\n<meta name=\"author\" content=\"admin\" \/>\n<meta name=\"twitter:card\" content=\"summary_large_image\" \/>\n<meta name=\"twitter:label1\" content=\"\u041d\u0430\u043f\u0438\u0441\u0430\u043d\u043e \u043e\u0434\" \/>\n\t<meta name=\"twitter:data1\" content=\"admin\" \/>\n\t<meta name=\"twitter:label2\" content=\"\u041f\u0440\u043e\u0446\u0435\u045a\u0435\u043d\u043e \u0432\u0440\u0435\u043c\u0435 \u0447\u0438\u0442\u0430\u045a\u0430\" \/>\n\t<meta name=\"twitter:data2\" content=\"5 \u043c\u0438\u043d\u0443\u0442\u0430\" \/>\n<script type=\"application\/ld+json\" class=\"yoast-schema-graph\">{\"@context\":\"https:\/\/schema.org\",\"@graph\":[{\"@type\":\"WebPage\",\"@id\":\"https:\/\/president-ksgov.net\/presidentja-atifete-jahjaga-priti-presidentin-bujar-nishani\/\",\"url\":\"https:\/\/president-ksgov.net\/presidentja-atifete-jahjaga-priti-presidentin-bujar-nishani\/\",\"name\":\"Predsednica Atifete Jahjaga je do\u010dekala Predsednika Bujar Nishani - Predsednik Republike Kosovo - DR. VJOSA OSMANI - SADRIU\",\"isPartOf\":{\"@id\":\"https:\/\/president-ksgov.net\/#website\"},\"primaryImageOfPage\":{\"@id\":\"https:\/\/president-ksgov.net\/presidentja-atifete-jahjaga-priti-presidentin-bujar-nishani\/#primaryimage\"},\"image\":{\"@id\":\"https:\/\/president-ksgov.net\/presidentja-atifete-jahjaga-priti-presidentin-bujar-nishani\/#primaryimage\"},\"thumbnailUrl\":\"https:\/\/president-ksgov.net\/wp-content\/uploads\/30_08_2012_Konferenca_1.jpg\",\"datePublished\":\"2012-08-30T12:53:46+00:00\",\"dateModified\":\"2012-08-30T12:53:46+00:00\",\"author\":{\"@id\":\"https:\/\/president-ksgov.net\/#\/schema\/person\/bb4337a5fb147cb2046d80548172cbee\"},\"description\":\"Predsednica Atifete Jahjaga je do\u010dekala Predsednika Bujar Nishani - Predsednik Republike Kosovo - DR. VJOSA OSMANI - SADRIU -\",\"breadcrumb\":{\"@id\":\"https:\/\/president-ksgov.net\/presidentja-atifete-jahjaga-priti-presidentin-bujar-nishani\/#breadcrumb\"},\"inLanguage\":\"sr-RS\",\"potentialAction\":[{\"@type\":\"ReadAction\",\"target\":[\"https:\/\/president-ksgov.net\/presidentja-atifete-jahjaga-priti-presidentin-bujar-nishani\/\"]}]},{\"@type\":\"ImageObject\",\"inLanguage\":\"sr-RS\",\"@id\":\"https:\/\/president-ksgov.net\/presidentja-atifete-jahjaga-priti-presidentin-bujar-nishani\/#primaryimage\",\"url\":\"https:\/\/president-ksgov.net\/wp-content\/uploads\/30_08_2012_Konferenca_1.jpg\",\"contentUrl\":\"https:\/\/president-ksgov.net\/wp-content\/uploads\/30_08_2012_Konferenca_1.jpg\",\"width\":1000,\"height\":667},{\"@type\":\"BreadcrumbList\",\"@id\":\"https:\/\/president-ksgov.net\/presidentja-atifete-jahjaga-priti-presidentin-bujar-nishani\/#breadcrumb\",\"itemListElement\":[{\"@type\":\"ListItem\",\"position\":1,\"name\":\"Home\",\"item\":\"https:\/\/president-ksgov.net\/sr\/\"},{\"@type\":\"ListItem\",\"position\":2,\"name\":\"Predsednica Atifete Jahjaga je do\u010dekala Predsednika Bujar Nishani\"}]},{\"@type\":\"WebSite\",\"@id\":\"https:\/\/president-ksgov.net\/#website\",\"url\":\"https:\/\/president-ksgov.net\/\",\"name\":\"Presidente e Republik\u00ebs s\u00eb Kosov\u00ebs\",\"description\":\"Presidente e Republik\u00ebs s\u00eb Kosov\u00ebs\",\"alternateName\":\"DR. VJOSA OSMANI - SADRIU\",\"potentialAction\":[{\"@type\":\"SearchAction\",\"target\":{\"@type\":\"EntryPoint\",\"urlTemplate\":\"https:\/\/president-ksgov.net\/?s={search_term_string}\"},\"query-input\":{\"@type\":\"PropertyValueSpecification\",\"valueRequired\":true,\"valueName\":\"search_term_string\"}}],\"inLanguage\":\"sr-RS\"},{\"@type\":\"Person\",\"@id\":\"https:\/\/president-ksgov.net\/#\/schema\/person\/bb4337a5fb147cb2046d80548172cbee\",\"name\":\"admin\",\"image\":{\"@type\":\"ImageObject\",\"inLanguage\":\"sr-RS\",\"@id\":\"https:\/\/president-ksgov.net\/#\/schema\/person\/image\/\",\"url\":\"https:\/\/secure.gravatar.com\/avatar\/36156ca0fa3b8d9d25174f146e16beea0cf28f37adf1b9e19b6c9c279a7c9dd3?s=96&d=mm&r=g\",\"contentUrl\":\"https:\/\/secure.gravatar.com\/avatar\/36156ca0fa3b8d9d25174f146e16beea0cf28f37adf1b9e19b6c9c279a7c9dd3?s=96&d=mm&r=g\",\"caption\":\"admin\"},\"sameAs\":[\"https:\/\/president-ksgov.net\"]}]}<\/script>\n<!-- \/ Yoast SEO plugin. -->","yoast_head_json":{"title":"Predsednica Atifete Jahjaga je do\u010dekala Predsednika Bujar Nishani - Predsednik Republike Kosovo - DR. VJOSA OSMANI - SADRIU","description":"Predsednica Atifete Jahjaga je do\u010dekala Predsednika Bujar Nishani - Predsednik Republike Kosovo - DR. VJOSA OSMANI - SADRIU -","robots":{"index":"index","follow":"follow","max-snippet":"max-snippet:-1","max-image-preview":"max-image-preview:large","max-video-preview":"max-video-preview:-1"},"canonical":"https:\/\/president-ksgov.net\/presidentja-atifete-jahjaga-priti-presidentin-bujar-nishani\/","og_locale":"sr_RS","og_type":"article","og_title":"Predsednica Atifete Jahjaga je do\u010dekala Predsednika Bujar Nishani - Predsednik Republike Kosovo - DR. VJOSA OSMANI - SADRIU","og_description":"Predsednica Atifete Jahjaga je do\u010dekala Predsednika Bujar Nishani - Predsednik Republike Kosovo - DR. VJOSA OSMANI - SADRIU -","og_url":"https:\/\/president-ksgov.net\/presidentja-atifete-jahjaga-priti-presidentin-bujar-nishani\/","og_site_name":"Predsednik Republike Kosovo - DR. VJOSA OSMANI - SADRIU","article_published_time":"2012-08-30T12:53:46+00:00","og_image":[{"width":1000,"height":667,"url":"https:\/\/president-ksgov.net\/wp-content\/uploads\/30_08_2012_Konferenca_1.jpg","type":"image\/jpeg"}],"author":"admin","twitter_card":"summary_large_image","twitter_misc":{"\u041d\u0430\u043f\u0438\u0441\u0430\u043d\u043e \u043e\u0434":"admin","\u041f\u0440\u043e\u0446\u0435\u045a\u0435\u043d\u043e \u0432\u0440\u0435\u043c\u0435 \u0447\u0438\u0442\u0430\u045a\u0430":"5 \u043c\u0438\u043d\u0443\u0442\u0430"},"schema":{"@context":"https:\/\/schema.org","@graph":[{"@type":"WebPage","@id":"https:\/\/president-ksgov.net\/presidentja-atifete-jahjaga-priti-presidentin-bujar-nishani\/","url":"https:\/\/president-ksgov.net\/presidentja-atifete-jahjaga-priti-presidentin-bujar-nishani\/","name":"Predsednica Atifete Jahjaga je do\u010dekala Predsednika Bujar Nishani - Predsednik Republike Kosovo - DR. VJOSA OSMANI - SADRIU","isPartOf":{"@id":"https:\/\/president-ksgov.net\/#website"},"primaryImageOfPage":{"@id":"https:\/\/president-ksgov.net\/presidentja-atifete-jahjaga-priti-presidentin-bujar-nishani\/#primaryimage"},"image":{"@id":"https:\/\/president-ksgov.net\/presidentja-atifete-jahjaga-priti-presidentin-bujar-nishani\/#primaryimage"},"thumbnailUrl":"https:\/\/president-ksgov.net\/wp-content\/uploads\/30_08_2012_Konferenca_1.jpg","datePublished":"2012-08-30T12:53:46+00:00","dateModified":"2012-08-30T12:53:46+00:00","author":{"@id":"https:\/\/president-ksgov.net\/#\/schema\/person\/bb4337a5fb147cb2046d80548172cbee"},"description":"Predsednica Atifete Jahjaga je do\u010dekala Predsednika Bujar Nishani - Predsednik Republike Kosovo - DR. VJOSA OSMANI - SADRIU -","breadcrumb":{"@id":"https:\/\/president-ksgov.net\/presidentja-atifete-jahjaga-priti-presidentin-bujar-nishani\/#breadcrumb"},"inLanguage":"sr-RS","potentialAction":[{"@type":"ReadAction","target":["https:\/\/president-ksgov.net\/presidentja-atifete-jahjaga-priti-presidentin-bujar-nishani\/"]}]},{"@type":"ImageObject","inLanguage":"sr-RS","@id":"https:\/\/president-ksgov.net\/presidentja-atifete-jahjaga-priti-presidentin-bujar-nishani\/#primaryimage","url":"https:\/\/president-ksgov.net\/wp-content\/uploads\/30_08_2012_Konferenca_1.jpg","contentUrl":"https:\/\/president-ksgov.net\/wp-content\/uploads\/30_08_2012_Konferenca_1.jpg","width":1000,"height":667},{"@type":"BreadcrumbList","@id":"https:\/\/president-ksgov.net\/presidentja-atifete-jahjaga-priti-presidentin-bujar-nishani\/#breadcrumb","itemListElement":[{"@type":"ListItem","position":1,"name":"Home","item":"https:\/\/president-ksgov.net\/sr\/"},{"@type":"ListItem","position":2,"name":"Predsednica Atifete Jahjaga je do\u010dekala Predsednika Bujar Nishani"}]},{"@type":"WebSite","@id":"https:\/\/president-ksgov.net\/#website","url":"https:\/\/president-ksgov.net\/","name":"Presidente e Republik\u00ebs s\u00eb Kosov\u00ebs","description":"Presidente e Republik\u00ebs s\u00eb Kosov\u00ebs","alternateName":"DR. VJOSA OSMANI - SADRIU","potentialAction":[{"@type":"SearchAction","target":{"@type":"EntryPoint","urlTemplate":"https:\/\/president-ksgov.net\/?s={search_term_string}"},"query-input":{"@type":"PropertyValueSpecification","valueRequired":true,"valueName":"search_term_string"}}],"inLanguage":"sr-RS"},{"@type":"Person","@id":"https:\/\/president-ksgov.net\/#\/schema\/person\/bb4337a5fb147cb2046d80548172cbee","name":"admin","image":{"@type":"ImageObject","inLanguage":"sr-RS","@id":"https:\/\/president-ksgov.net\/#\/schema\/person\/image\/","url":"https:\/\/secure.gravatar.com\/avatar\/36156ca0fa3b8d9d25174f146e16beea0cf28f37adf1b9e19b6c9c279a7c9dd3?s=96&d=mm&r=g","contentUrl":"https:\/\/secure.gravatar.com\/avatar\/36156ca0fa3b8d9d25174f146e16beea0cf28f37adf1b9e19b6c9c279a7c9dd3?s=96&d=mm&r=g","caption":"admin"},"sameAs":["https:\/\/president-ksgov.net"]}]}},"_links":{"self":[{"href":"https:\/\/president-ksgov.net\/sr\/wp-json\/wp\/v2\/posts\/78872","targetHints":{"allow":["GET"]}}],"collection":[{"href":"https:\/\/president-ksgov.net\/sr\/wp-json\/wp\/v2\/posts"}],"about":[{"href":"https:\/\/president-ksgov.net\/sr\/wp-json\/wp\/v2\/types\/post"}],"author":[{"embeddable":true,"href":"https:\/\/president-ksgov.net\/sr\/wp-json\/wp\/v2\/users\/1"}],"replies":[{"embeddable":true,"href":"https:\/\/president-ksgov.net\/sr\/wp-json\/wp\/v2\/comments?post=78872"}],"version-history":[{"count":0,"href":"https:\/\/president-ksgov.net\/sr\/wp-json\/wp\/v2\/posts\/78872\/revisions"}],"wp:featuredmedia":[{"embeddable":true,"href":"https:\/\/president-ksgov.net\/sr\/wp-json\/wp\/v2\/media\/55020"}],"wp:attachment":[{"href":"https:\/\/president-ksgov.net\/sr\/wp-json\/wp\/v2\/media?parent=78872"}],"wp:term":[{"taxonomy":"category","embeddable":true,"href":"https:\/\/president-ksgov.net\/sr\/wp-json\/wp\/v2\/categories?post=78872"},{"taxonomy":"post_tag","embeddable":true,"href":"https:\/\/president-ksgov.net\/sr\/wp-json\/wp\/v2\/tags?post=78872"}],"curies":[{"name":"wp","href":"https:\/\/api.w.org\/{rel}","templated":true}]}}