{"id":78869,"date":"2012-09-05T16:33:57","date_gmt":"2012-09-05T16:33:57","guid":{"rendered":"https:\/\/dev.president-ksgov.net\/predsednica-jahjaga-je-docekala-general-majora-timothy-orr\/"},"modified":"2012-09-05T16:33:57","modified_gmt":"2012-09-05T16:33:57","slug":"predsednica-jahjaga-je-docekala-general-majora-timothy-orr","status":"publish","type":"post","link":"https:\/\/president-ksgov.net\/sr\/predsednica-jahjaga-je-docekala-general-majora-timothy-orr\/","title":{"rendered":"Predsednica Jahjaga je do\u010dekala general majora Timothy Orr"},"content":{"rendered":"<p>Predsednica Republike Kosovo, gospo\u0111a Atifete Jahjaga, do\u010dekala je danas na sastanak general majora Timothy Orr Ameri\u010dke Nacionalne Garde u Dr&#382;avi Iowa.<\/p>\n<p>Predsednica Jahjaga se zahvalila generalu Orr za njegovo li\u010dno anga&#382;ovanje za ja\u010danje i unapre\u0111enje dr&#382;avnog partnerstva izme\u0111u Republike Kosovo i Dr&#382;ave Iowa\u00a0 u SAD-e, posebno Ameri\u010dke Nacionalne Garde sa Kosovskom Snagom Bezbednosti. Predsednica Jahjaga je ocenila da pomo\u0107 Ameri\u010dke Nacionalne Garde za BSK za pove\u0107anje kapaciteta, osposobljavanje i stru\u010dno uzdizanje ove snage je od jedne posebne va&#382;nosti i ono treba da se i dalje nastavlja. Posebno ona re\u010de da je BSK-a osposobljena i spremna za u\u010de&#353;\u0107e u me\u0111unarodnim\u00a0 misijama i u hitnim slu\u010dajevima bilo gde u svetu.<\/p>\n<p>Govore\u0107i o saradnji u ostalim oblastima Predsednica Jahjaga je naglasila da Kosovo i dr&#382;ava Iowa trebaju produbiti odnose izme\u0111u njih naro\u010dito u oblasti poljoprivrede i alternativne energije i promocije investicija. Predsednica Jahjaga je naglasila da je va&#382;an\u00a0 boravak generala Orr u Kosovo, nakon njene posete dr&#382;avi Iowa u Junu ove godine, i da to govori o jednom nastavku zajedni\u010dkog interesovanja za unapre\u0111enje odnosa izme\u0111u Republike Kosovo i Dr&#382;ave Iowa. <\/p>\n<p>General major Timothy Orr, je ocenio odnose izme\u0111u dr&#382;ave Iowa i Republike Kosovo kao odli\u010dne i visoko cenio anga&#382;ovanje i liderstvo Predsednice Jahjaga za unapre\u0111enje ovih odnosa. On re\u010de da posle posete Predsednice Jahjaga u dr&#382;avi Iowa bila u posetu\u00a0 jo&#353; jedna delegacija sa Kosova, na ministarskom nivou u njegovoj dr&#382;avi\u00a0 &#353;to govori o nastavku i konkretnom produbljivanju odnosa.<\/p>\n<p>General Orr re\u010de da Dr&#382;ava Iowa je posve\u0107ena za partnerstvo sa Republikom Kosovo i ocenio to kao jednu od prevashodnih njegovih anga&#382;ovanja. On re\u010de da Nacionalna Garda u Dr&#382;avi Iowa \u0107e pomo\u0107i BSK-a u svim oblastima i u njenom stru\u010dnom uzdizanju. General Orr je naglasio da Iowa je posve\u0107ena da poma&#382;e Kosovo i u oblasti poljoprivrede i u svim drugim segmentima gde \u0107e zatrebati.<\/p>\n<p>Ina\u010de, Predsednica Jahjaga u okviru njene posete SAD-e u Junu ove godine, je boravila i u dr&#382;avi Iowa, gde se sastala sa njenim visokim zvani\u010dnicima, posetila Ameri\u010dku Nacionalnu Gardu, te je posetila i jedan broj obrazovnih i poljoprivrednih institucija, da bi uvidela mogu\u0107nost saradnje izme\u0111u Kosova i Iowe.<br \/>\n\u00a0<\/p>\n","protected":false},"excerpt":{"rendered":"<p>Predsednica Republike Kosovo, gospo\u0111a Atifete Jahjaga, do\u010dekala je danas na sastanak general majora Timothy Orr Ameri\u010dke Nacionalne Garde u Dr&#382;avi Iowa.<\/p>\n","protected":false},"author":1,"featured_media":55011,"comment_status":"open","ping_status":"closed","sticky":false,"template":"","format":"standard","meta":{"_eb_attr":"","footnotes":""},"categories":[101],"tags":[],"class_list":["post-78869","post","type-post","status-publish","format-standard","has-post-thumbnail","hentry","category-vesti"],"yoast_head":"<!-- This site is optimized with the Yoast SEO plugin v23.5 - https:\/\/yoast.com\/wordpress\/plugins\/seo\/ -->\n<title>Predsednica Jahjaga je do\u010dekala general majora Timothy Orr - Predsednik Republike Kosovo - DR. VJOSA OSMANI - SADRIU<\/title>\n<meta name=\"description\" content=\"Predsednica Jahjaga je do\u010dekala general majora Timothy Orr - Predsednik Republike Kosovo - DR. VJOSA OSMANI - SADRIU -\" \/>\n<meta name=\"robots\" content=\"index, follow, max-snippet:-1, max-image-preview:large, max-video-preview:-1\" \/>\n<link rel=\"canonical\" href=\"https:\/\/president-ksgov.net\/presidentja-jahjaga-priti-gjeneral-majorin-timothy-orr\/\" \/>\n<meta property=\"og:locale\" content=\"sr_RS\" \/>\n<meta property=\"og:type\" content=\"article\" \/>\n<meta property=\"og:title\" content=\"Predsednica Jahjaga je do\u010dekala general majora Timothy Orr - Predsednik Republike Kosovo - DR. VJOSA OSMANI - SADRIU\" \/>\n<meta property=\"og:description\" content=\"Predsednica Jahjaga je do\u010dekala general majora Timothy Orr - Predsednik Republike Kosovo - DR. VJOSA OSMANI - SADRIU -\" \/>\n<meta property=\"og:url\" content=\"https:\/\/president-ksgov.net\/presidentja-jahjaga-priti-gjeneral-majorin-timothy-orr\/\" \/>\n<meta property=\"og:site_name\" content=\"Predsednik Republike Kosovo - DR. VJOSA OSMANI - SADRIU\" \/>\n<meta property=\"article:published_time\" content=\"2012-09-05T16:33:57+00:00\" \/>\n<meta property=\"og:image\" content=\"https:\/\/president-ksgov.net\/wp-content\/uploads\/05_09_2012_Takim_2.jpg\" \/>\n\t<meta property=\"og:image:width\" content=\"1000\" \/>\n\t<meta property=\"og:image:height\" content=\"760\" \/>\n\t<meta property=\"og:image:type\" content=\"image\/jpeg\" \/>\n<meta name=\"author\" content=\"admin\" \/>\n<meta name=\"twitter:card\" content=\"summary_large_image\" \/>\n<meta name=\"twitter:label1\" content=\"\u041d\u0430\u043f\u0438\u0441\u0430\u043d\u043e \u043e\u0434\" \/>\n\t<meta name=\"twitter:data1\" content=\"admin\" \/>\n\t<meta name=\"twitter:label2\" content=\"\u041f\u0440\u043e\u0446\u0435\u045a\u0435\u043d\u043e \u0432\u0440\u0435\u043c\u0435 \u0447\u0438\u0442\u0430\u045a\u0430\" \/>\n\t<meta name=\"twitter:data2\" content=\"2 \u043c\u0438\u043d\u0443\u0442\u0430\" \/>\n<script type=\"application\/ld+json\" class=\"yoast-schema-graph\">{\"@context\":\"https:\/\/schema.org\",\"@graph\":[{\"@type\":\"WebPage\",\"@id\":\"https:\/\/president-ksgov.net\/presidentja-jahjaga-priti-gjeneral-majorin-timothy-orr\/\",\"url\":\"https:\/\/president-ksgov.net\/presidentja-jahjaga-priti-gjeneral-majorin-timothy-orr\/\",\"name\":\"Predsednica Jahjaga je do\u010dekala general majora Timothy Orr - Predsednik Republike Kosovo - DR. VJOSA OSMANI - SADRIU\",\"isPartOf\":{\"@id\":\"https:\/\/president-ksgov.net\/#website\"},\"primaryImageOfPage\":{\"@id\":\"https:\/\/president-ksgov.net\/presidentja-jahjaga-priti-gjeneral-majorin-timothy-orr\/#primaryimage\"},\"image\":{\"@id\":\"https:\/\/president-ksgov.net\/presidentja-jahjaga-priti-gjeneral-majorin-timothy-orr\/#primaryimage\"},\"thumbnailUrl\":\"https:\/\/president-ksgov.net\/wp-content\/uploads\/05_09_2012_Takim_2.jpg\",\"datePublished\":\"2012-09-05T16:33:57+00:00\",\"dateModified\":\"2012-09-05T16:33:57+00:00\",\"author\":{\"@id\":\"https:\/\/president-ksgov.net\/#\/schema\/person\/bb4337a5fb147cb2046d80548172cbee\"},\"description\":\"Predsednica Jahjaga je do\u010dekala general majora Timothy Orr - Predsednik Republike Kosovo - DR. VJOSA OSMANI - SADRIU -\",\"breadcrumb\":{\"@id\":\"https:\/\/president-ksgov.net\/presidentja-jahjaga-priti-gjeneral-majorin-timothy-orr\/#breadcrumb\"},\"inLanguage\":\"sr-RS\",\"potentialAction\":[{\"@type\":\"ReadAction\",\"target\":[\"https:\/\/president-ksgov.net\/presidentja-jahjaga-priti-gjeneral-majorin-timothy-orr\/\"]}]},{\"@type\":\"ImageObject\",\"inLanguage\":\"sr-RS\",\"@id\":\"https:\/\/president-ksgov.net\/presidentja-jahjaga-priti-gjeneral-majorin-timothy-orr\/#primaryimage\",\"url\":\"https:\/\/president-ksgov.net\/wp-content\/uploads\/05_09_2012_Takim_2.jpg\",\"contentUrl\":\"https:\/\/president-ksgov.net\/wp-content\/uploads\/05_09_2012_Takim_2.jpg\",\"width\":1000,\"height\":760},{\"@type\":\"BreadcrumbList\",\"@id\":\"https:\/\/president-ksgov.net\/presidentja-jahjaga-priti-gjeneral-majorin-timothy-orr\/#breadcrumb\",\"itemListElement\":[{\"@type\":\"ListItem\",\"position\":1,\"name\":\"Home\",\"item\":\"https:\/\/president-ksgov.net\/sr\/\"},{\"@type\":\"ListItem\",\"position\":2,\"name\":\"Predsednica Jahjaga je do\u010dekala general majora Timothy Orr\"}]},{\"@type\":\"WebSite\",\"@id\":\"https:\/\/president-ksgov.net\/#website\",\"url\":\"https:\/\/president-ksgov.net\/\",\"name\":\"Presidente e Republik\u00ebs s\u00eb Kosov\u00ebs\",\"description\":\"Presidente e Republik\u00ebs s\u00eb Kosov\u00ebs\",\"alternateName\":\"DR. VJOSA OSMANI - SADRIU\",\"potentialAction\":[{\"@type\":\"SearchAction\",\"target\":{\"@type\":\"EntryPoint\",\"urlTemplate\":\"https:\/\/president-ksgov.net\/?s={search_term_string}\"},\"query-input\":{\"@type\":\"PropertyValueSpecification\",\"valueRequired\":true,\"valueName\":\"search_term_string\"}}],\"inLanguage\":\"sr-RS\"},{\"@type\":\"Person\",\"@id\":\"https:\/\/president-ksgov.net\/#\/schema\/person\/bb4337a5fb147cb2046d80548172cbee\",\"name\":\"admin\",\"image\":{\"@type\":\"ImageObject\",\"inLanguage\":\"sr-RS\",\"@id\":\"https:\/\/president-ksgov.net\/#\/schema\/person\/image\/\",\"url\":\"https:\/\/secure.gravatar.com\/avatar\/36156ca0fa3b8d9d25174f146e16beea0cf28f37adf1b9e19b6c9c279a7c9dd3?s=96&d=mm&r=g\",\"contentUrl\":\"https:\/\/secure.gravatar.com\/avatar\/36156ca0fa3b8d9d25174f146e16beea0cf28f37adf1b9e19b6c9c279a7c9dd3?s=96&d=mm&r=g\",\"caption\":\"admin\"},\"sameAs\":[\"https:\/\/president-ksgov.net\"]}]}<\/script>\n<!-- \/ Yoast SEO plugin. -->","yoast_head_json":{"title":"Predsednica Jahjaga je do\u010dekala general majora Timothy Orr - Predsednik Republike Kosovo - DR. VJOSA OSMANI - SADRIU","description":"Predsednica Jahjaga je do\u010dekala general majora Timothy Orr - Predsednik Republike Kosovo - DR. VJOSA OSMANI - SADRIU -","robots":{"index":"index","follow":"follow","max-snippet":"max-snippet:-1","max-image-preview":"max-image-preview:large","max-video-preview":"max-video-preview:-1"},"canonical":"https:\/\/president-ksgov.net\/presidentja-jahjaga-priti-gjeneral-majorin-timothy-orr\/","og_locale":"sr_RS","og_type":"article","og_title":"Predsednica Jahjaga je do\u010dekala general majora Timothy Orr - Predsednik Republike Kosovo - DR. VJOSA OSMANI - SADRIU","og_description":"Predsednica Jahjaga je do\u010dekala general majora Timothy Orr - Predsednik Republike Kosovo - DR. VJOSA OSMANI - SADRIU -","og_url":"https:\/\/president-ksgov.net\/presidentja-jahjaga-priti-gjeneral-majorin-timothy-orr\/","og_site_name":"Predsednik Republike Kosovo - DR. VJOSA OSMANI - SADRIU","article_published_time":"2012-09-05T16:33:57+00:00","og_image":[{"width":1000,"height":760,"url":"https:\/\/president-ksgov.net\/wp-content\/uploads\/05_09_2012_Takim_2.jpg","type":"image\/jpeg"}],"author":"admin","twitter_card":"summary_large_image","twitter_misc":{"\u041d\u0430\u043f\u0438\u0441\u0430\u043d\u043e \u043e\u0434":"admin","\u041f\u0440\u043e\u0446\u0435\u045a\u0435\u043d\u043e \u0432\u0440\u0435\u043c\u0435 \u0447\u0438\u0442\u0430\u045a\u0430":"2 \u043c\u0438\u043d\u0443\u0442\u0430"},"schema":{"@context":"https:\/\/schema.org","@graph":[{"@type":"WebPage","@id":"https:\/\/president-ksgov.net\/presidentja-jahjaga-priti-gjeneral-majorin-timothy-orr\/","url":"https:\/\/president-ksgov.net\/presidentja-jahjaga-priti-gjeneral-majorin-timothy-orr\/","name":"Predsednica Jahjaga je do\u010dekala general majora Timothy Orr - Predsednik Republike Kosovo - DR. VJOSA OSMANI - SADRIU","isPartOf":{"@id":"https:\/\/president-ksgov.net\/#website"},"primaryImageOfPage":{"@id":"https:\/\/president-ksgov.net\/presidentja-jahjaga-priti-gjeneral-majorin-timothy-orr\/#primaryimage"},"image":{"@id":"https:\/\/president-ksgov.net\/presidentja-jahjaga-priti-gjeneral-majorin-timothy-orr\/#primaryimage"},"thumbnailUrl":"https:\/\/president-ksgov.net\/wp-content\/uploads\/05_09_2012_Takim_2.jpg","datePublished":"2012-09-05T16:33:57+00:00","dateModified":"2012-09-05T16:33:57+00:00","author":{"@id":"https:\/\/president-ksgov.net\/#\/schema\/person\/bb4337a5fb147cb2046d80548172cbee"},"description":"Predsednica Jahjaga je do\u010dekala general majora Timothy Orr - Predsednik Republike Kosovo - DR. VJOSA OSMANI - SADRIU -","breadcrumb":{"@id":"https:\/\/president-ksgov.net\/presidentja-jahjaga-priti-gjeneral-majorin-timothy-orr\/#breadcrumb"},"inLanguage":"sr-RS","potentialAction":[{"@type":"ReadAction","target":["https:\/\/president-ksgov.net\/presidentja-jahjaga-priti-gjeneral-majorin-timothy-orr\/"]}]},{"@type":"ImageObject","inLanguage":"sr-RS","@id":"https:\/\/president-ksgov.net\/presidentja-jahjaga-priti-gjeneral-majorin-timothy-orr\/#primaryimage","url":"https:\/\/president-ksgov.net\/wp-content\/uploads\/05_09_2012_Takim_2.jpg","contentUrl":"https:\/\/president-ksgov.net\/wp-content\/uploads\/05_09_2012_Takim_2.jpg","width":1000,"height":760},{"@type":"BreadcrumbList","@id":"https:\/\/president-ksgov.net\/presidentja-jahjaga-priti-gjeneral-majorin-timothy-orr\/#breadcrumb","itemListElement":[{"@type":"ListItem","position":1,"name":"Home","item":"https:\/\/president-ksgov.net\/sr\/"},{"@type":"ListItem","position":2,"name":"Predsednica Jahjaga je do\u010dekala general majora Timothy Orr"}]},{"@type":"WebSite","@id":"https:\/\/president-ksgov.net\/#website","url":"https:\/\/president-ksgov.net\/","name":"Presidente e Republik\u00ebs s\u00eb Kosov\u00ebs","description":"Presidente e Republik\u00ebs s\u00eb Kosov\u00ebs","alternateName":"DR. VJOSA OSMANI - SADRIU","potentialAction":[{"@type":"SearchAction","target":{"@type":"EntryPoint","urlTemplate":"https:\/\/president-ksgov.net\/?s={search_term_string}"},"query-input":{"@type":"PropertyValueSpecification","valueRequired":true,"valueName":"search_term_string"}}],"inLanguage":"sr-RS"},{"@type":"Person","@id":"https:\/\/president-ksgov.net\/#\/schema\/person\/bb4337a5fb147cb2046d80548172cbee","name":"admin","image":{"@type":"ImageObject","inLanguage":"sr-RS","@id":"https:\/\/president-ksgov.net\/#\/schema\/person\/image\/","url":"https:\/\/secure.gravatar.com\/avatar\/36156ca0fa3b8d9d25174f146e16beea0cf28f37adf1b9e19b6c9c279a7c9dd3?s=96&d=mm&r=g","contentUrl":"https:\/\/secure.gravatar.com\/avatar\/36156ca0fa3b8d9d25174f146e16beea0cf28f37adf1b9e19b6c9c279a7c9dd3?s=96&d=mm&r=g","caption":"admin"},"sameAs":["https:\/\/president-ksgov.net"]}]}},"_links":{"self":[{"href":"https:\/\/president-ksgov.net\/sr\/wp-json\/wp\/v2\/posts\/78869","targetHints":{"allow":["GET"]}}],"collection":[{"href":"https:\/\/president-ksgov.net\/sr\/wp-json\/wp\/v2\/posts"}],"about":[{"href":"https:\/\/president-ksgov.net\/sr\/wp-json\/wp\/v2\/types\/post"}],"author":[{"embeddable":true,"href":"https:\/\/president-ksgov.net\/sr\/wp-json\/wp\/v2\/users\/1"}],"replies":[{"embeddable":true,"href":"https:\/\/president-ksgov.net\/sr\/wp-json\/wp\/v2\/comments?post=78869"}],"version-history":[{"count":0,"href":"https:\/\/president-ksgov.net\/sr\/wp-json\/wp\/v2\/posts\/78869\/revisions"}],"wp:featuredmedia":[{"embeddable":true,"href":"https:\/\/president-ksgov.net\/sr\/wp-json\/wp\/v2\/media\/55011"}],"wp:attachment":[{"href":"https:\/\/president-ksgov.net\/sr\/wp-json\/wp\/v2\/media?parent=78869"}],"wp:term":[{"taxonomy":"category","embeddable":true,"href":"https:\/\/president-ksgov.net\/sr\/wp-json\/wp\/v2\/categories?post=78869"},{"taxonomy":"post_tag","embeddable":true,"href":"https:\/\/president-ksgov.net\/sr\/wp-json\/wp\/v2\/tags?post=78869"}],"curies":[{"name":"wp","href":"https:\/\/api.w.org\/{rel}","templated":true}]}}