{"id":78867,"date":"2012-09-06T14:08:10","date_gmt":"2012-09-06T14:08:10","guid":{"rendered":"https:\/\/dev.president-ksgov.net\/fjala-e-presidentes-jahjaga-ne-pervjetorin-e-13-te-te-policise-se-kosoves\/"},"modified":"2023-03-08T09:04:49","modified_gmt":"2023-03-08T09:04:49","slug":"fjala-e-presidentes-jahjaga-ne-pervjetorin-e-13-te-te-policise-se-kosoves","status":"publish","type":"post","link":"https:\/\/president-ksgov.net\/sr\/fjala-e-presidentes-jahjaga-ne-pervjetorin-e-13-te-te-policise-se-kosoves\/","title":{"rendered":"Fjala e Presidentes Jahjaga n\u00eb p\u00ebrvjetorin e 13-t\u00eb t\u00eb Policis\u00eb s\u00eb Kosov\u00ebs"},"content":{"rendered":"<p>Manifestacija za Dan Policije Republike Kosovo, svima nama je na cast i ponos jer obele&#382;avamo osnivanje i rad naj poverljivije Institucije, posvecene do &#382;rtvovanja, po&#353;tene, ispunjene hrabro&#353;cu i visokim osecajem odgovornosti, za izvr&#353;avanje tako plemenitih zadataka u slu&#382;bi naroda i gradana na&#353;e zemlje.<\/p>\n<p>Po&#353;tovani Premijer Tha\u00e7i,<\/p>\n<p>Po&#353;tovani Ministar Rexhepi,<\/p>\n<p>Direktor Maxhuni,<\/p>\n<p>Po&#353;tovani clanovi porodica Policajaca palih na du&#382;nosti,<\/p>\n<p>Po&#353;tovana porodica Zymberi, <\/p>\n<p>Po&#353;tovani Komandanti, Oficiri i zvanicnici Kosovske Policije<\/p>\n<p>Po&#353;tovani Ambasadori i predstavnici Diplomatskih Misija u\u00a0 Republici Kosovo,<\/p>\n<p>Po&#353;tovani Drews, <\/p>\n<p>Po&#353;tovani predstavnici EULEX-a<\/p>\n<p>Po&#353;tovani Dema\u00e7i<\/p>\n<p>Po&#353;tovani ucesnici, <\/p>\n<p>Dame i gospodo,<\/p>\n<p>Manifestacija za Dan Policije Republike Kosovo, svima nama je na cast i ponos jer obele&#382;avamo osnivanje i rad naj poverljivije Institucije, posvecene do &#382;rtvovanja, po&#353;tene, ispunjene hrabro&#353;cu i visokim osecajem odgovornosti, za izvr&#353;avanje tako plemenitih zadataka u slu&#382;bi naroda i gradana na&#353;e zemlje.<\/p>\n<p>Kosovska Policija je institucija sa kojom se ponosimo i na&#353;i gradani imaju poverenja da im poma&#382;e i prihvataju ih u za&#353;titu, bivajuci sinovi i kceri ovog naroda, izvr&#353;avajuci zadatak kao misiju sa visokim strucnim i ljudskim standardima.<\/p>\n<p>Kosovska Policija u celom njenom putu od osnivanja, obuke i razvoja, po&#353;tovanje je stekla svojim konkretnim radom na teren, uz anga&#382;ovanje i dobro organizovanje koje pre svega utice kao preventiva da svi oni koji poku&#353;avaju kr&#353;iti red i zakon, da znaju da ce se suceljavati sa jednom dobro organizovanom strukturom, koja tacno sprovodi zakon u svakom slucaju i u svim okolnostima.<\/p>\n<p>Oficiri i Policajci &#8211; vi ste dokazali prelaskom svih etapa &#353;kolovanja i obuke, pokazivanjem jednog vanrednog uspeha i ostvarujuci one norme koje su u naj razvijenim zemljama Evrope i Sjedinjenim Americkim Dr&#382;avama.<\/p>\n<p>Kosovska Policija u organizaciji, opremi i strukturi danas je na nivou naj naprednih\u00a0 i strucno savremenih policija. Kao ni u jednoj drugoj zemlji odnos izmedu policajca i gradana u Republici Kosovo je primer po&#353;tovanja dostojanstva, primer po&#353;tovanja zakonskih postupaka i primer obostranog poverenja i razumevanja.<\/p>\n<p>Policija na&#353;e dr&#382;ave danas uspe&#353;no kontrolira granice Kosova i vr&#353;i integrirani nadzor granice uz saradnju sa policijama svih susednih dr&#382;ava, bivajuci sna&#382;na brana u sprecavanju i eliminaciju svake vrste kontrabande i organizovanog kriminala, koji poku&#353;ava proci kroz teritoriju Republike Kosovo.<\/p>\n<p>Zahvaljujuci radu i anga&#382;ovanju na&#353;a zemlja nije izvorna zemlja za izvoz organizovanog kriminala i drugog preko granicnog kriminala.<\/p>\n<p>Po&#353;tovani,<\/p>\n<p>Izgradnja demokratskih procesa, institucionalno delovanje, vaspitanje i stvaranje javnog mnjenja u na&#353;oj zemlji su preduslovi da policija bude efikasnija u njenom radu. Dr&#382;avne politike izgradene u saradnji i punoj koordinaciji sa Sjedinjenim Americkim Dr&#382;avama i Evropskom Zajednicom, su garancija za jednu mirnu i bezbednu &#382;ivotnu sredinu, uz sna&#382;an doprinos u globalnoj arhitekturi bezbednosti i strucnom politicki nepristrasnom pristupu Policije.<\/p>\n<p>Dozvolite mi ovde,<\/p>\n<p>Da po&#353;tujemo i setimo se svih palih Policajaca na du&#382;nosti u slu&#382;bi narodu i otad&#382;bini, da po&#353;tujemo clanove porodica koji su nam dali njihove najdra&#382;e, koji su casno slu&#382;ili u Policiji Kosova, ciji svetli lik je putokaz za buduce generacije i na&#353; rad.<\/p>\n<p>Po&#353;tovani prisutni,<\/p>\n<p>Na na&#353;em putu Evropsko-atlantske integracije vladanje reda i zakona, borba protiv korupcije i organizovanog kriminala su preduslov ne samo za jednu bezbednu i mirnu &#382;ivotnu sredinu, za jedan napredak i razvoj, za jednu garanciju ljudskih prava i sloboda, nego takode su standardi koje na&#353;a zemlja treba da ispuni da bi se uclanila u Evropsku Zajednicu. U ovom na&#353;em nastojanju imamo jo&#353; posla da uradimo, ali mi cemo uspeti potpuno iskoreniti ove negativne pojave koje dovode u opasnost na&#353;u buducnost,<\/p>\n<p>&#381;elim vam puno uspeha u radu. &#381;elim vam stalno strucno osposobljavanje i &#353;kolovanje.<\/p>\n<p>U ovoj va&#353;oj misiji vi i va&#353;e porodice cete imati institucionalnu podr&#353;ku i oslonac.<\/p>\n<p>Neka zajednicki u&#382;ivamo ovaj dan!<\/p>\n","protected":false},"excerpt":{"rendered":"<p>Manifestacija za Dan Policije Republike Kosovo, svima nama je na cast i ponos jer obele&#382;avamo osnivanje i rad naj poverljivije Institucije, posvecene do &#382;rtvovanja, po&#353;tene, ispunjene hrabro&#353;cu i visokim osecajem odgovornosti, za izvr&#353;avanje tako plemenitih zadataka u slu&#382;bi naroda i gradana na&#353;e zemlje.<\/p>\n","protected":false},"author":1,"featured_media":54967,"comment_status":"open","ping_status":"closed","sticky":false,"template":"","format":"standard","meta":{"_eb_attr":"","footnotes":""},"categories":[106],"tags":[],"class_list":["post-78867","post","type-post","status-publish","format-standard","has-post-thumbnail","hentry","category-govori"],"yoast_head":"<!-- This site is optimized with the Yoast SEO plugin v23.5 - https:\/\/yoast.com\/wordpress\/plugins\/seo\/ -->\n<title>Fjala e Presidentes Jahjaga n\u00eb p\u00ebrvjetorin e 13-t\u00eb t\u00eb Policis\u00eb s\u00eb Kosov\u00ebs - Predsednik Republike Kosovo - DR. VJOSA OSMANI - SADRIU<\/title>\n<meta name=\"description\" content=\"Fjala e Presidentes Jahjaga n\u00eb p\u00ebrvjetorin e 13-t\u00eb t\u00eb Policis\u00eb s\u00eb Kosov\u00ebs - Predsednik Republike Kosovo - DR. VJOSA OSMANI - SADRIU -\" \/>\n<meta name=\"robots\" content=\"index, follow, max-snippet:-1, max-image-preview:large, max-video-preview:-1\" \/>\n<link rel=\"canonical\" href=\"https:\/\/president-ksgov.net\/fjala-e-presidentes-jahjaga-ne-pervjetorin-e-13-te-te-policise-se-kosoves\/\" \/>\n<meta property=\"og:locale\" content=\"sr_RS\" \/>\n<meta property=\"og:type\" content=\"article\" \/>\n<meta property=\"og:title\" content=\"Fjala e Presidentes Jahjaga n\u00eb p\u00ebrvjetorin e 13-t\u00eb t\u00eb Policis\u00eb s\u00eb Kosov\u00ebs - Predsednik Republike Kosovo - DR. VJOSA OSMANI - SADRIU\" \/>\n<meta property=\"og:description\" content=\"Fjala e Presidentes Jahjaga n\u00eb p\u00ebrvjetorin e 13-t\u00eb t\u00eb Policis\u00eb s\u00eb Kosov\u00ebs - Predsednik Republike Kosovo - DR. VJOSA OSMANI - SADRIU -\" \/>\n<meta property=\"og:url\" content=\"https:\/\/president-ksgov.net\/fjala-e-presidentes-jahjaga-ne-pervjetorin-e-13-te-te-policise-se-kosoves\/\" \/>\n<meta property=\"og:site_name\" content=\"Predsednik Republike Kosovo - DR. VJOSA OSMANI - SADRIU\" \/>\n<meta property=\"article:published_time\" content=\"2012-09-06T14:08:10+00:00\" \/>\n<meta property=\"article:modified_time\" content=\"2023-03-08T09:04:49+00:00\" \/>\n<meta property=\"og:image\" content=\"https:\/\/president-ksgov.net\/wp-content\/uploads\/06_09_12_118883_06_09_2012_Pervjetori_i_13_te_i_Policise_2.jpg\" \/>\n\t<meta property=\"og:image:width\" content=\"1000\" \/>\n\t<meta property=\"og:image:height\" content=\"622\" \/>\n\t<meta property=\"og:image:type\" content=\"image\/jpeg\" \/>\n<meta name=\"author\" content=\"admin\" \/>\n<meta name=\"twitter:card\" content=\"summary_large_image\" \/>\n<meta name=\"twitter:label1\" content=\"\u041d\u0430\u043f\u0438\u0441\u0430\u043d\u043e \u043e\u0434\" \/>\n\t<meta name=\"twitter:data1\" content=\"admin\" \/>\n\t<meta name=\"twitter:label2\" content=\"\u041f\u0440\u043e\u0446\u0435\u045a\u0435\u043d\u043e \u0432\u0440\u0435\u043c\u0435 \u0447\u0438\u0442\u0430\u045a\u0430\" \/>\n\t<meta name=\"twitter:data2\" content=\"3 \u043c\u0438\u043d\u0443\u0442\u0430\" \/>\n<script type=\"application\/ld+json\" class=\"yoast-schema-graph\">{\"@context\":\"https:\/\/schema.org\",\"@graph\":[{\"@type\":\"WebPage\",\"@id\":\"https:\/\/president-ksgov.net\/fjala-e-presidentes-jahjaga-ne-pervjetorin-e-13-te-te-policise-se-kosoves\/\",\"url\":\"https:\/\/president-ksgov.net\/fjala-e-presidentes-jahjaga-ne-pervjetorin-e-13-te-te-policise-se-kosoves\/\",\"name\":\"Fjala e Presidentes Jahjaga n\u00eb p\u00ebrvjetorin e 13-t\u00eb t\u00eb Policis\u00eb s\u00eb Kosov\u00ebs - Predsednik Republike Kosovo - DR. VJOSA OSMANI - SADRIU\",\"isPartOf\":{\"@id\":\"https:\/\/president-ksgov.net\/#website\"},\"primaryImageOfPage\":{\"@id\":\"https:\/\/president-ksgov.net\/fjala-e-presidentes-jahjaga-ne-pervjetorin-e-13-te-te-policise-se-kosoves\/#primaryimage\"},\"image\":{\"@id\":\"https:\/\/president-ksgov.net\/fjala-e-presidentes-jahjaga-ne-pervjetorin-e-13-te-te-policise-se-kosoves\/#primaryimage\"},\"thumbnailUrl\":\"https:\/\/president-ksgov.net\/wp-content\/uploads\/06_09_12_118883_06_09_2012_Pervjetori_i_13_te_i_Policise_2.jpg\",\"datePublished\":\"2012-09-06T14:08:10+00:00\",\"dateModified\":\"2023-03-08T09:04:49+00:00\",\"author\":{\"@id\":\"https:\/\/president-ksgov.net\/#\/schema\/person\/bb4337a5fb147cb2046d80548172cbee\"},\"description\":\"Fjala e Presidentes Jahjaga n\u00eb p\u00ebrvjetorin e 13-t\u00eb t\u00eb Policis\u00eb s\u00eb Kosov\u00ebs - Predsednik Republike Kosovo - DR. VJOSA OSMANI - SADRIU -\",\"breadcrumb\":{\"@id\":\"https:\/\/president-ksgov.net\/fjala-e-presidentes-jahjaga-ne-pervjetorin-e-13-te-te-policise-se-kosoves\/#breadcrumb\"},\"inLanguage\":\"sr-RS\",\"potentialAction\":[{\"@type\":\"ReadAction\",\"target\":[\"https:\/\/president-ksgov.net\/fjala-e-presidentes-jahjaga-ne-pervjetorin-e-13-te-te-policise-se-kosoves\/\"]}]},{\"@type\":\"ImageObject\",\"inLanguage\":\"sr-RS\",\"@id\":\"https:\/\/president-ksgov.net\/fjala-e-presidentes-jahjaga-ne-pervjetorin-e-13-te-te-policise-se-kosoves\/#primaryimage\",\"url\":\"https:\/\/president-ksgov.net\/wp-content\/uploads\/06_09_12_118883_06_09_2012_Pervjetori_i_13_te_i_Policise_2.jpg\",\"contentUrl\":\"https:\/\/president-ksgov.net\/wp-content\/uploads\/06_09_12_118883_06_09_2012_Pervjetori_i_13_te_i_Policise_2.jpg\",\"width\":1000,\"height\":622},{\"@type\":\"BreadcrumbList\",\"@id\":\"https:\/\/president-ksgov.net\/fjala-e-presidentes-jahjaga-ne-pervjetorin-e-13-te-te-policise-se-kosoves\/#breadcrumb\",\"itemListElement\":[{\"@type\":\"ListItem\",\"position\":1,\"name\":\"Home\",\"item\":\"https:\/\/president-ksgov.net\/sr\/\"},{\"@type\":\"ListItem\",\"position\":2,\"name\":\"Fjala e Presidentes Jahjaga n\u00eb p\u00ebrvjetorin e 13-t\u00eb t\u00eb Policis\u00eb s\u00eb Kosov\u00ebs\"}]},{\"@type\":\"WebSite\",\"@id\":\"https:\/\/president-ksgov.net\/#website\",\"url\":\"https:\/\/president-ksgov.net\/\",\"name\":\"Presidente e Republik\u00ebs s\u00eb Kosov\u00ebs\",\"description\":\"Presidente e Republik\u00ebs s\u00eb Kosov\u00ebs\",\"alternateName\":\"DR. VJOSA OSMANI - SADRIU\",\"potentialAction\":[{\"@type\":\"SearchAction\",\"target\":{\"@type\":\"EntryPoint\",\"urlTemplate\":\"https:\/\/president-ksgov.net\/?s={search_term_string}\"},\"query-input\":{\"@type\":\"PropertyValueSpecification\",\"valueRequired\":true,\"valueName\":\"search_term_string\"}}],\"inLanguage\":\"sr-RS\"},{\"@type\":\"Person\",\"@id\":\"https:\/\/president-ksgov.net\/#\/schema\/person\/bb4337a5fb147cb2046d80548172cbee\",\"name\":\"admin\",\"image\":{\"@type\":\"ImageObject\",\"inLanguage\":\"sr-RS\",\"@id\":\"https:\/\/president-ksgov.net\/#\/schema\/person\/image\/\",\"url\":\"https:\/\/secure.gravatar.com\/avatar\/36156ca0fa3b8d9d25174f146e16beea0cf28f37adf1b9e19b6c9c279a7c9dd3?s=96&d=mm&r=g\",\"contentUrl\":\"https:\/\/secure.gravatar.com\/avatar\/36156ca0fa3b8d9d25174f146e16beea0cf28f37adf1b9e19b6c9c279a7c9dd3?s=96&d=mm&r=g\",\"caption\":\"admin\"},\"sameAs\":[\"https:\/\/president-ksgov.net\"]}]}<\/script>\n<!-- \/ Yoast SEO plugin. -->","yoast_head_json":{"title":"Fjala e Presidentes Jahjaga n\u00eb p\u00ebrvjetorin e 13-t\u00eb t\u00eb Policis\u00eb s\u00eb Kosov\u00ebs - Predsednik Republike Kosovo - DR. VJOSA OSMANI - SADRIU","description":"Fjala e Presidentes Jahjaga n\u00eb p\u00ebrvjetorin e 13-t\u00eb t\u00eb Policis\u00eb s\u00eb Kosov\u00ebs - Predsednik Republike Kosovo - DR. VJOSA OSMANI - SADRIU -","robots":{"index":"index","follow":"follow","max-snippet":"max-snippet:-1","max-image-preview":"max-image-preview:large","max-video-preview":"max-video-preview:-1"},"canonical":"https:\/\/president-ksgov.net\/fjala-e-presidentes-jahjaga-ne-pervjetorin-e-13-te-te-policise-se-kosoves\/","og_locale":"sr_RS","og_type":"article","og_title":"Fjala e Presidentes Jahjaga n\u00eb p\u00ebrvjetorin e 13-t\u00eb t\u00eb Policis\u00eb s\u00eb Kosov\u00ebs - Predsednik Republike Kosovo - DR. VJOSA OSMANI - SADRIU","og_description":"Fjala e Presidentes Jahjaga n\u00eb p\u00ebrvjetorin e 13-t\u00eb t\u00eb Policis\u00eb s\u00eb Kosov\u00ebs - Predsednik Republike Kosovo - DR. VJOSA OSMANI - SADRIU -","og_url":"https:\/\/president-ksgov.net\/fjala-e-presidentes-jahjaga-ne-pervjetorin-e-13-te-te-policise-se-kosoves\/","og_site_name":"Predsednik Republike Kosovo - DR. VJOSA OSMANI - SADRIU","article_published_time":"2012-09-06T14:08:10+00:00","article_modified_time":"2023-03-08T09:04:49+00:00","og_image":[{"width":1000,"height":622,"url":"https:\/\/president-ksgov.net\/wp-content\/uploads\/06_09_12_118883_06_09_2012_Pervjetori_i_13_te_i_Policise_2.jpg","type":"image\/jpeg"}],"author":"admin","twitter_card":"summary_large_image","twitter_misc":{"\u041d\u0430\u043f\u0438\u0441\u0430\u043d\u043e \u043e\u0434":"admin","\u041f\u0440\u043e\u0446\u0435\u045a\u0435\u043d\u043e \u0432\u0440\u0435\u043c\u0435 \u0447\u0438\u0442\u0430\u045a\u0430":"3 \u043c\u0438\u043d\u0443\u0442\u0430"},"schema":{"@context":"https:\/\/schema.org","@graph":[{"@type":"WebPage","@id":"https:\/\/president-ksgov.net\/fjala-e-presidentes-jahjaga-ne-pervjetorin-e-13-te-te-policise-se-kosoves\/","url":"https:\/\/president-ksgov.net\/fjala-e-presidentes-jahjaga-ne-pervjetorin-e-13-te-te-policise-se-kosoves\/","name":"Fjala e Presidentes Jahjaga n\u00eb p\u00ebrvjetorin e 13-t\u00eb t\u00eb Policis\u00eb s\u00eb Kosov\u00ebs - Predsednik Republike Kosovo - DR. VJOSA OSMANI - SADRIU","isPartOf":{"@id":"https:\/\/president-ksgov.net\/#website"},"primaryImageOfPage":{"@id":"https:\/\/president-ksgov.net\/fjala-e-presidentes-jahjaga-ne-pervjetorin-e-13-te-te-policise-se-kosoves\/#primaryimage"},"image":{"@id":"https:\/\/president-ksgov.net\/fjala-e-presidentes-jahjaga-ne-pervjetorin-e-13-te-te-policise-se-kosoves\/#primaryimage"},"thumbnailUrl":"https:\/\/president-ksgov.net\/wp-content\/uploads\/06_09_12_118883_06_09_2012_Pervjetori_i_13_te_i_Policise_2.jpg","datePublished":"2012-09-06T14:08:10+00:00","dateModified":"2023-03-08T09:04:49+00:00","author":{"@id":"https:\/\/president-ksgov.net\/#\/schema\/person\/bb4337a5fb147cb2046d80548172cbee"},"description":"Fjala e Presidentes Jahjaga n\u00eb p\u00ebrvjetorin e 13-t\u00eb t\u00eb Policis\u00eb s\u00eb Kosov\u00ebs - Predsednik Republike Kosovo - DR. VJOSA OSMANI - SADRIU -","breadcrumb":{"@id":"https:\/\/president-ksgov.net\/fjala-e-presidentes-jahjaga-ne-pervjetorin-e-13-te-te-policise-se-kosoves\/#breadcrumb"},"inLanguage":"sr-RS","potentialAction":[{"@type":"ReadAction","target":["https:\/\/president-ksgov.net\/fjala-e-presidentes-jahjaga-ne-pervjetorin-e-13-te-te-policise-se-kosoves\/"]}]},{"@type":"ImageObject","inLanguage":"sr-RS","@id":"https:\/\/president-ksgov.net\/fjala-e-presidentes-jahjaga-ne-pervjetorin-e-13-te-te-policise-se-kosoves\/#primaryimage","url":"https:\/\/president-ksgov.net\/wp-content\/uploads\/06_09_12_118883_06_09_2012_Pervjetori_i_13_te_i_Policise_2.jpg","contentUrl":"https:\/\/president-ksgov.net\/wp-content\/uploads\/06_09_12_118883_06_09_2012_Pervjetori_i_13_te_i_Policise_2.jpg","width":1000,"height":622},{"@type":"BreadcrumbList","@id":"https:\/\/president-ksgov.net\/fjala-e-presidentes-jahjaga-ne-pervjetorin-e-13-te-te-policise-se-kosoves\/#breadcrumb","itemListElement":[{"@type":"ListItem","position":1,"name":"Home","item":"https:\/\/president-ksgov.net\/sr\/"},{"@type":"ListItem","position":2,"name":"Fjala e Presidentes Jahjaga n\u00eb p\u00ebrvjetorin e 13-t\u00eb t\u00eb Policis\u00eb s\u00eb Kosov\u00ebs"}]},{"@type":"WebSite","@id":"https:\/\/president-ksgov.net\/#website","url":"https:\/\/president-ksgov.net\/","name":"Presidente e Republik\u00ebs s\u00eb Kosov\u00ebs","description":"Presidente e Republik\u00ebs s\u00eb Kosov\u00ebs","alternateName":"DR. VJOSA OSMANI - SADRIU","potentialAction":[{"@type":"SearchAction","target":{"@type":"EntryPoint","urlTemplate":"https:\/\/president-ksgov.net\/?s={search_term_string}"},"query-input":{"@type":"PropertyValueSpecification","valueRequired":true,"valueName":"search_term_string"}}],"inLanguage":"sr-RS"},{"@type":"Person","@id":"https:\/\/president-ksgov.net\/#\/schema\/person\/bb4337a5fb147cb2046d80548172cbee","name":"admin","image":{"@type":"ImageObject","inLanguage":"sr-RS","@id":"https:\/\/president-ksgov.net\/#\/schema\/person\/image\/","url":"https:\/\/secure.gravatar.com\/avatar\/36156ca0fa3b8d9d25174f146e16beea0cf28f37adf1b9e19b6c9c279a7c9dd3?s=96&d=mm&r=g","contentUrl":"https:\/\/secure.gravatar.com\/avatar\/36156ca0fa3b8d9d25174f146e16beea0cf28f37adf1b9e19b6c9c279a7c9dd3?s=96&d=mm&r=g","caption":"admin"},"sameAs":["https:\/\/president-ksgov.net"]}]}},"_links":{"self":[{"href":"https:\/\/president-ksgov.net\/sr\/wp-json\/wp\/v2\/posts\/78867","targetHints":{"allow":["GET"]}}],"collection":[{"href":"https:\/\/president-ksgov.net\/sr\/wp-json\/wp\/v2\/posts"}],"about":[{"href":"https:\/\/president-ksgov.net\/sr\/wp-json\/wp\/v2\/types\/post"}],"author":[{"embeddable":true,"href":"https:\/\/president-ksgov.net\/sr\/wp-json\/wp\/v2\/users\/1"}],"replies":[{"embeddable":true,"href":"https:\/\/president-ksgov.net\/sr\/wp-json\/wp\/v2\/comments?post=78867"}],"version-history":[{"count":1,"href":"https:\/\/president-ksgov.net\/sr\/wp-json\/wp\/v2\/posts\/78867\/revisions"}],"predecessor-version":[{"id":81801,"href":"https:\/\/president-ksgov.net\/sr\/wp-json\/wp\/v2\/posts\/78867\/revisions\/81801"}],"wp:featuredmedia":[{"embeddable":true,"href":"https:\/\/president-ksgov.net\/sr\/wp-json\/wp\/v2\/media\/54967"}],"wp:attachment":[{"href":"https:\/\/president-ksgov.net\/sr\/wp-json\/wp\/v2\/media?parent=78867"}],"wp:term":[{"taxonomy":"category","embeddable":true,"href":"https:\/\/president-ksgov.net\/sr\/wp-json\/wp\/v2\/categories?post=78867"},{"taxonomy":"post_tag","embeddable":true,"href":"https:\/\/president-ksgov.net\/sr\/wp-json\/wp\/v2\/tags?post=78867"}],"curies":[{"name":"wp","href":"https:\/\/api.w.org\/{rel}","templated":true}]}}