{"id":78826,"date":"2012-09-19T12:53:33","date_gmt":"2012-09-19T12:53:33","guid":{"rendered":"https:\/\/dev.president-ksgov.net\/predsednica-atifete-jahjaga-je-vodila-razgovor-sa-predstavnicima-medija-kosova\/"},"modified":"2012-09-19T12:53:33","modified_gmt":"2012-09-19T12:53:33","slug":"predsednica-atifete-jahjaga-je-vodila-razgovor-sa-predstavnicima-medija-kosova","status":"publish","type":"post","link":"https:\/\/president-ksgov.net\/sr\/predsednica-atifete-jahjaga-je-vodila-razgovor-sa-predstavnicima-medija-kosova\/","title":{"rendered":"Predsednica Atifete Jahjaga je vodila razgovor sa predstavnicima medija Kosova"},"content":{"rendered":"<p>Predsednica Republike Kosovo, gospo\u0111a Atifete Jahjaga, je imala jedan zajedni\u010dki razgovor sa medijima Kosova, glavnim urednicima, urednicima i novinarkama, kojom prilikom ih je obavestila o Me\u0111unarodnom Samitu &#381;ene &#8220;Partnerstvo za Promene&#8221;, koji \u0107e se odr&#382;ati u Pri&#353;tini od o4-06 oktobra 2012 godine.<\/p>\n<p>Predsednica Republike Kosovo, gospo\u0111a Atifete Jahjaga, je imala jedan zajedni\u010dki razgovor sa medijima Kosova, glavnim urednicima, urednicima i novinarkama, kojom prilikom ih je obavestila o Me\u0111unarodnom Samitu &#381;ene &#8220;Partnerstvo za Promene&#8221;, koji \u0107e se odr&#382;ati u Pri&#353;tini od o4-06 oktobra 2012 godine.<\/p>\n<p>Predsednica Jahjaga je naglasila da je, zadnje dve dekade, Kosovo i region pro&#353;lo kroz faze tranzicije i, tokom ovog perioda, &#382;rtvovanje i neumoran rad &#382;ena je bio odlu\u010duju\u0107i pri uspostavljanju sigurnosti, stabilnosti, kao preduslov za razvoj odnosnih zemalja regiona.\u00a0<br \/>\nOna je naglasila da preko Me\u0111unarodnog samita &#382;ena, prvog ove vrste ne samo na Kosovu nego i u celoj regiji, namerava se stvaranje jedne zajedni\u010dke platforme unapre\u0111enja pitanja odnosa me\u0111u polovima u svim oblastima &#382;ivota preko granica, etni\u010dkih, rasnih i verskih razlika. <\/p>\n<p>&#8220;Me\u0111unarodni samit &#382;ena te&#382;i stvaranju mostova saradnje, komuniciranja i partnerstva izme\u0111u javnog i privatnog sektora, akademskog sveta, tvoraca politike, ne samo unutar granica jedne dr&#382;ave nego i izme\u0111u naroda i dr&#382;ava. Primarni cilj ovog Me\u0111unarodnog samita &#382;ena jeste kori&#353;\u0107enje svake mogu\u0107nosti za garantovanje i ja\u010danje &#382;ene u svakoj oblasti &#382;ivota, kao jedan zajedni\u010dki cilj u globalnom nivou i kao jedna platforma za op&#353;ti razvoj na&#353;ih zemalja&#8220;, re\u010de Predsednica Jahjaga.<\/p>\n<p>Ona re\u010de da investiranje jednog dru&#353;tva na unapre\u0111enje prava &#382;ena jeste investiranje za budu\u0107nost jedne zemlje, dok bezbednost &#382;ene garantuje bezbednost celog dru&#353;tva.<\/p>\n<p>U razgovor sa predstavnicima medija na Kosovu, Predsednica Jahjaga je naglasila da \u0107e Me\u0111unarodni samit pru&#382;iti mogu\u0107nost da u\u010desnici, &#382;ene i mu&#353;karci razmene ideje i iskustva, da raspodele njihove najbolje prakse i da ponude re&#353;enja za preostale najvi&#353;e izra&#382;ene pote&#353;ko\u0107e sa kojima se su\u010deljavaju ne samo &#382;ene Kosova nego i &#353;ire u regionu.<\/p>\n<p>Predsednica Jahjaga je istakla da \u0107e se\u00a0 tokom rada Samita raspravljati o napredovanju i pozitivnim promenama, ali istovremeno \u0107e se identificirati i potencijalna re&#353;enja za globalne izazove, u nameri sastavljanja jednog putokaza za budu\u0107nost koji bi slu&#382;io ne samo za Kosovo nego i za ostale zemlje sveta koje imaju iste pote&#353;ko\u0107e, barijere.<\/p>\n<p>&#8222;Kosovo i regija ima mnogo toga da ponudi, s toga \u0107e ovaj Samit slu&#382;iti ka jedna jedinstvena mogu\u0107nost za dovo\u0111enje na&#353;e zemlje u centar pozitivnih zbivanja, ali i pru&#382;aju\u0107i mogu\u0107nosti za iskori&#353;\u0107avanje regionalnih i globalnih iskustava. Istovremeno, Kosovu se pru&#382;a mogu\u0107nost da bude inicijator novih preduze\u0107a koje \u0107e garantovati daljne unapre\u0111enje &#382;ene kao klju\u010dnog faktora za razvoj&#8220;, re\u010de Predsednica Jahjaga. <\/p>\n<p>Tokom dva dana Samitu, u\u010desnici \u0107e se koncentrirati na ekonomski razvoj, u\u010de&#353;\u0107e u politiku i bezbednost &#382;ena kao klju\u010dno pitanje i adresirati \/ isticati \u0107e se i faktori koji uti\u010du na ulogu &#382;ene u dru&#353;tvo, raspraviti \u0107e se teme kao &#353;to su svojinsko pravo i pristup &#382;ene izvorima, njeno ekonomsko ja\u010danje i ustavne izborne barijere za u\u010de&#353;\u0107e &#382;ene u politiku i odlu\u010divanje\/ dono&#353;enje odluka. Tema koja \u0107e se razmatrati u okviru Me\u0111unarodnog Samita &#8222;Partnerstvo za promene &#8211; ja\u010danje &#381;ene&#8220; jeste i uloga &#382;ene u suzbijanju korupcije, te bezbednost, pravda\u00a0 i reforma u oblasti bezbednosti.<\/p>\n<p>U Me\u0111unarodnom Samitu &#382;ena \u0107e do\u0107i oko 200 u\u010desnika sa Kosova, regiona, Evrope, Srednjeg Istoka, Azije i Amerike. Organizator i doma\u0107in Samita jeste Predsednica Republike Kosovo, gospo\u0111a Atifete Jahjaga, uz finansijsku podr&#353;ku USAID-a i organizacionu podr&#353;ku NDI.<\/p>\n<p>Pri slu&#382;benom otvaranju Samita 04 oktobra, biv&#353;i ameri\u010dki dr&#382;avni sekretar Madeleine Albright \u0107e odr&#382;ati prigodni govor o va&#382;nosti &#382;ene kao klju\u010dnog faktora u razvoju jedne dr&#382;ave.<\/p>\n<p>Svi u\u010desnici su sa visokog nivoa predstavljanja iz dr&#382;avnih vladinih institucija, politi\u010dki lideri, lideri civilnog dru&#353;tva i iz oblasti ekonomije, koji svojim rukovodstvom i hrabro&#353;\u0107u su uticali u doma\u0107em i globalnom trendu.\u00a0<\/p>\n","protected":false},"excerpt":{"rendered":"<p>Predsednica Republike Kosovo, gospo\u0111a Atifete Jahjaga, je imala jedan zajedni\u010dki razgovor sa medijima Kosova, glavnim urednicima, urednicima i novinarkama, kojom prilikom ih je obavestila o Me\u0111unarodnom Samitu &#381;ene &#8220;Partnerstvo za Promene&#8221;, koji \u0107e se odr&#382;ati u Pri&#353;tini od o4-06 oktobra 2012 godine.<\/p>\n","protected":false},"author":1,"featured_media":54605,"comment_status":"open","ping_status":"closed","sticky":false,"template":"","format":"standard","meta":{"_eb_attr":"","footnotes":""},"categories":[101],"tags":[],"class_list":["post-78826","post","type-post","status-publish","format-standard","has-post-thumbnail","hentry","category-vesti"],"yoast_head":"<!-- This site is optimized with the Yoast SEO plugin v23.5 - https:\/\/yoast.com\/wordpress\/plugins\/seo\/ -->\n<title>Predsednica Atifete Jahjaga je vodila razgovor sa predstavnicima medija Kosova - Predsednik Republike Kosovo - DR. VJOSA OSMANI - SADRIU<\/title>\n<meta name=\"description\" content=\"Predsednica Atifete Jahjaga je vodila razgovor sa predstavnicima medija Kosova - Predsednik Republike Kosovo - DR. VJOSA OSMANI - SADRIU -\" \/>\n<meta name=\"robots\" content=\"index, follow, max-snippet:-1, max-image-preview:large, max-video-preview:-1\" \/>\n<link rel=\"canonical\" href=\"https:\/\/president-ksgov.net\/presidentja-atifete-jahjaga-bashkebisedoi-me-perfaqesueset-e-mediave-ne-kosove\/\" \/>\n<meta property=\"og:locale\" content=\"sr_RS\" \/>\n<meta property=\"og:type\" content=\"article\" \/>\n<meta property=\"og:title\" content=\"Predsednica Atifete Jahjaga je vodila razgovor sa predstavnicima medija Kosova - Predsednik Republike Kosovo - DR. VJOSA OSMANI - SADRIU\" \/>\n<meta property=\"og:description\" content=\"Predsednica Atifete Jahjaga je vodila razgovor sa predstavnicima medija Kosova - Predsednik Republike Kosovo - DR. VJOSA OSMANI - SADRIU -\" \/>\n<meta property=\"og:url\" content=\"https:\/\/president-ksgov.net\/presidentja-atifete-jahjaga-bashkebisedoi-me-perfaqesueset-e-mediave-ne-kosove\/\" \/>\n<meta property=\"og:site_name\" content=\"Predsednik Republike Kosovo - DR. VJOSA OSMANI - SADRIU\" \/>\n<meta property=\"article:published_time\" content=\"2012-09-19T12:53:33+00:00\" \/>\n<meta property=\"og:image\" content=\"https:\/\/president-ksgov.net\/wp-content\/uploads\/19_09_2012_Takim_me_gazetare_11.jpg\" \/>\n\t<meta property=\"og:image:width\" content=\"1000\" \/>\n\t<meta property=\"og:image:height\" content=\"667\" \/>\n\t<meta property=\"og:image:type\" content=\"image\/jpeg\" \/>\n<meta name=\"author\" content=\"admin\" \/>\n<meta name=\"twitter:card\" content=\"summary_large_image\" \/>\n<meta name=\"twitter:label1\" content=\"\u041d\u0430\u043f\u0438\u0441\u0430\u043d\u043e \u043e\u0434\" \/>\n\t<meta name=\"twitter:data1\" content=\"admin\" \/>\n\t<meta name=\"twitter:label2\" content=\"\u041f\u0440\u043e\u0446\u0435\u045a\u0435\u043d\u043e \u0432\u0440\u0435\u043c\u0435 \u0447\u0438\u0442\u0430\u045a\u0430\" \/>\n\t<meta name=\"twitter:data2\" content=\"4 \u043c\u0438\u043d\u0443\u0442\u0430\" \/>\n<script type=\"application\/ld+json\" class=\"yoast-schema-graph\">{\"@context\":\"https:\/\/schema.org\",\"@graph\":[{\"@type\":\"WebPage\",\"@id\":\"https:\/\/president-ksgov.net\/presidentja-atifete-jahjaga-bashkebisedoi-me-perfaqesueset-e-mediave-ne-kosove\/\",\"url\":\"https:\/\/president-ksgov.net\/presidentja-atifete-jahjaga-bashkebisedoi-me-perfaqesueset-e-mediave-ne-kosove\/\",\"name\":\"Predsednica Atifete Jahjaga je vodila razgovor sa predstavnicima medija Kosova - Predsednik Republike Kosovo - DR. VJOSA OSMANI - SADRIU\",\"isPartOf\":{\"@id\":\"https:\/\/president-ksgov.net\/#website\"},\"primaryImageOfPage\":{\"@id\":\"https:\/\/president-ksgov.net\/presidentja-atifete-jahjaga-bashkebisedoi-me-perfaqesueset-e-mediave-ne-kosove\/#primaryimage\"},\"image\":{\"@id\":\"https:\/\/president-ksgov.net\/presidentja-atifete-jahjaga-bashkebisedoi-me-perfaqesueset-e-mediave-ne-kosove\/#primaryimage\"},\"thumbnailUrl\":\"https:\/\/president-ksgov.net\/wp-content\/uploads\/19_09_2012_Takim_me_gazetare_11.jpg\",\"datePublished\":\"2012-09-19T12:53:33+00:00\",\"dateModified\":\"2012-09-19T12:53:33+00:00\",\"author\":{\"@id\":\"https:\/\/president-ksgov.net\/#\/schema\/person\/bb4337a5fb147cb2046d80548172cbee\"},\"description\":\"Predsednica Atifete Jahjaga je vodila razgovor sa predstavnicima medija Kosova - Predsednik Republike Kosovo - DR. VJOSA OSMANI - SADRIU -\",\"breadcrumb\":{\"@id\":\"https:\/\/president-ksgov.net\/presidentja-atifete-jahjaga-bashkebisedoi-me-perfaqesueset-e-mediave-ne-kosove\/#breadcrumb\"},\"inLanguage\":\"sr-RS\",\"potentialAction\":[{\"@type\":\"ReadAction\",\"target\":[\"https:\/\/president-ksgov.net\/presidentja-atifete-jahjaga-bashkebisedoi-me-perfaqesueset-e-mediave-ne-kosove\/\"]}]},{\"@type\":\"ImageObject\",\"inLanguage\":\"sr-RS\",\"@id\":\"https:\/\/president-ksgov.net\/presidentja-atifete-jahjaga-bashkebisedoi-me-perfaqesueset-e-mediave-ne-kosove\/#primaryimage\",\"url\":\"https:\/\/president-ksgov.net\/wp-content\/uploads\/19_09_2012_Takim_me_gazetare_11.jpg\",\"contentUrl\":\"https:\/\/president-ksgov.net\/wp-content\/uploads\/19_09_2012_Takim_me_gazetare_11.jpg\",\"width\":1000,\"height\":667},{\"@type\":\"BreadcrumbList\",\"@id\":\"https:\/\/president-ksgov.net\/presidentja-atifete-jahjaga-bashkebisedoi-me-perfaqesueset-e-mediave-ne-kosove\/#breadcrumb\",\"itemListElement\":[{\"@type\":\"ListItem\",\"position\":1,\"name\":\"Home\",\"item\":\"https:\/\/president-ksgov.net\/sr\/\"},{\"@type\":\"ListItem\",\"position\":2,\"name\":\"Predsednica Atifete Jahjaga je vodila razgovor sa predstavnicima medija Kosova\"}]},{\"@type\":\"WebSite\",\"@id\":\"https:\/\/president-ksgov.net\/#website\",\"url\":\"https:\/\/president-ksgov.net\/\",\"name\":\"Presidente e Republik\u00ebs s\u00eb Kosov\u00ebs\",\"description\":\"Presidente e Republik\u00ebs s\u00eb Kosov\u00ebs\",\"alternateName\":\"DR. VJOSA OSMANI - SADRIU\",\"potentialAction\":[{\"@type\":\"SearchAction\",\"target\":{\"@type\":\"EntryPoint\",\"urlTemplate\":\"https:\/\/president-ksgov.net\/?s={search_term_string}\"},\"query-input\":{\"@type\":\"PropertyValueSpecification\",\"valueRequired\":true,\"valueName\":\"search_term_string\"}}],\"inLanguage\":\"sr-RS\"},{\"@type\":\"Person\",\"@id\":\"https:\/\/president-ksgov.net\/#\/schema\/person\/bb4337a5fb147cb2046d80548172cbee\",\"name\":\"admin\",\"image\":{\"@type\":\"ImageObject\",\"inLanguage\":\"sr-RS\",\"@id\":\"https:\/\/president-ksgov.net\/#\/schema\/person\/image\/\",\"url\":\"https:\/\/secure.gravatar.com\/avatar\/36156ca0fa3b8d9d25174f146e16beea0cf28f37adf1b9e19b6c9c279a7c9dd3?s=96&d=mm&r=g\",\"contentUrl\":\"https:\/\/secure.gravatar.com\/avatar\/36156ca0fa3b8d9d25174f146e16beea0cf28f37adf1b9e19b6c9c279a7c9dd3?s=96&d=mm&r=g\",\"caption\":\"admin\"},\"sameAs\":[\"https:\/\/president-ksgov.net\"]}]}<\/script>\n<!-- \/ Yoast SEO plugin. -->","yoast_head_json":{"title":"Predsednica Atifete Jahjaga je vodila razgovor sa predstavnicima medija Kosova - Predsednik Republike Kosovo - DR. VJOSA OSMANI - SADRIU","description":"Predsednica Atifete Jahjaga je vodila razgovor sa predstavnicima medija Kosova - Predsednik Republike Kosovo - DR. VJOSA OSMANI - SADRIU -","robots":{"index":"index","follow":"follow","max-snippet":"max-snippet:-1","max-image-preview":"max-image-preview:large","max-video-preview":"max-video-preview:-1"},"canonical":"https:\/\/president-ksgov.net\/presidentja-atifete-jahjaga-bashkebisedoi-me-perfaqesueset-e-mediave-ne-kosove\/","og_locale":"sr_RS","og_type":"article","og_title":"Predsednica Atifete Jahjaga je vodila razgovor sa predstavnicima medija Kosova - Predsednik Republike Kosovo - DR. VJOSA OSMANI - SADRIU","og_description":"Predsednica Atifete Jahjaga je vodila razgovor sa predstavnicima medija Kosova - Predsednik Republike Kosovo - DR. VJOSA OSMANI - SADRIU -","og_url":"https:\/\/president-ksgov.net\/presidentja-atifete-jahjaga-bashkebisedoi-me-perfaqesueset-e-mediave-ne-kosove\/","og_site_name":"Predsednik Republike Kosovo - DR. VJOSA OSMANI - SADRIU","article_published_time":"2012-09-19T12:53:33+00:00","og_image":[{"width":1000,"height":667,"url":"https:\/\/president-ksgov.net\/wp-content\/uploads\/19_09_2012_Takim_me_gazetare_11.jpg","type":"image\/jpeg"}],"author":"admin","twitter_card":"summary_large_image","twitter_misc":{"\u041d\u0430\u043f\u0438\u0441\u0430\u043d\u043e \u043e\u0434":"admin","\u041f\u0440\u043e\u0446\u0435\u045a\u0435\u043d\u043e \u0432\u0440\u0435\u043c\u0435 \u0447\u0438\u0442\u0430\u045a\u0430":"4 \u043c\u0438\u043d\u0443\u0442\u0430"},"schema":{"@context":"https:\/\/schema.org","@graph":[{"@type":"WebPage","@id":"https:\/\/president-ksgov.net\/presidentja-atifete-jahjaga-bashkebisedoi-me-perfaqesueset-e-mediave-ne-kosove\/","url":"https:\/\/president-ksgov.net\/presidentja-atifete-jahjaga-bashkebisedoi-me-perfaqesueset-e-mediave-ne-kosove\/","name":"Predsednica Atifete Jahjaga je vodila razgovor sa predstavnicima medija Kosova - Predsednik Republike Kosovo - DR. VJOSA OSMANI - SADRIU","isPartOf":{"@id":"https:\/\/president-ksgov.net\/#website"},"primaryImageOfPage":{"@id":"https:\/\/president-ksgov.net\/presidentja-atifete-jahjaga-bashkebisedoi-me-perfaqesueset-e-mediave-ne-kosove\/#primaryimage"},"image":{"@id":"https:\/\/president-ksgov.net\/presidentja-atifete-jahjaga-bashkebisedoi-me-perfaqesueset-e-mediave-ne-kosove\/#primaryimage"},"thumbnailUrl":"https:\/\/president-ksgov.net\/wp-content\/uploads\/19_09_2012_Takim_me_gazetare_11.jpg","datePublished":"2012-09-19T12:53:33+00:00","dateModified":"2012-09-19T12:53:33+00:00","author":{"@id":"https:\/\/president-ksgov.net\/#\/schema\/person\/bb4337a5fb147cb2046d80548172cbee"},"description":"Predsednica Atifete Jahjaga je vodila razgovor sa predstavnicima medija Kosova - Predsednik Republike Kosovo - DR. VJOSA OSMANI - SADRIU -","breadcrumb":{"@id":"https:\/\/president-ksgov.net\/presidentja-atifete-jahjaga-bashkebisedoi-me-perfaqesueset-e-mediave-ne-kosove\/#breadcrumb"},"inLanguage":"sr-RS","potentialAction":[{"@type":"ReadAction","target":["https:\/\/president-ksgov.net\/presidentja-atifete-jahjaga-bashkebisedoi-me-perfaqesueset-e-mediave-ne-kosove\/"]}]},{"@type":"ImageObject","inLanguage":"sr-RS","@id":"https:\/\/president-ksgov.net\/presidentja-atifete-jahjaga-bashkebisedoi-me-perfaqesueset-e-mediave-ne-kosove\/#primaryimage","url":"https:\/\/president-ksgov.net\/wp-content\/uploads\/19_09_2012_Takim_me_gazetare_11.jpg","contentUrl":"https:\/\/president-ksgov.net\/wp-content\/uploads\/19_09_2012_Takim_me_gazetare_11.jpg","width":1000,"height":667},{"@type":"BreadcrumbList","@id":"https:\/\/president-ksgov.net\/presidentja-atifete-jahjaga-bashkebisedoi-me-perfaqesueset-e-mediave-ne-kosove\/#breadcrumb","itemListElement":[{"@type":"ListItem","position":1,"name":"Home","item":"https:\/\/president-ksgov.net\/sr\/"},{"@type":"ListItem","position":2,"name":"Predsednica Atifete Jahjaga je vodila razgovor sa predstavnicima medija Kosova"}]},{"@type":"WebSite","@id":"https:\/\/president-ksgov.net\/#website","url":"https:\/\/president-ksgov.net\/","name":"Presidente e Republik\u00ebs s\u00eb Kosov\u00ebs","description":"Presidente e Republik\u00ebs s\u00eb Kosov\u00ebs","alternateName":"DR. VJOSA OSMANI - SADRIU","potentialAction":[{"@type":"SearchAction","target":{"@type":"EntryPoint","urlTemplate":"https:\/\/president-ksgov.net\/?s={search_term_string}"},"query-input":{"@type":"PropertyValueSpecification","valueRequired":true,"valueName":"search_term_string"}}],"inLanguage":"sr-RS"},{"@type":"Person","@id":"https:\/\/president-ksgov.net\/#\/schema\/person\/bb4337a5fb147cb2046d80548172cbee","name":"admin","image":{"@type":"ImageObject","inLanguage":"sr-RS","@id":"https:\/\/president-ksgov.net\/#\/schema\/person\/image\/","url":"https:\/\/secure.gravatar.com\/avatar\/36156ca0fa3b8d9d25174f146e16beea0cf28f37adf1b9e19b6c9c279a7c9dd3?s=96&d=mm&r=g","contentUrl":"https:\/\/secure.gravatar.com\/avatar\/36156ca0fa3b8d9d25174f146e16beea0cf28f37adf1b9e19b6c9c279a7c9dd3?s=96&d=mm&r=g","caption":"admin"},"sameAs":["https:\/\/president-ksgov.net"]}]}},"_links":{"self":[{"href":"https:\/\/president-ksgov.net\/sr\/wp-json\/wp\/v2\/posts\/78826","targetHints":{"allow":["GET"]}}],"collection":[{"href":"https:\/\/president-ksgov.net\/sr\/wp-json\/wp\/v2\/posts"}],"about":[{"href":"https:\/\/president-ksgov.net\/sr\/wp-json\/wp\/v2\/types\/post"}],"author":[{"embeddable":true,"href":"https:\/\/president-ksgov.net\/sr\/wp-json\/wp\/v2\/users\/1"}],"replies":[{"embeddable":true,"href":"https:\/\/president-ksgov.net\/sr\/wp-json\/wp\/v2\/comments?post=78826"}],"version-history":[{"count":0,"href":"https:\/\/president-ksgov.net\/sr\/wp-json\/wp\/v2\/posts\/78826\/revisions"}],"wp:featuredmedia":[{"embeddable":true,"href":"https:\/\/president-ksgov.net\/sr\/wp-json\/wp\/v2\/media\/54605"}],"wp:attachment":[{"href":"https:\/\/president-ksgov.net\/sr\/wp-json\/wp\/v2\/media?parent=78826"}],"wp:term":[{"taxonomy":"category","embeddable":true,"href":"https:\/\/president-ksgov.net\/sr\/wp-json\/wp\/v2\/categories?post=78826"},{"taxonomy":"post_tag","embeddable":true,"href":"https:\/\/president-ksgov.net\/sr\/wp-json\/wp\/v2\/tags?post=78826"}],"curies":[{"name":"wp","href":"https:\/\/api.w.org\/{rel}","templated":true}]}}