{"id":78817,"date":"2012-09-25T11:51:32","date_gmt":"2012-09-25T11:51:32","guid":{"rendered":"https:\/\/dev.president-ksgov.net\/govor-predsednice-republike-kosovo-gospodje-atifete-jahjaga-u-forumu-odranog-u-koledju-barnard-2\/"},"modified":"2012-09-25T11:51:32","modified_gmt":"2012-09-25T11:51:32","slug":"govor-predsednice-republike-kosovo-gospodje-atifete-jahjaga-u-forumu-odranog-u-koledju-barnard-2","status":"publish","type":"post","link":"https:\/\/president-ksgov.net\/sr\/govor-predsednice-republike-kosovo-gospodje-atifete-jahjaga-u-forumu-odranog-u-koledju-barnard-2\/","title":{"rendered":"GOVOR PREDSEDNICE REPUBLIKE KOSOVO, GOSPO\u0110E ATIFETE JAHJAGA U FORUMU ODR&#142;ANOG U KOLE\u0110U BARNARD"},"content":{"rendered":"<p>Zadovoljstvo je biti ovde sa vama u ovo ve\u0107e, da razgovaramo o va&#382;nosti &#382;ena lidera i o uticaju koji ima anga&#382;ovanje &#382;ena u javnoj slu&#382;bi, i da sa vama podelim moja iskustva kao prva &#382;ena predsednik Kosova i jedine predsednice do sada na Balkanu.<\/p>\n<p>Po&#353;tovani predsedni\u010de Spar,<br \/>\nPo&#353;tovana Gospo\u0111a Harman, Gospo\u0111a de Alwis, Gospo\u0111a Pais, Gospo\u0111a Pandith,<br \/>\nDame i gospodo,<br \/>\nDragi prijatelji;<br \/>\n\u00a0<br \/>\nZadovoljstvo je biti ovde sa vama u ovo ve\u0107e, da razgovaramo o va&#382;nosti &#382;ena lidera i o uticaju koji ima anga&#382;ovanje &#382;ena u javnoj slu&#382;bi, i da sa vama podelim moja iskustva kao prva &#382;ena predsednik Kosova i jedine predsednice do sada na Balkanu,<br \/>\n\u00a0<br \/>\nJa sam izabrana predsednicom Kosova pro&#353;le godine u sred jedne nepredvi\u0111ene politi\u010dke krize sa kojom se su\u010deljavala zemlja. Ustavni sud samo &#353;to je bio dao jedno re&#353;enje oko izbora prethodnog predsednika, izbor koji nije po&#353;tovao pravila procedure; politi\u010dke partije su se vratile za stolom radi pregovaranja za iznala&#382;enje jednog povoljnog kandidata, koji bi ujedinio njih i gra\u0111ane Kosova. Oni su mi se obratili da budem kandidat. Bio je jedan predlog dosta rizi\u010dne du&#382;nosti, jer, povrh iskustva mojih prethodnika i ve\u0107ine predsednika u drugim zemljama sveta, ja nikada nisam kandidovala za taj polo&#382;aj a niti sam pre zami&#353;ljala sebe uklju\u010denu u politiku.<br \/>\n\u00a0<br \/>\nOno &#353;to me je \u010dinilo da se razlikujem bilo je moje opredeljenje prema jednoj slu&#382;bi koju poznaju mnogi na Kosovu.<br \/>\n\u00a0<br \/>\nGodine 2000, nekoliko meseci posle zavr&#353;etka rata na Kosovu, rat koji je razorio Kosovo, Kosovo koja je imala preku potrebu za celokupnu obnovu, ja sam se pridru&#382;ila novoj snazi Kosovske Policije. Ja sam se pridru&#382;ila ovoj snazi iz razloga &#353;to sam ceo svoj &#382;ivot pre&#382;ivela u potra&#382;nji za slobodom i vladanjem zakona usred jedne represije i diskriminacije, karakteristi\u010dno za ve\u0107inu moje generacije koja je &#382;ivela na Kosovu u tom periodu. Za moju porodicu tako\u0111e. Moj otac je do&#353;ao u ovaj svet u zatvor, jer je njegova majka, kao jedan disident, bila uhap&#353;ena zbog tog &#353;to se suprotstavila re&#382;imu koji nam je zabranio sva na&#353;a prava, koji nije po&#353;tovao niti osnovna ljudska prava.<br \/>\n\u00a0<br \/>\nU jednoj razorenoj dr&#382;avi, kao Kosovo 1999 godine, osnivanje policijskih snaga je bilo bitno, jer vladanje zakona jeste jedno osnovno na\u010delo za jedan ustrajan i odr&#382;iv razvoj dr&#382;ave. Ovo je bila na&#353;a prilika da, prvi put u istoriji Kosova, da uspostavimo snagu koja je bila demokratska, sveobuhvatna i koja je pru&#382;ilo sigurnost. Jedna policijska snaga koja \u0107e slu&#382;iti svima, bez obzira na etni\u010dku, polnu ili versku pripadnost. Jednu policijsku snagu koja \u0107e garantovati slobodu svakome i svima i koja \u0107e stvoriti uslove da svaki gra\u0111anin Kosova potpuno oslobodi njegov li\u010dni potencijal, bez diskriminacije, bez predrasuda, sa jednakim mogu\u0107nostima i pravima. Da obezbedi prosperitet, koji se oslanjao tako mnogo na vladanje zakona, kao &#353;to se oslanjaju i na&#353;e ambicije da se u budu\u0107e uklju\u010dimo u Evropsku Zajednicu.<br \/>\n\u00a0<br \/>\nOvo je razlog za&#353;to je stvaranje Kosovske Policije, najvi&#353;e cenjene institucije na Kosovu, bio jedan imperativ za vladanje zakon u mojoj zemlji. Zbog toga s ponosom ka&#382;em da policijska snaga, u \u010dije stvaranje sam ja pomogla, danas jeste takva.<br \/>\n\u00a0<br \/>\nIsto je posve\u0107enje za gra\u0111ane Kosova, koje imam \u010dast predstavljati, koje me motiviralo da preuzimam na sebe odgovornost, i izazov, koji sadr&#382;i u sebi polo&#382;aj Predsednika Republike Kosovo.<br \/>\n\u00a0<br \/>\nNa dnevnoj osnovi, moji izazovi, su izazovi svakog Predsednika.<br \/>\n\u00a0<br \/>\nUnutar Kosova, ja radim mnogo da postanem faktor jedinstva, faktor za koji sam se zavetovala da \u0107u biti, kada su me izglasali za ovaj polo&#382;aj i trudim se da rukovodim i podr&#382;im reforme koje su potrebne za daljnji razvoj zemlje.<br \/>\n\u00a0<br \/>\nVan Kosova, kao ove nedelje u Nju Jork, ja &#382;elim da vam predstavim novo Kosovo rukovodiocima koji su se skupili ovde da prisustvuju Generalnoj\u00a0 Skup&#353;tini Ujedinjenih Naroda, kao jedna dr&#382;ava koja raste u miru uz pomo\u0107 ove divne dr&#382;ave i njenih me\u0111unarodnih prijatelja.<br \/>\n\u00a0<br \/>\nAli, budu\u0107i prva &#382;ena predsednica u regionu i predstavljaju\u0107i jednu novu generaciju rukovodioca, ja imam jednu dodatnu odgovornost &#8211; ja &#382;elim inspirisati, naro\u010dito mlade &#382;ene regiona da se pridru&#382;uju &#8220;javnoj slu&#382;bi&#8220;, da se uklju\u010de i da doprinose obnovi svojih dru&#353;tva i celoj regiji.<br \/>\n\u00a0<br \/>\nZa&#353;to je ovo va&#382;no?<\/p>\n<p>Najpre, &#382;ene su jako sposobne za uspostavljanje mostova. Jedna dr&#382;ava koja je pre&#382;ivela konflikt koji je o&#353;tetio stubove veze koji odr&#382;avaju zajedno celovitost jednog dru&#353;tva, &#382;ene su pokazale neograni\u010denu volju, i jednu sposobnost da obnove one stubove koji \u0107e ponovo spajati zajednice.<\/p>\n<p>Vrlo \u010desto, &#382;ene su najlak&#353;i ciljevi tokom konflikata, i one su najvi&#353;e o&#353;te\u0107ene od gubitaka koje donosi rad. Tako\u0111e one su najvi&#353;e ispa&#353;tale od nema&#353;tine i nepostojanja mogu\u0107nosti, i to je jedna potpuno istinita \u010dinjenica, bez obzira da li one &#382;ive na Kosovu, Liberiji ili Siriji. Kao takve i zbog sposobnosti da saose\u0107aju jedna s drugom, one su vi&#353;e voljne za saradnju i stvaranje mogu\u0107nosti za sebe i za druge.<\/p>\n<p>One su pokazale odanost u njihovim zahtevima za promene i ostale su verne principima; pokazale su hrabrost i nisu ni najmanje izbegavale njihovu borbu za ve\u0107u pravdu i vi&#353;e slobode. Pokazale su odanost u njihovoj borbi za ukidanje za\u010daranog kruga nosilja i mr&#382;nje.<\/p>\n<p>Budu\u0107i &#382;rtva jednog rata, koje su pre&#382;ivele sve posledice rata, &#382;ene su sa pretvorile u jedan premer rukovodioca u dru&#353;tvu. One su nosioci celokupne bezbednosti dru&#353;tva kao celine. &#381;ene se temelj jednog dru&#353;tva zbog toga &#353;to one garantuju prosperitet za sve.<br \/>\n\u00a0<br \/>\nI one su istinit &#8220;generator promena.<\/p>\n<p>Ne &#382;elim izdvajati &#382;ene i\u00a0 mu&#353;karce iz razloga &#353;to odgovornost za sav razvoj pripada jednako nad oba dva polova. U mojoj zemlji, i u drugim zemljama koje prolaze kroz fazu tranzicije, izazovi su veliki i nikad nisu laki.<br \/>\n\u00a0<br \/>\nU mom slu\u010daju, ja sam odlu\u010dila da se su\u010deljavam sa ovim izazovima zato &#353;to verujem na osiguranje jedne bolje budu\u0107nosti za gra\u0111ane moje zemlje i za mladu generaciju. S toga vodim aktivnost za suzbijanje korupcije uz odlu\u010dnost da pobedim u ovu borbu.<br \/>\n\u00a0<br \/>\nKada su uklju\u010dene u politici ili civilno rukovodstvo, &#382;ene poma&#382;u stvaranju jednog sveobuhvatnog dru&#353;tva i jedne vi&#353;e smislene demokratije, zbog toga &#353;to one predstavljaju 50% dru&#353;tva, koja \u010desto nije obuhva\u0107ena odlu\u010divanje. Njihova prisutnost na parlamentima i vlade poma&#382;e da se stvaraju vi&#353;e balansirane politike koje adresiraju potrebe svakog gra\u0111anina.<br \/>\n\u00a0<br \/>\nZaklju\u010dno, ovo i jeste razlog za&#353;to va&#353; zajedni\u010dki posao, u centru Woodrow Wilson ili u projekat &#381;ene u javnoj slu&#382;bi, je toliko klju\u010dan\/bitan.<br \/>\n\u00a0<br \/>\nKao dodatak stvaranja jedne platforme preko koje mi delimo iskustva i najbolje prakse u celoj zemaljskoj kugli, konkretni cilj ove inicijative za pove\u0107anje broja &#382;ena na rukovode\u0107im polo&#382;ajima do 50% do 2050 godine&#8220; \u0107e rezultirati na vi&#353;e balansirane politike, na bolje adresiranje potreba i sveobuhvatnije dru&#353;tvo &#353;to \u0107e kao posledicu imati stabilnost i ve\u0107i prosperitet za zajednice i na&#353;e zemlje.<br \/>\n\u00a0<br \/>\nKao &#353;to je par meseci ranije rekla, dr&#382;avni sekretar Klinton, koja je jedna inspiracija za sve nas, &#8222;va&#353;i izgledi da uspete \u0107e biti ve\u0107e ukoliko vi &#353;irite krug tako da obuhvatite jedan &#353;iri opseg ekspertize, iskustva i ideja&#8230; Ovo se ne odnosi samo na &#8220;pravdu&#8220; nego se odnosi na pro&#353;irenje broja talentovanih ljudi koji \u0107e pomo\u0107i na uspe&#353;no izazivanje na&#353;ih najve\u0107ih problema&#8220;.<br \/>\n\u00a0<br \/>\nTako, \u010dinjenica da li se stiglo do pove\u0107anja u\u010de&#353;\u0107a &#382;ena preko kvota ili kao posledica pove\u0107anja svesti da investicija za &#382;ene jeste garantovana investicija u pravcu na&#353;e budu\u0107nosti, i nije toliko relevantan. Kada se posti&#382;e ovaj cilj, pove\u0107anje u\u010de&#353;\u0107a &#382;ena u svim oblastima, biti \u0107e vode\u0107i primer na\u010dina kako mo&#382;e da se stvori jedna kriti\u010dna masa za pozitivne promene na globalnom nivou, inspiriraju\u0107i &#382;ene da deluju na njihovom lokalnom nivou. S toga ja hvalim sekretara Klinton i rukovodioce bratskih koled&#382;a za jednu tako inspirativnu viziju.<br \/>\n\u00a0<br \/>\nIspunjavanje ovog cila \u0107e biti jedan poklon od &#382;ena ove generacije za rukovodioce mladih generacija koje su u toku izlaska ne videlo, koje, nadamo se, \u0107e &#382;iveti jedan period sa manje ograni\u010denja i sa vi&#353;e pravde.<br \/>\n\u00a0<br \/>\nVama, mladim rukovode\u0107im &#382;enama, vam ka&#382;em nemojte se nikada predati! Jer bez obzira koliko je te&#382;ak bio na&#353; put, u\u010destvuju\u0107i u javnoj slu&#382;bi, vi \u0107ete preuzeti na sebe pro&#353;irenje veza izme\u0111u vas i stvaranje novih partnerstva, savetovanje i obu\u010davanje jedna drugu. Da vi budete model kao koji bi mnogi drugi &#382;eleli da se modeliraju. Da pokazujete solidarnost i da nalazite hrabrost. Da menjate &#382;ivot ljudi na bolje i da radite za sveukupno dobro.<br \/>\n\u00a0<br \/>\nI uveravam vas da bolje nagrade od ove nema.<br \/>\n\u00a0<br \/>\nHvala Vam.<\/p>\n","protected":false},"excerpt":{"rendered":"<p>Zadovoljstvo je biti ovde sa vama u ovo ve\u0107e, da razgovaramo o va&#382;nosti &#382;ena lidera i o uticaju koji ima anga&#382;ovanje &#382;ena u javnoj slu&#382;bi, i da sa vama podelim moja iskustva kao prva &#382;ena predsednik Kosova i jedine predsednice do sada na Balkanu.<\/p>\n","protected":false},"author":1,"featured_media":54473,"comment_status":"open","ping_status":"closed","sticky":false,"template":"","format":"standard","meta":{"_eb_attr":"","footnotes":""},"categories":[101],"tags":[],"class_list":["post-78817","post","type-post","status-publish","format-standard","has-post-thumbnail","hentry","category-vesti"],"yoast_head":"<!-- This site is optimized with the Yoast SEO plugin v23.5 - https:\/\/yoast.com\/wordpress\/plugins\/seo\/ -->\n<title>GOVOR PREDSEDNICE REPUBLIKE KOSOVO, GOSPO\u0110E ATIFETE JAHJAGA U FORUMU ODR&#142;ANOG U KOLE\u0110U BARNARD - Predsednik Republike Kosovo - DR. VJOSA OSMANI - SADRIU<\/title>\n<meta name=\"description\" content=\"GOVOR PREDSEDNICE REPUBLIKE KOSOVO, GOSPO\u0110E ATIFETE JAHJAGA U FORUMU ODR&#142;ANOG U KOLE\u0110U BARNARD - Predsednik Republike Kosovo - DR. VJOSA OSMANI - SADRIU -\" \/>\n<meta name=\"robots\" content=\"index, follow, max-snippet:-1, max-image-preview:large, max-video-preview:-1\" \/>\n<link rel=\"canonical\" href=\"https:\/\/president-ksgov.net\/fjala-e-presidentes-jahjaga-ne-kolegjin-barnard-te-universitetit-columbia-ne-new-york-2\/\" \/>\n<meta property=\"og:locale\" content=\"sr_RS\" \/>\n<meta property=\"og:type\" content=\"article\" \/>\n<meta property=\"og:title\" content=\"GOVOR PREDSEDNICE REPUBLIKE KOSOVO, GOSPO\u0110E ATIFETE JAHJAGA U FORUMU ODR&#142;ANOG U KOLE\u0110U BARNARD - Predsednik Republike Kosovo - DR. VJOSA OSMANI - SADRIU\" \/>\n<meta property=\"og:description\" content=\"GOVOR PREDSEDNICE REPUBLIKE KOSOVO, GOSPO\u0110E ATIFETE JAHJAGA U FORUMU ODR&#142;ANOG U KOLE\u0110U BARNARD - Predsednik Republike Kosovo - DR. VJOSA OSMANI - SADRIU -\" \/>\n<meta property=\"og:url\" content=\"https:\/\/president-ksgov.net\/fjala-e-presidentes-jahjaga-ne-kolegjin-barnard-te-universitetit-columbia-ne-new-york-2\/\" \/>\n<meta property=\"og:site_name\" content=\"Predsednik Republike Kosovo - DR. VJOSA OSMANI - SADRIU\" \/>\n<meta property=\"article:published_time\" content=\"2012-09-25T11:51:32+00:00\" \/>\n<meta property=\"og:image\" content=\"https:\/\/president-ksgov.net\/wp-content\/uploads\/fjala.jpg\" \/>\n\t<meta property=\"og:image:width\" content=\"1000\" \/>\n\t<meta property=\"og:image:height\" content=\"631\" \/>\n\t<meta property=\"og:image:type\" content=\"image\/jpeg\" \/>\n<meta name=\"author\" content=\"admin\" \/>\n<meta name=\"twitter:card\" content=\"summary_large_image\" \/>\n<meta name=\"twitter:label1\" content=\"\u041d\u0430\u043f\u0438\u0441\u0430\u043d\u043e \u043e\u0434\" \/>\n\t<meta name=\"twitter:data1\" content=\"admin\" \/>\n\t<meta name=\"twitter:label2\" content=\"\u041f\u0440\u043e\u0446\u0435\u045a\u0435\u043d\u043e \u0432\u0440\u0435\u043c\u0435 \u0447\u0438\u0442\u0430\u045a\u0430\" \/>\n\t<meta name=\"twitter:data2\" content=\"8 \u043c\u0438\u043d\u0443\u0442\u0430\" \/>\n<script type=\"application\/ld+json\" class=\"yoast-schema-graph\">{\"@context\":\"https:\/\/schema.org\",\"@graph\":[{\"@type\":\"WebPage\",\"@id\":\"https:\/\/president-ksgov.net\/fjala-e-presidentes-jahjaga-ne-kolegjin-barnard-te-universitetit-columbia-ne-new-york-2\/\",\"url\":\"https:\/\/president-ksgov.net\/fjala-e-presidentes-jahjaga-ne-kolegjin-barnard-te-universitetit-columbia-ne-new-york-2\/\",\"name\":\"GOVOR PREDSEDNICE REPUBLIKE KOSOVO, GOSPO\u0110E ATIFETE JAHJAGA U FORUMU ODR&#142;ANOG U KOLE\u0110U BARNARD - Predsednik Republike Kosovo - DR. VJOSA OSMANI - SADRIU\",\"isPartOf\":{\"@id\":\"https:\/\/president-ksgov.net\/#website\"},\"primaryImageOfPage\":{\"@id\":\"https:\/\/president-ksgov.net\/fjala-e-presidentes-jahjaga-ne-kolegjin-barnard-te-universitetit-columbia-ne-new-york-2\/#primaryimage\"},\"image\":{\"@id\":\"https:\/\/president-ksgov.net\/fjala-e-presidentes-jahjaga-ne-kolegjin-barnard-te-universitetit-columbia-ne-new-york-2\/#primaryimage\"},\"thumbnailUrl\":\"https:\/\/president-ksgov.net\/wp-content\/uploads\/fjala.jpg\",\"datePublished\":\"2012-09-25T11:51:32+00:00\",\"dateModified\":\"2012-09-25T11:51:32+00:00\",\"author\":{\"@id\":\"https:\/\/president-ksgov.net\/#\/schema\/person\/bb4337a5fb147cb2046d80548172cbee\"},\"description\":\"GOVOR PREDSEDNICE REPUBLIKE KOSOVO, GOSPO\u0110E ATIFETE JAHJAGA U FORUMU ODR&#142;ANOG U KOLE\u0110U BARNARD - Predsednik Republike Kosovo - DR. VJOSA OSMANI - SADRIU -\",\"breadcrumb\":{\"@id\":\"https:\/\/president-ksgov.net\/fjala-e-presidentes-jahjaga-ne-kolegjin-barnard-te-universitetit-columbia-ne-new-york-2\/#breadcrumb\"},\"inLanguage\":\"sr-RS\",\"potentialAction\":[{\"@type\":\"ReadAction\",\"target\":[\"https:\/\/president-ksgov.net\/fjala-e-presidentes-jahjaga-ne-kolegjin-barnard-te-universitetit-columbia-ne-new-york-2\/\"]}]},{\"@type\":\"ImageObject\",\"inLanguage\":\"sr-RS\",\"@id\":\"https:\/\/president-ksgov.net\/fjala-e-presidentes-jahjaga-ne-kolegjin-barnard-te-universitetit-columbia-ne-new-york-2\/#primaryimage\",\"url\":\"https:\/\/president-ksgov.net\/wp-content\/uploads\/fjala.jpg\",\"contentUrl\":\"https:\/\/president-ksgov.net\/wp-content\/uploads\/fjala.jpg\",\"width\":1000,\"height\":631},{\"@type\":\"BreadcrumbList\",\"@id\":\"https:\/\/president-ksgov.net\/fjala-e-presidentes-jahjaga-ne-kolegjin-barnard-te-universitetit-columbia-ne-new-york-2\/#breadcrumb\",\"itemListElement\":[{\"@type\":\"ListItem\",\"position\":1,\"name\":\"Home\",\"item\":\"https:\/\/president-ksgov.net\/sr\/\"},{\"@type\":\"ListItem\",\"position\":2,\"name\":\"GOVOR PREDSEDNICE REPUBLIKE KOSOVO, GOSPO\u0110E ATIFETE JAHJAGA U FORUMU ODR&#142;ANOG U KOLE\u0110U BARNARD\"}]},{\"@type\":\"WebSite\",\"@id\":\"https:\/\/president-ksgov.net\/#website\",\"url\":\"https:\/\/president-ksgov.net\/\",\"name\":\"Presidente e Republik\u00ebs s\u00eb Kosov\u00ebs\",\"description\":\"Presidente e Republik\u00ebs s\u00eb Kosov\u00ebs\",\"alternateName\":\"DR. VJOSA OSMANI - SADRIU\",\"potentialAction\":[{\"@type\":\"SearchAction\",\"target\":{\"@type\":\"EntryPoint\",\"urlTemplate\":\"https:\/\/president-ksgov.net\/?s={search_term_string}\"},\"query-input\":{\"@type\":\"PropertyValueSpecification\",\"valueRequired\":true,\"valueName\":\"search_term_string\"}}],\"inLanguage\":\"sr-RS\"},{\"@type\":\"Person\",\"@id\":\"https:\/\/president-ksgov.net\/#\/schema\/person\/bb4337a5fb147cb2046d80548172cbee\",\"name\":\"admin\",\"image\":{\"@type\":\"ImageObject\",\"inLanguage\":\"sr-RS\",\"@id\":\"https:\/\/president-ksgov.net\/#\/schema\/person\/image\/\",\"url\":\"https:\/\/secure.gravatar.com\/avatar\/36156ca0fa3b8d9d25174f146e16beea0cf28f37adf1b9e19b6c9c279a7c9dd3?s=96&d=mm&r=g\",\"contentUrl\":\"https:\/\/secure.gravatar.com\/avatar\/36156ca0fa3b8d9d25174f146e16beea0cf28f37adf1b9e19b6c9c279a7c9dd3?s=96&d=mm&r=g\",\"caption\":\"admin\"},\"sameAs\":[\"https:\/\/president-ksgov.net\"]}]}<\/script>\n<!-- \/ Yoast SEO plugin. -->","yoast_head_json":{"title":"GOVOR PREDSEDNICE REPUBLIKE KOSOVO, GOSPO\u0110E ATIFETE JAHJAGA U FORUMU ODR&#142;ANOG U KOLE\u0110U BARNARD - Predsednik Republike Kosovo - DR. VJOSA OSMANI - SADRIU","description":"GOVOR PREDSEDNICE REPUBLIKE KOSOVO, GOSPO\u0110E ATIFETE JAHJAGA U FORUMU ODR&#142;ANOG U KOLE\u0110U BARNARD - Predsednik Republike Kosovo - DR. VJOSA OSMANI - SADRIU -","robots":{"index":"index","follow":"follow","max-snippet":"max-snippet:-1","max-image-preview":"max-image-preview:large","max-video-preview":"max-video-preview:-1"},"canonical":"https:\/\/president-ksgov.net\/fjala-e-presidentes-jahjaga-ne-kolegjin-barnard-te-universitetit-columbia-ne-new-york-2\/","og_locale":"sr_RS","og_type":"article","og_title":"GOVOR PREDSEDNICE REPUBLIKE KOSOVO, GOSPO\u0110E ATIFETE JAHJAGA U FORUMU ODR&#142;ANOG U KOLE\u0110U BARNARD - Predsednik Republike Kosovo - DR. VJOSA OSMANI - SADRIU","og_description":"GOVOR PREDSEDNICE REPUBLIKE KOSOVO, GOSPO\u0110E ATIFETE JAHJAGA U FORUMU ODR&#142;ANOG U KOLE\u0110U BARNARD - Predsednik Republike Kosovo - DR. VJOSA OSMANI - SADRIU -","og_url":"https:\/\/president-ksgov.net\/fjala-e-presidentes-jahjaga-ne-kolegjin-barnard-te-universitetit-columbia-ne-new-york-2\/","og_site_name":"Predsednik Republike Kosovo - DR. VJOSA OSMANI - SADRIU","article_published_time":"2012-09-25T11:51:32+00:00","og_image":[{"width":1000,"height":631,"url":"https:\/\/president-ksgov.net\/wp-content\/uploads\/fjala.jpg","type":"image\/jpeg"}],"author":"admin","twitter_card":"summary_large_image","twitter_misc":{"\u041d\u0430\u043f\u0438\u0441\u0430\u043d\u043e \u043e\u0434":"admin","\u041f\u0440\u043e\u0446\u0435\u045a\u0435\u043d\u043e \u0432\u0440\u0435\u043c\u0435 \u0447\u0438\u0442\u0430\u045a\u0430":"8 \u043c\u0438\u043d\u0443\u0442\u0430"},"schema":{"@context":"https:\/\/schema.org","@graph":[{"@type":"WebPage","@id":"https:\/\/president-ksgov.net\/fjala-e-presidentes-jahjaga-ne-kolegjin-barnard-te-universitetit-columbia-ne-new-york-2\/","url":"https:\/\/president-ksgov.net\/fjala-e-presidentes-jahjaga-ne-kolegjin-barnard-te-universitetit-columbia-ne-new-york-2\/","name":"GOVOR PREDSEDNICE REPUBLIKE KOSOVO, GOSPO\u0110E ATIFETE JAHJAGA U FORUMU ODR&#142;ANOG U KOLE\u0110U BARNARD - Predsednik Republike Kosovo - DR. VJOSA OSMANI - SADRIU","isPartOf":{"@id":"https:\/\/president-ksgov.net\/#website"},"primaryImageOfPage":{"@id":"https:\/\/president-ksgov.net\/fjala-e-presidentes-jahjaga-ne-kolegjin-barnard-te-universitetit-columbia-ne-new-york-2\/#primaryimage"},"image":{"@id":"https:\/\/president-ksgov.net\/fjala-e-presidentes-jahjaga-ne-kolegjin-barnard-te-universitetit-columbia-ne-new-york-2\/#primaryimage"},"thumbnailUrl":"https:\/\/president-ksgov.net\/wp-content\/uploads\/fjala.jpg","datePublished":"2012-09-25T11:51:32+00:00","dateModified":"2012-09-25T11:51:32+00:00","author":{"@id":"https:\/\/president-ksgov.net\/#\/schema\/person\/bb4337a5fb147cb2046d80548172cbee"},"description":"GOVOR PREDSEDNICE REPUBLIKE KOSOVO, GOSPO\u0110E ATIFETE JAHJAGA U FORUMU ODR&#142;ANOG U KOLE\u0110U BARNARD - Predsednik Republike Kosovo - DR. VJOSA OSMANI - SADRIU -","breadcrumb":{"@id":"https:\/\/president-ksgov.net\/fjala-e-presidentes-jahjaga-ne-kolegjin-barnard-te-universitetit-columbia-ne-new-york-2\/#breadcrumb"},"inLanguage":"sr-RS","potentialAction":[{"@type":"ReadAction","target":["https:\/\/president-ksgov.net\/fjala-e-presidentes-jahjaga-ne-kolegjin-barnard-te-universitetit-columbia-ne-new-york-2\/"]}]},{"@type":"ImageObject","inLanguage":"sr-RS","@id":"https:\/\/president-ksgov.net\/fjala-e-presidentes-jahjaga-ne-kolegjin-barnard-te-universitetit-columbia-ne-new-york-2\/#primaryimage","url":"https:\/\/president-ksgov.net\/wp-content\/uploads\/fjala.jpg","contentUrl":"https:\/\/president-ksgov.net\/wp-content\/uploads\/fjala.jpg","width":1000,"height":631},{"@type":"BreadcrumbList","@id":"https:\/\/president-ksgov.net\/fjala-e-presidentes-jahjaga-ne-kolegjin-barnard-te-universitetit-columbia-ne-new-york-2\/#breadcrumb","itemListElement":[{"@type":"ListItem","position":1,"name":"Home","item":"https:\/\/president-ksgov.net\/sr\/"},{"@type":"ListItem","position":2,"name":"GOVOR PREDSEDNICE REPUBLIKE KOSOVO, GOSPO\u0110E ATIFETE JAHJAGA U FORUMU ODR&#142;ANOG U KOLE\u0110U BARNARD"}]},{"@type":"WebSite","@id":"https:\/\/president-ksgov.net\/#website","url":"https:\/\/president-ksgov.net\/","name":"Presidente e Republik\u00ebs s\u00eb Kosov\u00ebs","description":"Presidente e Republik\u00ebs s\u00eb Kosov\u00ebs","alternateName":"DR. VJOSA OSMANI - SADRIU","potentialAction":[{"@type":"SearchAction","target":{"@type":"EntryPoint","urlTemplate":"https:\/\/president-ksgov.net\/?s={search_term_string}"},"query-input":{"@type":"PropertyValueSpecification","valueRequired":true,"valueName":"search_term_string"}}],"inLanguage":"sr-RS"},{"@type":"Person","@id":"https:\/\/president-ksgov.net\/#\/schema\/person\/bb4337a5fb147cb2046d80548172cbee","name":"admin","image":{"@type":"ImageObject","inLanguage":"sr-RS","@id":"https:\/\/president-ksgov.net\/#\/schema\/person\/image\/","url":"https:\/\/secure.gravatar.com\/avatar\/36156ca0fa3b8d9d25174f146e16beea0cf28f37adf1b9e19b6c9c279a7c9dd3?s=96&d=mm&r=g","contentUrl":"https:\/\/secure.gravatar.com\/avatar\/36156ca0fa3b8d9d25174f146e16beea0cf28f37adf1b9e19b6c9c279a7c9dd3?s=96&d=mm&r=g","caption":"admin"},"sameAs":["https:\/\/president-ksgov.net"]}]}},"_links":{"self":[{"href":"https:\/\/president-ksgov.net\/sr\/wp-json\/wp\/v2\/posts\/78817","targetHints":{"allow":["GET"]}}],"collection":[{"href":"https:\/\/president-ksgov.net\/sr\/wp-json\/wp\/v2\/posts"}],"about":[{"href":"https:\/\/president-ksgov.net\/sr\/wp-json\/wp\/v2\/types\/post"}],"author":[{"embeddable":true,"href":"https:\/\/president-ksgov.net\/sr\/wp-json\/wp\/v2\/users\/1"}],"replies":[{"embeddable":true,"href":"https:\/\/president-ksgov.net\/sr\/wp-json\/wp\/v2\/comments?post=78817"}],"version-history":[{"count":0,"href":"https:\/\/president-ksgov.net\/sr\/wp-json\/wp\/v2\/posts\/78817\/revisions"}],"wp:featuredmedia":[{"embeddable":true,"href":"https:\/\/president-ksgov.net\/sr\/wp-json\/wp\/v2\/media\/54473"}],"wp:attachment":[{"href":"https:\/\/president-ksgov.net\/sr\/wp-json\/wp\/v2\/media?parent=78817"}],"wp:term":[{"taxonomy":"category","embeddable":true,"href":"https:\/\/president-ksgov.net\/sr\/wp-json\/wp\/v2\/categories?post=78817"},{"taxonomy":"post_tag","embeddable":true,"href":"https:\/\/president-ksgov.net\/sr\/wp-json\/wp\/v2\/tags?post=78817"}],"curies":[{"name":"wp","href":"https:\/\/api.w.org\/{rel}","templated":true}]}}