{"id":78806,"date":"2012-10-02T13:41:56","date_gmt":"2012-10-02T13:41:56","guid":{"rendered":"https:\/\/dev.president-ksgov.net\/konferencija-za-medije-predsednice-jahjaga-uoci-pocetka-medjunarodnog-samita-ena\/"},"modified":"2012-10-02T13:41:56","modified_gmt":"2012-10-02T13:41:56","slug":"konferencija-za-medije-predsednice-jahjaga-uoci-pocetka-medjunarodnog-samita-ena","status":"publish","type":"post","link":"https:\/\/president-ksgov.net\/sr\/konferencija-za-medije-predsednice-jahjaga-uoci-pocetka-medjunarodnog-samita-ena\/","title":{"rendered":"Konferencija za medije Predsednice Jahjaga uo\u010di po\u010detka Me\u0111unarodnog Samita &#142;ena"},"content":{"rendered":"<p>Predsednica Republike Kosovo, gospo\u0111a Atifete Jahjaga, na jednoj konferenciji za medije govorila o Me\u0111unarodnom Samitu &#381;ena, na temu: &#8220;Partnerstvo za promene &#8211; ja\u010danje &#382;ene&#8220;, koji se organizuje od Predsednice Jahjaga, uz podr&#353;ku USAID-a i NDI-ja, od 4&#8211;6 oktobra, u Pri&#353;tini.<\/p>\n<p>Predsednica Jahjaga je naglasila na pocetku njenog govora da na Medunarodni Samit\u00a0 &#381;ena &#8220;Partnerstvo za Promene-Jacanje &#381;ene&#8220;, ce biti oko 200 ucesnika sa Kosova, regije, Evrope, Srednjeg Istoka, Azije i Amerike. Odnosno 100 domacih ucesnika i 100 iz regije i sveta.<\/p>\n<p>Ucesnici ce se koncentrirati uglavnom na teme koje se odnose na ekonomski razvoj &#382;ene, na politicko predstavljanje i aspekat bezbednosti &#382;ene i kljucna pitanja za unapredenje uloge &#382;ene, kako u na&#353;em dru&#353;tvu tako i u ostalim dru&#353;tvima.<\/p>\n<p>Tokom Samita ce se adresirati svi oni faktori koji uticu na unapredenje i jacanje uloge &#382;ene u dru&#353;tvu, ekonomsko jacanje &#382;ena, sa politickim predstavljanjem uloge &#382;ene pri odlucivanju, te pravo svojine i pristup &#382;ena izvorima.<\/p>\n<p>Takode ce se diskutovati teme kojima ce se tretirati uloga &#382;ene u suzbijanju korupcije i organizovanog kriminala i pristup &#382;ene obezbedenju i pravdi. <\/p>\n<p>Ovaj Samit se organizuje finansijskom podr&#353;kom USAID-a i uz organizacionu podr&#353;ku NDI. Od pocetka ideje za organizaciju Samita &#381;ena, bila je jedna sna&#382;na podr&#353;ka SAD-e, ovih dveju organizacija i Ambasade SAD-e ovde u Republici Kosovo.<\/p>\n<p>Samit ce se otvarati 4 oktobra 2012 uz uce&#353;ce Sekretara Albight i njeno predavanje o va&#382;nosti &#382;ene kao kljucnog faktora u razvoju jedne dr&#382;ave.<br \/>\nPutem ovog Samita se namerava unapredenje pitanja polova u svim oblastima &#382;ivota, uz prevazila&#382;enje granica, te etnickih , rasnih ili verskih razlika.<\/p>\n<p>Kosovo i glavni grad Kosova, ovih dana tokom odr&#382;avanja ovog Samita, ce se pretvoriti u centar sveta gde ce se diskutovati napredak i pozitivne promene koje su se odigrale u na&#353;oj zemlji &#353;to se tice jacanja &#382;ene, sve one forme i mehanizmi koji su do sada stvoreni za jacanje uloge &#382;ene i da se identifikuju preporuke koje se koriste za Kosovo, za zemlje regije, ali i za druge zemlje sveta, koje na neki nacin imaju iste izazove i pote&#353;koce, kao &#353;to ih mi imamo na Kosovu i regionu.<\/p>\n<p>Medunarodni Samit &#381;ena, imajuci iskustvo koje smo mi dobili do sada, sme&#353;ta Kosovo kao jedan va&#382;an faktor, narocito za aspekta pozitivnih zbivanja koja su se odvijala u na&#353;oj zemlji. Ovo je jedan samit, prvi ove vrste koji se organizuje na Kosovu i u ovom delu jugo-istocne Evrope, rece na kraju njenog govora Predsednica Jahjaga.<\/p>\n<p>U nastavku konferencije, Predsednica Jahjaga je odgovarala na pitanja novinara:<\/p>\n<p>Pitanje: Pre par dana ste se vratili iz Amerike. Kakve ste instrukcije dobili onde &#353;to se tice mogucnosti pocetka jednog novog dijaloga sa Srbijom i zna se da za pocetak ovog dijaloga treba jedinstvo politickih gledi&#353;ta Kosova. Vi, na osnovu Ustava imate ulogu ujedinjenja. Koliko cete uspeti unificirati politicki spektar u pravcu jednog procesa koji ocekuje Kosovo?<\/p>\n<p>Predsednica Jahjaga:\u00a0 Da, ima nekoliko dana da smo se vratili sa puta u SAD-e, gde je glavni cilj bio uce&#353;ce tokom odr&#382;avanja Generalne Skup&#353;tine Ujedinjenih Naroda, &#353;to je bio glavni cilj uce&#353;ce Kosova u Generalnoj Skup&#353;tini. Ova skup&#353;tina je jedan vrlo dobar dogadaj koji skuplja lidere sveta. Vi znate da Kosovo jo&#353; nije dr&#382;ava clanica OUN, ali mi svakako imamo na&#353;e institucionalne i dr&#382;avne mehanizme. Imajuci u obzir i sna&#382;nu podr&#353;ku na&#353;ih medunarodnih prijatelja, Kosovo je imala priliku da ucestvuje tokom odr&#382;avanja sednice Generalne Skup&#353;tine gde smo mi imali niz sastanaka sa delegacijama drugih dr&#382;ava gde je medu njima bio i docek od strane predsednica SAD-e , Obame.<\/p>\n<p>Nije bilo neke instrukcije, ali, kao &#353;to smo pre izjavili, proces dijaloga je vec poceo pro&#353;le godine, gde je postignuto niz sporazuma izmedu Republike Kosovo i Republike Srbije uz posredovanje EZ-e.<\/p>\n<p>Dijalog ne samo &#353;to je najbolji nacin, nego je jedini nacin koji mi kao dve dr&#382;ave, koje smo imale jednu pro&#353;lost koja nije bila laka, treba da izgradimo jednu buducnost, koja je u funkciji blagostanja na&#353;ih gradana sa obeju strane granica, potom doprinosimo miru i stabilnosti u regionu i doprinosimo dobro susedstvu i, svakako, doprinosi evropskom putu za obe na&#353;e dr&#382;ave. Kosovo vec je odredila svoje stavove u celom ovom procesu ce se pojaviti kao nezavisna i suverena dr&#382;ava i zavisi od druge dr&#382;ave kako &#382;eli da predstavlja sebe.<\/p>\n<p>Dok &#353;to se tice aspekta jedinstva, vi ste videli da na Kosovu je uvek bilo institucionalnog i politickog jedinstva za sva uzvi&#353;ena pitanja koja su se zbila za na&#353;u dr&#382;avu i na&#353;u zemlju. Ali pri jednom pitanju svi smo jedinstveni i niko nema ni&#353;ta protiv toga da unutra&#353;nja pitanja Kosova su unutra&#353;nja pitanja samog Kosova i o njima se ne pregovara ni sa kim i niti sa ijednom dugom dr&#382;avom.<\/p>\n<p>Pitanje: Kada je najavljeno odr&#382;avanje ove konferencije pre par dana, od Predsedni&#353;tva je receno da ce ucestvovati americki dr&#382;avni sekretar, Hillary\u00a0 Clinton. &#352;ta bi da se demantirala ova vest od Predsedni&#353;tva i za&#353;to nema neko obja&#353;njenje za&#353;to se upotrebilo ime sekretara Clinton?<\/p>\n<p>Predsednica Jahjaga: Rekoste da je potvrdeno od Predsedni&#353;tva? Nijedan izvor nije bio od Predsedni&#353;tva i nijedno potvrdivanje nije bilo slu&#382;beno od Predsedni&#353;tva i od nijedne druge institucije Republike Kosovo i ja &#382;elim reci da je upravo kao posledica mog zajednickog razgovora sa Sekretarom Clinton pro&#353;le godine, koja je podr&#382;ala moju ideju za organizovanje ovog medunarodnog samita ovde u Republici Kosovo. <\/p>\n<p>Upravo je podr&#353;ka Sekretara Clinton koja je poslala specijalne i profesionalne ekipe za organizaciju i uredan tok konferencije. Zbog agende, Sekretar Clinton se izvinjavala &#353;to ne mo&#382;e biti fizicki na Kosovu, ali sve ostalo je bilo u sna&#382;noj saradnji sa SAD-e i sav tok ovog samita je ucinjen uz potpunu saradnju sa njenom kancelarijom.<\/p>\n<p>Pitanje: Puno se govori o istorijskoj\u00a0 normalizaciji odnosa izmedu Kosova i Srbije, u jedno vreme kada su u Srbiji nacionalisti na vlasti, i u jedno doba kada na Kosovu ima jedne male institucionalne krize zbog istrage nad vi&#353;e visokih zvanicnika. Da li su spremne dve dr&#382;ave da stupe u ovu fazu, u ovom dijalogu kada ce se doneti te&#353;ke odluke prema visokoj predstavnici,Baronice Ashton?<\/p>\n<p>Predsednica Jahjaga: Kao &#353;to sam i ranije rekla, dijalog je jedini nacin za normalizaciju odnosa izmedu na&#353;e dve dr&#382;ave, kao nezavisne i suverene dr&#382;ave koje smo imale jednu pro&#353;lost koja nije bila laka, i sa velikim posledicama koje i u dana&#353;njim danima mi ih patimo. Dok, izjave na koje se pozivate od politicara sa nacionalistickim stavovima susedne dr&#382;ave Srbije, nije prvi put da ih cujemo. Ovo je jedna trajna retorika, na koju smo mi navikli da slu&#353;amo takve izjave, ali Kosovo je jasna u svom stavu. Kosovo je suverena dr&#382;ava, nezavisna, i Kosovo ima medunarodno priznati teritorijalni integritet, i takve izjave od bilo koga dolazile, one su za unutra&#353;nju upotrebu i nemaju uticaja niti u na&#353;oj dr&#382;avi a niti kod medunarodne zajednice.<\/p>\n<p>Pitanje: Gospodo Predsednice, da li ste spremne da ekipu Kosova u dijalog sa Beogradom, da imate vodecu ulogu?<\/p>\n<p>Predsednica Jahjaga: Jo&#353; nije utvrdeno i mogu reci da je prerano da spekuliramo za aspekat grupa, ko ce biti u njima, ko mo&#382;e razgovarati i ko mo&#382;e voditi dijalog. Ali, ja sam i u drugim slucajevima rekla da kao Predsednica Republike Kosovo sam spremna da se sastajem sa svakim mojim homolognim dr&#382;avnikom uvek imajuci u obzir i pridr&#382;avajuci se Ustavu Republike Kosovo i zakonima Republike Kosovo i kao dve ravnopravne dr&#382;ave, kao &#353;to razgovaramo sa drugim dr&#382;avama i sa drugim homolognim liderima drugih dr&#382;ava kada je u interesu gradana Republike Kosovo i u interesu na&#353;e dr&#382;ave.<\/p>\n<p>Pitanje: Gospoda Predsednice, ukoliko je Baronica Ashton rekla da obe strane, Pri&#353;tina i Beograd treba da se pripreme za te&#353;ke pregovore i za dono&#353;enje te&#353;kih odluka, da li to podrazumeva da ce se otvoriti i pitanje severa u ovim pregovorima. Da li ce sever biti bolni deo ovog dijaloga?<\/p>\n<p>Predsednica Jahjaga: Ne &#382;elim govoriti u ime Baronice Ashton, ali ono &#353;to mogu reci jeste da postoje crvene linije utvrdene od samih gradana Republike Kosovo i od njenih institucija da ni jedno unutra&#353;nje pitanje na&#353;e dr&#382;ave nece biti tema na&#353;e diskusije sa ni jednom drugom dr&#382;avom, a jo&#353; manje sa Srbijom.<\/p>\n","protected":false},"excerpt":{"rendered":"<p>Predsednica Republike Kosovo, gospo\u0111a Atifete Jahjaga, na jednoj konferenciji za medije govorila o Me\u0111unarodnom Samitu &#381;ena, na temu: &#8220;Partnerstvo za promene &#8211; ja\u010danje &#382;ene&#8220;, koji se organizuje od Predsednice Jahjaga, uz podr&#353;ku USAID-a i NDI-ja, od 4&#8211;6 oktobra, u Pri&#353;tini.<\/p>\n","protected":false},"author":1,"featured_media":54414,"comment_status":"open","ping_status":"closed","sticky":false,"template":"","format":"standard","meta":{"_eb_attr":"","footnotes":""},"categories":[101],"tags":[],"class_list":["post-78806","post","type-post","status-publish","format-standard","has-post-thumbnail","hentry","category-vesti"],"yoast_head":"<!-- This site is optimized with the Yoast SEO plugin v23.5 - https:\/\/yoast.com\/wordpress\/plugins\/seo\/ -->\n<title>Konferencija za medije Predsednice Jahjaga uo\u010di po\u010detka Me\u0111unarodnog Samita &#142;ena - Predsednik Republike Kosovo - DR. VJOSA OSMANI - SADRIU<\/title>\n<meta name=\"description\" content=\"Konferencija za medije Predsednice Jahjaga uo\u010di po\u010detka Me\u0111unarodnog Samita &#142;ena - Predsednik Republike Kosovo - DR. VJOSA OSMANI - SADRIU -\" \/>\n<meta name=\"robots\" content=\"index, follow, max-snippet:-1, max-image-preview:large, max-video-preview:-1\" \/>\n<link rel=\"canonical\" href=\"https:\/\/president-ksgov.net\/konference-per-media-e-presidentes-jahjaga-ne-prag-te-fillimit-te-samitit-nderkombetar-te-gruas\/\" \/>\n<meta property=\"og:locale\" content=\"sr_RS\" \/>\n<meta property=\"og:type\" content=\"article\" \/>\n<meta property=\"og:title\" content=\"Konferencija za medije Predsednice Jahjaga uo\u010di po\u010detka Me\u0111unarodnog Samita &#142;ena - Predsednik Republike Kosovo - DR. VJOSA OSMANI - SADRIU\" \/>\n<meta property=\"og:description\" content=\"Konferencija za medije Predsednice Jahjaga uo\u010di po\u010detka Me\u0111unarodnog Samita &#142;ena - Predsednik Republike Kosovo - DR. VJOSA OSMANI - SADRIU -\" \/>\n<meta property=\"og:url\" content=\"https:\/\/president-ksgov.net\/konference-per-media-e-presidentes-jahjaga-ne-prag-te-fillimit-te-samitit-nderkombetar-te-gruas\/\" \/>\n<meta property=\"og:site_name\" content=\"Predsednik Republike Kosovo - DR. VJOSA OSMANI - SADRIU\" \/>\n<meta property=\"article:published_time\" content=\"2012-10-02T13:41:56+00:00\" \/>\n<meta property=\"og:image\" content=\"https:\/\/president-ksgov.net\/wp-content\/uploads\/02_10_12_47816_02_10_2012_Konferenca_me_gazetare_5.jpg\" \/>\n\t<meta property=\"og:image:width\" content=\"1000\" \/>\n\t<meta property=\"og:image:height\" content=\"1035\" \/>\n\t<meta property=\"og:image:type\" content=\"image\/jpeg\" \/>\n<meta name=\"author\" content=\"admin\" \/>\n<meta name=\"twitter:card\" content=\"summary_large_image\" \/>\n<meta name=\"twitter:label1\" content=\"\u041d\u0430\u043f\u0438\u0441\u0430\u043d\u043e \u043e\u0434\" \/>\n\t<meta name=\"twitter:data1\" content=\"admin\" \/>\n\t<meta name=\"twitter:label2\" content=\"\u041f\u0440\u043e\u0446\u0435\u045a\u0435\u043d\u043e \u0432\u0440\u0435\u043c\u0435 \u0447\u0438\u0442\u0430\u045a\u0430\" \/>\n\t<meta name=\"twitter:data2\" content=\"7 \u043c\u0438\u043d\u0443\u0442\u0430\" \/>\n<script type=\"application\/ld+json\" class=\"yoast-schema-graph\">{\"@context\":\"https:\/\/schema.org\",\"@graph\":[{\"@type\":\"WebPage\",\"@id\":\"https:\/\/president-ksgov.net\/konference-per-media-e-presidentes-jahjaga-ne-prag-te-fillimit-te-samitit-nderkombetar-te-gruas\/\",\"url\":\"https:\/\/president-ksgov.net\/konference-per-media-e-presidentes-jahjaga-ne-prag-te-fillimit-te-samitit-nderkombetar-te-gruas\/\",\"name\":\"Konferencija za medije Predsednice Jahjaga uo\u010di po\u010detka Me\u0111unarodnog Samita &#142;ena - Predsednik Republike Kosovo - DR. VJOSA OSMANI - SADRIU\",\"isPartOf\":{\"@id\":\"https:\/\/president-ksgov.net\/#website\"},\"primaryImageOfPage\":{\"@id\":\"https:\/\/president-ksgov.net\/konference-per-media-e-presidentes-jahjaga-ne-prag-te-fillimit-te-samitit-nderkombetar-te-gruas\/#primaryimage\"},\"image\":{\"@id\":\"https:\/\/president-ksgov.net\/konference-per-media-e-presidentes-jahjaga-ne-prag-te-fillimit-te-samitit-nderkombetar-te-gruas\/#primaryimage\"},\"thumbnailUrl\":\"https:\/\/president-ksgov.net\/wp-content\/uploads\/02_10_12_47816_02_10_2012_Konferenca_me_gazetare_5.jpg\",\"datePublished\":\"2012-10-02T13:41:56+00:00\",\"dateModified\":\"2012-10-02T13:41:56+00:00\",\"author\":{\"@id\":\"https:\/\/president-ksgov.net\/#\/schema\/person\/bb4337a5fb147cb2046d80548172cbee\"},\"description\":\"Konferencija za medije Predsednice Jahjaga uo\u010di po\u010detka Me\u0111unarodnog Samita &#142;ena - Predsednik Republike Kosovo - DR. VJOSA OSMANI - SADRIU -\",\"breadcrumb\":{\"@id\":\"https:\/\/president-ksgov.net\/konference-per-media-e-presidentes-jahjaga-ne-prag-te-fillimit-te-samitit-nderkombetar-te-gruas\/#breadcrumb\"},\"inLanguage\":\"sr-RS\",\"potentialAction\":[{\"@type\":\"ReadAction\",\"target\":[\"https:\/\/president-ksgov.net\/konference-per-media-e-presidentes-jahjaga-ne-prag-te-fillimit-te-samitit-nderkombetar-te-gruas\/\"]}]},{\"@type\":\"ImageObject\",\"inLanguage\":\"sr-RS\",\"@id\":\"https:\/\/president-ksgov.net\/konference-per-media-e-presidentes-jahjaga-ne-prag-te-fillimit-te-samitit-nderkombetar-te-gruas\/#primaryimage\",\"url\":\"https:\/\/president-ksgov.net\/wp-content\/uploads\/02_10_12_47816_02_10_2012_Konferenca_me_gazetare_5.jpg\",\"contentUrl\":\"https:\/\/president-ksgov.net\/wp-content\/uploads\/02_10_12_47816_02_10_2012_Konferenca_me_gazetare_5.jpg\",\"width\":1000,\"height\":1035},{\"@type\":\"BreadcrumbList\",\"@id\":\"https:\/\/president-ksgov.net\/konference-per-media-e-presidentes-jahjaga-ne-prag-te-fillimit-te-samitit-nderkombetar-te-gruas\/#breadcrumb\",\"itemListElement\":[{\"@type\":\"ListItem\",\"position\":1,\"name\":\"Home\",\"item\":\"https:\/\/president-ksgov.net\/sr\/\"},{\"@type\":\"ListItem\",\"position\":2,\"name\":\"Konferencija za medije Predsednice Jahjaga uo\u010di po\u010detka Me\u0111unarodnog Samita &#142;ena\"}]},{\"@type\":\"WebSite\",\"@id\":\"https:\/\/president-ksgov.net\/#website\",\"url\":\"https:\/\/president-ksgov.net\/\",\"name\":\"Presidente e Republik\u00ebs s\u00eb Kosov\u00ebs\",\"description\":\"Presidente e Republik\u00ebs s\u00eb Kosov\u00ebs\",\"alternateName\":\"DR. VJOSA OSMANI - SADRIU\",\"potentialAction\":[{\"@type\":\"SearchAction\",\"target\":{\"@type\":\"EntryPoint\",\"urlTemplate\":\"https:\/\/president-ksgov.net\/?s={search_term_string}\"},\"query-input\":{\"@type\":\"PropertyValueSpecification\",\"valueRequired\":true,\"valueName\":\"search_term_string\"}}],\"inLanguage\":\"sr-RS\"},{\"@type\":\"Person\",\"@id\":\"https:\/\/president-ksgov.net\/#\/schema\/person\/bb4337a5fb147cb2046d80548172cbee\",\"name\":\"admin\",\"image\":{\"@type\":\"ImageObject\",\"inLanguage\":\"sr-RS\",\"@id\":\"https:\/\/president-ksgov.net\/#\/schema\/person\/image\/\",\"url\":\"https:\/\/secure.gravatar.com\/avatar\/36156ca0fa3b8d9d25174f146e16beea0cf28f37adf1b9e19b6c9c279a7c9dd3?s=96&d=mm&r=g\",\"contentUrl\":\"https:\/\/secure.gravatar.com\/avatar\/36156ca0fa3b8d9d25174f146e16beea0cf28f37adf1b9e19b6c9c279a7c9dd3?s=96&d=mm&r=g\",\"caption\":\"admin\"},\"sameAs\":[\"https:\/\/president-ksgov.net\"]}]}<\/script>\n<!-- \/ Yoast SEO plugin. -->","yoast_head_json":{"title":"Konferencija za medije Predsednice Jahjaga uo\u010di po\u010detka Me\u0111unarodnog Samita &#142;ena - Predsednik Republike Kosovo - DR. VJOSA OSMANI - SADRIU","description":"Konferencija za medije Predsednice Jahjaga uo\u010di po\u010detka Me\u0111unarodnog Samita &#142;ena - Predsednik Republike Kosovo - DR. VJOSA OSMANI - SADRIU -","robots":{"index":"index","follow":"follow","max-snippet":"max-snippet:-1","max-image-preview":"max-image-preview:large","max-video-preview":"max-video-preview:-1"},"canonical":"https:\/\/president-ksgov.net\/konference-per-media-e-presidentes-jahjaga-ne-prag-te-fillimit-te-samitit-nderkombetar-te-gruas\/","og_locale":"sr_RS","og_type":"article","og_title":"Konferencija za medije Predsednice Jahjaga uo\u010di po\u010detka Me\u0111unarodnog Samita &#142;ena - Predsednik Republike Kosovo - DR. VJOSA OSMANI - SADRIU","og_description":"Konferencija za medije Predsednice Jahjaga uo\u010di po\u010detka Me\u0111unarodnog Samita &#142;ena - Predsednik Republike Kosovo - DR. VJOSA OSMANI - SADRIU -","og_url":"https:\/\/president-ksgov.net\/konference-per-media-e-presidentes-jahjaga-ne-prag-te-fillimit-te-samitit-nderkombetar-te-gruas\/","og_site_name":"Predsednik Republike Kosovo - DR. VJOSA OSMANI - SADRIU","article_published_time":"2012-10-02T13:41:56+00:00","og_image":[{"width":1000,"height":1035,"url":"https:\/\/president-ksgov.net\/wp-content\/uploads\/02_10_12_47816_02_10_2012_Konferenca_me_gazetare_5.jpg","type":"image\/jpeg"}],"author":"admin","twitter_card":"summary_large_image","twitter_misc":{"\u041d\u0430\u043f\u0438\u0441\u0430\u043d\u043e \u043e\u0434":"admin","\u041f\u0440\u043e\u0446\u0435\u045a\u0435\u043d\u043e \u0432\u0440\u0435\u043c\u0435 \u0447\u0438\u0442\u0430\u045a\u0430":"7 \u043c\u0438\u043d\u0443\u0442\u0430"},"schema":{"@context":"https:\/\/schema.org","@graph":[{"@type":"WebPage","@id":"https:\/\/president-ksgov.net\/konference-per-media-e-presidentes-jahjaga-ne-prag-te-fillimit-te-samitit-nderkombetar-te-gruas\/","url":"https:\/\/president-ksgov.net\/konference-per-media-e-presidentes-jahjaga-ne-prag-te-fillimit-te-samitit-nderkombetar-te-gruas\/","name":"Konferencija za medije Predsednice Jahjaga uo\u010di po\u010detka Me\u0111unarodnog Samita &#142;ena - Predsednik Republike Kosovo - DR. VJOSA OSMANI - SADRIU","isPartOf":{"@id":"https:\/\/president-ksgov.net\/#website"},"primaryImageOfPage":{"@id":"https:\/\/president-ksgov.net\/konference-per-media-e-presidentes-jahjaga-ne-prag-te-fillimit-te-samitit-nderkombetar-te-gruas\/#primaryimage"},"image":{"@id":"https:\/\/president-ksgov.net\/konference-per-media-e-presidentes-jahjaga-ne-prag-te-fillimit-te-samitit-nderkombetar-te-gruas\/#primaryimage"},"thumbnailUrl":"https:\/\/president-ksgov.net\/wp-content\/uploads\/02_10_12_47816_02_10_2012_Konferenca_me_gazetare_5.jpg","datePublished":"2012-10-02T13:41:56+00:00","dateModified":"2012-10-02T13:41:56+00:00","author":{"@id":"https:\/\/president-ksgov.net\/#\/schema\/person\/bb4337a5fb147cb2046d80548172cbee"},"description":"Konferencija za medije Predsednice Jahjaga uo\u010di po\u010detka Me\u0111unarodnog Samita &#142;ena - Predsednik Republike Kosovo - DR. VJOSA OSMANI - SADRIU -","breadcrumb":{"@id":"https:\/\/president-ksgov.net\/konference-per-media-e-presidentes-jahjaga-ne-prag-te-fillimit-te-samitit-nderkombetar-te-gruas\/#breadcrumb"},"inLanguage":"sr-RS","potentialAction":[{"@type":"ReadAction","target":["https:\/\/president-ksgov.net\/konference-per-media-e-presidentes-jahjaga-ne-prag-te-fillimit-te-samitit-nderkombetar-te-gruas\/"]}]},{"@type":"ImageObject","inLanguage":"sr-RS","@id":"https:\/\/president-ksgov.net\/konference-per-media-e-presidentes-jahjaga-ne-prag-te-fillimit-te-samitit-nderkombetar-te-gruas\/#primaryimage","url":"https:\/\/president-ksgov.net\/wp-content\/uploads\/02_10_12_47816_02_10_2012_Konferenca_me_gazetare_5.jpg","contentUrl":"https:\/\/president-ksgov.net\/wp-content\/uploads\/02_10_12_47816_02_10_2012_Konferenca_me_gazetare_5.jpg","width":1000,"height":1035},{"@type":"BreadcrumbList","@id":"https:\/\/president-ksgov.net\/konference-per-media-e-presidentes-jahjaga-ne-prag-te-fillimit-te-samitit-nderkombetar-te-gruas\/#breadcrumb","itemListElement":[{"@type":"ListItem","position":1,"name":"Home","item":"https:\/\/president-ksgov.net\/sr\/"},{"@type":"ListItem","position":2,"name":"Konferencija za medije Predsednice Jahjaga uo\u010di po\u010detka Me\u0111unarodnog Samita &#142;ena"}]},{"@type":"WebSite","@id":"https:\/\/president-ksgov.net\/#website","url":"https:\/\/president-ksgov.net\/","name":"Presidente e Republik\u00ebs s\u00eb Kosov\u00ebs","description":"Presidente e Republik\u00ebs s\u00eb Kosov\u00ebs","alternateName":"DR. VJOSA OSMANI - SADRIU","potentialAction":[{"@type":"SearchAction","target":{"@type":"EntryPoint","urlTemplate":"https:\/\/president-ksgov.net\/?s={search_term_string}"},"query-input":{"@type":"PropertyValueSpecification","valueRequired":true,"valueName":"search_term_string"}}],"inLanguage":"sr-RS"},{"@type":"Person","@id":"https:\/\/president-ksgov.net\/#\/schema\/person\/bb4337a5fb147cb2046d80548172cbee","name":"admin","image":{"@type":"ImageObject","inLanguage":"sr-RS","@id":"https:\/\/president-ksgov.net\/#\/schema\/person\/image\/","url":"https:\/\/secure.gravatar.com\/avatar\/36156ca0fa3b8d9d25174f146e16beea0cf28f37adf1b9e19b6c9c279a7c9dd3?s=96&d=mm&r=g","contentUrl":"https:\/\/secure.gravatar.com\/avatar\/36156ca0fa3b8d9d25174f146e16beea0cf28f37adf1b9e19b6c9c279a7c9dd3?s=96&d=mm&r=g","caption":"admin"},"sameAs":["https:\/\/president-ksgov.net"]}]}},"_links":{"self":[{"href":"https:\/\/president-ksgov.net\/sr\/wp-json\/wp\/v2\/posts\/78806","targetHints":{"allow":["GET"]}}],"collection":[{"href":"https:\/\/president-ksgov.net\/sr\/wp-json\/wp\/v2\/posts"}],"about":[{"href":"https:\/\/president-ksgov.net\/sr\/wp-json\/wp\/v2\/types\/post"}],"author":[{"embeddable":true,"href":"https:\/\/president-ksgov.net\/sr\/wp-json\/wp\/v2\/users\/1"}],"replies":[{"embeddable":true,"href":"https:\/\/president-ksgov.net\/sr\/wp-json\/wp\/v2\/comments?post=78806"}],"version-history":[{"count":0,"href":"https:\/\/president-ksgov.net\/sr\/wp-json\/wp\/v2\/posts\/78806\/revisions"}],"wp:featuredmedia":[{"embeddable":true,"href":"https:\/\/president-ksgov.net\/sr\/wp-json\/wp\/v2\/media\/54414"}],"wp:attachment":[{"href":"https:\/\/president-ksgov.net\/sr\/wp-json\/wp\/v2\/media?parent=78806"}],"wp:term":[{"taxonomy":"category","embeddable":true,"href":"https:\/\/president-ksgov.net\/sr\/wp-json\/wp\/v2\/categories?post=78806"},{"taxonomy":"post_tag","embeddable":true,"href":"https:\/\/president-ksgov.net\/sr\/wp-json\/wp\/v2\/tags?post=78806"}],"curies":[{"name":"wp","href":"https:\/\/api.w.org\/{rel}","templated":true}]}}