{"id":78802,"date":"2012-10-03T19:56:58","date_gmt":"2012-10-03T19:56:58","guid":{"rendered":"https:\/\/dev.president-ksgov.net\/u-cetvrtak-4-oktobra-pocinje-sa-radom-medjunarodni-samit-ena\/"},"modified":"2012-10-03T19:56:58","modified_gmt":"2012-10-03T19:56:58","slug":"u-cetvrtak-4-oktobra-pocinje-sa-radom-medjunarodni-samit-ena","status":"publish","type":"post","link":"https:\/\/president-ksgov.net\/sr\/u-cetvrtak-4-oktobra-pocinje-sa-radom-medjunarodni-samit-ena\/","title":{"rendered":"U \u010cetvrtak, 4 oktobra, po\u010dinje sa radom Me\u0111unarodni Samit &#142;ena"},"content":{"rendered":"<p>Sutra (\u010cetvrtak, 4 oktobar 2012) u Pri&#353;tini po\u010dinje sa radom Me\u0111unarodni Samit &#381;ena,<br \/>\ntemom &#8220;Partnerstvo za promene &#8211; ja\u010danje &#382;ene&#8220;, koji organizuje Predsednica Jahjaga, uz podr&#353;ku USAID-a i NDI-ja.<\/p>\n<p>Ceremonija otvaranja Samita, koji \u0107e raditi\u00a0 tri dana za redom,\u00a0 se odr&#382;ava u \u010cetvrtak, sa po\u010detkom u 17:00 \u010dasova u hotel &#8220;Emerald&#8220; na periferiji Pri&#353;tine.<\/p>\n<p>Sve druge aktivnosti, 5 i 6 oktobra, \u0107e se organizovati u hotel&#8220;Swis Diamond&#8221;, na trgu &#8220;Majka Tereza&#8221; u Pri&#353;tini.<\/p>\n<p>Bele&#353;ka:<\/p>\n<p>Za medije koje \u0107e pratiti rad\u00a0 Samita.<\/p>\n<p>Po&#353;tovani predstavnici medija,<br \/>\n\u00a0<br \/>\nAkreditiranje za pra\u0107enje trodnevnog rada Me\u0111unarodnog Samita\u00a0 &#381;ena, mo&#382;ete dobiti u Hotel Emerald u Prishtini, dana 4 oktobra (\u010cetvrtak) od 13:00 \u010dasova.<br \/>\n\u00a0<br \/>\nSvi akreditirani predstavnici medija, elektronskih i pisanih, trebaju biti u Hotel Emerald pre 14:00 \u010dasova radi postupka kontrole.<br \/>\n\u00a0<br \/>\nMediji ili novinari koji nisu akreditirani i ne raspola&#382;u dokumenat identifikacije izdat od organizatora Me\u0111unarodnog Samita &#381;ena ne mogu pristupiti nijednom delu odvijanja Samita.<\/p>\n<p>Molimo da se pridr&#382;avate utvr\u0111enim vremenskim rokovima akreditiranja za pra\u0107enje Samita i vremenskom roku za postupak kontrole radi otklanjanja nepotrebnih zaka&#353;njenja.<\/p>\n<p>Vi&#353;e podataka o Samitu mo&#382;ete na\u0107i na web-stranici : kosovowomenssummit.org<\/p>\n","protected":false},"excerpt":{"rendered":"<p>Sutra (\u010cetvrtak, 4 oktobar 2012) u Pri&#353;tini po\u010dinje sa radom Me\u0111unarodni Samit &#381;ena,<br \/>\ntemom &#8220;Partnerstvo za promene &#8211; ja\u010danje &#382;ene&#8220;, koji organizuje Predsednica Jahjaga, uz podr&#353;ku USAID-a i NDI-ja.<\/p>\n","protected":false},"author":1,"featured_media":86338,"comment_status":"open","ping_status":"closed","sticky":false,"template":"","format":"standard","meta":{"_eb_attr":"","footnotes":""},"categories":[101],"tags":[],"class_list":["post-78802","post","type-post","status-publish","format-standard","has-post-thumbnail","hentry","category-vesti"],"yoast_head":"<!-- This site is optimized with the Yoast SEO plugin v23.5 - https:\/\/yoast.com\/wordpress\/plugins\/seo\/ -->\n<title>U \u010cetvrtak, 4 oktobra, po\u010dinje sa radom Me\u0111unarodni Samit &#142;ena - Predsednik Republike Kosovo - DR. VJOSA OSMANI - SADRIU<\/title>\n<meta name=\"description\" content=\"U \u010cetvrtak, 4 oktobra, po\u010dinje sa radom Me\u0111unarodni Samit &#142;ena - Predsednik Republike Kosovo - DR. VJOSA OSMANI - SADRIU -\" \/>\n<meta name=\"robots\" content=\"index, follow, max-snippet:-1, max-image-preview:large, max-video-preview:-1\" \/>\n<link rel=\"canonical\" href=\"https:\/\/president-ksgov.net\/te-enjten-4-tetor-i-fillon-punimet-samiti-nderkombetar-i-gruas\/\" \/>\n<meta property=\"og:locale\" content=\"sr_RS\" \/>\n<meta property=\"og:type\" content=\"article\" \/>\n<meta property=\"og:title\" content=\"U \u010cetvrtak, 4 oktobra, po\u010dinje sa radom Me\u0111unarodni Samit &#142;ena - Predsednik Republike Kosovo - DR. VJOSA OSMANI - SADRIU\" \/>\n<meta property=\"og:description\" content=\"U \u010cetvrtak, 4 oktobra, po\u010dinje sa radom Me\u0111unarodni Samit &#142;ena - Predsednik Republike Kosovo - DR. VJOSA OSMANI - SADRIU -\" \/>\n<meta property=\"og:url\" content=\"https:\/\/president-ksgov.net\/te-enjten-4-tetor-i-fillon-punimet-samiti-nderkombetar-i-gruas\/\" \/>\n<meta property=\"og:site_name\" content=\"Predsednik Republike Kosovo - DR. VJOSA OSMANI - SADRIU\" \/>\n<meta property=\"article:published_time\" content=\"2012-10-03T19:56:58+00:00\" \/>\n<meta property=\"og:image\" content=\"https:\/\/president-ksgov.net\/wp-content\/uploads\/Zyra-e-Presidentes-Featured-Image1-e1678970937938.png\" \/>\n\t<meta property=\"og:image:width\" content=\"1024\" \/>\n\t<meta property=\"og:image:height\" content=\"716\" \/>\n\t<meta property=\"og:image:type\" content=\"image\/png\" \/>\n<meta name=\"author\" content=\"admin\" \/>\n<meta name=\"twitter:card\" content=\"summary_large_image\" \/>\n<meta name=\"twitter:label1\" content=\"\u041d\u0430\u043f\u0438\u0441\u0430\u043d\u043e \u043e\u0434\" \/>\n\t<meta name=\"twitter:data1\" content=\"admin\" \/>\n\t<meta name=\"twitter:label2\" content=\"\u041f\u0440\u043e\u0446\u0435\u045a\u0435\u043d\u043e \u0432\u0440\u0435\u043c\u0435 \u0447\u0438\u0442\u0430\u045a\u0430\" \/>\n\t<meta name=\"twitter:data2\" content=\"1 \u043c\u0438\u043d\u0443\u0442\" \/>\n<script type=\"application\/ld+json\" class=\"yoast-schema-graph\">{\"@context\":\"https:\/\/schema.org\",\"@graph\":[{\"@type\":\"WebPage\",\"@id\":\"https:\/\/president-ksgov.net\/te-enjten-4-tetor-i-fillon-punimet-samiti-nderkombetar-i-gruas\/\",\"url\":\"https:\/\/president-ksgov.net\/te-enjten-4-tetor-i-fillon-punimet-samiti-nderkombetar-i-gruas\/\",\"name\":\"U \u010cetvrtak, 4 oktobra, po\u010dinje sa radom Me\u0111unarodni Samit &#142;ena - Predsednik Republike Kosovo - DR. VJOSA OSMANI - SADRIU\",\"isPartOf\":{\"@id\":\"https:\/\/president-ksgov.net\/#website\"},\"primaryImageOfPage\":{\"@id\":\"https:\/\/president-ksgov.net\/te-enjten-4-tetor-i-fillon-punimet-samiti-nderkombetar-i-gruas\/#primaryimage\"},\"image\":{\"@id\":\"https:\/\/president-ksgov.net\/te-enjten-4-tetor-i-fillon-punimet-samiti-nderkombetar-i-gruas\/#primaryimage\"},\"thumbnailUrl\":\"https:\/\/president-ksgov.net\/wp-content\/uploads\/Zyra-e-Presidentes-Featured-Image1-e1678970937938.png\",\"datePublished\":\"2012-10-03T19:56:58+00:00\",\"dateModified\":\"2012-10-03T19:56:58+00:00\",\"author\":{\"@id\":\"https:\/\/president-ksgov.net\/#\/schema\/person\/bb4337a5fb147cb2046d80548172cbee\"},\"description\":\"U \u010cetvrtak, 4 oktobra, po\u010dinje sa radom Me\u0111unarodni Samit &#142;ena - Predsednik Republike Kosovo - DR. VJOSA OSMANI - SADRIU -\",\"breadcrumb\":{\"@id\":\"https:\/\/president-ksgov.net\/te-enjten-4-tetor-i-fillon-punimet-samiti-nderkombetar-i-gruas\/#breadcrumb\"},\"inLanguage\":\"sr-RS\",\"potentialAction\":[{\"@type\":\"ReadAction\",\"target\":[\"https:\/\/president-ksgov.net\/te-enjten-4-tetor-i-fillon-punimet-samiti-nderkombetar-i-gruas\/\"]}]},{\"@type\":\"ImageObject\",\"inLanguage\":\"sr-RS\",\"@id\":\"https:\/\/president-ksgov.net\/te-enjten-4-tetor-i-fillon-punimet-samiti-nderkombetar-i-gruas\/#primaryimage\",\"url\":\"https:\/\/president-ksgov.net\/wp-content\/uploads\/Zyra-e-Presidentes-Featured-Image1-e1678970937938.png\",\"contentUrl\":\"https:\/\/president-ksgov.net\/wp-content\/uploads\/Zyra-e-Presidentes-Featured-Image1-e1678970937938.png\",\"width\":1024,\"height\":716},{\"@type\":\"BreadcrumbList\",\"@id\":\"https:\/\/president-ksgov.net\/te-enjten-4-tetor-i-fillon-punimet-samiti-nderkombetar-i-gruas\/#breadcrumb\",\"itemListElement\":[{\"@type\":\"ListItem\",\"position\":1,\"name\":\"Home\",\"item\":\"https:\/\/president-ksgov.net\/sr\/\"},{\"@type\":\"ListItem\",\"position\":2,\"name\":\"U \u010cetvrtak, 4 oktobra, po\u010dinje sa radom Me\u0111unarodni Samit &#142;ena\"}]},{\"@type\":\"WebSite\",\"@id\":\"https:\/\/president-ksgov.net\/#website\",\"url\":\"https:\/\/president-ksgov.net\/\",\"name\":\"Presidente e Republik\u00ebs s\u00eb Kosov\u00ebs\",\"description\":\"Presidente e Republik\u00ebs s\u00eb Kosov\u00ebs\",\"alternateName\":\"DR. VJOSA OSMANI - SADRIU\",\"potentialAction\":[{\"@type\":\"SearchAction\",\"target\":{\"@type\":\"EntryPoint\",\"urlTemplate\":\"https:\/\/president-ksgov.net\/?s={search_term_string}\"},\"query-input\":{\"@type\":\"PropertyValueSpecification\",\"valueRequired\":true,\"valueName\":\"search_term_string\"}}],\"inLanguage\":\"sr-RS\"},{\"@type\":\"Person\",\"@id\":\"https:\/\/president-ksgov.net\/#\/schema\/person\/bb4337a5fb147cb2046d80548172cbee\",\"name\":\"admin\",\"image\":{\"@type\":\"ImageObject\",\"inLanguage\":\"sr-RS\",\"@id\":\"https:\/\/president-ksgov.net\/#\/schema\/person\/image\/\",\"url\":\"https:\/\/secure.gravatar.com\/avatar\/36156ca0fa3b8d9d25174f146e16beea0cf28f37adf1b9e19b6c9c279a7c9dd3?s=96&d=mm&r=g\",\"contentUrl\":\"https:\/\/secure.gravatar.com\/avatar\/36156ca0fa3b8d9d25174f146e16beea0cf28f37adf1b9e19b6c9c279a7c9dd3?s=96&d=mm&r=g\",\"caption\":\"admin\"},\"sameAs\":[\"https:\/\/president-ksgov.net\"]}]}<\/script>\n<!-- \/ Yoast SEO plugin. -->","yoast_head_json":{"title":"U \u010cetvrtak, 4 oktobra, po\u010dinje sa radom Me\u0111unarodni Samit &#142;ena - Predsednik Republike Kosovo - DR. VJOSA OSMANI - SADRIU","description":"U \u010cetvrtak, 4 oktobra, po\u010dinje sa radom Me\u0111unarodni Samit &#142;ena - Predsednik Republike Kosovo - DR. VJOSA OSMANI - SADRIU -","robots":{"index":"index","follow":"follow","max-snippet":"max-snippet:-1","max-image-preview":"max-image-preview:large","max-video-preview":"max-video-preview:-1"},"canonical":"https:\/\/president-ksgov.net\/te-enjten-4-tetor-i-fillon-punimet-samiti-nderkombetar-i-gruas\/","og_locale":"sr_RS","og_type":"article","og_title":"U \u010cetvrtak, 4 oktobra, po\u010dinje sa radom Me\u0111unarodni Samit &#142;ena - Predsednik Republike Kosovo - DR. VJOSA OSMANI - SADRIU","og_description":"U \u010cetvrtak, 4 oktobra, po\u010dinje sa radom Me\u0111unarodni Samit &#142;ena - Predsednik Republike Kosovo - DR. VJOSA OSMANI - SADRIU -","og_url":"https:\/\/president-ksgov.net\/te-enjten-4-tetor-i-fillon-punimet-samiti-nderkombetar-i-gruas\/","og_site_name":"Predsednik Republike Kosovo - DR. VJOSA OSMANI - SADRIU","article_published_time":"2012-10-03T19:56:58+00:00","og_image":[{"width":1024,"height":716,"url":"https:\/\/president-ksgov.net\/wp-content\/uploads\/Zyra-e-Presidentes-Featured-Image1-e1678970937938.png","type":"image\/png"}],"author":"admin","twitter_card":"summary_large_image","twitter_misc":{"\u041d\u0430\u043f\u0438\u0441\u0430\u043d\u043e \u043e\u0434":"admin","\u041f\u0440\u043e\u0446\u0435\u045a\u0435\u043d\u043e \u0432\u0440\u0435\u043c\u0435 \u0447\u0438\u0442\u0430\u045a\u0430":"1 \u043c\u0438\u043d\u0443\u0442"},"schema":{"@context":"https:\/\/schema.org","@graph":[{"@type":"WebPage","@id":"https:\/\/president-ksgov.net\/te-enjten-4-tetor-i-fillon-punimet-samiti-nderkombetar-i-gruas\/","url":"https:\/\/president-ksgov.net\/te-enjten-4-tetor-i-fillon-punimet-samiti-nderkombetar-i-gruas\/","name":"U \u010cetvrtak, 4 oktobra, po\u010dinje sa radom Me\u0111unarodni Samit &#142;ena - Predsednik Republike Kosovo - DR. VJOSA OSMANI - SADRIU","isPartOf":{"@id":"https:\/\/president-ksgov.net\/#website"},"primaryImageOfPage":{"@id":"https:\/\/president-ksgov.net\/te-enjten-4-tetor-i-fillon-punimet-samiti-nderkombetar-i-gruas\/#primaryimage"},"image":{"@id":"https:\/\/president-ksgov.net\/te-enjten-4-tetor-i-fillon-punimet-samiti-nderkombetar-i-gruas\/#primaryimage"},"thumbnailUrl":"https:\/\/president-ksgov.net\/wp-content\/uploads\/Zyra-e-Presidentes-Featured-Image1-e1678970937938.png","datePublished":"2012-10-03T19:56:58+00:00","dateModified":"2012-10-03T19:56:58+00:00","author":{"@id":"https:\/\/president-ksgov.net\/#\/schema\/person\/bb4337a5fb147cb2046d80548172cbee"},"description":"U \u010cetvrtak, 4 oktobra, po\u010dinje sa radom Me\u0111unarodni Samit &#142;ena - Predsednik Republike Kosovo - DR. VJOSA OSMANI - SADRIU -","breadcrumb":{"@id":"https:\/\/president-ksgov.net\/te-enjten-4-tetor-i-fillon-punimet-samiti-nderkombetar-i-gruas\/#breadcrumb"},"inLanguage":"sr-RS","potentialAction":[{"@type":"ReadAction","target":["https:\/\/president-ksgov.net\/te-enjten-4-tetor-i-fillon-punimet-samiti-nderkombetar-i-gruas\/"]}]},{"@type":"ImageObject","inLanguage":"sr-RS","@id":"https:\/\/president-ksgov.net\/te-enjten-4-tetor-i-fillon-punimet-samiti-nderkombetar-i-gruas\/#primaryimage","url":"https:\/\/president-ksgov.net\/wp-content\/uploads\/Zyra-e-Presidentes-Featured-Image1-e1678970937938.png","contentUrl":"https:\/\/president-ksgov.net\/wp-content\/uploads\/Zyra-e-Presidentes-Featured-Image1-e1678970937938.png","width":1024,"height":716},{"@type":"BreadcrumbList","@id":"https:\/\/president-ksgov.net\/te-enjten-4-tetor-i-fillon-punimet-samiti-nderkombetar-i-gruas\/#breadcrumb","itemListElement":[{"@type":"ListItem","position":1,"name":"Home","item":"https:\/\/president-ksgov.net\/sr\/"},{"@type":"ListItem","position":2,"name":"U \u010cetvrtak, 4 oktobra, po\u010dinje sa radom Me\u0111unarodni Samit &#142;ena"}]},{"@type":"WebSite","@id":"https:\/\/president-ksgov.net\/#website","url":"https:\/\/president-ksgov.net\/","name":"Presidente e Republik\u00ebs s\u00eb Kosov\u00ebs","description":"Presidente e Republik\u00ebs s\u00eb Kosov\u00ebs","alternateName":"DR. VJOSA OSMANI - SADRIU","potentialAction":[{"@type":"SearchAction","target":{"@type":"EntryPoint","urlTemplate":"https:\/\/president-ksgov.net\/?s={search_term_string}"},"query-input":{"@type":"PropertyValueSpecification","valueRequired":true,"valueName":"search_term_string"}}],"inLanguage":"sr-RS"},{"@type":"Person","@id":"https:\/\/president-ksgov.net\/#\/schema\/person\/bb4337a5fb147cb2046d80548172cbee","name":"admin","image":{"@type":"ImageObject","inLanguage":"sr-RS","@id":"https:\/\/president-ksgov.net\/#\/schema\/person\/image\/","url":"https:\/\/secure.gravatar.com\/avatar\/36156ca0fa3b8d9d25174f146e16beea0cf28f37adf1b9e19b6c9c279a7c9dd3?s=96&d=mm&r=g","contentUrl":"https:\/\/secure.gravatar.com\/avatar\/36156ca0fa3b8d9d25174f146e16beea0cf28f37adf1b9e19b6c9c279a7c9dd3?s=96&d=mm&r=g","caption":"admin"},"sameAs":["https:\/\/president-ksgov.net"]}]}},"_links":{"self":[{"href":"https:\/\/president-ksgov.net\/sr\/wp-json\/wp\/v2\/posts\/78802","targetHints":{"allow":["GET"]}}],"collection":[{"href":"https:\/\/president-ksgov.net\/sr\/wp-json\/wp\/v2\/posts"}],"about":[{"href":"https:\/\/president-ksgov.net\/sr\/wp-json\/wp\/v2\/types\/post"}],"author":[{"embeddable":true,"href":"https:\/\/president-ksgov.net\/sr\/wp-json\/wp\/v2\/users\/1"}],"replies":[{"embeddable":true,"href":"https:\/\/president-ksgov.net\/sr\/wp-json\/wp\/v2\/comments?post=78802"}],"version-history":[{"count":0,"href":"https:\/\/president-ksgov.net\/sr\/wp-json\/wp\/v2\/posts\/78802\/revisions"}],"wp:featuredmedia":[{"embeddable":true,"href":"https:\/\/president-ksgov.net\/sr\/wp-json\/wp\/v2\/media\/86338"}],"wp:attachment":[{"href":"https:\/\/president-ksgov.net\/sr\/wp-json\/wp\/v2\/media?parent=78802"}],"wp:term":[{"taxonomy":"category","embeddable":true,"href":"https:\/\/president-ksgov.net\/sr\/wp-json\/wp\/v2\/categories?post=78802"},{"taxonomy":"post_tag","embeddable":true,"href":"https:\/\/president-ksgov.net\/sr\/wp-json\/wp\/v2\/tags?post=78802"}],"curies":[{"name":"wp","href":"https:\/\/api.w.org\/{rel}","templated":true}]}}