{"id":78792,"date":"2012-10-06T15:08:43","date_gmt":"2012-10-06T15:08:43","guid":{"rendered":"https:\/\/dev.president-ksgov.net\/zakljucni-govor-predsednice-jahjaga-na-medjunarodnom-samitu-ena-partnerstvo-za-mir-jacanje-ene-2\/"},"modified":"2012-10-06T15:08:43","modified_gmt":"2012-10-06T15:08:43","slug":"zakljucni-govor-predsednice-jahjaga-na-medjunarodnom-samitu-ena-partnerstvo-za-mir-jacanje-ene-2","status":"publish","type":"post","link":"https:\/\/president-ksgov.net\/sr\/zakljucni-govor-predsednice-jahjaga-na-medjunarodnom-samitu-ena-partnerstvo-za-mir-jacanje-ene-2\/","title":{"rendered":"Zaklju\u010dni govor Predsednice Jahjaga na Me\u0111unarodnom Samitu &#142;ena &#147;Partnerstvo za Mir-Ja\u010danje &#142;ene&#147;"},"content":{"rendered":"<p>Posle tri produktivnih dana koje smo proveli zajedno raspravljaju\u0107i neke od najve\u0107ih izazova na&#353;eg perioda, vreme je da zaklju\u010dimo rad ovog samita, tokom kojeg smo imali markantnih razmena mi&#353;ljenja, plodonosnih diskusija, jedinstvenih informacija; mi &#382;ene smo jo&#353; jednom ujedinile glas, odlu\u010dne da nastavimo na&#353;e anga&#382;ovanje u pravcu ja\u010danja &#382;ene.<\/p>\n<p>Dame i gospodo,<\/p>\n<p>Ucesnici samita,<\/p>\n<p>Po&#353;tovani prijatelji,<\/p>\n<p>Posle tri produktivnih dana koje smo proveli zajedno raspravljajuci neke od najvecih izazova na&#353;eg perioda, vreme je da zakljucimo rad ovog samita, tokom kojeg smo imali markantnih razmena mi&#353;ljenja, plodonosnih diskusija, jedinstvenih informacija; mi &#382;ene smo jo&#353; jednom ujedinile glas, odlucne da nastavimo na&#353;e anga&#382;ovanje u pravcu jacanja &#382;ene.<\/p>\n<p>Jer je na&#353;a obaveza, da mi, rukovodioci, pre&#382;iveli, eksperti i propagatori podi&#382;emo glas i postanemo glas svih &#382;ena u na&#353;im dru&#353;tvima u celom svetu, svuda gde su prava uskracena.<\/p>\n<p>Mi smo utvrdili stanje, gde stojimo kao individue, kao rukovodioci, kao dru&#353;tvo i kao regija po pitanju ravnopravnosti polova, &#353;to je u biti je pitanje koje pokazuje koliko je kompletna demokratija.<\/p>\n<p>Na isti nacin kako su se ove americke &#382;ene sakupljale ujedinjene za jacanje &#382;ena u celom svetu, mi, &#382;ene Kosova i Jugoistocne Evrope smo se sakupljale ujedinjene u na&#353;u viziju za &#382;ene cele regije.<\/p>\n<p>Sakupili smo se ovde u Pri&#353;tini kao lideri i eksperti, najbolji i najmudriji u regiji i svetu da jedan od drugog ucimo, da pro&#353;irimo na&#353;e znanje i na&#353;u viziju, da podelimo iskustva i prenosimo najbolje prakse &#8211; u zajednickom cilju da na&#353;a dru&#353;tva ucinimo sveobuhvatnije i da koristimo jedan od naj cenjenih izvora.<\/p>\n<p>Da na&#353;u demokratiju cinimo znacajnom i sveobuhvatnom, vi&#353;e nas su imale mogucnosti i put je bio otvoren za nas, ali vi&#353;e nas nije imala mogucnosti. Posebno &#382;ene koje nisu obrazovane, koje nemaju finansijskih izvora ili su potcinjene i nemaju glasa.<\/p>\n<p>Sakupljale smo se zajedno da pru&#382;imo ruke ovim &#382;enama da bismo se mogle razviti zajedno. Postigli smo mogucnost da cinimo ovo uz pomoc USAID-a i NDI &#8211;a, i svih vas, ucesnika ovog samita. Hvala vam!<br \/>\nKao &#353;to sam na pocetku ovog samita rekla, moja je nada da cemo postici graditi one mere kriticne za potrebu menjanja kulture, zasnovane na konkretnu namenu za opipljive inicijative. I ucinile smo jedan dobar pocetni korak. <\/p>\n<p>Dame i gospodo,<\/p>\n<p>Svaki panel i svaki centralni govornik na ovom samitu je pred sobom imao jedan jedinstven zadatak-da na detaljan nacin razmatra prepreke koje ometaju &#382;ene da bi zauzimale polo&#382;aj koji im s pravom pripada u dru&#353;tvu.<br \/>\nRazradili smo probleme koji se nadovezuju sa nepravednom reprezentacijom &#382;ena u javnim polo&#382;ajima i rukovodstvima i neke od vas ste pru&#382;ale interesantne podatke o tome gde stoji problem, kao npr. identifikovanjem da demokratizacija politickih partija je krucijalno za prevazila&#382;enje ove smetnje.<\/p>\n<p>Oko pitanja ekonomskog jacanja, dato je nekoliko prakticnih i kreativnih predloga, takvi kao otvaranje obdani&#353;ta i vrtica u organizacijama gde rade &#382;ene, kao dobar metod za odr&#382;avanje osoblja i prikupljanje\u00a0 talentiranih, koje je predstavljeno ovde za diskusiju.<\/p>\n<p>Kada smo raspravljali pravo na svojinu, saznali smo da nema nedostataka zakonodavstva nego &#382;ene ne koriste prednosti na koje imaju pravo i ne koriste zakonska akta koja ih ujednace sa ostalim clanovima dru&#353;tva<br \/>\nPotreba da &#382;ene budu mnogo aktivnije i da preuzimaju odgovornosti da unaprede svoja prava je bila tema koja se ponavljala gotovo u svim panelima, od onog o bezbednosti do onog za ekonomiju. Ono &#353;to je stalno proiza&#353;lo iz na&#353;ih diskusija, jeste da radi postizanja uspeha u bilo kojoj oblasti treba povecati svest, i da imamo vi&#353;e diskusija, ne samo izmedu nas nego takode i sa mu&#353;karcima.<\/p>\n<p>Ali, najbitnije, saznali smo da &#382;ene treba da grade partnerstvo sa biznisima i vladama, jer ova partnerstva ce ostati\u00a0 u nasledstvo za buduce generacije.<\/p>\n<p>Za ovim tragovima koje su ostavile na&#353;e diskusije, Dame i Gospodo, i nakon slu&#353;anja svih grupa, mi smo identifikovali oblasti u pravcu kojih &#382;elimo ici napred. Zato imam zadovoljstvo da prestavim &#8220;Principe Pri&#353;tine&#8220;, jedan rezime putokaza za buduce korake koje treba preduzeti kao dru&#353;tvo na Kosovu, region i &#353;ire kako bismo savladali preostale prepreke za jacanje &#382;ena.<\/p>\n<p>Kao &#353;to cete videti, ovi principi su temelj kuce koju gradimo, i sve &#382;ene su pozvane da onde &#382;ive. <\/p>\n<p>Mi se nadamo da ce ovi principi slu&#382;iti kao kamen temeljac za jedan pristup transformiranja u celom regionu. Kao &#353;to je juce rekla Jane Harman tokom njene pa&#382;ljivo pripremljene prezentacije &#8211; mi &#382;elimo upotrebiti ovu mogucnost da transformiramo region u jedan centar promena, da iniciramo pozitivni razvoj, slicno sa onim &#353;to je proiza&#353;lo sa konferencije &#382;ena u Pekingu pre gotovo dve dekade.<\/p>\n<p>Imamo za cilj da delujemo na ovim principima preduzimajuci konkretne mere za jacanje &#382;ena u ekonomskom sektoru, jer kao &#353;to smo rekli tokom celog vremena, ekonomsko jacanje &#382;ena je bitno za ekonomsko povecanje koje garantuje pristup &#382;ena u bezbednost, pravo i odlucivanje.<\/p>\n<p>Jacajuci ekonomski &#382;ene, mi jacamo porodice, dru&#353;tvo i dr&#382;avu.<\/p>\n<p>Smatrali smo kao &#382;ivotno pitanje razbijanje zamke ekonomske zavisnosti<br \/>\npodr&#382;avajuci inicijative koje omogucavaju &#382;enama da postanu finansijski nezavisne i da nudimo pristup izvorima i ekonomskim mogucnostima.<br \/>\nZbog toga, zajedno sa zamenikom premijera i ministrom za trgovinu i industriju i uz pomoc USAID-a , &#382;elim ovde objaviti, da kao rezultat ovo samita, ce se formirati jedan Osnivacka Grupa od 7 clanova, sve poslovne &#382;ene, koja ce grupa identifikovati do kraja godine mandat i strukturu jedne nove nevladine organizacije za jacanje &#382;ena koja ce se rukovoditi od kosovskih &#382;ena za &#382;ene Kosova.<\/p>\n<p>Ova nova asocijacija ce biti jedna nezavisna pravna jedinica. Iako ce biti autonomna u odnosu na vladine institucije, ova organizacija ce imati moju podr&#353;ku i vlade. Cilj ove asocijacije &#382;ena jeste da stvara mogucnosti za maksimalizaciju uce&#353;ca &#382;ena u ekonomiju. Bit jedno mesto za &#382;ene, aktivno u svim nivoima kemercijalne aktivnosti i preduzimanja, promovirajuci preduzetni&#353;tvo medu &#382;enama, posebno mladih &#382;ena. Nakon malo vremena cu pozvati ministra za trgovinu i industriju, gospodu Mimoza Kusari-Lila da izdvoji detalje ove inicijative za vas.<\/p>\n<p>Po&#353;tovani prijatelji,<\/p>\n<p>Kao &#353;to je i potvrdio ovaj Samit, sada smo postigli potrebnu snagu. Snagu da munjevito nastavljamo napred rame uz rame sa solidarno&#353;cu i vizijom. Ono &#353;to je bitno u odr&#382;avanju nivoa ove snage jeste stvaranje na&#353;ih mre&#382;a i razmena ideja medu nama.<\/p>\n<p>Mi trebamo graditi i odr&#382;ati stare mre&#382;e uz izgradnju novih.<br \/>\nMi trebamo obezbediti mentore &#382;enama u biznis i u upravljanju.<br \/>\nMi trebamo da se dr&#382;imo ujedinjene.<\/p>\n<p>Nadite nekog ko ima potrebu za va&#353;u mudrost i putokaz od vas.<\/p>\n<p>I poslednja rec za vas, ucesnike posveceni ovom samitu:<\/p>\n<p>Tokom ovih tri va&#382;nih dana vi ste uspostavile nove veze i pocele ste nova prijateljstva. Nemojte izgubiti ove veze i cinite nemoguce da ove veze pretvorite u mre&#382;e. Sna&#382;ne i kohezivne mre&#382;e koje ce dati formu va&#353;oj buducnosti i buducnosti regiona u celini.<br \/>\nHvala vam na va&#353;e uce&#353;ce.<br \/>\n\u00a0<\/p>\n","protected":false},"excerpt":{"rendered":"<p>Posle tri produktivnih dana koje smo proveli zajedno raspravljaju\u0107i neke od najve\u0107ih izazova na&#353;eg perioda, vreme je da zaklju\u010dimo rad ovog samita, tokom kojeg smo imali markantnih razmena mi&#353;ljenja, plodonosnih diskusija, jedinstvenih informacija; mi &#382;ene smo jo&#353; jednom ujedinile glas, odlu\u010dne da nastavimo na&#353;e anga&#382;ovanje u pravcu ja\u010danja &#382;ene.<\/p>\n","protected":false},"author":1,"featured_media":54268,"comment_status":"open","ping_status":"closed","sticky":false,"template":"","format":"standard","meta":{"_eb_attr":"","footnotes":""},"categories":[101],"tags":[],"class_list":["post-78792","post","type-post","status-publish","format-standard","has-post-thumbnail","hentry","category-vesti"],"yoast_head":"<!-- This site is optimized with the Yoast SEO plugin v23.5 - https:\/\/yoast.com\/wordpress\/plugins\/seo\/ -->\n<title>Zaklju\u010dni govor Predsednice Jahjaga na Me\u0111unarodnom Samitu &#142;ena &#147;Partnerstvo za Mir-Ja\u010danje &#142;ene&#147; - Predsednik Republike Kosovo - DR. VJOSA OSMANI - SADRIU<\/title>\n<meta name=\"description\" content=\"Zaklju\u010dni govor Predsednice Jahjaga na Me\u0111unarodnom Samitu &#142;ena &#147;Partnerstvo za Mir-Ja\u010danje &#142;ene&#147; - Predsednik Republike Kosovo - DR. VJOSA OSMANI - SADRIU -\" \/>\n<meta name=\"robots\" content=\"index, follow, max-snippet:-1, max-image-preview:large, max-video-preview:-1\" \/>\n<link rel=\"canonical\" href=\"https:\/\/president-ksgov.net\/fjala-permbyllese-e-presidentes-jahjaga-ne-samitin-nderkombetar-te-gruas-partneriteti-per-paqe-fuqizimi-i-gruas-3\/\" \/>\n<meta property=\"og:locale\" content=\"sr_RS\" \/>\n<meta property=\"og:type\" content=\"article\" \/>\n<meta property=\"og:title\" content=\"Zaklju\u010dni govor Predsednice Jahjaga na Me\u0111unarodnom Samitu &#142;ena &#147;Partnerstvo za Mir-Ja\u010danje &#142;ene&#147; - Predsednik Republike Kosovo - DR. VJOSA OSMANI - SADRIU\" \/>\n<meta property=\"og:description\" content=\"Zaklju\u010dni govor Predsednice Jahjaga na Me\u0111unarodnom Samitu &#142;ena &#147;Partnerstvo za Mir-Ja\u010danje &#142;ene&#147; - Predsednik Republike Kosovo - DR. VJOSA OSMANI - SADRIU -\" \/>\n<meta property=\"og:url\" content=\"https:\/\/president-ksgov.net\/fjala-permbyllese-e-presidentes-jahjaga-ne-samitin-nderkombetar-te-gruas-partneriteti-per-paqe-fuqizimi-i-gruas-3\/\" \/>\n<meta property=\"og:site_name\" content=\"Predsednik Republike Kosovo - DR. VJOSA OSMANI - SADRIU\" \/>\n<meta property=\"article:published_time\" content=\"2012-10-06T15:08:43+00:00\" \/>\n<meta property=\"og:image\" content=\"https:\/\/president-ksgov.net\/wp-content\/uploads\/06_10_12_68252_001.jpg\" \/>\n\t<meta property=\"og:image:width\" content=\"1000\" \/>\n\t<meta property=\"og:image:height\" content=\"669\" \/>\n\t<meta property=\"og:image:type\" content=\"image\/jpeg\" \/>\n<meta name=\"author\" content=\"admin\" \/>\n<meta name=\"twitter:card\" content=\"summary_large_image\" \/>\n<meta name=\"twitter:label1\" content=\"\u041d\u0430\u043f\u0438\u0441\u0430\u043d\u043e \u043e\u0434\" \/>\n\t<meta name=\"twitter:data1\" content=\"admin\" \/>\n\t<meta name=\"twitter:label2\" content=\"\u041f\u0440\u043e\u0446\u0435\u045a\u0435\u043d\u043e \u0432\u0440\u0435\u043c\u0435 \u0447\u0438\u0442\u0430\u045a\u0430\" \/>\n\t<meta name=\"twitter:data2\" content=\"6 \u043c\u0438\u043d\u0443\u0442\u0430\" \/>\n<script type=\"application\/ld+json\" class=\"yoast-schema-graph\">{\"@context\":\"https:\/\/schema.org\",\"@graph\":[{\"@type\":\"WebPage\",\"@id\":\"https:\/\/president-ksgov.net\/fjala-permbyllese-e-presidentes-jahjaga-ne-samitin-nderkombetar-te-gruas-partneriteti-per-paqe-fuqizimi-i-gruas-3\/\",\"url\":\"https:\/\/president-ksgov.net\/fjala-permbyllese-e-presidentes-jahjaga-ne-samitin-nderkombetar-te-gruas-partneriteti-per-paqe-fuqizimi-i-gruas-3\/\",\"name\":\"Zaklju\u010dni govor Predsednice Jahjaga na Me\u0111unarodnom Samitu &#142;ena &#147;Partnerstvo za Mir-Ja\u010danje &#142;ene&#147; - Predsednik Republike Kosovo - DR. VJOSA OSMANI - SADRIU\",\"isPartOf\":{\"@id\":\"https:\/\/president-ksgov.net\/#website\"},\"primaryImageOfPage\":{\"@id\":\"https:\/\/president-ksgov.net\/fjala-permbyllese-e-presidentes-jahjaga-ne-samitin-nderkombetar-te-gruas-partneriteti-per-paqe-fuqizimi-i-gruas-3\/#primaryimage\"},\"image\":{\"@id\":\"https:\/\/president-ksgov.net\/fjala-permbyllese-e-presidentes-jahjaga-ne-samitin-nderkombetar-te-gruas-partneriteti-per-paqe-fuqizimi-i-gruas-3\/#primaryimage\"},\"thumbnailUrl\":\"https:\/\/president-ksgov.net\/wp-content\/uploads\/06_10_12_68252_001.jpg\",\"datePublished\":\"2012-10-06T15:08:43+00:00\",\"dateModified\":\"2012-10-06T15:08:43+00:00\",\"author\":{\"@id\":\"https:\/\/president-ksgov.net\/#\/schema\/person\/bb4337a5fb147cb2046d80548172cbee\"},\"description\":\"Zaklju\u010dni govor Predsednice Jahjaga na Me\u0111unarodnom Samitu &#142;ena &#147;Partnerstvo za Mir-Ja\u010danje &#142;ene&#147; - Predsednik Republike Kosovo - DR. VJOSA OSMANI - SADRIU -\",\"breadcrumb\":{\"@id\":\"https:\/\/president-ksgov.net\/fjala-permbyllese-e-presidentes-jahjaga-ne-samitin-nderkombetar-te-gruas-partneriteti-per-paqe-fuqizimi-i-gruas-3\/#breadcrumb\"},\"inLanguage\":\"sr-RS\",\"potentialAction\":[{\"@type\":\"ReadAction\",\"target\":[\"https:\/\/president-ksgov.net\/fjala-permbyllese-e-presidentes-jahjaga-ne-samitin-nderkombetar-te-gruas-partneriteti-per-paqe-fuqizimi-i-gruas-3\/\"]}]},{\"@type\":\"ImageObject\",\"inLanguage\":\"sr-RS\",\"@id\":\"https:\/\/president-ksgov.net\/fjala-permbyllese-e-presidentes-jahjaga-ne-samitin-nderkombetar-te-gruas-partneriteti-per-paqe-fuqizimi-i-gruas-3\/#primaryimage\",\"url\":\"https:\/\/president-ksgov.net\/wp-content\/uploads\/06_10_12_68252_001.jpg\",\"contentUrl\":\"https:\/\/president-ksgov.net\/wp-content\/uploads\/06_10_12_68252_001.jpg\",\"width\":1000,\"height\":669},{\"@type\":\"BreadcrumbList\",\"@id\":\"https:\/\/president-ksgov.net\/fjala-permbyllese-e-presidentes-jahjaga-ne-samitin-nderkombetar-te-gruas-partneriteti-per-paqe-fuqizimi-i-gruas-3\/#breadcrumb\",\"itemListElement\":[{\"@type\":\"ListItem\",\"position\":1,\"name\":\"Home\",\"item\":\"https:\/\/president-ksgov.net\/sr\/\"},{\"@type\":\"ListItem\",\"position\":2,\"name\":\"Zaklju\u010dni govor Predsednice Jahjaga na Me\u0111unarodnom Samitu &#142;ena &#147;Partnerstvo za Mir-Ja\u010danje &#142;ene&#147;\"}]},{\"@type\":\"WebSite\",\"@id\":\"https:\/\/president-ksgov.net\/#website\",\"url\":\"https:\/\/president-ksgov.net\/\",\"name\":\"Presidente e Republik\u00ebs s\u00eb Kosov\u00ebs\",\"description\":\"Presidente e Republik\u00ebs s\u00eb Kosov\u00ebs\",\"alternateName\":\"DR. VJOSA OSMANI - SADRIU\",\"potentialAction\":[{\"@type\":\"SearchAction\",\"target\":{\"@type\":\"EntryPoint\",\"urlTemplate\":\"https:\/\/president-ksgov.net\/?s={search_term_string}\"},\"query-input\":{\"@type\":\"PropertyValueSpecification\",\"valueRequired\":true,\"valueName\":\"search_term_string\"}}],\"inLanguage\":\"sr-RS\"},{\"@type\":\"Person\",\"@id\":\"https:\/\/president-ksgov.net\/#\/schema\/person\/bb4337a5fb147cb2046d80548172cbee\",\"name\":\"admin\",\"image\":{\"@type\":\"ImageObject\",\"inLanguage\":\"sr-RS\",\"@id\":\"https:\/\/president-ksgov.net\/#\/schema\/person\/image\/\",\"url\":\"https:\/\/secure.gravatar.com\/avatar\/36156ca0fa3b8d9d25174f146e16beea0cf28f37adf1b9e19b6c9c279a7c9dd3?s=96&d=mm&r=g\",\"contentUrl\":\"https:\/\/secure.gravatar.com\/avatar\/36156ca0fa3b8d9d25174f146e16beea0cf28f37adf1b9e19b6c9c279a7c9dd3?s=96&d=mm&r=g\",\"caption\":\"admin\"},\"sameAs\":[\"https:\/\/president-ksgov.net\"]}]}<\/script>\n<!-- \/ Yoast SEO plugin. -->","yoast_head_json":{"title":"Zaklju\u010dni govor Predsednice Jahjaga na Me\u0111unarodnom Samitu &#142;ena &#147;Partnerstvo za Mir-Ja\u010danje &#142;ene&#147; - Predsednik Republike Kosovo - DR. VJOSA OSMANI - SADRIU","description":"Zaklju\u010dni govor Predsednice Jahjaga na Me\u0111unarodnom Samitu &#142;ena &#147;Partnerstvo za Mir-Ja\u010danje &#142;ene&#147; - Predsednik Republike Kosovo - DR. VJOSA OSMANI - SADRIU -","robots":{"index":"index","follow":"follow","max-snippet":"max-snippet:-1","max-image-preview":"max-image-preview:large","max-video-preview":"max-video-preview:-1"},"canonical":"https:\/\/president-ksgov.net\/fjala-permbyllese-e-presidentes-jahjaga-ne-samitin-nderkombetar-te-gruas-partneriteti-per-paqe-fuqizimi-i-gruas-3\/","og_locale":"sr_RS","og_type":"article","og_title":"Zaklju\u010dni govor Predsednice Jahjaga na Me\u0111unarodnom Samitu &#142;ena &#147;Partnerstvo za Mir-Ja\u010danje &#142;ene&#147; - Predsednik Republike Kosovo - DR. VJOSA OSMANI - SADRIU","og_description":"Zaklju\u010dni govor Predsednice Jahjaga na Me\u0111unarodnom Samitu &#142;ena &#147;Partnerstvo za Mir-Ja\u010danje &#142;ene&#147; - Predsednik Republike Kosovo - DR. VJOSA OSMANI - SADRIU -","og_url":"https:\/\/president-ksgov.net\/fjala-permbyllese-e-presidentes-jahjaga-ne-samitin-nderkombetar-te-gruas-partneriteti-per-paqe-fuqizimi-i-gruas-3\/","og_site_name":"Predsednik Republike Kosovo - DR. VJOSA OSMANI - SADRIU","article_published_time":"2012-10-06T15:08:43+00:00","og_image":[{"width":1000,"height":669,"url":"https:\/\/president-ksgov.net\/wp-content\/uploads\/06_10_12_68252_001.jpg","type":"image\/jpeg"}],"author":"admin","twitter_card":"summary_large_image","twitter_misc":{"\u041d\u0430\u043f\u0438\u0441\u0430\u043d\u043e \u043e\u0434":"admin","\u041f\u0440\u043e\u0446\u0435\u045a\u0435\u043d\u043e \u0432\u0440\u0435\u043c\u0435 \u0447\u0438\u0442\u0430\u045a\u0430":"6 \u043c\u0438\u043d\u0443\u0442\u0430"},"schema":{"@context":"https:\/\/schema.org","@graph":[{"@type":"WebPage","@id":"https:\/\/president-ksgov.net\/fjala-permbyllese-e-presidentes-jahjaga-ne-samitin-nderkombetar-te-gruas-partneriteti-per-paqe-fuqizimi-i-gruas-3\/","url":"https:\/\/president-ksgov.net\/fjala-permbyllese-e-presidentes-jahjaga-ne-samitin-nderkombetar-te-gruas-partneriteti-per-paqe-fuqizimi-i-gruas-3\/","name":"Zaklju\u010dni govor Predsednice Jahjaga na Me\u0111unarodnom Samitu &#142;ena &#147;Partnerstvo za Mir-Ja\u010danje &#142;ene&#147; - Predsednik Republike Kosovo - DR. VJOSA OSMANI - SADRIU","isPartOf":{"@id":"https:\/\/president-ksgov.net\/#website"},"primaryImageOfPage":{"@id":"https:\/\/president-ksgov.net\/fjala-permbyllese-e-presidentes-jahjaga-ne-samitin-nderkombetar-te-gruas-partneriteti-per-paqe-fuqizimi-i-gruas-3\/#primaryimage"},"image":{"@id":"https:\/\/president-ksgov.net\/fjala-permbyllese-e-presidentes-jahjaga-ne-samitin-nderkombetar-te-gruas-partneriteti-per-paqe-fuqizimi-i-gruas-3\/#primaryimage"},"thumbnailUrl":"https:\/\/president-ksgov.net\/wp-content\/uploads\/06_10_12_68252_001.jpg","datePublished":"2012-10-06T15:08:43+00:00","dateModified":"2012-10-06T15:08:43+00:00","author":{"@id":"https:\/\/president-ksgov.net\/#\/schema\/person\/bb4337a5fb147cb2046d80548172cbee"},"description":"Zaklju\u010dni govor Predsednice Jahjaga na Me\u0111unarodnom Samitu &#142;ena &#147;Partnerstvo za Mir-Ja\u010danje &#142;ene&#147; - Predsednik Republike Kosovo - DR. VJOSA OSMANI - SADRIU -","breadcrumb":{"@id":"https:\/\/president-ksgov.net\/fjala-permbyllese-e-presidentes-jahjaga-ne-samitin-nderkombetar-te-gruas-partneriteti-per-paqe-fuqizimi-i-gruas-3\/#breadcrumb"},"inLanguage":"sr-RS","potentialAction":[{"@type":"ReadAction","target":["https:\/\/president-ksgov.net\/fjala-permbyllese-e-presidentes-jahjaga-ne-samitin-nderkombetar-te-gruas-partneriteti-per-paqe-fuqizimi-i-gruas-3\/"]}]},{"@type":"ImageObject","inLanguage":"sr-RS","@id":"https:\/\/president-ksgov.net\/fjala-permbyllese-e-presidentes-jahjaga-ne-samitin-nderkombetar-te-gruas-partneriteti-per-paqe-fuqizimi-i-gruas-3\/#primaryimage","url":"https:\/\/president-ksgov.net\/wp-content\/uploads\/06_10_12_68252_001.jpg","contentUrl":"https:\/\/president-ksgov.net\/wp-content\/uploads\/06_10_12_68252_001.jpg","width":1000,"height":669},{"@type":"BreadcrumbList","@id":"https:\/\/president-ksgov.net\/fjala-permbyllese-e-presidentes-jahjaga-ne-samitin-nderkombetar-te-gruas-partneriteti-per-paqe-fuqizimi-i-gruas-3\/#breadcrumb","itemListElement":[{"@type":"ListItem","position":1,"name":"Home","item":"https:\/\/president-ksgov.net\/sr\/"},{"@type":"ListItem","position":2,"name":"Zaklju\u010dni govor Predsednice Jahjaga na Me\u0111unarodnom Samitu &#142;ena &#147;Partnerstvo za Mir-Ja\u010danje &#142;ene&#147;"}]},{"@type":"WebSite","@id":"https:\/\/president-ksgov.net\/#website","url":"https:\/\/president-ksgov.net\/","name":"Presidente e Republik\u00ebs s\u00eb Kosov\u00ebs","description":"Presidente e Republik\u00ebs s\u00eb Kosov\u00ebs","alternateName":"DR. VJOSA OSMANI - SADRIU","potentialAction":[{"@type":"SearchAction","target":{"@type":"EntryPoint","urlTemplate":"https:\/\/president-ksgov.net\/?s={search_term_string}"},"query-input":{"@type":"PropertyValueSpecification","valueRequired":true,"valueName":"search_term_string"}}],"inLanguage":"sr-RS"},{"@type":"Person","@id":"https:\/\/president-ksgov.net\/#\/schema\/person\/bb4337a5fb147cb2046d80548172cbee","name":"admin","image":{"@type":"ImageObject","inLanguage":"sr-RS","@id":"https:\/\/president-ksgov.net\/#\/schema\/person\/image\/","url":"https:\/\/secure.gravatar.com\/avatar\/36156ca0fa3b8d9d25174f146e16beea0cf28f37adf1b9e19b6c9c279a7c9dd3?s=96&d=mm&r=g","contentUrl":"https:\/\/secure.gravatar.com\/avatar\/36156ca0fa3b8d9d25174f146e16beea0cf28f37adf1b9e19b6c9c279a7c9dd3?s=96&d=mm&r=g","caption":"admin"},"sameAs":["https:\/\/president-ksgov.net"]}]}},"_links":{"self":[{"href":"https:\/\/president-ksgov.net\/sr\/wp-json\/wp\/v2\/posts\/78792","targetHints":{"allow":["GET"]}}],"collection":[{"href":"https:\/\/president-ksgov.net\/sr\/wp-json\/wp\/v2\/posts"}],"about":[{"href":"https:\/\/president-ksgov.net\/sr\/wp-json\/wp\/v2\/types\/post"}],"author":[{"embeddable":true,"href":"https:\/\/president-ksgov.net\/sr\/wp-json\/wp\/v2\/users\/1"}],"replies":[{"embeddable":true,"href":"https:\/\/president-ksgov.net\/sr\/wp-json\/wp\/v2\/comments?post=78792"}],"version-history":[{"count":0,"href":"https:\/\/president-ksgov.net\/sr\/wp-json\/wp\/v2\/posts\/78792\/revisions"}],"wp:featuredmedia":[{"embeddable":true,"href":"https:\/\/president-ksgov.net\/sr\/wp-json\/wp\/v2\/media\/54268"}],"wp:attachment":[{"href":"https:\/\/president-ksgov.net\/sr\/wp-json\/wp\/v2\/media?parent=78792"}],"wp:term":[{"taxonomy":"category","embeddable":true,"href":"https:\/\/president-ksgov.net\/sr\/wp-json\/wp\/v2\/categories?post=78792"},{"taxonomy":"post_tag","embeddable":true,"href":"https:\/\/president-ksgov.net\/sr\/wp-json\/wp\/v2\/tags?post=78792"}],"curies":[{"name":"wp","href":"https:\/\/api.w.org\/{rel}","templated":true}]}}