{"id":78760,"date":"2012-10-30T20:32:46","date_gmt":"2012-10-30T20:32:46","guid":{"rendered":"https:\/\/dev.president-ksgov.net\/predsednica-atifete-jahjaga-je-posetila-optinu-prizren\/"},"modified":"2012-10-30T20:32:46","modified_gmt":"2012-10-30T20:32:46","slug":"predsednica-atifete-jahjaga-je-posetila-optinu-prizren","status":"publish","type":"post","link":"https:\/\/president-ksgov.net\/sr\/predsednica-atifete-jahjaga-je-posetila-optinu-prizren\/","title":{"rendered":"Predsednica Atifete Jahjaga je posetila op&#154;tinu Prizren"},"content":{"rendered":"<p>Predsednica Republike Kosovo, gospo\u0111a Atifete Jahjaga danas je posetila op&#353;tinu Prizren, gde je do\u010dekana od predsednika ove op&#353;tine, Ramadan Muja.<\/p>\n<p>Takode, ona se sastala i sa komitetom za rodnu jednakost i zajednice, sa kojima je diskutovala o projektu koji se nadovezuje sa unapredenjem polo&#382;aja &#382;ene, i po&#353;tovanjem zajednica.<\/p>\n<p>Tokom sastanka sa predsednikom op&#353;tine, g. Muja i rukovodstvom op&#353;tine Prizren, gde je bio prisutan i zamenik premijera i ministar Lokalne Samouprave, Slobodan Petrovic, Predsednica Jahjaga je naglasila da je Prizren poznat kao multietnicki, multikulturni i multi konfesionalni grad, gde su vekovima zajedno &#382;iveli i povezane razne kulture, stvarajuci jedan poseban prizrenski mentalitet razumevanja i tolerancije.<\/p>\n<p>Predsednica Jahjaga je naglasila da je Prizren simbol zajednickog &#382;ivota, tolerancije, razumevanja, i jedno isprepletanje kulture i tradicije koje su stalno promovisane u ovom gradu. Prizrenska tradicija na neki nacin izra&#382;ava vrednosti koje ima Kosovo, koje su ustvari demokratske vrednosti.<\/p>\n<p>U Prizren postoji izrazitija prisutnost potpuno integriranih zajednica Turaka, Srba, Bo&#353;njaka, Roma , A&#353;kaljije i Egipcana. Uspostavljena je op&#353;tina Mamu&#353;a, kao jedan dobar primer sprovodenja decentralizacije i delegiranja nadle&#382;nosti sa centralnog na lokalni nivo, naglasila je Predsednica Jahjaga.<\/p>\n<p>Predsednica Jahjaga je naglasila njen stav da od buducih lokalnih izbora, u svaku op&#353;tinu, jedna &#382;ena da bude na polo&#382;aju potpredsednika op&#353;tine.<br \/>\nU razgovoru sa rukovodstvom op&#353;tine Prizren, Predsednica je dodala da Kosovo, nakon zavr&#353;avanje faze nadgledanja nezavisnosti ce da se koncentrira na ekonomski razvoj, koji omogucava i op&#353;ti razvoj, i privlacnost stranog kapitala, investicije i regionalnu saradnju.<br \/>\nPrizren mo&#382;e biti jedan dobra primer u svim ovim procesima po&#353;to ima tradiciju, ima kadrove i ima\u00a0 duh konkurencije i preduzetni&#353;tva. <\/p>\n<p>Tokom posete Prizrenu, Predsednica Jahjaga je u Potkaljaji pratila izbliza radove koji se vode za obnovu kuca pripadnika srpske zajednice u ovo naselje.<\/p>\n<p>Takode, Predsednica Jahjaga je razgovarala i sa predstavnicima zajednice Roma, A&#353;kalije\u00a0 i Egipcana. Ona rece da zna da oni imaju pote&#353;koca, ali im je pru&#382;ila svu njenu podr&#353;ku u pravcu integracije u dru&#353;tvu i davanja veceg njihovog doprinosa.<\/p>\n<p>Ovom prilikom, Predsednica Jahjaga je posetila porodicu ove zajednice, kojoj je izgradena jedna nova kuca.<\/p>\n<p>Predsednica Jahjaga je razgovarala sa stanovnicima zajednice Bo&#353;njaka. U razgovoru sa njima, Predsednica Jahjaga se upoznala sa njihovim radom i aktivnostima, te i o problemima sa kojima se suceljavaju. <\/p>\n<p>Takode, Predsednica Jahjaga je posetila jednu porodicu ove zajednice, koja se vratila da &#382;ivi u Prizren, u novoizgradenu kucu za njih.<\/p>\n","protected":false},"excerpt":{"rendered":"<p>Predsednica Republike Kosovo, gospo\u0111a Atifete Jahjaga danas je posetila op&#353;tinu Prizren, gde je do\u010dekana od predsednika ove op&#353;tine, Ramadan Muja.<\/p>\n","protected":false},"author":1,"featured_media":53927,"comment_status":"open","ping_status":"closed","sticky":false,"template":"","format":"standard","meta":{"_eb_attr":"","footnotes":""},"categories":[101],"tags":[],"class_list":["post-78760","post","type-post","status-publish","format-standard","has-post-thumbnail","hentry","category-vesti"],"yoast_head":"<!-- This site is optimized with the Yoast SEO plugin v23.5 - https:\/\/yoast.com\/wordpress\/plugins\/seo\/ -->\n<title>Predsednica Atifete Jahjaga je posetila op&#154;tinu Prizren - Predsednik Republike Kosovo - DR. VJOSA OSMANI - SADRIU<\/title>\n<meta name=\"description\" content=\"Predsednica Atifete Jahjaga je posetila op&#154;tinu Prizren - Predsednik Republike Kosovo - DR. VJOSA OSMANI - SADRIU -\" \/>\n<meta name=\"robots\" content=\"index, follow, max-snippet:-1, max-image-preview:large, max-video-preview:-1\" \/>\n<link rel=\"canonical\" href=\"https:\/\/president-ksgov.net\/presidentja-atifete-jahjaga-vizitoi-komunen-e-prizrenit\/\" \/>\n<meta property=\"og:locale\" content=\"sr_RS\" \/>\n<meta property=\"og:type\" content=\"article\" \/>\n<meta property=\"og:title\" content=\"Predsednica Atifete Jahjaga je posetila op&#154;tinu Prizren - Predsednik Republike Kosovo - DR. VJOSA OSMANI - SADRIU\" \/>\n<meta property=\"og:description\" content=\"Predsednica Atifete Jahjaga je posetila op&#154;tinu Prizren - Predsednik Republike Kosovo - DR. VJOSA OSMANI - SADRIU -\" \/>\n<meta property=\"og:url\" content=\"https:\/\/president-ksgov.net\/presidentja-atifete-jahjaga-vizitoi-komunen-e-prizrenit\/\" \/>\n<meta property=\"og:site_name\" content=\"Predsednik Republike Kosovo - DR. VJOSA OSMANI - SADRIU\" \/>\n<meta property=\"article:published_time\" content=\"2012-10-30T20:32:46+00:00\" \/>\n<meta property=\"og:image\" content=\"https:\/\/president-ksgov.net\/wp-content\/uploads\/Prizren_01-scaled.jpg\" \/>\n\t<meta property=\"og:image:width\" content=\"2560\" \/>\n\t<meta property=\"og:image:height\" content=\"1713\" \/>\n\t<meta property=\"og:image:type\" content=\"image\/jpeg\" \/>\n<meta name=\"author\" content=\"admin\" \/>\n<meta name=\"twitter:card\" content=\"summary_large_image\" \/>\n<meta name=\"twitter:label1\" content=\"\u041d\u0430\u043f\u0438\u0441\u0430\u043d\u043e \u043e\u0434\" \/>\n\t<meta name=\"twitter:data1\" content=\"admin\" \/>\n\t<meta name=\"twitter:label2\" content=\"\u041f\u0440\u043e\u0446\u0435\u045a\u0435\u043d\u043e \u0432\u0440\u0435\u043c\u0435 \u0447\u0438\u0442\u0430\u045a\u0430\" \/>\n\t<meta name=\"twitter:data2\" content=\"2 \u043c\u0438\u043d\u0443\u0442\u0430\" \/>\n<script type=\"application\/ld+json\" class=\"yoast-schema-graph\">{\"@context\":\"https:\/\/schema.org\",\"@graph\":[{\"@type\":\"WebPage\",\"@id\":\"https:\/\/president-ksgov.net\/presidentja-atifete-jahjaga-vizitoi-komunen-e-prizrenit\/\",\"url\":\"https:\/\/president-ksgov.net\/presidentja-atifete-jahjaga-vizitoi-komunen-e-prizrenit\/\",\"name\":\"Predsednica Atifete Jahjaga je posetila op&#154;tinu Prizren - Predsednik Republike Kosovo - DR. VJOSA OSMANI - SADRIU\",\"isPartOf\":{\"@id\":\"https:\/\/president-ksgov.net\/#website\"},\"primaryImageOfPage\":{\"@id\":\"https:\/\/president-ksgov.net\/presidentja-atifete-jahjaga-vizitoi-komunen-e-prizrenit\/#primaryimage\"},\"image\":{\"@id\":\"https:\/\/president-ksgov.net\/presidentja-atifete-jahjaga-vizitoi-komunen-e-prizrenit\/#primaryimage\"},\"thumbnailUrl\":\"https:\/\/president-ksgov.net\/wp-content\/uploads\/Prizren_01-scaled.jpg\",\"datePublished\":\"2012-10-30T20:32:46+00:00\",\"dateModified\":\"2012-10-30T20:32:46+00:00\",\"author\":{\"@id\":\"https:\/\/president-ksgov.net\/#\/schema\/person\/bb4337a5fb147cb2046d80548172cbee\"},\"description\":\"Predsednica Atifete Jahjaga je posetila op&#154;tinu Prizren - Predsednik Republike Kosovo - DR. VJOSA OSMANI - SADRIU -\",\"breadcrumb\":{\"@id\":\"https:\/\/president-ksgov.net\/presidentja-atifete-jahjaga-vizitoi-komunen-e-prizrenit\/#breadcrumb\"},\"inLanguage\":\"sr-RS\",\"potentialAction\":[{\"@type\":\"ReadAction\",\"target\":[\"https:\/\/president-ksgov.net\/presidentja-atifete-jahjaga-vizitoi-komunen-e-prizrenit\/\"]}]},{\"@type\":\"ImageObject\",\"inLanguage\":\"sr-RS\",\"@id\":\"https:\/\/president-ksgov.net\/presidentja-atifete-jahjaga-vizitoi-komunen-e-prizrenit\/#primaryimage\",\"url\":\"https:\/\/president-ksgov.net\/wp-content\/uploads\/Prizren_01-scaled.jpg\",\"contentUrl\":\"https:\/\/president-ksgov.net\/wp-content\/uploads\/Prizren_01-scaled.jpg\",\"width\":2560,\"height\":1713},{\"@type\":\"BreadcrumbList\",\"@id\":\"https:\/\/president-ksgov.net\/presidentja-atifete-jahjaga-vizitoi-komunen-e-prizrenit\/#breadcrumb\",\"itemListElement\":[{\"@type\":\"ListItem\",\"position\":1,\"name\":\"Home\",\"item\":\"https:\/\/president-ksgov.net\/sr\/\"},{\"@type\":\"ListItem\",\"position\":2,\"name\":\"Predsednica Atifete Jahjaga je posetila op&#154;tinu Prizren\"}]},{\"@type\":\"WebSite\",\"@id\":\"https:\/\/president-ksgov.net\/#website\",\"url\":\"https:\/\/president-ksgov.net\/\",\"name\":\"Presidente e Republik\u00ebs s\u00eb Kosov\u00ebs\",\"description\":\"Presidente e Republik\u00ebs s\u00eb Kosov\u00ebs\",\"alternateName\":\"DR. VJOSA OSMANI - SADRIU\",\"potentialAction\":[{\"@type\":\"SearchAction\",\"target\":{\"@type\":\"EntryPoint\",\"urlTemplate\":\"https:\/\/president-ksgov.net\/?s={search_term_string}\"},\"query-input\":{\"@type\":\"PropertyValueSpecification\",\"valueRequired\":true,\"valueName\":\"search_term_string\"}}],\"inLanguage\":\"sr-RS\"},{\"@type\":\"Person\",\"@id\":\"https:\/\/president-ksgov.net\/#\/schema\/person\/bb4337a5fb147cb2046d80548172cbee\",\"name\":\"admin\",\"image\":{\"@type\":\"ImageObject\",\"inLanguage\":\"sr-RS\",\"@id\":\"https:\/\/president-ksgov.net\/#\/schema\/person\/image\/\",\"url\":\"https:\/\/secure.gravatar.com\/avatar\/36156ca0fa3b8d9d25174f146e16beea0cf28f37adf1b9e19b6c9c279a7c9dd3?s=96&d=mm&r=g\",\"contentUrl\":\"https:\/\/secure.gravatar.com\/avatar\/36156ca0fa3b8d9d25174f146e16beea0cf28f37adf1b9e19b6c9c279a7c9dd3?s=96&d=mm&r=g\",\"caption\":\"admin\"},\"sameAs\":[\"https:\/\/president-ksgov.net\"]}]}<\/script>\n<!-- \/ Yoast SEO plugin. -->","yoast_head_json":{"title":"Predsednica Atifete Jahjaga je posetila op&#154;tinu Prizren - Predsednik Republike Kosovo - DR. VJOSA OSMANI - SADRIU","description":"Predsednica Atifete Jahjaga je posetila op&#154;tinu Prizren - Predsednik Republike Kosovo - DR. VJOSA OSMANI - SADRIU -","robots":{"index":"index","follow":"follow","max-snippet":"max-snippet:-1","max-image-preview":"max-image-preview:large","max-video-preview":"max-video-preview:-1"},"canonical":"https:\/\/president-ksgov.net\/presidentja-atifete-jahjaga-vizitoi-komunen-e-prizrenit\/","og_locale":"sr_RS","og_type":"article","og_title":"Predsednica Atifete Jahjaga je posetila op&#154;tinu Prizren - Predsednik Republike Kosovo - DR. VJOSA OSMANI - SADRIU","og_description":"Predsednica Atifete Jahjaga je posetila op&#154;tinu Prizren - Predsednik Republike Kosovo - DR. VJOSA OSMANI - SADRIU -","og_url":"https:\/\/president-ksgov.net\/presidentja-atifete-jahjaga-vizitoi-komunen-e-prizrenit\/","og_site_name":"Predsednik Republike Kosovo - DR. VJOSA OSMANI - SADRIU","article_published_time":"2012-10-30T20:32:46+00:00","og_image":[{"width":2560,"height":1713,"url":"https:\/\/president-ksgov.net\/wp-content\/uploads\/Prizren_01-scaled.jpg","type":"image\/jpeg"}],"author":"admin","twitter_card":"summary_large_image","twitter_misc":{"\u041d\u0430\u043f\u0438\u0441\u0430\u043d\u043e \u043e\u0434":"admin","\u041f\u0440\u043e\u0446\u0435\u045a\u0435\u043d\u043e \u0432\u0440\u0435\u043c\u0435 \u0447\u0438\u0442\u0430\u045a\u0430":"2 \u043c\u0438\u043d\u0443\u0442\u0430"},"schema":{"@context":"https:\/\/schema.org","@graph":[{"@type":"WebPage","@id":"https:\/\/president-ksgov.net\/presidentja-atifete-jahjaga-vizitoi-komunen-e-prizrenit\/","url":"https:\/\/president-ksgov.net\/presidentja-atifete-jahjaga-vizitoi-komunen-e-prizrenit\/","name":"Predsednica Atifete Jahjaga je posetila op&#154;tinu Prizren - Predsednik Republike Kosovo - DR. VJOSA OSMANI - SADRIU","isPartOf":{"@id":"https:\/\/president-ksgov.net\/#website"},"primaryImageOfPage":{"@id":"https:\/\/president-ksgov.net\/presidentja-atifete-jahjaga-vizitoi-komunen-e-prizrenit\/#primaryimage"},"image":{"@id":"https:\/\/president-ksgov.net\/presidentja-atifete-jahjaga-vizitoi-komunen-e-prizrenit\/#primaryimage"},"thumbnailUrl":"https:\/\/president-ksgov.net\/wp-content\/uploads\/Prizren_01-scaled.jpg","datePublished":"2012-10-30T20:32:46+00:00","dateModified":"2012-10-30T20:32:46+00:00","author":{"@id":"https:\/\/president-ksgov.net\/#\/schema\/person\/bb4337a5fb147cb2046d80548172cbee"},"description":"Predsednica Atifete Jahjaga je posetila op&#154;tinu Prizren - Predsednik Republike Kosovo - DR. VJOSA OSMANI - SADRIU -","breadcrumb":{"@id":"https:\/\/president-ksgov.net\/presidentja-atifete-jahjaga-vizitoi-komunen-e-prizrenit\/#breadcrumb"},"inLanguage":"sr-RS","potentialAction":[{"@type":"ReadAction","target":["https:\/\/president-ksgov.net\/presidentja-atifete-jahjaga-vizitoi-komunen-e-prizrenit\/"]}]},{"@type":"ImageObject","inLanguage":"sr-RS","@id":"https:\/\/president-ksgov.net\/presidentja-atifete-jahjaga-vizitoi-komunen-e-prizrenit\/#primaryimage","url":"https:\/\/president-ksgov.net\/wp-content\/uploads\/Prizren_01-scaled.jpg","contentUrl":"https:\/\/president-ksgov.net\/wp-content\/uploads\/Prizren_01-scaled.jpg","width":2560,"height":1713},{"@type":"BreadcrumbList","@id":"https:\/\/president-ksgov.net\/presidentja-atifete-jahjaga-vizitoi-komunen-e-prizrenit\/#breadcrumb","itemListElement":[{"@type":"ListItem","position":1,"name":"Home","item":"https:\/\/president-ksgov.net\/sr\/"},{"@type":"ListItem","position":2,"name":"Predsednica Atifete Jahjaga je posetila op&#154;tinu Prizren"}]},{"@type":"WebSite","@id":"https:\/\/president-ksgov.net\/#website","url":"https:\/\/president-ksgov.net\/","name":"Presidente e Republik\u00ebs s\u00eb Kosov\u00ebs","description":"Presidente e Republik\u00ebs s\u00eb Kosov\u00ebs","alternateName":"DR. VJOSA OSMANI - SADRIU","potentialAction":[{"@type":"SearchAction","target":{"@type":"EntryPoint","urlTemplate":"https:\/\/president-ksgov.net\/?s={search_term_string}"},"query-input":{"@type":"PropertyValueSpecification","valueRequired":true,"valueName":"search_term_string"}}],"inLanguage":"sr-RS"},{"@type":"Person","@id":"https:\/\/president-ksgov.net\/#\/schema\/person\/bb4337a5fb147cb2046d80548172cbee","name":"admin","image":{"@type":"ImageObject","inLanguage":"sr-RS","@id":"https:\/\/president-ksgov.net\/#\/schema\/person\/image\/","url":"https:\/\/secure.gravatar.com\/avatar\/36156ca0fa3b8d9d25174f146e16beea0cf28f37adf1b9e19b6c9c279a7c9dd3?s=96&d=mm&r=g","contentUrl":"https:\/\/secure.gravatar.com\/avatar\/36156ca0fa3b8d9d25174f146e16beea0cf28f37adf1b9e19b6c9c279a7c9dd3?s=96&d=mm&r=g","caption":"admin"},"sameAs":["https:\/\/president-ksgov.net"]}]}},"_links":{"self":[{"href":"https:\/\/president-ksgov.net\/sr\/wp-json\/wp\/v2\/posts\/78760","targetHints":{"allow":["GET"]}}],"collection":[{"href":"https:\/\/president-ksgov.net\/sr\/wp-json\/wp\/v2\/posts"}],"about":[{"href":"https:\/\/president-ksgov.net\/sr\/wp-json\/wp\/v2\/types\/post"}],"author":[{"embeddable":true,"href":"https:\/\/president-ksgov.net\/sr\/wp-json\/wp\/v2\/users\/1"}],"replies":[{"embeddable":true,"href":"https:\/\/president-ksgov.net\/sr\/wp-json\/wp\/v2\/comments?post=78760"}],"version-history":[{"count":0,"href":"https:\/\/president-ksgov.net\/sr\/wp-json\/wp\/v2\/posts\/78760\/revisions"}],"wp:featuredmedia":[{"embeddable":true,"href":"https:\/\/president-ksgov.net\/sr\/wp-json\/wp\/v2\/media\/53927"}],"wp:attachment":[{"href":"https:\/\/president-ksgov.net\/sr\/wp-json\/wp\/v2\/media?parent=78760"}],"wp:term":[{"taxonomy":"category","embeddable":true,"href":"https:\/\/president-ksgov.net\/sr\/wp-json\/wp\/v2\/categories?post=78760"},{"taxonomy":"post_tag","embeddable":true,"href":"https:\/\/president-ksgov.net\/sr\/wp-json\/wp\/v2\/tags?post=78760"}],"curies":[{"name":"wp","href":"https:\/\/api.w.org\/{rel}","templated":true}]}}