{"id":78759,"date":"2012-10-30T21:22:32","date_gmt":"2012-10-30T21:22:32","guid":{"rendered":"https:\/\/dev.president-ksgov.net\/predsednica-jahjaga-je-docekala-jednu-delegaciju-poslanika-evropskog-parlamenta\/"},"modified":"2012-10-30T21:22:32","modified_gmt":"2012-10-30T21:22:32","slug":"predsednica-jahjaga-je-docekala-jednu-delegaciju-poslanika-evropskog-parlamenta","status":"publish","type":"post","link":"https:\/\/president-ksgov.net\/sr\/predsednica-jahjaga-je-docekala-jednu-delegaciju-poslanika-evropskog-parlamenta\/","title":{"rendered":"Predsednica Jahjaga je do\u010dekala jednu delegaciju poslanika Evropskog Parlamenta"},"content":{"rendered":"<p>Predsednica Republike Kosovo, gospo\u0111a Atifete Jahjaga danas je do\u010dekala jednu delegaciju Komisije za inostrane poslove (AFET) i Potkomisije za bezbednost i odbranu (SEDE) Evropskog Parlamenta, predvo\u0111enog od g.dina Kristian Vigenin, koji borave u jednoj misiji prikupljanja dokaza na Kosovu.<\/p>\n<p>Predsednica Jahjaga je obavestila evropske poslanike o zadnjim zbivanjima u na&#353;oj zemlji, o okoncanju nadgledanja nezavisnosti i o postignutom napretku na putu evropske integracije Kosova. Ona se zahvalila Evropskoj Zajednici za stalnu podr&#353;ku Kosova i regije u integracionim procesima.<\/p>\n<p>Ona je ocenila da 2012 godina bele&#382;i va&#382;nu godinu za integraciju Kosova u Evropsku Zajednicu, sa objavljivanjem Studije\u00a0 Fizibiliteta, pocetkom Dijaloga za Liberalizaciju Viza i Dijaloga o vladanju zakona. Ona je podvukla da uspostavljanje kontraktualnih odnosa izmedu Republike Kosovo i Evropske Zajednice putem Sporazuma o stabilizaciji &#8211; udru&#382;ivanju ce imati va&#382;an uticaj u demokratski proces i unutra&#353;nje reforme. Predsednica Jahjaga je izrazila posvecenje institucija Republike Kosovo za pravovremeno ispunjavanje svih obaveza EZ-e.<\/p>\n<p>Govoreci o procesu dijaloga sa Srbijom, predsednica Jahjaga rece da dijalog je jedini nacin za normalizaciju odnosa izmedu Republike Kosovo i Republike Srbije. Ona je podvukla i va&#382;nost ispunjavanja do sada postignutih sporazuma putem dijalog i zahtevala pomoc institucija EZ-e za obezbedenje po&#353;tovanja ovih sporazuma od Republike Srbije.<br \/>\nPredsednica Jahjaga je ponovo naglasila njen stav da situacija u tri op&#353;tine na severu zemlje je nepodno&#353;ljiva i da treba da se izmeni.<\/p>\n<p>Srpska zajednica u ove op&#353;tine treba da se oslobodi biti talac ilegalnih i paralelnih struktura i da se orijentira prema dugorocnim re&#353;enjima kao &#353;to su organizovanje izbora u skladu sa zakonodavstvom Republike Kosovo kako bi izabrali njihove legalne i legitimne predstavnike. <\/p>\n<p>U okviru toga jedan va&#382;an doprinos bi dala i susedna dr&#382;ava Srbija obustavljanjem finansiranja paralelnih struktura i ukidanjem tih struktura. Ovo bi bio jedan dobar lajtmotiv u pravcu normalizacije odnosa izmedu Republike Kosovo i Republike Srbije &#353;to je ujedno i eksplicitni zahtev medunarodne zajednice.<\/p>\n<p>Evropski poslanici su tokom ovog sastanka cenili aktivnu ulogu ujedinjenja Predsednice Jahjaga u svim demokratskim procesima Kosova. Oni su ocenili da sa aspekta izgradnje institucija, &#353;to je bitno za proces integracije, Predsednica Jahjaga je konsolidovala instituciju Predsedni&#353;tva i dala je Kosovu potreban presti&#382; u regionu.<\/p>\n<p>Delegacija evropskih poslanika je izrazila posvecenje da ce Evropski Parlament pru&#382;iti stalnu podr&#353;ku za pitanje Kosova u Evropsku Zajednicu. Oni su ocenili da regija ima potrebu za jedan pozitivan razvojni pristup, za pobolj&#353;anje op&#353;te atmosfere, u cilju da dr&#382;ave Zapadnog Balkana postanu atraktivne za inostrane investicije i ustrajan i odr&#382;iv razvoj.\u00a0<\/p>\n","protected":false},"excerpt":{"rendered":"<p>Predsednica Republike Kosovo, gospo\u0111a Atifete Jahjaga danas je do\u010dekala jednu delegaciju Komisije za inostrane poslove (AFET) i Potkomisije za bezbednost i odbranu (SEDE) Evropskog Parlamenta, predvo\u0111enog od g.dina Kristian Vigenin, koji borave u jednoj misiji prikupljanja dokaza na Kosovu.<\/p>\n","protected":false},"author":1,"featured_media":53917,"comment_status":"open","ping_status":"closed","sticky":false,"template":"","format":"standard","meta":{"_eb_attr":"","footnotes":""},"categories":[101],"tags":[],"class_list":["post-78759","post","type-post","status-publish","format-standard","has-post-thumbnail","hentry","category-vesti"],"yoast_head":"<!-- This site is optimized with the Yoast SEO plugin v23.5 - https:\/\/yoast.com\/wordpress\/plugins\/seo\/ -->\n<title>Predsednica Jahjaga je do\u010dekala jednu delegaciju poslanika Evropskog Parlamenta - Predsednik Republike Kosovo - DR. VJOSA OSMANI - SADRIU<\/title>\n<meta name=\"description\" content=\"Predsednica Jahjaga je do\u010dekala jednu delegaciju poslanika Evropskog Parlamenta - Predsednik Republike Kosovo - DR. VJOSA OSMANI - SADRIU -\" \/>\n<meta name=\"robots\" content=\"index, follow, max-snippet:-1, max-image-preview:large, max-video-preview:-1\" \/>\n<link rel=\"canonical\" href=\"https:\/\/president-ksgov.net\/presidentja-jahjaga-priti-nje-delegacion-te-deputeteve-te-parlamentit-evropian\/\" \/>\n<meta property=\"og:locale\" content=\"sr_RS\" \/>\n<meta property=\"og:type\" content=\"article\" \/>\n<meta property=\"og:title\" content=\"Predsednica Jahjaga je do\u010dekala jednu delegaciju poslanika Evropskog Parlamenta - Predsednik Republike Kosovo - DR. VJOSA OSMANI - SADRIU\" \/>\n<meta property=\"og:description\" content=\"Predsednica Jahjaga je do\u010dekala jednu delegaciju poslanika Evropskog Parlamenta - Predsednik Republike Kosovo - DR. VJOSA OSMANI - SADRIU -\" \/>\n<meta property=\"og:url\" content=\"https:\/\/president-ksgov.net\/presidentja-jahjaga-priti-nje-delegacion-te-deputeteve-te-parlamentit-evropian\/\" \/>\n<meta property=\"og:site_name\" content=\"Predsednik Republike Kosovo - DR. VJOSA OSMANI - SADRIU\" \/>\n<meta property=\"article:published_time\" content=\"2012-10-30T21:22:32+00:00\" \/>\n<meta property=\"og:image\" content=\"https:\/\/president-ksgov.net\/wp-content\/uploads\/delegacioni_i_BE.jpg\" \/>\n\t<meta property=\"og:image:width\" content=\"1000\" \/>\n\t<meta property=\"og:image:height\" content=\"599\" \/>\n\t<meta property=\"og:image:type\" content=\"image\/jpeg\" \/>\n<meta name=\"author\" content=\"admin\" \/>\n<meta name=\"twitter:card\" content=\"summary_large_image\" \/>\n<meta name=\"twitter:label1\" content=\"\u041d\u0430\u043f\u0438\u0441\u0430\u043d\u043e \u043e\u0434\" \/>\n\t<meta name=\"twitter:data1\" content=\"admin\" \/>\n\t<meta name=\"twitter:label2\" content=\"\u041f\u0440\u043e\u0446\u0435\u045a\u0435\u043d\u043e \u0432\u0440\u0435\u043c\u0435 \u0447\u0438\u0442\u0430\u045a\u0430\" \/>\n\t<meta name=\"twitter:data2\" content=\"2 \u043c\u0438\u043d\u0443\u0442\u0430\" \/>\n<script type=\"application\/ld+json\" class=\"yoast-schema-graph\">{\"@context\":\"https:\/\/schema.org\",\"@graph\":[{\"@type\":\"WebPage\",\"@id\":\"https:\/\/president-ksgov.net\/presidentja-jahjaga-priti-nje-delegacion-te-deputeteve-te-parlamentit-evropian\/\",\"url\":\"https:\/\/president-ksgov.net\/presidentja-jahjaga-priti-nje-delegacion-te-deputeteve-te-parlamentit-evropian\/\",\"name\":\"Predsednica Jahjaga je do\u010dekala jednu delegaciju poslanika Evropskog Parlamenta - Predsednik Republike Kosovo - DR. VJOSA OSMANI - SADRIU\",\"isPartOf\":{\"@id\":\"https:\/\/president-ksgov.net\/#website\"},\"primaryImageOfPage\":{\"@id\":\"https:\/\/president-ksgov.net\/presidentja-jahjaga-priti-nje-delegacion-te-deputeteve-te-parlamentit-evropian\/#primaryimage\"},\"image\":{\"@id\":\"https:\/\/president-ksgov.net\/presidentja-jahjaga-priti-nje-delegacion-te-deputeteve-te-parlamentit-evropian\/#primaryimage\"},\"thumbnailUrl\":\"https:\/\/president-ksgov.net\/wp-content\/uploads\/delegacioni_i_BE.jpg\",\"datePublished\":\"2012-10-30T21:22:32+00:00\",\"dateModified\":\"2012-10-30T21:22:32+00:00\",\"author\":{\"@id\":\"https:\/\/president-ksgov.net\/#\/schema\/person\/bb4337a5fb147cb2046d80548172cbee\"},\"description\":\"Predsednica Jahjaga je do\u010dekala jednu delegaciju poslanika Evropskog Parlamenta - Predsednik Republike Kosovo - DR. VJOSA OSMANI - SADRIU -\",\"breadcrumb\":{\"@id\":\"https:\/\/president-ksgov.net\/presidentja-jahjaga-priti-nje-delegacion-te-deputeteve-te-parlamentit-evropian\/#breadcrumb\"},\"inLanguage\":\"sr-RS\",\"potentialAction\":[{\"@type\":\"ReadAction\",\"target\":[\"https:\/\/president-ksgov.net\/presidentja-jahjaga-priti-nje-delegacion-te-deputeteve-te-parlamentit-evropian\/\"]}]},{\"@type\":\"ImageObject\",\"inLanguage\":\"sr-RS\",\"@id\":\"https:\/\/president-ksgov.net\/presidentja-jahjaga-priti-nje-delegacion-te-deputeteve-te-parlamentit-evropian\/#primaryimage\",\"url\":\"https:\/\/president-ksgov.net\/wp-content\/uploads\/delegacioni_i_BE.jpg\",\"contentUrl\":\"https:\/\/president-ksgov.net\/wp-content\/uploads\/delegacioni_i_BE.jpg\",\"width\":1000,\"height\":599},{\"@type\":\"BreadcrumbList\",\"@id\":\"https:\/\/president-ksgov.net\/presidentja-jahjaga-priti-nje-delegacion-te-deputeteve-te-parlamentit-evropian\/#breadcrumb\",\"itemListElement\":[{\"@type\":\"ListItem\",\"position\":1,\"name\":\"Home\",\"item\":\"https:\/\/president-ksgov.net\/sr\/\"},{\"@type\":\"ListItem\",\"position\":2,\"name\":\"Predsednica Jahjaga je do\u010dekala jednu delegaciju poslanika Evropskog Parlamenta\"}]},{\"@type\":\"WebSite\",\"@id\":\"https:\/\/president-ksgov.net\/#website\",\"url\":\"https:\/\/president-ksgov.net\/\",\"name\":\"Presidente e Republik\u00ebs s\u00eb Kosov\u00ebs\",\"description\":\"Presidente e Republik\u00ebs s\u00eb Kosov\u00ebs\",\"alternateName\":\"DR. VJOSA OSMANI - SADRIU\",\"potentialAction\":[{\"@type\":\"SearchAction\",\"target\":{\"@type\":\"EntryPoint\",\"urlTemplate\":\"https:\/\/president-ksgov.net\/?s={search_term_string}\"},\"query-input\":{\"@type\":\"PropertyValueSpecification\",\"valueRequired\":true,\"valueName\":\"search_term_string\"}}],\"inLanguage\":\"sr-RS\"},{\"@type\":\"Person\",\"@id\":\"https:\/\/president-ksgov.net\/#\/schema\/person\/bb4337a5fb147cb2046d80548172cbee\",\"name\":\"admin\",\"image\":{\"@type\":\"ImageObject\",\"inLanguage\":\"sr-RS\",\"@id\":\"https:\/\/president-ksgov.net\/#\/schema\/person\/image\/\",\"url\":\"https:\/\/secure.gravatar.com\/avatar\/36156ca0fa3b8d9d25174f146e16beea0cf28f37adf1b9e19b6c9c279a7c9dd3?s=96&d=mm&r=g\",\"contentUrl\":\"https:\/\/secure.gravatar.com\/avatar\/36156ca0fa3b8d9d25174f146e16beea0cf28f37adf1b9e19b6c9c279a7c9dd3?s=96&d=mm&r=g\",\"caption\":\"admin\"},\"sameAs\":[\"https:\/\/president-ksgov.net\"]}]}<\/script>\n<!-- \/ Yoast SEO plugin. -->","yoast_head_json":{"title":"Predsednica Jahjaga je do\u010dekala jednu delegaciju poslanika Evropskog Parlamenta - Predsednik Republike Kosovo - DR. VJOSA OSMANI - SADRIU","description":"Predsednica Jahjaga je do\u010dekala jednu delegaciju poslanika Evropskog Parlamenta - Predsednik Republike Kosovo - DR. VJOSA OSMANI - SADRIU -","robots":{"index":"index","follow":"follow","max-snippet":"max-snippet:-1","max-image-preview":"max-image-preview:large","max-video-preview":"max-video-preview:-1"},"canonical":"https:\/\/president-ksgov.net\/presidentja-jahjaga-priti-nje-delegacion-te-deputeteve-te-parlamentit-evropian\/","og_locale":"sr_RS","og_type":"article","og_title":"Predsednica Jahjaga je do\u010dekala jednu delegaciju poslanika Evropskog Parlamenta - Predsednik Republike Kosovo - DR. VJOSA OSMANI - SADRIU","og_description":"Predsednica Jahjaga je do\u010dekala jednu delegaciju poslanika Evropskog Parlamenta - Predsednik Republike Kosovo - DR. VJOSA OSMANI - SADRIU -","og_url":"https:\/\/president-ksgov.net\/presidentja-jahjaga-priti-nje-delegacion-te-deputeteve-te-parlamentit-evropian\/","og_site_name":"Predsednik Republike Kosovo - DR. VJOSA OSMANI - SADRIU","article_published_time":"2012-10-30T21:22:32+00:00","og_image":[{"width":1000,"height":599,"url":"https:\/\/president-ksgov.net\/wp-content\/uploads\/delegacioni_i_BE.jpg","type":"image\/jpeg"}],"author":"admin","twitter_card":"summary_large_image","twitter_misc":{"\u041d\u0430\u043f\u0438\u0441\u0430\u043d\u043e \u043e\u0434":"admin","\u041f\u0440\u043e\u0446\u0435\u045a\u0435\u043d\u043e \u0432\u0440\u0435\u043c\u0435 \u0447\u0438\u0442\u0430\u045a\u0430":"2 \u043c\u0438\u043d\u0443\u0442\u0430"},"schema":{"@context":"https:\/\/schema.org","@graph":[{"@type":"WebPage","@id":"https:\/\/president-ksgov.net\/presidentja-jahjaga-priti-nje-delegacion-te-deputeteve-te-parlamentit-evropian\/","url":"https:\/\/president-ksgov.net\/presidentja-jahjaga-priti-nje-delegacion-te-deputeteve-te-parlamentit-evropian\/","name":"Predsednica Jahjaga je do\u010dekala jednu delegaciju poslanika Evropskog Parlamenta - Predsednik Republike Kosovo - DR. VJOSA OSMANI - SADRIU","isPartOf":{"@id":"https:\/\/president-ksgov.net\/#website"},"primaryImageOfPage":{"@id":"https:\/\/president-ksgov.net\/presidentja-jahjaga-priti-nje-delegacion-te-deputeteve-te-parlamentit-evropian\/#primaryimage"},"image":{"@id":"https:\/\/president-ksgov.net\/presidentja-jahjaga-priti-nje-delegacion-te-deputeteve-te-parlamentit-evropian\/#primaryimage"},"thumbnailUrl":"https:\/\/president-ksgov.net\/wp-content\/uploads\/delegacioni_i_BE.jpg","datePublished":"2012-10-30T21:22:32+00:00","dateModified":"2012-10-30T21:22:32+00:00","author":{"@id":"https:\/\/president-ksgov.net\/#\/schema\/person\/bb4337a5fb147cb2046d80548172cbee"},"description":"Predsednica Jahjaga je do\u010dekala jednu delegaciju poslanika Evropskog Parlamenta - Predsednik Republike Kosovo - DR. VJOSA OSMANI - SADRIU -","breadcrumb":{"@id":"https:\/\/president-ksgov.net\/presidentja-jahjaga-priti-nje-delegacion-te-deputeteve-te-parlamentit-evropian\/#breadcrumb"},"inLanguage":"sr-RS","potentialAction":[{"@type":"ReadAction","target":["https:\/\/president-ksgov.net\/presidentja-jahjaga-priti-nje-delegacion-te-deputeteve-te-parlamentit-evropian\/"]}]},{"@type":"ImageObject","inLanguage":"sr-RS","@id":"https:\/\/president-ksgov.net\/presidentja-jahjaga-priti-nje-delegacion-te-deputeteve-te-parlamentit-evropian\/#primaryimage","url":"https:\/\/president-ksgov.net\/wp-content\/uploads\/delegacioni_i_BE.jpg","contentUrl":"https:\/\/president-ksgov.net\/wp-content\/uploads\/delegacioni_i_BE.jpg","width":1000,"height":599},{"@type":"BreadcrumbList","@id":"https:\/\/president-ksgov.net\/presidentja-jahjaga-priti-nje-delegacion-te-deputeteve-te-parlamentit-evropian\/#breadcrumb","itemListElement":[{"@type":"ListItem","position":1,"name":"Home","item":"https:\/\/president-ksgov.net\/sr\/"},{"@type":"ListItem","position":2,"name":"Predsednica Jahjaga je do\u010dekala jednu delegaciju poslanika Evropskog Parlamenta"}]},{"@type":"WebSite","@id":"https:\/\/president-ksgov.net\/#website","url":"https:\/\/president-ksgov.net\/","name":"Presidente e Republik\u00ebs s\u00eb Kosov\u00ebs","description":"Presidente e Republik\u00ebs s\u00eb Kosov\u00ebs","alternateName":"DR. VJOSA OSMANI - SADRIU","potentialAction":[{"@type":"SearchAction","target":{"@type":"EntryPoint","urlTemplate":"https:\/\/president-ksgov.net\/?s={search_term_string}"},"query-input":{"@type":"PropertyValueSpecification","valueRequired":true,"valueName":"search_term_string"}}],"inLanguage":"sr-RS"},{"@type":"Person","@id":"https:\/\/president-ksgov.net\/#\/schema\/person\/bb4337a5fb147cb2046d80548172cbee","name":"admin","image":{"@type":"ImageObject","inLanguage":"sr-RS","@id":"https:\/\/president-ksgov.net\/#\/schema\/person\/image\/","url":"https:\/\/secure.gravatar.com\/avatar\/36156ca0fa3b8d9d25174f146e16beea0cf28f37adf1b9e19b6c9c279a7c9dd3?s=96&d=mm&r=g","contentUrl":"https:\/\/secure.gravatar.com\/avatar\/36156ca0fa3b8d9d25174f146e16beea0cf28f37adf1b9e19b6c9c279a7c9dd3?s=96&d=mm&r=g","caption":"admin"},"sameAs":["https:\/\/president-ksgov.net"]}]}},"_links":{"self":[{"href":"https:\/\/president-ksgov.net\/sr\/wp-json\/wp\/v2\/posts\/78759","targetHints":{"allow":["GET"]}}],"collection":[{"href":"https:\/\/president-ksgov.net\/sr\/wp-json\/wp\/v2\/posts"}],"about":[{"href":"https:\/\/president-ksgov.net\/sr\/wp-json\/wp\/v2\/types\/post"}],"author":[{"embeddable":true,"href":"https:\/\/president-ksgov.net\/sr\/wp-json\/wp\/v2\/users\/1"}],"replies":[{"embeddable":true,"href":"https:\/\/president-ksgov.net\/sr\/wp-json\/wp\/v2\/comments?post=78759"}],"version-history":[{"count":0,"href":"https:\/\/president-ksgov.net\/sr\/wp-json\/wp\/v2\/posts\/78759\/revisions"}],"wp:featuredmedia":[{"embeddable":true,"href":"https:\/\/president-ksgov.net\/sr\/wp-json\/wp\/v2\/media\/53917"}],"wp:attachment":[{"href":"https:\/\/president-ksgov.net\/sr\/wp-json\/wp\/v2\/media?parent=78759"}],"wp:term":[{"taxonomy":"category","embeddable":true,"href":"https:\/\/president-ksgov.net\/sr\/wp-json\/wp\/v2\/categories?post=78759"},{"taxonomy":"post_tag","embeddable":true,"href":"https:\/\/president-ksgov.net\/sr\/wp-json\/wp\/v2\/tags?post=78759"}],"curies":[{"name":"wp","href":"https:\/\/api.w.org\/{rel}","templated":true}]}}