{"id":78753,"date":"2012-11-05T16:57:33","date_gmt":"2012-11-05T16:57:33","guid":{"rendered":"https:\/\/dev.president-ksgov.net\/predsednica-atifete-jahjaga-je-docekala-visokog-komisionera-oebs-a-knut-vollebaek\/"},"modified":"2012-11-05T16:57:33","modified_gmt":"2012-11-05T16:57:33","slug":"predsednica-atifete-jahjaga-je-docekala-visokog-komisionera-oebs-a-knut-vollebaek","status":"publish","type":"post","link":"https:\/\/president-ksgov.net\/sr\/predsednica-atifete-jahjaga-je-docekala-visokog-komisionera-oebs-a-knut-vollebaek\/","title":{"rendered":"PREDSEDNICA ATIFETE JAHJAGA JE DO\u010cEKALA VISOKOG KOMISIONERA OEBS-A, KNUT VOLLEBAEK"},"content":{"rendered":"<p>Predsednica Republike Kosovo, gospo\u0111a Atifete Jahjaga danas je do\u010dekala na sastanak Visokog Komisionera OEBS-a, g.dina Knut Vollebaek, sa kojim je razgovarala o integraciji zajednica, dijalogu i evropsko-atlantskim integracijama Kosova.<\/p>\n<p>Predsednica Jahjaga, zahvaljuju\u0107i se OEBS-u za pru&#382;enu podr&#353;ku institucijama Kosova, re\u010de da zajednice na Kosovu imaju svoja garantovana prava Ustavom i zakonima zemlje, koja su u skladu sa najvi&#353;im me\u0111unarodnim standardima. Institucije Kosova su posve\u0107ene da pomognu i zajednicu koja &#382;ivi u op&#353;tinama na severu zemlje da se integrira u institucionalni &#382;ivot i da koristi mogu\u0107nosti integracije kao i sve ostale zajednice na Kosovu.<\/p>\n<p>Ona je naglasila da Republika Srbija mo&#382;e pomo\u0107i u ovom procesu, ukidanjem finansiranja ilegalnih paralelnih struktura u ovim op&#353;tinama i sprovode\u0107i postignute sporazume iz dijaloga izme\u0111u Republike Kosovo i Republike Srbije,\u00a0 uz pomo\u0107 Evropske Zajednice.<br \/>\n\u00a0<br \/>\nU nastojanju ispunjavanja obaveza i kriterija koje zahteva Evropska Zajednica, institucije Kosova su posve\u0107ene da stvore uslove za jedan ravnopravan tretman svih zajednica, i u okviru toga su podr&#382;avale i pomogle proces povratka svih gra\u0111ana koji su se udaljili sa Kosova.<\/p>\n<p>S njegove strane, g.din Vollebaek je izrazio spremnost za stalnu podr&#353;ku OEBS-a\u00a0 institucijama Kosova za integraciju svih zajednica u dru&#353;tvo i pobolj&#353;anje njihovih uslova &#382;ivota.<\/p>\n","protected":false},"excerpt":{"rendered":"<p>Predsednica Republike Kosovo, gospo\u0111a Atifete Jahjaga danas je do\u010dekala na sastanak Visokog Komisionera OEBS-a, g.dina Knut Vollebaek, sa kojim je razgovarala o integraciji zajednica, dijalogu i evropsko-atlantskim integracijama Kosova.<\/p>\n","protected":false},"author":1,"featured_media":53829,"comment_status":"open","ping_status":"closed","sticky":false,"template":"","format":"standard","meta":{"_eb_attr":"","footnotes":""},"categories":[101],"tags":[],"class_list":["post-78753","post","type-post","status-publish","format-standard","has-post-thumbnail","hentry","category-vesti"],"yoast_head":"<!-- This site is optimized with the Yoast SEO plugin v23.5 - https:\/\/yoast.com\/wordpress\/plugins\/seo\/ -->\n<title>PREDSEDNICA ATIFETE JAHJAGA JE DO\u010cEKALA VISOKOG KOMISIONERA OEBS-A, KNUT VOLLEBAEK - Predsednik Republike Kosovo - DR. VJOSA OSMANI - SADRIU<\/title>\n<meta name=\"description\" content=\"PREDSEDNICA ATIFETE JAHJAGA JE DO\u010cEKALA VISOKOG KOMISIONERA OEBS-A, KNUT VOLLEBAEK - Predsednik Republike Kosovo - DR. VJOSA OSMANI - SADRIU -\" \/>\n<meta name=\"robots\" content=\"index, follow, max-snippet:-1, max-image-preview:large, max-video-preview:-1\" \/>\n<link rel=\"canonical\" href=\"https:\/\/president-ksgov.net\/presidentja-atifete-jahjaga-priti-komisionerin-e-larte-te-osbe-se-knut-vollebaek\/\" \/>\n<meta property=\"og:locale\" content=\"sr_RS\" \/>\n<meta property=\"og:type\" content=\"article\" \/>\n<meta property=\"og:title\" content=\"PREDSEDNICA ATIFETE JAHJAGA JE DO\u010cEKALA VISOKOG KOMISIONERA OEBS-A, KNUT VOLLEBAEK - Predsednik Republike Kosovo - DR. VJOSA OSMANI - SADRIU\" \/>\n<meta property=\"og:description\" content=\"PREDSEDNICA ATIFETE JAHJAGA JE DO\u010cEKALA VISOKOG KOMISIONERA OEBS-A, KNUT VOLLEBAEK - Predsednik Republike Kosovo - DR. VJOSA OSMANI - SADRIU -\" \/>\n<meta property=\"og:url\" content=\"https:\/\/president-ksgov.net\/presidentja-atifete-jahjaga-priti-komisionerin-e-larte-te-osbe-se-knut-vollebaek\/\" \/>\n<meta property=\"og:site_name\" content=\"Predsednik Republike Kosovo - DR. VJOSA OSMANI - SADRIU\" \/>\n<meta property=\"article:published_time\" content=\"2012-11-05T16:57:33+00:00\" \/>\n<meta property=\"og:image\" content=\"https:\/\/president-ksgov.net\/wp-content\/uploads\/IMG_34631-scaled.jpg\" \/>\n\t<meta property=\"og:image:width\" content=\"2560\" \/>\n\t<meta property=\"og:image:height\" content=\"1571\" \/>\n\t<meta property=\"og:image:type\" content=\"image\/jpeg\" \/>\n<meta name=\"author\" content=\"admin\" \/>\n<meta name=\"twitter:card\" content=\"summary_large_image\" \/>\n<meta name=\"twitter:label1\" content=\"\u041d\u0430\u043f\u0438\u0441\u0430\u043d\u043e \u043e\u0434\" \/>\n\t<meta name=\"twitter:data1\" content=\"admin\" \/>\n\t<meta name=\"twitter:label2\" content=\"\u041f\u0440\u043e\u0446\u0435\u045a\u0435\u043d\u043e \u0432\u0440\u0435\u043c\u0435 \u0447\u0438\u0442\u0430\u045a\u0430\" \/>\n\t<meta name=\"twitter:data2\" content=\"1 \u043c\u0438\u043d\u0443\u0442\" \/>\n<script type=\"application\/ld+json\" class=\"yoast-schema-graph\">{\"@context\":\"https:\/\/schema.org\",\"@graph\":[{\"@type\":\"WebPage\",\"@id\":\"https:\/\/president-ksgov.net\/presidentja-atifete-jahjaga-priti-komisionerin-e-larte-te-osbe-se-knut-vollebaek\/\",\"url\":\"https:\/\/president-ksgov.net\/presidentja-atifete-jahjaga-priti-komisionerin-e-larte-te-osbe-se-knut-vollebaek\/\",\"name\":\"PREDSEDNICA ATIFETE JAHJAGA JE DO\u010cEKALA VISOKOG KOMISIONERA OEBS-A, KNUT VOLLEBAEK - Predsednik Republike Kosovo - DR. VJOSA OSMANI - SADRIU\",\"isPartOf\":{\"@id\":\"https:\/\/president-ksgov.net\/#website\"},\"primaryImageOfPage\":{\"@id\":\"https:\/\/president-ksgov.net\/presidentja-atifete-jahjaga-priti-komisionerin-e-larte-te-osbe-se-knut-vollebaek\/#primaryimage\"},\"image\":{\"@id\":\"https:\/\/president-ksgov.net\/presidentja-atifete-jahjaga-priti-komisionerin-e-larte-te-osbe-se-knut-vollebaek\/#primaryimage\"},\"thumbnailUrl\":\"https:\/\/president-ksgov.net\/wp-content\/uploads\/IMG_34631-scaled.jpg\",\"datePublished\":\"2012-11-05T16:57:33+00:00\",\"dateModified\":\"2012-11-05T16:57:33+00:00\",\"author\":{\"@id\":\"https:\/\/president-ksgov.net\/#\/schema\/person\/bb4337a5fb147cb2046d80548172cbee\"},\"description\":\"PREDSEDNICA ATIFETE JAHJAGA JE DO\u010cEKALA VISOKOG KOMISIONERA OEBS-A, KNUT VOLLEBAEK - Predsednik Republike Kosovo - DR. VJOSA OSMANI - SADRIU -\",\"breadcrumb\":{\"@id\":\"https:\/\/president-ksgov.net\/presidentja-atifete-jahjaga-priti-komisionerin-e-larte-te-osbe-se-knut-vollebaek\/#breadcrumb\"},\"inLanguage\":\"sr-RS\",\"potentialAction\":[{\"@type\":\"ReadAction\",\"target\":[\"https:\/\/president-ksgov.net\/presidentja-atifete-jahjaga-priti-komisionerin-e-larte-te-osbe-se-knut-vollebaek\/\"]}]},{\"@type\":\"ImageObject\",\"inLanguage\":\"sr-RS\",\"@id\":\"https:\/\/president-ksgov.net\/presidentja-atifete-jahjaga-priti-komisionerin-e-larte-te-osbe-se-knut-vollebaek\/#primaryimage\",\"url\":\"https:\/\/president-ksgov.net\/wp-content\/uploads\/IMG_34631-scaled.jpg\",\"contentUrl\":\"https:\/\/president-ksgov.net\/wp-content\/uploads\/IMG_34631-scaled.jpg\",\"width\":2560,\"height\":1571},{\"@type\":\"BreadcrumbList\",\"@id\":\"https:\/\/president-ksgov.net\/presidentja-atifete-jahjaga-priti-komisionerin-e-larte-te-osbe-se-knut-vollebaek\/#breadcrumb\",\"itemListElement\":[{\"@type\":\"ListItem\",\"position\":1,\"name\":\"Home\",\"item\":\"https:\/\/president-ksgov.net\/sr\/\"},{\"@type\":\"ListItem\",\"position\":2,\"name\":\"PREDSEDNICA ATIFETE JAHJAGA JE DO\u010cEKALA VISOKOG KOMISIONERA OEBS-A, KNUT VOLLEBAEK\"}]},{\"@type\":\"WebSite\",\"@id\":\"https:\/\/president-ksgov.net\/#website\",\"url\":\"https:\/\/president-ksgov.net\/\",\"name\":\"Presidente e Republik\u00ebs s\u00eb Kosov\u00ebs\",\"description\":\"Presidente e Republik\u00ebs s\u00eb Kosov\u00ebs\",\"alternateName\":\"DR. VJOSA OSMANI - SADRIU\",\"potentialAction\":[{\"@type\":\"SearchAction\",\"target\":{\"@type\":\"EntryPoint\",\"urlTemplate\":\"https:\/\/president-ksgov.net\/?s={search_term_string}\"},\"query-input\":{\"@type\":\"PropertyValueSpecification\",\"valueRequired\":true,\"valueName\":\"search_term_string\"}}],\"inLanguage\":\"sr-RS\"},{\"@type\":\"Person\",\"@id\":\"https:\/\/president-ksgov.net\/#\/schema\/person\/bb4337a5fb147cb2046d80548172cbee\",\"name\":\"admin\",\"image\":{\"@type\":\"ImageObject\",\"inLanguage\":\"sr-RS\",\"@id\":\"https:\/\/president-ksgov.net\/#\/schema\/person\/image\/\",\"url\":\"https:\/\/secure.gravatar.com\/avatar\/36156ca0fa3b8d9d25174f146e16beea0cf28f37adf1b9e19b6c9c279a7c9dd3?s=96&d=mm&r=g\",\"contentUrl\":\"https:\/\/secure.gravatar.com\/avatar\/36156ca0fa3b8d9d25174f146e16beea0cf28f37adf1b9e19b6c9c279a7c9dd3?s=96&d=mm&r=g\",\"caption\":\"admin\"},\"sameAs\":[\"https:\/\/president-ksgov.net\"]}]}<\/script>\n<!-- \/ Yoast SEO plugin. -->","yoast_head_json":{"title":"PREDSEDNICA ATIFETE JAHJAGA JE DO\u010cEKALA VISOKOG KOMISIONERA OEBS-A, KNUT VOLLEBAEK - Predsednik Republike Kosovo - DR. VJOSA OSMANI - SADRIU","description":"PREDSEDNICA ATIFETE JAHJAGA JE DO\u010cEKALA VISOKOG KOMISIONERA OEBS-A, KNUT VOLLEBAEK - Predsednik Republike Kosovo - DR. VJOSA OSMANI - SADRIU -","robots":{"index":"index","follow":"follow","max-snippet":"max-snippet:-1","max-image-preview":"max-image-preview:large","max-video-preview":"max-video-preview:-1"},"canonical":"https:\/\/president-ksgov.net\/presidentja-atifete-jahjaga-priti-komisionerin-e-larte-te-osbe-se-knut-vollebaek\/","og_locale":"sr_RS","og_type":"article","og_title":"PREDSEDNICA ATIFETE JAHJAGA JE DO\u010cEKALA VISOKOG KOMISIONERA OEBS-A, KNUT VOLLEBAEK - Predsednik Republike Kosovo - DR. VJOSA OSMANI - SADRIU","og_description":"PREDSEDNICA ATIFETE JAHJAGA JE DO\u010cEKALA VISOKOG KOMISIONERA OEBS-A, KNUT VOLLEBAEK - Predsednik Republike Kosovo - DR. VJOSA OSMANI - SADRIU -","og_url":"https:\/\/president-ksgov.net\/presidentja-atifete-jahjaga-priti-komisionerin-e-larte-te-osbe-se-knut-vollebaek\/","og_site_name":"Predsednik Republike Kosovo - DR. VJOSA OSMANI - SADRIU","article_published_time":"2012-11-05T16:57:33+00:00","og_image":[{"width":2560,"height":1571,"url":"https:\/\/president-ksgov.net\/wp-content\/uploads\/IMG_34631-scaled.jpg","type":"image\/jpeg"}],"author":"admin","twitter_card":"summary_large_image","twitter_misc":{"\u041d\u0430\u043f\u0438\u0441\u0430\u043d\u043e \u043e\u0434":"admin","\u041f\u0440\u043e\u0446\u0435\u045a\u0435\u043d\u043e \u0432\u0440\u0435\u043c\u0435 \u0447\u0438\u0442\u0430\u045a\u0430":"1 \u043c\u0438\u043d\u0443\u0442"},"schema":{"@context":"https:\/\/schema.org","@graph":[{"@type":"WebPage","@id":"https:\/\/president-ksgov.net\/presidentja-atifete-jahjaga-priti-komisionerin-e-larte-te-osbe-se-knut-vollebaek\/","url":"https:\/\/president-ksgov.net\/presidentja-atifete-jahjaga-priti-komisionerin-e-larte-te-osbe-se-knut-vollebaek\/","name":"PREDSEDNICA ATIFETE JAHJAGA JE DO\u010cEKALA VISOKOG KOMISIONERA OEBS-A, KNUT VOLLEBAEK - Predsednik Republike Kosovo - DR. VJOSA OSMANI - SADRIU","isPartOf":{"@id":"https:\/\/president-ksgov.net\/#website"},"primaryImageOfPage":{"@id":"https:\/\/president-ksgov.net\/presidentja-atifete-jahjaga-priti-komisionerin-e-larte-te-osbe-se-knut-vollebaek\/#primaryimage"},"image":{"@id":"https:\/\/president-ksgov.net\/presidentja-atifete-jahjaga-priti-komisionerin-e-larte-te-osbe-se-knut-vollebaek\/#primaryimage"},"thumbnailUrl":"https:\/\/president-ksgov.net\/wp-content\/uploads\/IMG_34631-scaled.jpg","datePublished":"2012-11-05T16:57:33+00:00","dateModified":"2012-11-05T16:57:33+00:00","author":{"@id":"https:\/\/president-ksgov.net\/#\/schema\/person\/bb4337a5fb147cb2046d80548172cbee"},"description":"PREDSEDNICA ATIFETE JAHJAGA JE DO\u010cEKALA VISOKOG KOMISIONERA OEBS-A, KNUT VOLLEBAEK - Predsednik Republike Kosovo - DR. VJOSA OSMANI - SADRIU -","breadcrumb":{"@id":"https:\/\/president-ksgov.net\/presidentja-atifete-jahjaga-priti-komisionerin-e-larte-te-osbe-se-knut-vollebaek\/#breadcrumb"},"inLanguage":"sr-RS","potentialAction":[{"@type":"ReadAction","target":["https:\/\/president-ksgov.net\/presidentja-atifete-jahjaga-priti-komisionerin-e-larte-te-osbe-se-knut-vollebaek\/"]}]},{"@type":"ImageObject","inLanguage":"sr-RS","@id":"https:\/\/president-ksgov.net\/presidentja-atifete-jahjaga-priti-komisionerin-e-larte-te-osbe-se-knut-vollebaek\/#primaryimage","url":"https:\/\/president-ksgov.net\/wp-content\/uploads\/IMG_34631-scaled.jpg","contentUrl":"https:\/\/president-ksgov.net\/wp-content\/uploads\/IMG_34631-scaled.jpg","width":2560,"height":1571},{"@type":"BreadcrumbList","@id":"https:\/\/president-ksgov.net\/presidentja-atifete-jahjaga-priti-komisionerin-e-larte-te-osbe-se-knut-vollebaek\/#breadcrumb","itemListElement":[{"@type":"ListItem","position":1,"name":"Home","item":"https:\/\/president-ksgov.net\/sr\/"},{"@type":"ListItem","position":2,"name":"PREDSEDNICA ATIFETE JAHJAGA JE DO\u010cEKALA VISOKOG KOMISIONERA OEBS-A, KNUT VOLLEBAEK"}]},{"@type":"WebSite","@id":"https:\/\/president-ksgov.net\/#website","url":"https:\/\/president-ksgov.net\/","name":"Presidente e Republik\u00ebs s\u00eb Kosov\u00ebs","description":"Presidente e Republik\u00ebs s\u00eb Kosov\u00ebs","alternateName":"DR. VJOSA OSMANI - SADRIU","potentialAction":[{"@type":"SearchAction","target":{"@type":"EntryPoint","urlTemplate":"https:\/\/president-ksgov.net\/?s={search_term_string}"},"query-input":{"@type":"PropertyValueSpecification","valueRequired":true,"valueName":"search_term_string"}}],"inLanguage":"sr-RS"},{"@type":"Person","@id":"https:\/\/president-ksgov.net\/#\/schema\/person\/bb4337a5fb147cb2046d80548172cbee","name":"admin","image":{"@type":"ImageObject","inLanguage":"sr-RS","@id":"https:\/\/president-ksgov.net\/#\/schema\/person\/image\/","url":"https:\/\/secure.gravatar.com\/avatar\/36156ca0fa3b8d9d25174f146e16beea0cf28f37adf1b9e19b6c9c279a7c9dd3?s=96&d=mm&r=g","contentUrl":"https:\/\/secure.gravatar.com\/avatar\/36156ca0fa3b8d9d25174f146e16beea0cf28f37adf1b9e19b6c9c279a7c9dd3?s=96&d=mm&r=g","caption":"admin"},"sameAs":["https:\/\/president-ksgov.net"]}]}},"_links":{"self":[{"href":"https:\/\/president-ksgov.net\/sr\/wp-json\/wp\/v2\/posts\/78753","targetHints":{"allow":["GET"]}}],"collection":[{"href":"https:\/\/president-ksgov.net\/sr\/wp-json\/wp\/v2\/posts"}],"about":[{"href":"https:\/\/president-ksgov.net\/sr\/wp-json\/wp\/v2\/types\/post"}],"author":[{"embeddable":true,"href":"https:\/\/president-ksgov.net\/sr\/wp-json\/wp\/v2\/users\/1"}],"replies":[{"embeddable":true,"href":"https:\/\/president-ksgov.net\/sr\/wp-json\/wp\/v2\/comments?post=78753"}],"version-history":[{"count":0,"href":"https:\/\/president-ksgov.net\/sr\/wp-json\/wp\/v2\/posts\/78753\/revisions"}],"wp:featuredmedia":[{"embeddable":true,"href":"https:\/\/president-ksgov.net\/sr\/wp-json\/wp\/v2\/media\/53829"}],"wp:attachment":[{"href":"https:\/\/president-ksgov.net\/sr\/wp-json\/wp\/v2\/media?parent=78753"}],"wp:term":[{"taxonomy":"category","embeddable":true,"href":"https:\/\/president-ksgov.net\/sr\/wp-json\/wp\/v2\/categories?post=78753"},{"taxonomy":"post_tag","embeddable":true,"href":"https:\/\/president-ksgov.net\/sr\/wp-json\/wp\/v2\/tags?post=78753"}],"curies":[{"name":"wp","href":"https:\/\/api.w.org\/{rel}","templated":true}]}}