{"id":78723,"date":"2012-11-18T14:38:46","date_gmt":"2012-11-18T14:38:46","guid":{"rendered":"https:\/\/dev.president-ksgov.net\/govor-predsednice-atifete-jahjaga-na-konferenciji-ene-i-pristup-svojini-i-resursima\/"},"modified":"2012-11-18T14:38:46","modified_gmt":"2012-11-18T14:38:46","slug":"govor-predsednice-atifete-jahjaga-na-konferenciji-ene-i-pristup-svojini-i-resursima","status":"publish","type":"post","link":"https:\/\/president-ksgov.net\/sr\/govor-predsednice-atifete-jahjaga-na-konferenciji-ene-i-pristup-svojini-i-resursima\/","title":{"rendered":"GOVOR PREDSEDNICE ATIFETE JAHJAGA NA KONFERENCIJI &#142;ENE I PRISTUP SVOJINI I RESURSIMA"},"content":{"rendered":"<p>Republika Kosovo je dr&#382;ava izgra\u0111ena na gra\u0111anskom principu, u kojoj svi, bez obzira na etni\u010dku, versku ili rodnu pripadnost u&#382;ivanju ravnopravno sva prava i slobode.<\/p>\n<p>Po&#353;tovane poslanice skup&#353;tine Republike Kosovo<br \/>\nPo&#353;tovani predstavnici Vlade Republike Kosovo<br \/>\nPo&#353;tovani predstavnici ambasada,akreditovani u Republici Kosovo<br \/>\nPo&#353;tovani predstavnici Civilnog dru&#353;tva<br \/>\nPo&#353;tovani predstavnici me\u0111unarodnih organizacija na Kosovu<br \/>\nDame i gospodo,<\/p>\n<p>Republika Kosovo je dr&#382;ava izgra\u0111ena na gra\u0111anskom principu, u kojoj svi, bez obzira na etni\u010dku, versku ili rodnu pripadnost u&#382;ivanju ravnopravno sva prava i slobode.<\/p>\n<p>Polo&#382;aj &#382;ene, njena prava i slobode odre\u0111uju nivo demokratizacije dru&#353;tva i preduslove za pravedan razvoj u budu\u0107e.<\/p>\n<p>&#381;ena na Kosovu sve vi&#353;e napreduje u svom ravnopravnom polo&#382;aju sa mu&#382;em pro&#353;iruju\u0107i realizaciju njenih prirodnih, zakonskih i ustavnih prava, zauzimaju\u0107i va&#382;ne polo&#382;aje odlu\u010divanja i predstavljanja kao i rukovode\u0107e polo&#382;aje u razne oblasti kao, &#353;to je ve\u0107 tradicionalno, u obrazovanje, zdravstvo, ali, &#353;to je nova karakteristika za Kosovo nakon oslobo\u0111enja, &#382;ena zauzima jedno va&#382;no mesto u biznis, rukovode\u0107i i daju\u0107i svoj doprinos u razvoj i u op&#353;ti napredak zemlje.<\/p>\n<p>Dosada&#353;nje iskustvo pokazuje da &#382;ena na Kosovu je mnogo manje od mu&#382;a obuhva\u0107ena u organizovani kriminal, korupciju i u druge negativne pojave .<\/p>\n<p>Unapre\u0111enje polo&#382;aja &#382;ene u dru&#353;tvu zna\u010di konsolidaciju op&#353;tih tokova i unapre\u0111enje demokratskih procesa obezbe\u0111uju\u0107i jedan proces realizacije u praksi svih ljudskih prava i sloboda koje obezbe\u0111uje zdrave odnose unutar porodice.<\/p>\n<p>&#381;ena u na&#353;oj zemlji je zaostala u realizaciji prava na svojinu kao posledica obi\u010dajnog prava i tradicionalnih odnosa unutar porodice i kosovskog dru&#353;tva. Mi danas imamo sve zakone prema standardima i normama\u00a0 Evrope i ostaje da se samo o&#382;ivljavanje istih u svakodnevnici. &#381;ena treba da potpuno ostvari pravo na svojinu jer samo tako mo&#382;e biti dobra majka , dobra &#382;ena i jedan potpuno ravnopravan gra\u0111anin sa mu&#382;em, sposobna i odgovorna da preuzme na sebe sve odgovornosti.<\/p>\n<p>&#381;ena, koja raspola&#382;e svojinu ne samo &#353;to se ose\u0107a sigurnijom nego sa administracijom iste postaje jedan posve\u0107en preduzetnik koja deluje i radi prema zakonima tr&#382;i&#353;ta vode\u0107i kapital i stavljaju\u0107i u funkciju njenog razvoja, razvoja porodice i dru&#353;tva. &#381;ena vlasnik svih materijalnih dobara razbija tabue i predrasude pro&#353;losti dokazuju\u0107i da je bog stvorio sve ravnopravne, i da &#382;ena je u svim aspektima isto toliko sposobna koliko i mu&#382;.<\/p>\n<p>Nije za pohvalu \u010dinjenica da je &#382;ena kao preduzetnik vrlo malo u\u010destvovala u proces privatizacije na Kosovu, i takore\u0107i nemamo slu\u010dajeva kada je &#382;ena menad&#382;er privatizovanih kompanija.<\/p>\n<p>Mi trebamo svi da radimo vi&#353;e da bismo stvorili jedan podoban ambijent koji prihvata ove nove vrednosti &#382;ene. Niko od nas ne mo&#382;e biti zadovoljan ukoliko se &#382;ena isklju\u010duje, ili joj se osporava,\u00a0 pravo na nasledstvo ili ukoliko se &#382;ena ceni manje od mu&#353;karca za pravo na svojinu. Svi razumemo da ravnopravnost &#382;ene u dru&#353;tvu, &#353;to je ve\u0107 dokazano u odre\u0111enim oblastima, jeste dobro koje je jedno vreme nedostajalo na&#353;em dru&#353;tvu, ali danas svi mi to razumemo kao jedno osnovno pravo koje vodi dru&#353;tvo napred i od realizacije prava i slobode &#382;ene profitira celo dru&#353;tvo. Jer unapre\u0111enje prava &#382;ene se dokazuje, svugde u svetu, na unapre\u0111enje i ekonomski razvoj jedne zemlje\u00a0 kao i op&#353;ti razvoj dru&#353;tva.<\/p>\n","protected":false},"excerpt":{"rendered":"<p>Republika Kosovo je dr&#382;ava izgra\u0111ena na gra\u0111anskom principu, u kojoj svi, bez obzira na etni\u010dku, versku ili rodnu pripadnost u&#382;ivanju ravnopravno sva prava i slobode.<\/p>\n","protected":false},"author":1,"featured_media":53567,"comment_status":"open","ping_status":"closed","sticky":false,"template":"","format":"standard","meta":{"_eb_attr":"","footnotes":""},"categories":[101],"tags":[],"class_list":["post-78723","post","type-post","status-publish","format-standard","has-post-thumbnail","hentry","category-vesti"],"yoast_head":"<!-- This site is optimized with the Yoast SEO plugin v23.5 - https:\/\/yoast.com\/wordpress\/plugins\/seo\/ -->\n<title>GOVOR PREDSEDNICE ATIFETE JAHJAGA NA KONFERENCIJI &#142;ENE I PRISTUP SVOJINI I RESURSIMA - Predsednik Republike Kosovo - DR. VJOSA OSMANI - SADRIU<\/title>\n<meta name=\"description\" content=\"GOVOR PREDSEDNICE ATIFETE JAHJAGA NA KONFERENCIJI &#142;ENE I PRISTUP SVOJINI I RESURSIMA - Predsednik Republike Kosovo - DR. VJOSA OSMANI - SADRIU -\" \/>\n<meta name=\"robots\" content=\"index, follow, max-snippet:-1, max-image-preview:large, max-video-preview:-1\" \/>\n<link rel=\"canonical\" href=\"https:\/\/president-ksgov.net\/fjalimi-i-presidentes-atifete-jahjaga-ne-konferencen-grate-dhe-qasja-ne-prone-e-resurse-2\/\" \/>\n<meta property=\"og:locale\" content=\"sr_RS\" \/>\n<meta property=\"og:type\" content=\"article\" \/>\n<meta property=\"og:title\" content=\"GOVOR PREDSEDNICE ATIFETE JAHJAGA NA KONFERENCIJI &#142;ENE I PRISTUP SVOJINI I RESURSIMA - Predsednik Republike Kosovo - DR. VJOSA OSMANI - SADRIU\" \/>\n<meta property=\"og:description\" content=\"GOVOR PREDSEDNICE ATIFETE JAHJAGA NA KONFERENCIJI &#142;ENE I PRISTUP SVOJINI I RESURSIMA - Predsednik Republike Kosovo - DR. VJOSA OSMANI - SADRIU -\" \/>\n<meta property=\"og:url\" content=\"https:\/\/president-ksgov.net\/fjalimi-i-presidentes-atifete-jahjaga-ne-konferencen-grate-dhe-qasja-ne-prone-e-resurse-2\/\" \/>\n<meta property=\"og:site_name\" content=\"Predsednik Republike Kosovo - DR. VJOSA OSMANI - SADRIU\" \/>\n<meta property=\"article:published_time\" content=\"2012-11-18T14:38:46+00:00\" \/>\n<meta property=\"og:image\" content=\"https:\/\/president-ksgov.net\/wp-content\/uploads\/DSC04600.jpg\" \/>\n\t<meta property=\"og:image:width\" content=\"640\" \/>\n\t<meta property=\"og:image:height\" content=\"430\" \/>\n\t<meta property=\"og:image:type\" content=\"image\/jpeg\" \/>\n<meta name=\"author\" content=\"admin\" \/>\n<meta name=\"twitter:card\" content=\"summary_large_image\" \/>\n<meta name=\"twitter:label1\" content=\"\u041d\u0430\u043f\u0438\u0441\u0430\u043d\u043e \u043e\u0434\" \/>\n\t<meta name=\"twitter:data1\" content=\"admin\" \/>\n\t<meta name=\"twitter:label2\" content=\"\u041f\u0440\u043e\u0446\u0435\u045a\u0435\u043d\u043e \u0432\u0440\u0435\u043c\u0435 \u0447\u0438\u0442\u0430\u045a\u0430\" \/>\n\t<meta name=\"twitter:data2\" content=\"3 \u043c\u0438\u043d\u0443\u0442\u0430\" \/>\n<script type=\"application\/ld+json\" class=\"yoast-schema-graph\">{\"@context\":\"https:\/\/schema.org\",\"@graph\":[{\"@type\":\"WebPage\",\"@id\":\"https:\/\/president-ksgov.net\/fjalimi-i-presidentes-atifete-jahjaga-ne-konferencen-grate-dhe-qasja-ne-prone-e-resurse-2\/\",\"url\":\"https:\/\/president-ksgov.net\/fjalimi-i-presidentes-atifete-jahjaga-ne-konferencen-grate-dhe-qasja-ne-prone-e-resurse-2\/\",\"name\":\"GOVOR PREDSEDNICE ATIFETE JAHJAGA NA KONFERENCIJI &#142;ENE I PRISTUP SVOJINI I RESURSIMA - Predsednik Republike Kosovo - DR. VJOSA OSMANI - SADRIU\",\"isPartOf\":{\"@id\":\"https:\/\/president-ksgov.net\/#website\"},\"primaryImageOfPage\":{\"@id\":\"https:\/\/president-ksgov.net\/fjalimi-i-presidentes-atifete-jahjaga-ne-konferencen-grate-dhe-qasja-ne-prone-e-resurse-2\/#primaryimage\"},\"image\":{\"@id\":\"https:\/\/president-ksgov.net\/fjalimi-i-presidentes-atifete-jahjaga-ne-konferencen-grate-dhe-qasja-ne-prone-e-resurse-2\/#primaryimage\"},\"thumbnailUrl\":\"https:\/\/president-ksgov.net\/wp-content\/uploads\/DSC04600.jpg\",\"datePublished\":\"2012-11-18T14:38:46+00:00\",\"dateModified\":\"2012-11-18T14:38:46+00:00\",\"author\":{\"@id\":\"https:\/\/president-ksgov.net\/#\/schema\/person\/bb4337a5fb147cb2046d80548172cbee\"},\"description\":\"GOVOR PREDSEDNICE ATIFETE JAHJAGA NA KONFERENCIJI &#142;ENE I PRISTUP SVOJINI I RESURSIMA - Predsednik Republike Kosovo - DR. VJOSA OSMANI - SADRIU -\",\"breadcrumb\":{\"@id\":\"https:\/\/president-ksgov.net\/fjalimi-i-presidentes-atifete-jahjaga-ne-konferencen-grate-dhe-qasja-ne-prone-e-resurse-2\/#breadcrumb\"},\"inLanguage\":\"sr-RS\",\"potentialAction\":[{\"@type\":\"ReadAction\",\"target\":[\"https:\/\/president-ksgov.net\/fjalimi-i-presidentes-atifete-jahjaga-ne-konferencen-grate-dhe-qasja-ne-prone-e-resurse-2\/\"]}]},{\"@type\":\"ImageObject\",\"inLanguage\":\"sr-RS\",\"@id\":\"https:\/\/president-ksgov.net\/fjalimi-i-presidentes-atifete-jahjaga-ne-konferencen-grate-dhe-qasja-ne-prone-e-resurse-2\/#primaryimage\",\"url\":\"https:\/\/president-ksgov.net\/wp-content\/uploads\/DSC04600.jpg\",\"contentUrl\":\"https:\/\/president-ksgov.net\/wp-content\/uploads\/DSC04600.jpg\",\"width\":640,\"height\":430},{\"@type\":\"BreadcrumbList\",\"@id\":\"https:\/\/president-ksgov.net\/fjalimi-i-presidentes-atifete-jahjaga-ne-konferencen-grate-dhe-qasja-ne-prone-e-resurse-2\/#breadcrumb\",\"itemListElement\":[{\"@type\":\"ListItem\",\"position\":1,\"name\":\"Home\",\"item\":\"https:\/\/president-ksgov.net\/sr\/\"},{\"@type\":\"ListItem\",\"position\":2,\"name\":\"GOVOR PREDSEDNICE ATIFETE JAHJAGA NA KONFERENCIJI &#142;ENE I PRISTUP SVOJINI I RESURSIMA\"}]},{\"@type\":\"WebSite\",\"@id\":\"https:\/\/president-ksgov.net\/#website\",\"url\":\"https:\/\/president-ksgov.net\/\",\"name\":\"Presidente e Republik\u00ebs s\u00eb Kosov\u00ebs\",\"description\":\"Presidente e Republik\u00ebs s\u00eb Kosov\u00ebs\",\"alternateName\":\"DR. VJOSA OSMANI - SADRIU\",\"potentialAction\":[{\"@type\":\"SearchAction\",\"target\":{\"@type\":\"EntryPoint\",\"urlTemplate\":\"https:\/\/president-ksgov.net\/?s={search_term_string}\"},\"query-input\":{\"@type\":\"PropertyValueSpecification\",\"valueRequired\":true,\"valueName\":\"search_term_string\"}}],\"inLanguage\":\"sr-RS\"},{\"@type\":\"Person\",\"@id\":\"https:\/\/president-ksgov.net\/#\/schema\/person\/bb4337a5fb147cb2046d80548172cbee\",\"name\":\"admin\",\"image\":{\"@type\":\"ImageObject\",\"inLanguage\":\"sr-RS\",\"@id\":\"https:\/\/president-ksgov.net\/#\/schema\/person\/image\/\",\"url\":\"https:\/\/secure.gravatar.com\/avatar\/36156ca0fa3b8d9d25174f146e16beea0cf28f37adf1b9e19b6c9c279a7c9dd3?s=96&d=mm&r=g\",\"contentUrl\":\"https:\/\/secure.gravatar.com\/avatar\/36156ca0fa3b8d9d25174f146e16beea0cf28f37adf1b9e19b6c9c279a7c9dd3?s=96&d=mm&r=g\",\"caption\":\"admin\"},\"sameAs\":[\"https:\/\/president-ksgov.net\"]}]}<\/script>\n<!-- \/ Yoast SEO plugin. -->","yoast_head_json":{"title":"GOVOR PREDSEDNICE ATIFETE JAHJAGA NA KONFERENCIJI &#142;ENE I PRISTUP SVOJINI I RESURSIMA - Predsednik Republike Kosovo - DR. VJOSA OSMANI - SADRIU","description":"GOVOR PREDSEDNICE ATIFETE JAHJAGA NA KONFERENCIJI &#142;ENE I PRISTUP SVOJINI I RESURSIMA - Predsednik Republike Kosovo - DR. VJOSA OSMANI - SADRIU -","robots":{"index":"index","follow":"follow","max-snippet":"max-snippet:-1","max-image-preview":"max-image-preview:large","max-video-preview":"max-video-preview:-1"},"canonical":"https:\/\/president-ksgov.net\/fjalimi-i-presidentes-atifete-jahjaga-ne-konferencen-grate-dhe-qasja-ne-prone-e-resurse-2\/","og_locale":"sr_RS","og_type":"article","og_title":"GOVOR PREDSEDNICE ATIFETE JAHJAGA NA KONFERENCIJI &#142;ENE I PRISTUP SVOJINI I RESURSIMA - Predsednik Republike Kosovo - DR. VJOSA OSMANI - SADRIU","og_description":"GOVOR PREDSEDNICE ATIFETE JAHJAGA NA KONFERENCIJI &#142;ENE I PRISTUP SVOJINI I RESURSIMA - Predsednik Republike Kosovo - DR. VJOSA OSMANI - SADRIU -","og_url":"https:\/\/president-ksgov.net\/fjalimi-i-presidentes-atifete-jahjaga-ne-konferencen-grate-dhe-qasja-ne-prone-e-resurse-2\/","og_site_name":"Predsednik Republike Kosovo - DR. VJOSA OSMANI - SADRIU","article_published_time":"2012-11-18T14:38:46+00:00","og_image":[{"width":640,"height":430,"url":"https:\/\/president-ksgov.net\/wp-content\/uploads\/DSC04600.jpg","type":"image\/jpeg"}],"author":"admin","twitter_card":"summary_large_image","twitter_misc":{"\u041d\u0430\u043f\u0438\u0441\u0430\u043d\u043e \u043e\u0434":"admin","\u041f\u0440\u043e\u0446\u0435\u045a\u0435\u043d\u043e \u0432\u0440\u0435\u043c\u0435 \u0447\u0438\u0442\u0430\u045a\u0430":"3 \u043c\u0438\u043d\u0443\u0442\u0430"},"schema":{"@context":"https:\/\/schema.org","@graph":[{"@type":"WebPage","@id":"https:\/\/president-ksgov.net\/fjalimi-i-presidentes-atifete-jahjaga-ne-konferencen-grate-dhe-qasja-ne-prone-e-resurse-2\/","url":"https:\/\/president-ksgov.net\/fjalimi-i-presidentes-atifete-jahjaga-ne-konferencen-grate-dhe-qasja-ne-prone-e-resurse-2\/","name":"GOVOR PREDSEDNICE ATIFETE JAHJAGA NA KONFERENCIJI &#142;ENE I PRISTUP SVOJINI I RESURSIMA - Predsednik Republike Kosovo - DR. VJOSA OSMANI - SADRIU","isPartOf":{"@id":"https:\/\/president-ksgov.net\/#website"},"primaryImageOfPage":{"@id":"https:\/\/president-ksgov.net\/fjalimi-i-presidentes-atifete-jahjaga-ne-konferencen-grate-dhe-qasja-ne-prone-e-resurse-2\/#primaryimage"},"image":{"@id":"https:\/\/president-ksgov.net\/fjalimi-i-presidentes-atifete-jahjaga-ne-konferencen-grate-dhe-qasja-ne-prone-e-resurse-2\/#primaryimage"},"thumbnailUrl":"https:\/\/president-ksgov.net\/wp-content\/uploads\/DSC04600.jpg","datePublished":"2012-11-18T14:38:46+00:00","dateModified":"2012-11-18T14:38:46+00:00","author":{"@id":"https:\/\/president-ksgov.net\/#\/schema\/person\/bb4337a5fb147cb2046d80548172cbee"},"description":"GOVOR PREDSEDNICE ATIFETE JAHJAGA NA KONFERENCIJI &#142;ENE I PRISTUP SVOJINI I RESURSIMA - Predsednik Republike Kosovo - DR. VJOSA OSMANI - SADRIU -","breadcrumb":{"@id":"https:\/\/president-ksgov.net\/fjalimi-i-presidentes-atifete-jahjaga-ne-konferencen-grate-dhe-qasja-ne-prone-e-resurse-2\/#breadcrumb"},"inLanguage":"sr-RS","potentialAction":[{"@type":"ReadAction","target":["https:\/\/president-ksgov.net\/fjalimi-i-presidentes-atifete-jahjaga-ne-konferencen-grate-dhe-qasja-ne-prone-e-resurse-2\/"]}]},{"@type":"ImageObject","inLanguage":"sr-RS","@id":"https:\/\/president-ksgov.net\/fjalimi-i-presidentes-atifete-jahjaga-ne-konferencen-grate-dhe-qasja-ne-prone-e-resurse-2\/#primaryimage","url":"https:\/\/president-ksgov.net\/wp-content\/uploads\/DSC04600.jpg","contentUrl":"https:\/\/president-ksgov.net\/wp-content\/uploads\/DSC04600.jpg","width":640,"height":430},{"@type":"BreadcrumbList","@id":"https:\/\/president-ksgov.net\/fjalimi-i-presidentes-atifete-jahjaga-ne-konferencen-grate-dhe-qasja-ne-prone-e-resurse-2\/#breadcrumb","itemListElement":[{"@type":"ListItem","position":1,"name":"Home","item":"https:\/\/president-ksgov.net\/sr\/"},{"@type":"ListItem","position":2,"name":"GOVOR PREDSEDNICE ATIFETE JAHJAGA NA KONFERENCIJI &#142;ENE I PRISTUP SVOJINI I RESURSIMA"}]},{"@type":"WebSite","@id":"https:\/\/president-ksgov.net\/#website","url":"https:\/\/president-ksgov.net\/","name":"Presidente e Republik\u00ebs s\u00eb Kosov\u00ebs","description":"Presidente e Republik\u00ebs s\u00eb Kosov\u00ebs","alternateName":"DR. VJOSA OSMANI - SADRIU","potentialAction":[{"@type":"SearchAction","target":{"@type":"EntryPoint","urlTemplate":"https:\/\/president-ksgov.net\/?s={search_term_string}"},"query-input":{"@type":"PropertyValueSpecification","valueRequired":true,"valueName":"search_term_string"}}],"inLanguage":"sr-RS"},{"@type":"Person","@id":"https:\/\/president-ksgov.net\/#\/schema\/person\/bb4337a5fb147cb2046d80548172cbee","name":"admin","image":{"@type":"ImageObject","inLanguage":"sr-RS","@id":"https:\/\/president-ksgov.net\/#\/schema\/person\/image\/","url":"https:\/\/secure.gravatar.com\/avatar\/36156ca0fa3b8d9d25174f146e16beea0cf28f37adf1b9e19b6c9c279a7c9dd3?s=96&d=mm&r=g","contentUrl":"https:\/\/secure.gravatar.com\/avatar\/36156ca0fa3b8d9d25174f146e16beea0cf28f37adf1b9e19b6c9c279a7c9dd3?s=96&d=mm&r=g","caption":"admin"},"sameAs":["https:\/\/president-ksgov.net"]}]}},"_links":{"self":[{"href":"https:\/\/president-ksgov.net\/sr\/wp-json\/wp\/v2\/posts\/78723","targetHints":{"allow":["GET"]}}],"collection":[{"href":"https:\/\/president-ksgov.net\/sr\/wp-json\/wp\/v2\/posts"}],"about":[{"href":"https:\/\/president-ksgov.net\/sr\/wp-json\/wp\/v2\/types\/post"}],"author":[{"embeddable":true,"href":"https:\/\/president-ksgov.net\/sr\/wp-json\/wp\/v2\/users\/1"}],"replies":[{"embeddable":true,"href":"https:\/\/president-ksgov.net\/sr\/wp-json\/wp\/v2\/comments?post=78723"}],"version-history":[{"count":0,"href":"https:\/\/president-ksgov.net\/sr\/wp-json\/wp\/v2\/posts\/78723\/revisions"}],"wp:featuredmedia":[{"embeddable":true,"href":"https:\/\/president-ksgov.net\/sr\/wp-json\/wp\/v2\/media\/53567"}],"wp:attachment":[{"href":"https:\/\/president-ksgov.net\/sr\/wp-json\/wp\/v2\/media?parent=78723"}],"wp:term":[{"taxonomy":"category","embeddable":true,"href":"https:\/\/president-ksgov.net\/sr\/wp-json\/wp\/v2\/categories?post=78723"},{"taxonomy":"post_tag","embeddable":true,"href":"https:\/\/president-ksgov.net\/sr\/wp-json\/wp\/v2\/tags?post=78723"}],"curies":[{"name":"wp","href":"https:\/\/api.w.org\/{rel}","templated":true}]}}