{"id":78683,"date":"2012-12-05T13:07:36","date_gmt":"2012-12-05T13:07:36","guid":{"rendered":"https:\/\/dev.president-ksgov.net\/govor-predsednice-jahjaga-na-cetrvtom-sastanku-predsednika-zemalja-zapadnog-balkana-u-budvi-2\/"},"modified":"2012-12-05T13:07:36","modified_gmt":"2012-12-05T13:07:36","slug":"govor-predsednice-jahjaga-na-cetrvtom-sastanku-predsednika-zemalja-zapadnog-balkana-u-budvi-2","status":"publish","type":"post","link":"https:\/\/president-ksgov.net\/sr\/govor-predsednice-jahjaga-na-cetrvtom-sastanku-predsednika-zemalja-zapadnog-balkana-u-budvi-2\/","title":{"rendered":"Govor Predsednice Jahjaga na \u010cetrvtom Sastanku predsednika zemalja Zapadnog Balkana u Budvi"},"content":{"rendered":"<p>Izra&#382;avam zadovoljstvo da mi, Predsednici zemalja regiona, odr&#382;avamo \u010detvrti sastanak i nastavljamo ovu dobru tradiciju u cilju pro&#353;irenja saradnje izme\u0111u na&#353;ih zemalja i naroda.<\/p>\n<p>Po&#353;tovani Predsedni\u010de Crne Gore, gospodin Filip Vujanovi\u0107<br \/>\nPo&#353;tovani Predsedni\u010de Makedonije, gospodin \u0110or\u0111e Ivanov,<br \/>\nPo&#353;tovani Predsedni\u010de Albanije, gospodin Bujar Nishani,<\/p>\n<p>Izra&#382;avam zadovoljstvo da mi, Predsednici zemalja regiona, odr&#382;avamo \u010detvrti sastanak i nastavljamo ovu dobru tradiciju u cilju pro&#353;irenja saradnje izme\u0111u na&#353;ih zemalja i naroda.<\/p>\n<p>U na&#353;im zemljama smo orijentirani jedan na drugog. Imali smo te&#353;ku pro&#353;lost, s toga sticanjem znanja i iskustva mi trebamo razvijati dobre i svestrane odnose koji su u funkciji napretka i razumevanja.<\/p>\n<p>Na&#353;e zemlje imaju za cilj \u010dlanstvo u Evropsku Zajednicu i ovaj put mo&#382;emo lak&#353;e prevazi\u0107i sara\u0111uju\u0107i i poma&#382;u\u0107i se me\u0111usobno i svakako uzimaju\u0107i iskustva jedan-drugog.<\/p>\n<p>Mi dr&#382;ave regije imamo jednu dobru saradnju koju trebamo nadalje razvijati potpisuju\u0107i bilateralne i multilateralne sporazume u svim oblastima. Na&#353;e vlade treba da istra&#382;e sve mogu\u0107nosti za ekonomsku suradnju i za kretanje ljudi i robe izme\u0111u na&#353;ih zemalja.<\/p>\n<p>Treba da intenziviramo saradnju u oblasti bezbednosti, bolje koordinacije izme\u0111u odnosnih institucija na&#353;ih zemalja za suzbijanje kontrabande, organizovanog kriminala, u cilju stvaranja uspe&#353;nih zajedni\u010dkih mehanizama koji bi pomogli efikasnost borbe protiv negativnih pojava.<\/p>\n<p>U ovom procesu treba da pomognemo jedan drugog, da koristimo iskustva i ekspertize, u oblasti suzbijanja korupcije koja je isprepletena sa organizovanim kriminalom i drugim preko grani\u010dnim kriminalitetom. <\/p>\n<p>Jo&#353; jednom bih zahtevala da dajete sav Va&#353; doprinos da Kosovo bude ravnopravan \u010dlan svih mehanizama regionalne i me\u0111unarodne bezbednosti, jer Kosovo \u0107e samo tako da neposredno preuzima sve odgovornosti i dat \u0107e\u00a0 doprinos spre\u010davanju i suzbijanju organizovanog kriminala.<\/p>\n<p>Na&#353;e zemlje trebaju razviti jednu u&#382;u bilateralnu i regionalnu saradnju da bismo izgradili mehanizme za pomo\u0107 koju mo&#382;emo dati jedan drugom u oblasti ekonomije. Stvaranje mogu\u0107nosti i olak&#353;ica izme\u0111u sebe za stimulaciju ekonomskog razvoja, intenziviranje zajedni\u010dkih projekata kapitala i investicija, privla\u010denje stranih investitora, zajedni\u010dko kori&#353;\u0107enje fondova Evropske Zajednice i Me\u0111unarodnog Monetarnog Fonda, Svetske Banke, Evropske Banke za Obnovu gde koristimo sve preko zajedni\u010dkih projekata.<\/p>\n<p>Ovo mo&#382;emo \u010diniti pobolj&#353;anjem infrastrukture puteva i &#382;eleznice, zajedni\u010dkim upravljanjem voda, zajedni\u010dkom za&#353;titom i \u010duvanjem prirode, investicijama u pograni\u010dnim zonama, u terminalima i morskim lukama, povezivanjem sa Evropskim koridorima.<\/p>\n<p>U na&#353;im zemljama trebamo koristiti resurse i na&#353;a tr&#382;i&#353;ta, da intenziviramo ekonomsku saradnju\u00a0 i trgovinsku razmenu da bismo lak&#353;e prebrodili posledice globalne krize.<\/p>\n<p>Po&#353;tovani Predsednici,<\/p>\n<p>Mi, bolje nego iko, znamo da stabilnost i mir su od jedne posebne va&#382;nosti za ceo region i da normalizaciji odnosa izme\u0111u svih dr&#382;ava Zapadnog Balkana nema alternative, obuhvataju\u0107i potpunu normalizaciju odnosa izme\u0111u Republike Kosovo i Republike Srbije. Ovo je za dobrobit svih gra\u0111ana i doprinosi kretanju na putu \u010dlanstva u Evropsku Zajednicu.<\/p>\n<p>Kosovo i Srbija trebaju pomo\u0107i jedna drugu i trebaju otvarati jedno novo poglavlje me\u0111usobnih odnosa kao dve nezavisne i suverene dr&#382;ave, koje po&#353;tuju teritorijalni integritet i koje po&#353;tuju osnovna prava i slobode gra\u0111ana obeju zemalja. S toga &#353;to br&#382;e normalizovanje ovih odnosa pomeralo bi napred evropsku agendu svake zemlje.<\/p>\n<p>Mi smo u toku vo\u0111enja jednog dijaloga u Brisel, posredovanog od strane Evropske Zajednice uz stalnu podr&#353;ku Sjedinjenih Ameri\u010dkih Dr&#382;ava. Zadnjih meseci smo podigli nivo na rang premijera dveju na&#353;ih dr&#382;ava, i ra\u010dunamo da idu\u0107e godine, do Prole\u0107a, da postignemo saglasnost i sporazum za sva glavna pitanja. Dijalog je dao rezultate i mi ho\u0107emo da vidimo njihovo sprovo\u0111enje na terenu. Jedan od rezultata ovog dijaloga jeste i integrirani nadzor granica sa kojim sporazumom i Kosovo i Srbija su napredovali u integrirano nadgledanje granica kao jedan preduslov za \u010dlanstvo u Evropsku Zajednicu. &#381;elimo da sistem integriranog upravljanja granice \u010dinimo i sa drugim susednim dr&#382;avama. <\/p>\n<p>Ovaj vek jeste vek integracija, razumevanja, saradnje i uzajamne pomo\u0107i. Ostavljaju\u0107i za sobom hegemoniju i nasilno nametanje re&#353;enja i politike podele te daljnje konfrontacije, koje zadr&#382;ava kao taoca svaku dr&#382;avu regiona, mi smo ve\u0107 otvarali poglavlje iskrenih odnosa kao slobodni narodi i zemlje, ravnopravne i dostojanstvene zemlje. Budu\u0107nost na&#353;ih zemalja jeste jasna i nezaustavna.\u00a0 <\/p>\n<p>S toga cela regija danas ima veliku potrebu za pomirenje. Za jedno pomirenje me\u0111u ljudima i razumevanje me\u0111u dr&#382;avama koje bi unapredilo saradnju me\u0111u nama, otvaraju\u0107i jedan novi horizont za ceo Balkan. Ovo zahteva anga&#382;ovanje svih da ne bi se istorija obnovila nijednom. Zahteva da izgradimo jednu sigurniju i bolju budu\u0107nost u\u010de\u0107i od pro&#353;losti. Pomirenje podrazumeva po&#353;tovanje svih &#382;rtava. S toga neka gledamo i vidimo pravo pred nama, da se pribli&#382;imo vratima Evrope, onde gde na&#353;i narodi imaju svoje mesto i gde \u0107e napredovanje biti sigurnije.<br \/>\nMi, \u010detiri susedne zemlje, dajemo jedan dobar primer saradnje i ovaj samit trebamo pro&#353;iriti i sa u\u010de&#353;\u0107em Srbije i Bosne i Hercegovine, jer tako ja\u010damo regionalnu saradnju i tako doprinosimo putu celog Balkana u pravcu \u010dlanstva u Evropsku Zajednicu.<\/p>\n<p>Zahvaljujem se Predsedniku Vujanovi\u0107u za do\u010dek i vrlo dobru organizaciju ovog samita. \u010cestitamo da Predsednik Nishani u\u010dini toliko dobru organizaciju budu\u0107eg samita i nadam se da \u0107e se slede\u0107i samit organizovati tokom leta kada bismo imali mogu\u0107nosti da u jo&#353; ve\u0107oj relaksiranoj atmosferi okusimo lepote i klimu Albanije.<\/p>\n<p>Hvala Vam!<\/p>\n","protected":false},"excerpt":{"rendered":"<p>Izra&#382;avam zadovoljstvo da mi, Predsednici zemalja regiona, odr&#382;avamo \u010detvrti sastanak i nastavljamo ovu dobru tradiciju u cilju pro&#353;irenja saradnje izme\u0111u na&#353;ih zemalja i naroda.<\/p>\n","protected":false},"author":1,"featured_media":53160,"comment_status":"open","ping_status":"closed","sticky":false,"template":"","format":"standard","meta":{"_eb_attr":"","footnotes":""},"categories":[101],"tags":[],"class_list":["post-78683","post","type-post","status-publish","format-standard","has-post-thumbnail","hentry","category-vesti"],"yoast_head":"<!-- This site is optimized with the Yoast SEO plugin v23.5 - https:\/\/yoast.com\/wordpress\/plugins\/seo\/ -->\n<title>Govor Predsednice Jahjaga na \u010cetrvtom Sastanku predsednika zemalja Zapadnog Balkana u Budvi - Predsednik Republike Kosovo - DR. VJOSA OSMANI - SADRIU<\/title>\n<meta name=\"description\" content=\"Govor Predsednice Jahjaga na \u010cetrvtom Sastanku predsednika zemalja Zapadnog Balkana u Budvi - Predsednik Republike Kosovo - DR. VJOSA OSMANI - SADRIU -\" \/>\n<meta name=\"robots\" content=\"index, follow, max-snippet:-1, max-image-preview:large, max-video-preview:-1\" \/>\n<link rel=\"canonical\" href=\"https:\/\/president-ksgov.net\/fjalimi-i-presidentes-jahjaga-ne-takimin-e-katert-te-kryetareve-te-shteteve-te-ballkanit-perendimor-ne-budve-2\/\" \/>\n<meta property=\"og:locale\" content=\"sr_RS\" \/>\n<meta property=\"og:type\" content=\"article\" \/>\n<meta property=\"og:title\" content=\"Govor Predsednice Jahjaga na \u010cetrvtom Sastanku predsednika zemalja Zapadnog Balkana u Budvi - Predsednik Republike Kosovo - DR. VJOSA OSMANI - SADRIU\" \/>\n<meta property=\"og:description\" content=\"Govor Predsednice Jahjaga na \u010cetrvtom Sastanku predsednika zemalja Zapadnog Balkana u Budvi - Predsednik Republike Kosovo - DR. VJOSA OSMANI - SADRIU -\" \/>\n<meta property=\"og:url\" content=\"https:\/\/president-ksgov.net\/fjalimi-i-presidentes-jahjaga-ne-takimin-e-katert-te-kryetareve-te-shteteve-te-ballkanit-perendimor-ne-budve-2\/\" \/>\n<meta property=\"og:site_name\" content=\"Predsednik Republike Kosovo - DR. VJOSA OSMANI - SADRIU\" \/>\n<meta property=\"article:published_time\" content=\"2012-12-05T13:07:36+00:00\" \/>\n<meta property=\"og:image\" content=\"https:\/\/president-ksgov.net\/wp-content\/uploads\/Takimi_i_perbashket_0.jpg\" \/>\n\t<meta property=\"og:image:width\" content=\"1000\" \/>\n\t<meta property=\"og:image:height\" content=\"667\" \/>\n\t<meta property=\"og:image:type\" content=\"image\/jpeg\" \/>\n<meta name=\"author\" content=\"admin\" \/>\n<meta name=\"twitter:card\" content=\"summary_large_image\" \/>\n<meta name=\"twitter:label1\" content=\"\u041d\u0430\u043f\u0438\u0441\u0430\u043d\u043e \u043e\u0434\" \/>\n\t<meta name=\"twitter:data1\" content=\"admin\" \/>\n\t<meta name=\"twitter:label2\" content=\"\u041f\u0440\u043e\u0446\u0435\u045a\u0435\u043d\u043e \u0432\u0440\u0435\u043c\u0435 \u0447\u0438\u0442\u0430\u045a\u0430\" \/>\n\t<meta name=\"twitter:data2\" content=\"5 \u043c\u0438\u043d\u0443\u0442\u0430\" \/>\n<script type=\"application\/ld+json\" class=\"yoast-schema-graph\">{\"@context\":\"https:\/\/schema.org\",\"@graph\":[{\"@type\":\"WebPage\",\"@id\":\"https:\/\/president-ksgov.net\/fjalimi-i-presidentes-jahjaga-ne-takimin-e-katert-te-kryetareve-te-shteteve-te-ballkanit-perendimor-ne-budve-2\/\",\"url\":\"https:\/\/president-ksgov.net\/fjalimi-i-presidentes-jahjaga-ne-takimin-e-katert-te-kryetareve-te-shteteve-te-ballkanit-perendimor-ne-budve-2\/\",\"name\":\"Govor Predsednice Jahjaga na \u010cetrvtom Sastanku predsednika zemalja Zapadnog Balkana u Budvi - Predsednik Republike Kosovo - DR. VJOSA OSMANI - SADRIU\",\"isPartOf\":{\"@id\":\"https:\/\/president-ksgov.net\/#website\"},\"primaryImageOfPage\":{\"@id\":\"https:\/\/president-ksgov.net\/fjalimi-i-presidentes-jahjaga-ne-takimin-e-katert-te-kryetareve-te-shteteve-te-ballkanit-perendimor-ne-budve-2\/#primaryimage\"},\"image\":{\"@id\":\"https:\/\/president-ksgov.net\/fjalimi-i-presidentes-jahjaga-ne-takimin-e-katert-te-kryetareve-te-shteteve-te-ballkanit-perendimor-ne-budve-2\/#primaryimage\"},\"thumbnailUrl\":\"https:\/\/president-ksgov.net\/wp-content\/uploads\/Takimi_i_perbashket_0.jpg\",\"datePublished\":\"2012-12-05T13:07:36+00:00\",\"dateModified\":\"2012-12-05T13:07:36+00:00\",\"author\":{\"@id\":\"https:\/\/president-ksgov.net\/#\/schema\/person\/bb4337a5fb147cb2046d80548172cbee\"},\"description\":\"Govor Predsednice Jahjaga na \u010cetrvtom Sastanku predsednika zemalja Zapadnog Balkana u Budvi - Predsednik Republike Kosovo - DR. VJOSA OSMANI - SADRIU -\",\"breadcrumb\":{\"@id\":\"https:\/\/president-ksgov.net\/fjalimi-i-presidentes-jahjaga-ne-takimin-e-katert-te-kryetareve-te-shteteve-te-ballkanit-perendimor-ne-budve-2\/#breadcrumb\"},\"inLanguage\":\"sr-RS\",\"potentialAction\":[{\"@type\":\"ReadAction\",\"target\":[\"https:\/\/president-ksgov.net\/fjalimi-i-presidentes-jahjaga-ne-takimin-e-katert-te-kryetareve-te-shteteve-te-ballkanit-perendimor-ne-budve-2\/\"]}]},{\"@type\":\"ImageObject\",\"inLanguage\":\"sr-RS\",\"@id\":\"https:\/\/president-ksgov.net\/fjalimi-i-presidentes-jahjaga-ne-takimin-e-katert-te-kryetareve-te-shteteve-te-ballkanit-perendimor-ne-budve-2\/#primaryimage\",\"url\":\"https:\/\/president-ksgov.net\/wp-content\/uploads\/Takimi_i_perbashket_0.jpg\",\"contentUrl\":\"https:\/\/president-ksgov.net\/wp-content\/uploads\/Takimi_i_perbashket_0.jpg\",\"width\":1000,\"height\":667},{\"@type\":\"BreadcrumbList\",\"@id\":\"https:\/\/president-ksgov.net\/fjalimi-i-presidentes-jahjaga-ne-takimin-e-katert-te-kryetareve-te-shteteve-te-ballkanit-perendimor-ne-budve-2\/#breadcrumb\",\"itemListElement\":[{\"@type\":\"ListItem\",\"position\":1,\"name\":\"Home\",\"item\":\"https:\/\/president-ksgov.net\/sr\/\"},{\"@type\":\"ListItem\",\"position\":2,\"name\":\"Govor Predsednice Jahjaga na \u010cetrvtom Sastanku predsednika zemalja Zapadnog Balkana u Budvi\"}]},{\"@type\":\"WebSite\",\"@id\":\"https:\/\/president-ksgov.net\/#website\",\"url\":\"https:\/\/president-ksgov.net\/\",\"name\":\"Presidente e Republik\u00ebs s\u00eb Kosov\u00ebs\",\"description\":\"Presidente e Republik\u00ebs s\u00eb Kosov\u00ebs\",\"alternateName\":\"DR. VJOSA OSMANI - SADRIU\",\"potentialAction\":[{\"@type\":\"SearchAction\",\"target\":{\"@type\":\"EntryPoint\",\"urlTemplate\":\"https:\/\/president-ksgov.net\/?s={search_term_string}\"},\"query-input\":{\"@type\":\"PropertyValueSpecification\",\"valueRequired\":true,\"valueName\":\"search_term_string\"}}],\"inLanguage\":\"sr-RS\"},{\"@type\":\"Person\",\"@id\":\"https:\/\/president-ksgov.net\/#\/schema\/person\/bb4337a5fb147cb2046d80548172cbee\",\"name\":\"admin\",\"image\":{\"@type\":\"ImageObject\",\"inLanguage\":\"sr-RS\",\"@id\":\"https:\/\/president-ksgov.net\/#\/schema\/person\/image\/\",\"url\":\"https:\/\/secure.gravatar.com\/avatar\/36156ca0fa3b8d9d25174f146e16beea0cf28f37adf1b9e19b6c9c279a7c9dd3?s=96&d=mm&r=g\",\"contentUrl\":\"https:\/\/secure.gravatar.com\/avatar\/36156ca0fa3b8d9d25174f146e16beea0cf28f37adf1b9e19b6c9c279a7c9dd3?s=96&d=mm&r=g\",\"caption\":\"admin\"},\"sameAs\":[\"https:\/\/president-ksgov.net\"]}]}<\/script>\n<!-- \/ Yoast SEO plugin. -->","yoast_head_json":{"title":"Govor Predsednice Jahjaga na \u010cetrvtom Sastanku predsednika zemalja Zapadnog Balkana u Budvi - Predsednik Republike Kosovo - DR. VJOSA OSMANI - SADRIU","description":"Govor Predsednice Jahjaga na \u010cetrvtom Sastanku predsednika zemalja Zapadnog Balkana u Budvi - Predsednik Republike Kosovo - DR. VJOSA OSMANI - SADRIU -","robots":{"index":"index","follow":"follow","max-snippet":"max-snippet:-1","max-image-preview":"max-image-preview:large","max-video-preview":"max-video-preview:-1"},"canonical":"https:\/\/president-ksgov.net\/fjalimi-i-presidentes-jahjaga-ne-takimin-e-katert-te-kryetareve-te-shteteve-te-ballkanit-perendimor-ne-budve-2\/","og_locale":"sr_RS","og_type":"article","og_title":"Govor Predsednice Jahjaga na \u010cetrvtom Sastanku predsednika zemalja Zapadnog Balkana u Budvi - Predsednik Republike Kosovo - DR. VJOSA OSMANI - SADRIU","og_description":"Govor Predsednice Jahjaga na \u010cetrvtom Sastanku predsednika zemalja Zapadnog Balkana u Budvi - Predsednik Republike Kosovo - DR. VJOSA OSMANI - SADRIU -","og_url":"https:\/\/president-ksgov.net\/fjalimi-i-presidentes-jahjaga-ne-takimin-e-katert-te-kryetareve-te-shteteve-te-ballkanit-perendimor-ne-budve-2\/","og_site_name":"Predsednik Republike Kosovo - DR. VJOSA OSMANI - SADRIU","article_published_time":"2012-12-05T13:07:36+00:00","og_image":[{"width":1000,"height":667,"url":"https:\/\/president-ksgov.net\/wp-content\/uploads\/Takimi_i_perbashket_0.jpg","type":"image\/jpeg"}],"author":"admin","twitter_card":"summary_large_image","twitter_misc":{"\u041d\u0430\u043f\u0438\u0441\u0430\u043d\u043e \u043e\u0434":"admin","\u041f\u0440\u043e\u0446\u0435\u045a\u0435\u043d\u043e \u0432\u0440\u0435\u043c\u0435 \u0447\u0438\u0442\u0430\u045a\u0430":"5 \u043c\u0438\u043d\u0443\u0442\u0430"},"schema":{"@context":"https:\/\/schema.org","@graph":[{"@type":"WebPage","@id":"https:\/\/president-ksgov.net\/fjalimi-i-presidentes-jahjaga-ne-takimin-e-katert-te-kryetareve-te-shteteve-te-ballkanit-perendimor-ne-budve-2\/","url":"https:\/\/president-ksgov.net\/fjalimi-i-presidentes-jahjaga-ne-takimin-e-katert-te-kryetareve-te-shteteve-te-ballkanit-perendimor-ne-budve-2\/","name":"Govor Predsednice Jahjaga na \u010cetrvtom Sastanku predsednika zemalja Zapadnog Balkana u Budvi - Predsednik Republike Kosovo - DR. VJOSA OSMANI - SADRIU","isPartOf":{"@id":"https:\/\/president-ksgov.net\/#website"},"primaryImageOfPage":{"@id":"https:\/\/president-ksgov.net\/fjalimi-i-presidentes-jahjaga-ne-takimin-e-katert-te-kryetareve-te-shteteve-te-ballkanit-perendimor-ne-budve-2\/#primaryimage"},"image":{"@id":"https:\/\/president-ksgov.net\/fjalimi-i-presidentes-jahjaga-ne-takimin-e-katert-te-kryetareve-te-shteteve-te-ballkanit-perendimor-ne-budve-2\/#primaryimage"},"thumbnailUrl":"https:\/\/president-ksgov.net\/wp-content\/uploads\/Takimi_i_perbashket_0.jpg","datePublished":"2012-12-05T13:07:36+00:00","dateModified":"2012-12-05T13:07:36+00:00","author":{"@id":"https:\/\/president-ksgov.net\/#\/schema\/person\/bb4337a5fb147cb2046d80548172cbee"},"description":"Govor Predsednice Jahjaga na \u010cetrvtom Sastanku predsednika zemalja Zapadnog Balkana u Budvi - Predsednik Republike Kosovo - DR. VJOSA OSMANI - SADRIU -","breadcrumb":{"@id":"https:\/\/president-ksgov.net\/fjalimi-i-presidentes-jahjaga-ne-takimin-e-katert-te-kryetareve-te-shteteve-te-ballkanit-perendimor-ne-budve-2\/#breadcrumb"},"inLanguage":"sr-RS","potentialAction":[{"@type":"ReadAction","target":["https:\/\/president-ksgov.net\/fjalimi-i-presidentes-jahjaga-ne-takimin-e-katert-te-kryetareve-te-shteteve-te-ballkanit-perendimor-ne-budve-2\/"]}]},{"@type":"ImageObject","inLanguage":"sr-RS","@id":"https:\/\/president-ksgov.net\/fjalimi-i-presidentes-jahjaga-ne-takimin-e-katert-te-kryetareve-te-shteteve-te-ballkanit-perendimor-ne-budve-2\/#primaryimage","url":"https:\/\/president-ksgov.net\/wp-content\/uploads\/Takimi_i_perbashket_0.jpg","contentUrl":"https:\/\/president-ksgov.net\/wp-content\/uploads\/Takimi_i_perbashket_0.jpg","width":1000,"height":667},{"@type":"BreadcrumbList","@id":"https:\/\/president-ksgov.net\/fjalimi-i-presidentes-jahjaga-ne-takimin-e-katert-te-kryetareve-te-shteteve-te-ballkanit-perendimor-ne-budve-2\/#breadcrumb","itemListElement":[{"@type":"ListItem","position":1,"name":"Home","item":"https:\/\/president-ksgov.net\/sr\/"},{"@type":"ListItem","position":2,"name":"Govor Predsednice Jahjaga na \u010cetrvtom Sastanku predsednika zemalja Zapadnog Balkana u Budvi"}]},{"@type":"WebSite","@id":"https:\/\/president-ksgov.net\/#website","url":"https:\/\/president-ksgov.net\/","name":"Presidente e Republik\u00ebs s\u00eb Kosov\u00ebs","description":"Presidente e Republik\u00ebs s\u00eb Kosov\u00ebs","alternateName":"DR. VJOSA OSMANI - SADRIU","potentialAction":[{"@type":"SearchAction","target":{"@type":"EntryPoint","urlTemplate":"https:\/\/president-ksgov.net\/?s={search_term_string}"},"query-input":{"@type":"PropertyValueSpecification","valueRequired":true,"valueName":"search_term_string"}}],"inLanguage":"sr-RS"},{"@type":"Person","@id":"https:\/\/president-ksgov.net\/#\/schema\/person\/bb4337a5fb147cb2046d80548172cbee","name":"admin","image":{"@type":"ImageObject","inLanguage":"sr-RS","@id":"https:\/\/president-ksgov.net\/#\/schema\/person\/image\/","url":"https:\/\/secure.gravatar.com\/avatar\/36156ca0fa3b8d9d25174f146e16beea0cf28f37adf1b9e19b6c9c279a7c9dd3?s=96&d=mm&r=g","contentUrl":"https:\/\/secure.gravatar.com\/avatar\/36156ca0fa3b8d9d25174f146e16beea0cf28f37adf1b9e19b6c9c279a7c9dd3?s=96&d=mm&r=g","caption":"admin"},"sameAs":["https:\/\/president-ksgov.net"]}]}},"_links":{"self":[{"href":"https:\/\/president-ksgov.net\/sr\/wp-json\/wp\/v2\/posts\/78683","targetHints":{"allow":["GET"]}}],"collection":[{"href":"https:\/\/president-ksgov.net\/sr\/wp-json\/wp\/v2\/posts"}],"about":[{"href":"https:\/\/president-ksgov.net\/sr\/wp-json\/wp\/v2\/types\/post"}],"author":[{"embeddable":true,"href":"https:\/\/president-ksgov.net\/sr\/wp-json\/wp\/v2\/users\/1"}],"replies":[{"embeddable":true,"href":"https:\/\/president-ksgov.net\/sr\/wp-json\/wp\/v2\/comments?post=78683"}],"version-history":[{"count":0,"href":"https:\/\/president-ksgov.net\/sr\/wp-json\/wp\/v2\/posts\/78683\/revisions"}],"wp:featuredmedia":[{"embeddable":true,"href":"https:\/\/president-ksgov.net\/sr\/wp-json\/wp\/v2\/media\/53160"}],"wp:attachment":[{"href":"https:\/\/president-ksgov.net\/sr\/wp-json\/wp\/v2\/media?parent=78683"}],"wp:term":[{"taxonomy":"category","embeddable":true,"href":"https:\/\/president-ksgov.net\/sr\/wp-json\/wp\/v2\/categories?post=78683"},{"taxonomy":"post_tag","embeddable":true,"href":"https:\/\/president-ksgov.net\/sr\/wp-json\/wp\/v2\/tags?post=78683"}],"curies":[{"name":"wp","href":"https:\/\/api.w.org\/{rel}","templated":true}]}}