{"id":78654,"date":"2012-12-12T11:15:32","date_gmt":"2012-12-12T11:15:32","guid":{"rendered":"https:\/\/dev.president-ksgov.net\/govor-predsednice-republike-kosovo-gospodje-atifete-jahjaga-u-skuptini-kosova-2\/"},"modified":"2012-12-12T11:15:32","modified_gmt":"2012-12-12T11:15:32","slug":"govor-predsednice-republike-kosovo-gospodje-atifete-jahjaga-u-skuptini-kosova-2","status":"publish","type":"post","link":"https:\/\/president-ksgov.net\/sr\/govor-predsednice-republike-kosovo-gospodje-atifete-jahjaga-u-skuptini-kosova-2\/","title":{"rendered":"GOVOR PREDSEDNICE REPUBLIKE KOSOVO, GOSPO\u0110E ATIFETE JAHJAGA U SKUP&#138;TINI KOSOVA"},"content":{"rendered":"<p>Danas, kada se vrsimo pet godina nastanka na&#353;e dr&#382;ave, izgra\u0111ene znojem, mukom i &#382;rtvovanjem mnogih generacija, koji su pravo &#382;ivljenja u slobodi pretvorili u realnost, posve\u0107enje da od Kosova \u010dinimo zemlju snova svakoga gra\u0111ana postaje jo&#353; ja\u010da.<\/p>\n<p>Po&#353;tovani Podpredsedni\u010de Skup&#353;tine Republike Kosova,<br \/>\nPo&#353;tovani poslanici Skup&#353;tine Republike Kosova,<br \/>\nPo&#353;tovani Premijeru Vlade Republike Kosova,<br \/>\nPo&#353;tovani zamenici premijera,<br \/>\nPo&#353;tovani ministri,<br \/>\nPo&#353;tovani ambasadori i predsetavnici diplamtskih misija prijateljskih zemalja,\u00a0<br \/>\nPo&#353;tovani sugra\u0111ani, <\/p>\n<p>Danas, kada se vrsimo pet godina nastanka na&#353;e dr&#382;ave, izgra\u0111ene znojem, mukom i &#382;rtvovanjem mnogih generacija, koji su pravo &#382;ivljenja u slobodi pretvorili u realnost, posve\u0107enje da od Kosova \u010dinimo zemlju snova svakoga gra\u0111ana postaje jo&#353; ja\u010da. <\/p>\n<p>Danas, kada Mi, gra\u0111ani Republike Kosovo, hodamo u pravcu jedne bolje i bogatije budu\u0107nosti, kada ja\u010damo temelje pravne i demokratske dr&#382;ave, sveobuhvatne i ustrajne, potreba za izmene i reforme postaje sve neophodnija.<\/p>\n<p>Ovu reformu su tra&#382;ili na&#353;i gra\u0111ani kao temelja na&#353;e budu\u0107nosti, koja otvara put ja\u010danja dr&#382;ave i koja stvara dugoro\u010dnu perspektivu za na&#353;u decu. Ovu su reformu tra&#382;ili oni koji su se postavili na \u010delo izgradnje i ja\u010danja dr&#382;ave: i to poljoprivrednici i radnici, in&#382;enjeri i gra\u0111evinari, nastavnici i nau\u010dni radnici, u\u010denici i studenti, ali i lekari. <\/p>\n<p>Tra&#382;ili su na&#353;i gra\u0111ani &#8211; svugde.<\/p>\n<p>Reforma treba da bude sveobuhvatna i duboka, za dobrobit zemlje koja \u0107e trasirati na&#353; put evropsko &#8211; atlantskih integracija, ali radi podizanja &#382;ivotnog standarda na&#353;eg gra\u0111anina, radi pomaganja ekonomskog razvoja zemlje i za ja\u010danje osnova vladanja reda i zakona. <\/p>\n<p>Jedna reforma koja \u0107e pomo\u0107i u podizanju sistema obrazovanja i vaspitanja za na&#353;u decu, kao na&#353;a budu\u0107nost. Za jedan ja\u010di zdravstveni sistem, da bi na&#353;i gra\u0111ani imali bolju zdravstvenu brigu. Za br&#382;i ekonomski razvoj i mogu\u0107nosti investiranja. Za jednu ve\u0107u bezbednost na&#353;eg gra\u0111anina, gde god bio, u svakom krajku zemlje, za slobodno i bezbri&#382;no kretanje.<\/p>\n<p>Zahtevu na&#353;ih gra\u0111ana, od pre godinu dana, da je do&#353;lo vreme za delovanje, sada odgovaramo konkretnim delatnostima.<\/p>\n<p>Po&#353;tovani poslanici, <\/p>\n<p>Po&#353;tovani gra\u0111ani, <\/p>\n<p>Povrh na&#353;ih razlika, mi delimo zajedni\u010dku budu\u0107nost; integraciju unutar granica dr&#382;ave i istovremeno integraciju u EZ-e. Tako\u0111e jedno ve\u0107no prijateljstvo sa SAD-e, jedan veliki prijatelj koji je uvek stajao uz nas, i koji je podr&#382;ao na&#353; pravedan put u pravcu na&#353;e bolje budu\u0107nosti.<\/p>\n<p>Ova budu\u0107nost blagostanja i napretka je otvorena za na&#353;u dr&#382;avu na jesen ove godine, sa okon\u010danjem faze nadgledanja nezavisnosti, jednog zajedni\u010dkog uspeha gra\u0111ana i institucija Republike Kosovo i na&#353;ih me\u0111unarodnih prijatelja.<br \/>\n\u00a0<br \/>\nKao demokratski izgra\u0111ena dr&#382;ava mi smo preuzeli potpunu odgovornost za sva pitanja unutar na&#353;e zemlje, za vo\u0111enje napred svih procesa i radi garantovanja na&#353;ih istorijskih, kulturnih i verskih vrednosti.<\/p>\n<p>Na&#353;a nezavisnost je garant stabilnosti i mira ne samo u region. Na&#353;a dr&#382;ava je promoter razvoja dobro susednih politika.<\/p>\n<p>Kosovo je jedna i nedeljiva; dr&#382;ava svih njenih gra\u0111ana koja pru&#382;a ravnopravne mogu\u0107nosti za svakoga.<\/p>\n<p>Republika Kosovo je postala nedeljiv deo svih me\u0111unarodnih procesa, naro\u010dito regionalnih, daju\u0107i neposredni doprinos, kao jedna ravnopravna dr&#382;ava sa svim drugim dr&#382;avama u Evropi i svet. Kosovo nije zemlja krize nego va&#382;an faktor koji pru&#382;a re&#353;enja za probleme.<\/p>\n<p>Ova unutra&#353;nja stabilnost je reflektirala i van zemlje, daju\u0107i mogu\u0107nost da svetu predstavimo jedno novo Kosovo, jedno demokratsko Kosovo. Ova pri\u0107a ovogodi&#353;njeg uspeha je ove godine donosio jedan ve\u0107i broj priznanja i oja\u010dao na&#353;e prisustvo u me\u0111unarodnu scenu. Na kraju ve\u0107ina zemalja \u010dlanica Evropske Banke za Obnovu i Razvoj, glasali su u korist Republike Kosovo. Kao Kosovo smo postigli ja\u010dati na&#353; glas u pru&#382;anju re&#353;enja za globalne izazove, obuhvataju\u0107i i ravnopravnost rodova i ja\u010danje &#382;ena.<\/p>\n<p>Za nas \u010dlanstvo u Evropsku Zajednicu. Organizaciju Ujedinjenih Naroda, Nato i druge me\u0111unarodne mehanizme ostaje prevashodni cilj koji nudi va&#382;nu perspektivu i sme&#353;ta Kosovo me\u0111u ravnopravnim narodima.<\/p>\n<p>Republika\u00a0 Kosovo treba da bude deo va&#382;nih regionalnih i me\u0111unarodnih\u00a0 mehanizama bezbednosti, EUROPOL-a i INTERPOL-a, da bi dala doprinos u suzbijanju svih vrsta zlo\u010dina, obuhvataju\u0107i i zlo\u010dine koji prelaze dr&#382;avne granice. Mi smo uspostavili jednu Policiju sa me\u0111unarodnim profesionalnim standardima, spremna i sposobna da se su\u010deljava sa svim izazovima.<\/p>\n<p>Izgradili smo jednu Snagu Bezbednosti Kosova, uz pomo\u0107 NATO-a, jednu strukturu koja je ispunila eperacionalne kapacitete i spremne da preuzima i zadatke u me\u0111unarodnim misijama svugde u svetu.<\/p>\n<p>Obe ove institucije su stekle poverenje i punu podr&#353;ku gra\u0111ana Kosova. <\/p>\n<p>Ceo region Zapadnog Balkana se kre\u0107e na putu evropskih integracija i Kosovo je nedeljiv deo ovoga puta.<\/p>\n<p>Proces evropsko-atlantske integracije za Kosovo je do&#382;iveo jedan novi razvoj tokom jedne godine, sa svestranim anga&#382;ovanjem svih institucija i gra\u0111ana zemlje. Mi smo stupili u novu fazu odnosa sa Evropskom Zajednicom, sa dobivanjem Studije Fizibiliteta koja otvara na&#353; put u pravcu po\u010detka pregovora za Sporazum o Stabilizaciji i pridru&#382;ivanja.<\/p>\n<p>Na&#353; cilj je da se ovaj proces otvara &#353;to pre. EZ-e, \u0107e ovime dokazati spremnost odr&#382;avanja otvorenim perspektive integriranja za sve dr&#382;ave Zapadnog Balkana, bez razlike.<\/p>\n<p>Proces integracija ipak je jedan dvosmerni put. Mi imamo mnogo posla da uradimo u ispunjavanju svih kriterija i evropskih standarda, po\u010dev od na&#353;ih unutra&#353;njih reformi u svakoj oblasti koja je za dobrobit na&#353;ih gra\u0111ana.<\/p>\n<p>Ali put u pravcu Evropske Zajednice je jasan i siguran. Evropska Zajednica treba da govori jednoglasno za Kosovo i da dr&#382;i otvorena vrata za svaku zemlju Zapadnog Balkana, posvetiv&#353;i im istu pa&#382;nju. Evropa je porodica u kojoj &#382;elimo da se ponovo vratimo svi mi narodi regiona Balkana, koje nas je istorija nepravedno podelila. I istoriju so danas odlu\u010dili da je ujedinimo za dobrobit na&#353;ih naroda. Kretanje na ovom putu nam garantuje Evropska Zajednica.<\/p>\n<p>Dobili smo putokaz za liberalizaciju viza, koji ima za cilj slobodno kretanje na&#353;ih gra\u0111ana. Kosovo ne\u0107e ostati jedina zemlja bez slobodnog kretanja. Mi garantujemo da gra\u0111ani Republike Kosovo \u0107e po&#353;tovati sva pravila i kriterije EZ-e.<\/p>\n<p>Mi smo spremni da u\u0111emo u ove nove odnose sa EZ-e i &#382;elimo da ovaj proces, liberalizacije viza da se okon\u010da ne kasnije od kraja idu\u0107e godine. Nemogu\u0107nost slobodnog kretanja je zatvarao gra\u0111ane Republike Kosovo ote&#382;avaju\u0107i ne samo njihov &#382;ivot, nego i sveukupni razvoj zemlje. Liberalizacija viza zna\u010di jo&#353; jedno priznanje za rad i anga&#382;ovanje svakog gra\u0111anina i institucije Republike Kosovo na izgradnji demokratske dr&#382;ave.<\/p>\n<p>Evropski put nema alternativu i na ovom smo putu ujedinjeni; svi gra\u0111ani bez razlike, kao i institucije.Na&#353;a evropska agenda treba da se pretvori u jedan plan rada za celo dru&#353;tvo Kosova.<\/p>\n<p>Ovaj momenat je samo\u00a0 po\u010detak jednog dugog puta reformi. U ovaj proces, jedinstvo svih kosovskih dru&#353;tvenih faktora je potreban. Kako institucije tako i politi\u010dke partije, civilno dru&#353;tvo, akademski krugovi i onaj biznisa trebaju odigrati jednu odlu\u010duju\u0107u ulogu.<\/p>\n<p>Oslanjaju\u0107i se na iskustva zemalja koje su ve\u0107 pro&#353;le kroz ovaj proces, sveobuhvatni konsenzus u ispunjavanju reformi za integraciju jeste odlu\u010duju\u0107i.<\/p>\n<p>U martu ove godine sam osnivala Nacionalno Ve\u0107e za Evropske Integracije, institucionalni mehanizam, kao dokaz na&#353;eg jedinstva, institucija, politi\u010dkog spektra, op&#353;tina, civilnog dru&#353;tva, biznisa i\u00a0 svih gra\u0111ana radi preuzimanja odgovornosti za ubrzanje dinamike evropske\u00a0 integracije ujedinjavaju\u0107i na&#353;a nastojanja za &#353;to uspe&#353;niju realizaciju ovog procesa.\u00a0\u00a0\u00a0\u00a0\u00a0\u00a0\u00a0\u00a0\u00a0\u00a0\u00a0\u00a0\u00a0\u00a0\u00a0\u00a0\u00a0\u00a0\u00a0\u00a0\u00a0\u00a0\u00a0\u00a0\u00a0\u00a0\u00a0\u00a0\u00a0\u00a0 <\/p>\n<p>Stvorili smo jednu politi\u010dku i dru&#353;tvenu platformu, u cilju osiguranja tokom ovog putanja jednog jasnog i stabilnog kursa za zemlju u pravcu potpune integracije u EZ-e, ja\u010daju\u0107i poverenje i partnerstvo institucija sa civilnim dru&#353;tvom, akademskom zajednicom i biznisom.<br \/>\n\u00a0<br \/>\nAli ovaj na&#353; pravi put \u010dlanstva u EZ-e zahteva od nas ve\u0107e anga&#382;ovanje u izvr&#353;avanju na&#353;ih unutra&#353;njih reformi. Reforme koje se nadovezuju uglavnom sa vladanjem reda i zakona i koje zahtevaju obuhvatanje svakog segmenta na&#353;eg dru&#353;tva.<\/p>\n<p>Mi gradimo pravnu dr&#382;avu, gde po&#353;tovanje reda i zakona, i ravnopravnost pred njim, zna\u010di sigurnost za gra\u0111ana, zna\u010di blagostanje i razvoj, koje jeste sigurna investicija za na&#353;u budu\u0107nost.<\/p>\n<p>Mi smo do&#353;li u jedan period istorije na&#353;e dr&#382;ave kada borba protiv korupcije i organizovanog kriminala postaje sna&#382;na i beskompromisna.<\/p>\n<p>Kada na&#353;a deca, koji \u0107e dr&#382;avu naslediti od nas, ne\u0107e nas pitati za na&#353;e &#382;rtva na ovoj borbi &#8211; nego \u0107e u&#382;ivati njene plodove. Kada budu\u0107e generacije ne\u0107e govoriti vi&#353;e o negativnim pojavama &#8211; nego \u0107e u&#382;ivati razvoj dr&#382;ave i i\u0107i \u0107e napred. <\/p>\n<p>Mi nemamo vremena za gubljenje &#8211; onoliko koliko ne mo&#382;emo gubiti borbu protiv organizovanog kriminala i korupcije. Mi nemamo mogu\u0107nosti i druge &#353;anse osim ove dana&#353;nje. &#381;rtvovanje generacije za slobodu, demokratiju i nezavisnost ne\u0107emo dovesti u opasnost.<\/p>\n<p>S toga smo posve\u0107eni da negativne pojave u zemlji iskorenimo, jer one smetaju na&#353; razvoj kao dru&#353;tvo i dr&#382;ava, ometaju proces evropsko-atlantske integracije, ometaju &#382;ivot na&#353;eg gra\u0111anina.<\/p>\n<p>Ne &#382;elimo da na&#353;i mladi ostanu taoci korupcije i organizovano kriminala, pojave ove koje su ometale investicije i otvaranje novih radnih mesta.<\/p>\n<p>Ne smemo uni&#353;titi njihovu perspektivu! <\/p>\n<p>S toga, na osnovu mog\u00a0 ustavnog autoriteta sam osnovala Nacionalno Ve\u0107e Protiv Korupcije, za suzbijanje ove uni&#353;tavaju\u0107e pojave na najvi&#353;em nivou i sa najve\u0107om ozbiljno&#353;\u0107u.<\/p>\n<p>U ovo Ve\u0107e, mi smo koordinirali postupke svih institucija koje su pod mandatom da suzbiju korupciju, pobolj&#353;avaju\u0107i komunikaciju izme\u0111u njih, dele\u0107i odgovornosti i pove\u0107aju\u0107i polaganje ra\u010duna. Za potpuno sprovo\u0111enje zakona u ovu klju\u010dnu bitku koja je ujedno i \u010dvor koji utvr\u0111uje na&#353;u unutra&#353;nju stabilnost, ustrajnost na&#353;e zemlje i evropske perspektive koju ciljamo.<\/p>\n<p>Formiranjem Ve\u0107a kao prioritet Ureda Predsednice Kosova, pomogli smo pobolj&#353;anje imid&#382;a Kosova van zemlje i menjanje percepcije unutar njenih granica.<\/p>\n<p>Do&#353;li smo do korisnih zaklju\u010daka za reviziju i izmene zakonodavstva i identifikovali smo nedostatke koje nam osporavaju na&#353; rad.<\/p>\n<p>Ali pre svega, stvorili smo jedan zajedni\u010dki i sveobuhvatni front koji ne\u0107e prestati raditi do ukidanja korupcije na Kosovu. Ovo nastavlja biti jedan od prioriteta mog Ureda.<\/p>\n<p>Mi trebamo nastaviti ubrzati reforme za ja\u010danje reda i zakona i pobolj&#353;anje klime za biznis, kao preduslove za privla\u010denje inostranih neposrednih\u00a0 investicija, uz pove\u0107anje unutra&#353;nje proizvodnje, koja donosi zapo&#353;ljavanje i pove\u0107ava kvalitet i konkurenciju na&#353;ih proizvoda i usluga.<\/p>\n<p>Ove godine na&#353;a zemlja je pobolj&#353;ala infrastrukturu puteva &#353;to \u0107e olak&#353;ati promet robe i kretanje ljudi. Realizacije projekta Nacionalnog puta &#8220;Ibrahim Rugova&#8220; sopstvenim sredstvima pokazuje posve\u0107enje i institucionalno anga&#382;ovanje za izgradnju potrebne infrastrukture &#353;to \u0107e pomo\u0107i ekonomski i sveukupni razvoj na&#353;e nacije. Na&#353;a veza je u funkciji povezivanja naroda i dr&#382;ava. Na&#353;a veza u va&#382;ne evropske koridore je va&#382;na jer nas povezuje sa drugim zemljama regiona i sveta.<\/p>\n<p>Za jedan ustrajan ekonomski razvoj i otvaranje novih radnih mesta na&#353;a \u0107e zemlja stvarati razvojne politike koje izra&#382;avaju dugoro\u010dne ekonomske vizije Kosova. Ovome cilju treba da slu&#382;i i Bud&#382;et za 2013 godinu i srednjero\u010dni razvojni planovi.<\/p>\n<p>Po&#353;tovani sugra\u0111ani,\u00a0 <\/p>\n<p>Danas &#382;elim da odavde podse\u0107am na onih 1.770 na&#353;ih nestalih gra\u0111ana, koje porodice tra&#382;e ve\u0107 14 godina zaredom. Mir nijedne porodice na Kosovu i mir u na&#353;u dr&#382;avu ne mo&#382;e da se uspostavi niti da se posti&#382;e bez rasvetljavanja sudbine svakog nestalog gra\u0111anina. S toga, mi institucije Republike Kosovo \u0107emo se sna&#382;nije anga&#382;ovati da se ovo pitanje re&#353;ava, da se uspostavi du&#353;evni mir porodica koje imaju svoje nestale \u010dlanove.<\/p>\n<p>U na&#353;oj sredini ima jo&#353; mnogo drugih &#382;rtava rata. Oni &#382;ele i zaslu&#382;uju pravdu. S toga, Na\u010delima Pri&#353;tine, Me\u0111unarodnog Samita &#381;ena, Partnerstvo za Promene, smo zahtevali da se silovanim &#382;enama prizna zakoniti status ratnih &#382;rtava, kako bi one, zajedno sa ostalim &#382;enama koje su &#382;rtvovale tako mnogo za slobodu, zauzmu mesto koje im sleduje.<\/p>\n<p>Na&#353; mir je mir za sve, mir i stabilnost svugde.<\/p>\n<p>Demokratija koju razvijamo je na&#353;a snaga &#8211; dr&#382;ave sa kulturnim, etni\u010dkim i verskim razli\u010ditostima. Ove dr&#382;ave koja je imala te&#353;ku pro&#353;lost: koju nismo zaboravili, ali smo izgradili sada&#353;njost u \u010dast budu\u0107nosti.<\/p>\n<p>Mi smo u&#353;li u va&#382;nim procesima za dr&#382;avu i imamo potrebe da smo jedinstveni. Na&#353;e politi\u010dke razlike trebamo pretvoriti u prednost i pragmatizam za na&#353;u dobrobit i budu\u0107nost. <\/p>\n<p>Kao faktor mira i stabilnosti u region odazvali smo se dobro susedstvu sa svim dr&#382;avama, grade\u0107i istu uz po&#353;tovanje, kao ravnopravni i dostojanstveni. Ali mi smo svesni za probleme u odnosima sa Republikom Srbijom, te s toga smo u&#353;li u dijalog radi iznala&#382;enja re&#353;enja.<\/p>\n<p>Dijalog nije samo najbolje re&#353;enje, ali je jedini na\u010din da Republika Srbija preuzima odgovornosti i sprovede me\u0111unarodne sporazume u odnosu na Kosovo. Dijalog je najbolji na\u010din za normalizaciju odnosa izme\u0111u dve ravnopravne i suverene dr&#382;ave, koji otvara put evropske integracije.<\/p>\n<p>Nemamo vremena za gubljenje i sada vi&#353;e nego ikad mi trebamo da se ujedinimo radi iznala&#382;enja najboljih re&#353;enja za Kosovo, zasnovanih na evropskim standardima, garantovanih od EZ-e i sna&#382;no podr&#382;ane od SAD-e.<\/p>\n<p>Jasno smo objavili da je Kosovo jedna jedinstvena teritorijalna jedinica i ima svoje me\u0111unarodno garantovane granice. Ne\u0107e biti niti jedno drugo re&#353;enje osim onih koje se zasnivaju na zakon i Ustav Republike Kosovo i svi sporazumi koji budu postignuti treba da se garantuju i sprovedu u praksu.<\/p>\n<p>Nema podele Kosova. Nema niti razmene teritorija a niti populacije. <\/p>\n<p>Ne &#382;elimo da stvaramo dvostruke standarde za zajednice na Kosovu i naro\u010dito ne &#382;elimo da ru&#353;imo ono &#353;to smo do sada postigli, obuhvat svih zajednica, srba, turaka, bisnjaka, gorani, roma, ashkanlija, egipcana, u institucije Republike Kosovo.<\/p>\n<p>Dijalog se odvija radi nalaza prakti\u010dnih re&#353;enja za gra\u0111ane i za normalizaciju odnosa izme\u0111u dve dr&#382;ave. Na&#353;a pro&#353;lost ne\u0107e dr&#382;ati kao taoca budu\u0107nost i mi \u0107emo na\u0107i na\u010dina za re&#353;avanje pitanja koja su nam ostala otvorena.<\/p>\n<p>Izrazila sam spremnost da se sastajem sa Predsednikom Srbije, u interesu dr&#382;ave i naroda Kosova, oslanjaju\u0107i se na zakone i Ustav Kosova. Ja sam izjavila da bi se\u00a0\u00a0 sastala bilo kad i bilo gde i nastavljam verovati da sastanci izme\u0111u ravnopravnih predstavnika Kosova i Srbije doprinose normalizaciji odnosa. Sastanci ne podrazumevaju uslovljavanje bilo koje strane, a najmanje predstavnika Republike Kosovo. Problemi se sami po sebi ne re&#353;avaju i ne re&#353;avaju se nasiljem. Problemi u moderno vreme se re&#353;avaju sa dijalogom, posebno onde gde je rat zavr&#353;en.<\/p>\n<p>Na&#353; put u pravcu EZ-e \u0107e nam biti lak&#353;i ukoliko sara\u0111ujemo izme\u0111u sebe, kao dve suverene i nezavisne dr&#382;ave, koje jedna drugoj po&#353;tuju vrednosti i dobro susedstvo. <\/p>\n<p>Pozivamo Republiku Srbiju da odustaje od finansiranja i podr&#353;ke ilegalnim kriminalnim strukturama na severu zemlje, jer oni tamo\u00a0 dr&#382;e kao taoca &#382;ivot obi\u010dnih gra\u0111ana. Zahtevamo od autoriteta Republike Srbije da odustanu od uplitanja unutar teritorija Republike Kosovo. Stabilnost Kosova, kao nezavisne i suverene dr&#382;ave jeste stabilnost za region i &#353;ire. Na&#353;i odnosi ne mogu dr&#382;ati kao taoca stabilnost Evrope i ne mogu ugroziti op&#353;ti razvoj Zapadnog Balkana <\/p>\n<p>&#381;ivot gra\u0111ana je va&#382;niji od egoizma vlasti.<\/p>\n<p>U op&#353;tinama\u00a0 na severu uspostaviti \u0107emo red i vladanje zakona, rasturanjem svih struktura vezanih sa organizovanim kriminalom, kontrabandom i korupcijom, vra\u0107anjem poverenja gra\u0111ana ovog dela zemlje u institucije Republike Kosovo. Normalizaciju situacije bi omogu\u0107ilo da u vreme kada se odr&#382;e lokalni izbori Republike Kosovo, na osnovu zakona i Ustava zemlje, da se one odr&#382;avaju i u op&#353;tinama na severu teritorija, pru&#382;aju\u0107i srpskoj i drugim zajednicama mogu\u0107nost da biraju svoje legalne i legitimne predstavnike. Ovo bi omogu\u0107ilo i br&#382;i ekonomski razvoj tri op&#353;tina na sever te bi ujedno pobolj&#353;alo me\u0111uljudske odnose.<\/p>\n<p>Ali uz demokratiju i razvoj dolaze i odgovornosti isto toliko koliko i prava. Srpski gra\u0111ani u severnim op&#353;tinama treba da ose\u0107aju i razumeju Kosovo kao svoju dr&#382;avu i domovinu. Da ose\u0107aju da kulturna, etni\u010dka i verska razli\u010ditost jeste na&#353;e zajedni\u010dko bogatstvo i da shvate da njihova budu\u0107nost jeste unutar ove dr&#382;ave.<\/p>\n<p>S toga pozivam gra\u0111ane srpske zajednice, posebno one u op&#353;tinama na sever, da gledaju ka njihovoj budu\u0107nosti zajedno sa svim gra\u0111anima Kosova.<\/p>\n<p>I zato pozivam gra\u0111ane srpske zajednice, posebno one koji &#382;ive u op&#353;tinama na severu, da gledaju ka njihovoj budu\u0107nosti, zajedno sa svim drugim gra\u0111anima Kosova. Va&#353;a domovina je Kosovo, mesto velikih aspiracija i mogu\u0107nosti. Va&#353;a domovina je Kosovo, zemlja nade i zajedni\u010dkih odgovornosti. Hajde da je zajedno izgradimo za na&#353;u dobrobit, i za sigurniju i bolju budu\u0107nost.\u00a0\u00a0\u00a0 <\/p>\n<p>Po&#353;tovani poslanici,<\/p>\n<p>Na&#353;e anga&#382;ovanje ne zavr&#353;ava ustavnom i izbornom reformom, iako je bilo dosta truda za okon\u010danje ovih procesa. Gra\u0111ani Kosova s pravom\u00a0 o\u010dekuju da im ponudimo jedan pregled postignutih rezultata i oni &#382;ele da mi njih uspe&#353;no zaklju\u010dimo.<\/p>\n<p>Vreme je da se na\u0111u zajedni\u010dka re&#353;enja naro\u010dito u izbornoj reformi i da sve politi\u010dke snage u zemlji nude najbolja re&#353;enja, za jednu sigurnu izbornu utakmicu. Za uspostavljanje osnova za slobodne i demokratske izbore u kojima gra\u0111ani imaju poverenja. <\/p>\n<p>Na&#353;oj zemlji je neophodno da s uspehom zavr&#353;ava proces izborne i ustavne reforme. Faza tranzicije koju je na&#353;a dr&#382;ava prevazi&#353;la ovih godina oslobo\u0111enja i iskustvo sa demokracijom nam je dala mogu\u0107nost da vidimo kako trebamo pobolj&#353;amo izborno zakonodavstvo i kako da izvr&#353;imo ustavnu reformu\u00a0 da bismo unapredili demokratske procese i jasnije podelili nadle&#382;nosti unutar institucija.<\/p>\n<p>Po&#353;tovani moji sugra\u0111ani,<\/p>\n<p>Tra&#382;ili ste konkretne postupke i rezultate radi unapre\u0111enja demokratskih procesa preko kojih prolazi zemlja. Tra&#382;ili ste vi&#353;e rada i ve\u0107e anga&#382;ovanje od svih nas da izgradimo Kosovo, jednu dostojanstvenu dr&#382;avu, za koju smo svi ponosni.<\/p>\n<p>Mi nikada nismo odustali od zajedni\u010dkih snovi za Republiku Kosovo kao jedne zemlje velikih mogu\u0107nosti. Ostvarili smo volju za slobodu i nezavisnost i svi zajedno \u0107emo u&#382;ivati jednu bolju budu\u0107nost. Sa vi&#353;e blagostanja i ve\u0107e bogatstvo, sa ve\u0107im razvojem i ekonomskim napretkom i sa vi&#353;e radnih mesta.<\/p>\n<p>Ono &#353;to okarakterizira na&#353; nepobediv duh na Kosovu je bila solidarnost me\u0111u nama i me\u0111usobno poverenje jednog na drugog. Na&#353;e jedinstvo je bilo deo na&#353;e bogate ali vrlo te&#353;ke istorije i ono je bio na&#353; spas. <\/p>\n<p>Izazovi na na&#353;em kretanju napred \u0107e biti veliki i ja ne ka&#382;em da \u0107e nam biti lako.<\/p>\n<p>Ali mi trebamo o Kosovu govoriti jednoglasno, jer nam je na&#353;a domovina sa kojom \u0107e biti ponosni svi oni koji su nam pomogli da je gradimo.<\/p>\n<p>Vreme je da gledamo napred i da poka&#382;emo da je na&#353;a snaga u na&#353;e jedinstvo\u00a0 i u poverenje u na&#353;e sopstvene snage. Poverenje na Nas.<\/p>\n<p>Bog vas blagosiljao!<\/p>\n<p>Blagosiljao Bog Kosovo!<\/p>\n","protected":false},"excerpt":{"rendered":"<p>Danas, kada se vrsimo pet godina nastanka na&#353;e dr&#382;ave, izgra\u0111ene znojem, mukom i &#382;rtvovanjem mnogih generacija, koji su pravo &#382;ivljenja u slobodi pretvorili u realnost, posve\u0107enje da od Kosova \u010dinimo zemlju snova svakoga gra\u0111ana postaje jo&#353; ja\u010da.<\/p>\n","protected":false},"author":1,"featured_media":53018,"comment_status":"open","ping_status":"closed","sticky":false,"template":"","format":"standard","meta":{"_eb_attr":"","footnotes":""},"categories":[101],"tags":[],"class_list":["post-78654","post","type-post","status-publish","format-standard","has-post-thumbnail","hentry","category-vesti"],"yoast_head":"<!-- This site is optimized with the Yoast SEO plugin v23.5 - https:\/\/yoast.com\/wordpress\/plugins\/seo\/ -->\n<title>GOVOR PREDSEDNICE REPUBLIKE KOSOVO, GOSPO\u0110E ATIFETE JAHJAGA U SKUP&#138;TINI KOSOVA - Predsednik Republike Kosovo - DR. VJOSA OSMANI - SADRIU<\/title>\n<meta name=\"description\" content=\"GOVOR PREDSEDNICE REPUBLIKE KOSOVO, GOSPO\u0110E ATIFETE JAHJAGA U SKUP&#138;TINI KOSOVA - Predsednik Republike Kosovo - DR. VJOSA OSMANI - SADRIU -\" \/>\n<meta name=\"robots\" content=\"index, follow, max-snippet:-1, max-image-preview:large, max-video-preview:-1\" \/>\n<link rel=\"canonical\" href=\"https:\/\/president-ksgov.net\/sr\/govor-predsednice-republike-kosovo-gospodje-atifete-jahjaga-u-skuptini-kosova-2\/\" \/>\n<meta property=\"og:locale\" content=\"sr_RS\" \/>\n<meta property=\"og:type\" content=\"article\" \/>\n<meta property=\"og:title\" content=\"GOVOR PREDSEDNICE REPUBLIKE KOSOVO, GOSPO\u0110E ATIFETE JAHJAGA U SKUP&#138;TINI KOSOVA - Predsednik Republike Kosovo - DR. VJOSA OSMANI - SADRIU\" \/>\n<meta property=\"og:description\" content=\"GOVOR PREDSEDNICE REPUBLIKE KOSOVO, GOSPO\u0110E ATIFETE JAHJAGA U SKUP&#138;TINI KOSOVA - Predsednik Republike Kosovo - DR. VJOSA OSMANI - SADRIU -\" \/>\n<meta property=\"og:url\" content=\"https:\/\/president-ksgov.net\/sr\/govor-predsednice-republike-kosovo-gospodje-atifete-jahjaga-u-skuptini-kosova-2\/\" \/>\n<meta property=\"og:site_name\" content=\"Predsednik Republike Kosovo - DR. VJOSA OSMANI - SADRIU\" \/>\n<meta property=\"article:published_time\" content=\"2012-12-12T11:15:32+00:00\" \/>\n<meta property=\"og:image\" content=\"https:\/\/president-ksgov.net\/wp-content\/uploads\/fjalimi_001.jpg\" \/>\n\t<meta property=\"og:image:width\" content=\"640\" \/>\n\t<meta property=\"og:image:height\" content=\"427\" \/>\n\t<meta property=\"og:image:type\" content=\"image\/jpeg\" \/>\n<meta name=\"author\" content=\"admin\" \/>\n<meta name=\"twitter:card\" content=\"summary_large_image\" \/>\n<meta name=\"twitter:label1\" content=\"\u041d\u0430\u043f\u0438\u0441\u0430\u043d\u043e \u043e\u0434\" \/>\n\t<meta name=\"twitter:data1\" content=\"admin\" \/>\n\t<meta name=\"twitter:label2\" content=\"\u041f\u0440\u043e\u0446\u0435\u045a\u0435\u043d\u043e \u0432\u0440\u0435\u043c\u0435 \u0447\u0438\u0442\u0430\u045a\u0430\" \/>\n\t<meta name=\"twitter:data2\" content=\"16 \u043c\u0438\u043d\u0443\u0442\u0430\" \/>\n<script type=\"application\/ld+json\" class=\"yoast-schema-graph\">{\"@context\":\"https:\/\/schema.org\",\"@graph\":[{\"@type\":\"WebPage\",\"@id\":\"https:\/\/president-ksgov.net\/sr\/govor-predsednice-republike-kosovo-gospodje-atifete-jahjaga-u-skuptini-kosova-2\/\",\"url\":\"https:\/\/president-ksgov.net\/sr\/govor-predsednice-republike-kosovo-gospodje-atifete-jahjaga-u-skuptini-kosova-2\/\",\"name\":\"GOVOR PREDSEDNICE REPUBLIKE KOSOVO, GOSPO\u0110E ATIFETE JAHJAGA U SKUP&#138;TINI KOSOVA - Predsednik Republike Kosovo - DR. VJOSA OSMANI - SADRIU\",\"isPartOf\":{\"@id\":\"https:\/\/president-ksgov.net\/#website\"},\"primaryImageOfPage\":{\"@id\":\"https:\/\/president-ksgov.net\/sr\/govor-predsednice-republike-kosovo-gospodje-atifete-jahjaga-u-skuptini-kosova-2\/#primaryimage\"},\"image\":{\"@id\":\"https:\/\/president-ksgov.net\/sr\/govor-predsednice-republike-kosovo-gospodje-atifete-jahjaga-u-skuptini-kosova-2\/#primaryimage\"},\"thumbnailUrl\":\"https:\/\/president-ksgov.net\/wp-content\/uploads\/fjalimi_001.jpg\",\"datePublished\":\"2012-12-12T11:15:32+00:00\",\"dateModified\":\"2012-12-12T11:15:32+00:00\",\"author\":{\"@id\":\"https:\/\/president-ksgov.net\/#\/schema\/person\/bb4337a5fb147cb2046d80548172cbee\"},\"description\":\"GOVOR PREDSEDNICE REPUBLIKE KOSOVO, GOSPO\u0110E ATIFETE JAHJAGA U SKUP&#138;TINI KOSOVA - Predsednik Republike Kosovo - DR. VJOSA OSMANI - SADRIU -\",\"breadcrumb\":{\"@id\":\"https:\/\/president-ksgov.net\/sr\/govor-predsednice-republike-kosovo-gospodje-atifete-jahjaga-u-skuptini-kosova-2\/#breadcrumb\"},\"inLanguage\":\"sr-RS\",\"potentialAction\":[{\"@type\":\"ReadAction\",\"target\":[\"https:\/\/president-ksgov.net\/sr\/govor-predsednice-republike-kosovo-gospodje-atifete-jahjaga-u-skuptini-kosova-2\/\"]}]},{\"@type\":\"ImageObject\",\"inLanguage\":\"sr-RS\",\"@id\":\"https:\/\/president-ksgov.net\/sr\/govor-predsednice-republike-kosovo-gospodje-atifete-jahjaga-u-skuptini-kosova-2\/#primaryimage\",\"url\":\"https:\/\/president-ksgov.net\/wp-content\/uploads\/fjalimi_001.jpg\",\"contentUrl\":\"https:\/\/president-ksgov.net\/wp-content\/uploads\/fjalimi_001.jpg\",\"width\":640,\"height\":427},{\"@type\":\"BreadcrumbList\",\"@id\":\"https:\/\/president-ksgov.net\/sr\/govor-predsednice-republike-kosovo-gospodje-atifete-jahjaga-u-skuptini-kosova-2\/#breadcrumb\",\"itemListElement\":[{\"@type\":\"ListItem\",\"position\":1,\"name\":\"Home\",\"item\":\"https:\/\/president-ksgov.net\/sr\/\"},{\"@type\":\"ListItem\",\"position\":2,\"name\":\"GOVOR PREDSEDNICE REPUBLIKE KOSOVO, GOSPO\u0110E ATIFETE JAHJAGA U SKUP&#138;TINI KOSOVA\"}]},{\"@type\":\"WebSite\",\"@id\":\"https:\/\/president-ksgov.net\/#website\",\"url\":\"https:\/\/president-ksgov.net\/\",\"name\":\"Presidente e Republik\u00ebs s\u00eb Kosov\u00ebs\",\"description\":\"Presidente e Republik\u00ebs s\u00eb Kosov\u00ebs\",\"alternateName\":\"DR. VJOSA OSMANI - SADRIU\",\"potentialAction\":[{\"@type\":\"SearchAction\",\"target\":{\"@type\":\"EntryPoint\",\"urlTemplate\":\"https:\/\/president-ksgov.net\/?s={search_term_string}\"},\"query-input\":{\"@type\":\"PropertyValueSpecification\",\"valueRequired\":true,\"valueName\":\"search_term_string\"}}],\"inLanguage\":\"sr-RS\"},{\"@type\":\"Person\",\"@id\":\"https:\/\/president-ksgov.net\/#\/schema\/person\/bb4337a5fb147cb2046d80548172cbee\",\"name\":\"admin\",\"image\":{\"@type\":\"ImageObject\",\"inLanguage\":\"sr-RS\",\"@id\":\"https:\/\/president-ksgov.net\/#\/schema\/person\/image\/\",\"url\":\"https:\/\/secure.gravatar.com\/avatar\/36156ca0fa3b8d9d25174f146e16beea0cf28f37adf1b9e19b6c9c279a7c9dd3?s=96&d=mm&r=g\",\"contentUrl\":\"https:\/\/secure.gravatar.com\/avatar\/36156ca0fa3b8d9d25174f146e16beea0cf28f37adf1b9e19b6c9c279a7c9dd3?s=96&d=mm&r=g\",\"caption\":\"admin\"},\"sameAs\":[\"https:\/\/president-ksgov.net\"]}]}<\/script>\n<!-- \/ Yoast SEO plugin. -->","yoast_head_json":{"title":"GOVOR PREDSEDNICE REPUBLIKE KOSOVO, GOSPO\u0110E ATIFETE JAHJAGA U SKUP&#138;TINI KOSOVA - Predsednik Republike Kosovo - DR. VJOSA OSMANI - SADRIU","description":"GOVOR PREDSEDNICE REPUBLIKE KOSOVO, GOSPO\u0110E ATIFETE JAHJAGA U SKUP&#138;TINI KOSOVA - Predsednik Republike Kosovo - DR. VJOSA OSMANI - SADRIU -","robots":{"index":"index","follow":"follow","max-snippet":"max-snippet:-1","max-image-preview":"max-image-preview:large","max-video-preview":"max-video-preview:-1"},"canonical":"https:\/\/president-ksgov.net\/sr\/govor-predsednice-republike-kosovo-gospodje-atifete-jahjaga-u-skuptini-kosova-2\/","og_locale":"sr_RS","og_type":"article","og_title":"GOVOR PREDSEDNICE REPUBLIKE KOSOVO, GOSPO\u0110E ATIFETE JAHJAGA U SKUP&#138;TINI KOSOVA - Predsednik Republike Kosovo - DR. VJOSA OSMANI - SADRIU","og_description":"GOVOR PREDSEDNICE REPUBLIKE KOSOVO, GOSPO\u0110E ATIFETE JAHJAGA U SKUP&#138;TINI KOSOVA - Predsednik Republike Kosovo - DR. VJOSA OSMANI - SADRIU -","og_url":"https:\/\/president-ksgov.net\/sr\/govor-predsednice-republike-kosovo-gospodje-atifete-jahjaga-u-skuptini-kosova-2\/","og_site_name":"Predsednik Republike Kosovo - DR. VJOSA OSMANI - SADRIU","article_published_time":"2012-12-12T11:15:32+00:00","og_image":[{"width":640,"height":427,"url":"https:\/\/president-ksgov.net\/wp-content\/uploads\/fjalimi_001.jpg","type":"image\/jpeg"}],"author":"admin","twitter_card":"summary_large_image","twitter_misc":{"\u041d\u0430\u043f\u0438\u0441\u0430\u043d\u043e \u043e\u0434":"admin","\u041f\u0440\u043e\u0446\u0435\u045a\u0435\u043d\u043e \u0432\u0440\u0435\u043c\u0435 \u0447\u0438\u0442\u0430\u045a\u0430":"16 \u043c\u0438\u043d\u0443\u0442\u0430"},"schema":{"@context":"https:\/\/schema.org","@graph":[{"@type":"WebPage","@id":"https:\/\/president-ksgov.net\/sr\/govor-predsednice-republike-kosovo-gospodje-atifete-jahjaga-u-skuptini-kosova-2\/","url":"https:\/\/president-ksgov.net\/sr\/govor-predsednice-republike-kosovo-gospodje-atifete-jahjaga-u-skuptini-kosova-2\/","name":"GOVOR PREDSEDNICE REPUBLIKE KOSOVO, GOSPO\u0110E ATIFETE JAHJAGA U SKUP&#138;TINI KOSOVA - Predsednik Republike Kosovo - DR. VJOSA OSMANI - SADRIU","isPartOf":{"@id":"https:\/\/president-ksgov.net\/#website"},"primaryImageOfPage":{"@id":"https:\/\/president-ksgov.net\/sr\/govor-predsednice-republike-kosovo-gospodje-atifete-jahjaga-u-skuptini-kosova-2\/#primaryimage"},"image":{"@id":"https:\/\/president-ksgov.net\/sr\/govor-predsednice-republike-kosovo-gospodje-atifete-jahjaga-u-skuptini-kosova-2\/#primaryimage"},"thumbnailUrl":"https:\/\/president-ksgov.net\/wp-content\/uploads\/fjalimi_001.jpg","datePublished":"2012-12-12T11:15:32+00:00","dateModified":"2012-12-12T11:15:32+00:00","author":{"@id":"https:\/\/president-ksgov.net\/#\/schema\/person\/bb4337a5fb147cb2046d80548172cbee"},"description":"GOVOR PREDSEDNICE REPUBLIKE KOSOVO, GOSPO\u0110E ATIFETE JAHJAGA U SKUP&#138;TINI KOSOVA - Predsednik Republike Kosovo - DR. VJOSA OSMANI - SADRIU -","breadcrumb":{"@id":"https:\/\/president-ksgov.net\/sr\/govor-predsednice-republike-kosovo-gospodje-atifete-jahjaga-u-skuptini-kosova-2\/#breadcrumb"},"inLanguage":"sr-RS","potentialAction":[{"@type":"ReadAction","target":["https:\/\/president-ksgov.net\/sr\/govor-predsednice-republike-kosovo-gospodje-atifete-jahjaga-u-skuptini-kosova-2\/"]}]},{"@type":"ImageObject","inLanguage":"sr-RS","@id":"https:\/\/president-ksgov.net\/sr\/govor-predsednice-republike-kosovo-gospodje-atifete-jahjaga-u-skuptini-kosova-2\/#primaryimage","url":"https:\/\/president-ksgov.net\/wp-content\/uploads\/fjalimi_001.jpg","contentUrl":"https:\/\/president-ksgov.net\/wp-content\/uploads\/fjalimi_001.jpg","width":640,"height":427},{"@type":"BreadcrumbList","@id":"https:\/\/president-ksgov.net\/sr\/govor-predsednice-republike-kosovo-gospodje-atifete-jahjaga-u-skuptini-kosova-2\/#breadcrumb","itemListElement":[{"@type":"ListItem","position":1,"name":"Home","item":"https:\/\/president-ksgov.net\/sr\/"},{"@type":"ListItem","position":2,"name":"GOVOR PREDSEDNICE REPUBLIKE KOSOVO, GOSPO\u0110E ATIFETE JAHJAGA U SKUP&#138;TINI KOSOVA"}]},{"@type":"WebSite","@id":"https:\/\/president-ksgov.net\/#website","url":"https:\/\/president-ksgov.net\/","name":"Presidente e Republik\u00ebs s\u00eb Kosov\u00ebs","description":"Presidente e Republik\u00ebs s\u00eb Kosov\u00ebs","alternateName":"DR. VJOSA OSMANI - SADRIU","potentialAction":[{"@type":"SearchAction","target":{"@type":"EntryPoint","urlTemplate":"https:\/\/president-ksgov.net\/?s={search_term_string}"},"query-input":{"@type":"PropertyValueSpecification","valueRequired":true,"valueName":"search_term_string"}}],"inLanguage":"sr-RS"},{"@type":"Person","@id":"https:\/\/president-ksgov.net\/#\/schema\/person\/bb4337a5fb147cb2046d80548172cbee","name":"admin","image":{"@type":"ImageObject","inLanguage":"sr-RS","@id":"https:\/\/president-ksgov.net\/#\/schema\/person\/image\/","url":"https:\/\/secure.gravatar.com\/avatar\/36156ca0fa3b8d9d25174f146e16beea0cf28f37adf1b9e19b6c9c279a7c9dd3?s=96&d=mm&r=g","contentUrl":"https:\/\/secure.gravatar.com\/avatar\/36156ca0fa3b8d9d25174f146e16beea0cf28f37adf1b9e19b6c9c279a7c9dd3?s=96&d=mm&r=g","caption":"admin"},"sameAs":["https:\/\/president-ksgov.net"]}]}},"_links":{"self":[{"href":"https:\/\/president-ksgov.net\/sr\/wp-json\/wp\/v2\/posts\/78654","targetHints":{"allow":["GET"]}}],"collection":[{"href":"https:\/\/president-ksgov.net\/sr\/wp-json\/wp\/v2\/posts"}],"about":[{"href":"https:\/\/president-ksgov.net\/sr\/wp-json\/wp\/v2\/types\/post"}],"author":[{"embeddable":true,"href":"https:\/\/president-ksgov.net\/sr\/wp-json\/wp\/v2\/users\/1"}],"replies":[{"embeddable":true,"href":"https:\/\/president-ksgov.net\/sr\/wp-json\/wp\/v2\/comments?post=78654"}],"version-history":[{"count":0,"href":"https:\/\/president-ksgov.net\/sr\/wp-json\/wp\/v2\/posts\/78654\/revisions"}],"wp:featuredmedia":[{"embeddable":true,"href":"https:\/\/president-ksgov.net\/sr\/wp-json\/wp\/v2\/media\/53018"}],"wp:attachment":[{"href":"https:\/\/president-ksgov.net\/sr\/wp-json\/wp\/v2\/media?parent=78654"}],"wp:term":[{"taxonomy":"category","embeddable":true,"href":"https:\/\/president-ksgov.net\/sr\/wp-json\/wp\/v2\/categories?post=78654"},{"taxonomy":"post_tag","embeddable":true,"href":"https:\/\/president-ksgov.net\/sr\/wp-json\/wp\/v2\/tags?post=78654"}],"curies":[{"name":"wp","href":"https:\/\/api.w.org\/{rel}","templated":true}]}}