{"id":78624,"date":"2012-12-19T12:19:37","date_gmt":"2012-12-19T12:19:37","guid":{"rendered":"https:\/\/dev.president-ksgov.net\/govor-predsednice-republike-kosovo-gospodje-atifete-jahjaga-na-konferenciji-cbk-a-2\/"},"modified":"2012-12-19T12:19:37","modified_gmt":"2012-12-19T12:19:37","slug":"govor-predsednice-republike-kosovo-gospodje-atifete-jahjaga-na-konferenciji-cbk-a-2","status":"publish","type":"post","link":"https:\/\/president-ksgov.net\/sr\/govor-predsednice-republike-kosovo-gospodje-atifete-jahjaga-na-konferenciji-cbk-a-2\/","title":{"rendered":"Govor Predsednice Republike Kosovo, gospo\u0111e Atifete Jahjaga, na konferenciji CBK-a"},"content":{"rendered":"<p>Rad Centralne Banke i drugih finansijskih institucija uti\u010de na odr&#382;ivost i ekonomski  razvoj  i na institucionalnu stabilnost i funkcionalnost dr&#382;ave Republike Kosovo.<\/p>\n<p>Po&#353;tovani Guverner G\u00ebrguri,<br \/>\nPo&#353;tovana ambasador\u00a0 Jacobson,<br \/>\nPo&#353;tovani ambasador Cliff,<br \/>\nPo&#353;tovani ambasadori i predstavnici diplomatskih misija,<br \/>\nPo&#353;tovani predstavnici me\u0111unarodnih ekonomskih i finansijskih organizacija, prisutni na Kosovu,<br \/>\nPo&#353;tovani prisutni,<\/p>\n<p>Rad Centralne Banke i drugih finansijskih institucija uti\u010de na odr&#382;ivost i ekonomski\u00a0 razvoj\u00a0 i na institucionalnu stabilnost i funkcionalnost dr&#382;ave Republike Kosovo.<\/p>\n<p>Celokupno anga&#382;ovanje i pristup institucija Republike Kosovo, ozbiljno i odgovorno nastavlja se dokazati konsolidacijom odnosa i me\u0111unarodnih finansijskih institucija, i u okviru toga sporazum sa Me\u0111unarodnim Monetarnim Fondom je od posebne va&#382;nosti za na&#353; ekonomski i finansijski sistem.<\/p>\n<p>\u010clanstvo u Evropsku Banku za obnovu i razvoj jeste slede\u0107e va&#382;no dostignu\u0107e, koje uporedo sa \u010dlanstvom u Svetsku Banku i Me\u0111unarodni Monetarni Fond \u0107e pomo\u0107i podstrek i ekonomski razvoj na&#353;e zemlje i komplementarni razvoj sa zemljama regije.<\/p>\n<p>Tokom ovog perioda, povrh su\u010deljavanja sa prouzrokovanim pote&#353;ko\u0107ama od globalne ekonomske krize, Republika Kosovo je uspela o\u010duvati makro-ekonomsku stabilnost. Ekonomski rast nastavlja biti pozitivan, odr&#382;avaju\u0107i na opravdanom nivou i javni dug.<\/p>\n<p>Ipak, norme ekonomskog rasta u zemlji nisu dovoljne za jedan ustrajan ekonomski razvoj, otvaranje novih radnih mesta i smanjenje siroma&#353;tva. Svakako na&#353;a zemlja \u0107e stvoriti razvojne politike koje pokazuju srednjoro\u010dnu viziju ekonomskog razvoja radi obuhvatanja velikog broja mladih nezaposlenih lica. S toga se zahteva stvaranje potrebnih uslova za podr&#353;ku privatnog biznisa. Po&#353;to mala i srednja\u00a0 preduze\u0107a su ki\u010dmeni stub ovog razvoja onda putem jedne dugoro\u010dne strategije razvoja stvoriti \u0107emo i preduslove za jednu aktivnu ekonomsku politiku koja \u0107e podsta\u0107i razvoj ovih ekonomskih preduze\u0107a.<\/p>\n<p>Zahteva se da slobodna ne bankarska sredstva na&#353;ih gra\u0111ana ulo&#382;ene u inostranstvo da se vrate u doma\u0107e banke koje uporedo sa pove\u0107anjem ponude monetarnog kapitala u doma\u0107e tr&#382;i&#353;te pove\u0107avaju konkurenciju i neposredno uti\u010du na normu interesa kao cenu pozajmljenog kapitala.<\/p>\n<p>U ovom kontekstu, bitno je pove\u0107anje poverenja gra\u0111ana i zajednice biznisa u komercijalne banke, jer \u0107e imati pozitivnog uticaja na smanjenje tro&#353;kova finansiranja kreditiranja &#353;to \u0107e posledi\u010dno rezultirati sa pove\u0107anjem uloga i zahteva za kreditiranje i smanjenje norme interesa.<\/p>\n<p>Republika Kosovo, putem strategije dugoro\u010dnog ekonomskog razvoja aktivne ekonomske politike &#8211; koja sa njenim instrumentima podsti\u010de ubrzani razvoj\u00a0 ekonomije i usisava strani kapital &#8211; uporedo sa Prostornim Planom Kosova, stvara osnovne preduslove za jedan ustrajan razvoj.<\/p>\n<p>Ekonomska politika na&#353;e zemlje treba da se orijentira na kori&#353;\u0107enje na&#353;ih prirodnih resursa i na mladu obrazovanu radnu snagu. Ovo treba da doprinosi pobolj&#353;anju trgova\u010dkog platnog prometa sa inostranstvom. Podsticanjem doma\u0107e proizvodnje, ne samo radi zadovoljavanja na&#353;ih potreba nego i za izvoz omogu\u0107ava zapo&#353;ljavanje i porast kvaliteta i konkurencije na&#353;ih proizvoda i usluga, u cilju neposredne privla\u010dnosti inostranih investicija. Neprihvatljivo je da se uvoz Kosova pokriva samo sa pet posto izvoza stavljaju\u0107i Kosovo u ovisnosti od stranog kapitala.<\/p>\n<p>S toga se zahteva da se, instrumentima ekonomske politike, podsti\u010de op&#353;ti razvoj pove\u0107avaju\u0107i i ja\u010daju\u0107i tr&#382;i&#353;nu privredu oslonjenu na na&#353;im resursima u malim i srednjim preduze\u0107ima radi privla\u010dnosti stranog kapitala.<\/p>\n<p>Kao institucije Republike Kosovo, nastaviti \u0107emo reforme za ja\u010danje reda i zakona, borbe protiv korupcije, organizovanog kriminala i neformalne privrede, budu\u0107i posve\u0107eni da negativne pojave u zemlji iskorenimo, po&#353;to one ometaju na&#353; razvoj kao dru&#353;tvo i dr&#382;ava, ometaju &#382;ivot na&#353;eg gra\u0111anina ometanjem dolaska kapitala i investicija. Uspesi u ovoj borbi su preduslov za integraciju Republike Kosovo u Evropsku Zajednicu. <\/p>\n<p>Po&#353;tovani prisutni,<\/p>\n<p>Dosada&#353;nji razvoj finansijskog sistema jeste jedan zajedni\u010dki uspeh institucija Republike Kosovo i na&#353;ih me\u0111unarodnih partnera. &#381;elim da se, ovom prilikom zahvalim, za pomo\u0107 i nepo&#353;tedni doprinos: Svetsku Banku, Me\u0111unarodni Monetarni Fond, USAID, Evropsku Komisiju, Evropsku Banku za Obnovu i Razvoj i sve ostale partnere u izgradnji jednog stabilnog i poverljivog finansijskog sistema.<\/p>\n<p>\u010cestitam Vam jednu blagodetnu godinu!<\/p>\n<p>Hvala Vam!<\/p>\n","protected":false},"excerpt":{"rendered":"<p>Rad Centralne Banke i drugih finansijskih institucija uti\u010de na odr&#382;ivost i ekonomski  razvoj  i na institucionalnu stabilnost i funkcionalnost dr&#382;ave Republike Kosovo.<\/p>\n","protected":false},"author":1,"featured_media":52937,"comment_status":"open","ping_status":"closed","sticky":false,"template":"","format":"standard","meta":{"_eb_attr":"","footnotes":""},"categories":[101],"tags":[],"class_list":["post-78624","post","type-post","status-publish","format-standard","has-post-thumbnail","hentry","category-vesti"],"yoast_head":"<!-- This site is optimized with the Yoast SEO plugin v23.5 - https:\/\/yoast.com\/wordpress\/plugins\/seo\/ -->\n<title>Govor Predsednice Republike Kosovo, gospo\u0111e Atifete Jahjaga, na konferenciji CBK-a - Predsednik Republike Kosovo - DR. VJOSA OSMANI - SADRIU<\/title>\n<meta name=\"description\" content=\"Govor Predsednice Republike Kosovo, gospo\u0111e Atifete Jahjaga, na konferenciji CBK-a - Predsednik Republike Kosovo - DR. VJOSA OSMANI - SADRIU -\" \/>\n<meta name=\"robots\" content=\"index, follow, max-snippet:-1, max-image-preview:large, max-video-preview:-1\" \/>\n<link rel=\"canonical\" href=\"https:\/\/president-ksgov.net\/fjalimi-i-presidentes-se-republikes-se-kosoves-zonjes-atifete-jahjaga-ne-konferencen-e-bqk-se-2\/\" \/>\n<meta property=\"og:locale\" content=\"sr_RS\" \/>\n<meta property=\"og:type\" content=\"article\" \/>\n<meta property=\"og:title\" content=\"Govor Predsednice Republike Kosovo, gospo\u0111e Atifete Jahjaga, na konferenciji CBK-a - Predsednik Republike Kosovo - DR. VJOSA OSMANI - SADRIU\" \/>\n<meta property=\"og:description\" content=\"Govor Predsednice Republike Kosovo, gospo\u0111e Atifete Jahjaga, na konferenciji CBK-a - Predsednik Republike Kosovo - DR. VJOSA OSMANI - SADRIU -\" \/>\n<meta property=\"og:url\" content=\"https:\/\/president-ksgov.net\/fjalimi-i-presidentes-se-republikes-se-kosoves-zonjes-atifete-jahjaga-ne-konferencen-e-bqk-se-2\/\" \/>\n<meta property=\"og:site_name\" content=\"Predsednik Republike Kosovo - DR. VJOSA OSMANI - SADRIU\" \/>\n<meta property=\"article:published_time\" content=\"2012-12-19T12:19:37+00:00\" \/>\n<meta property=\"og:image\" content=\"https:\/\/president-ksgov.net\/wp-content\/uploads\/19_12_2012_BQK_1.jpg\" \/>\n\t<meta property=\"og:image:width\" content=\"1000\" \/>\n\t<meta property=\"og:image:height\" content=\"672\" \/>\n\t<meta property=\"og:image:type\" content=\"image\/jpeg\" \/>\n<meta name=\"author\" content=\"admin\" \/>\n<meta name=\"twitter:card\" content=\"summary_large_image\" \/>\n<meta name=\"twitter:label1\" content=\"\u041d\u0430\u043f\u0438\u0441\u0430\u043d\u043e \u043e\u0434\" \/>\n\t<meta name=\"twitter:data1\" content=\"admin\" \/>\n\t<meta name=\"twitter:label2\" content=\"\u041f\u0440\u043e\u0446\u0435\u045a\u0435\u043d\u043e \u0432\u0440\u0435\u043c\u0435 \u0447\u0438\u0442\u0430\u045a\u0430\" \/>\n\t<meta name=\"twitter:data2\" content=\"3 \u043c\u0438\u043d\u0443\u0442\u0430\" \/>\n<script type=\"application\/ld+json\" class=\"yoast-schema-graph\">{\"@context\":\"https:\/\/schema.org\",\"@graph\":[{\"@type\":\"WebPage\",\"@id\":\"https:\/\/president-ksgov.net\/fjalimi-i-presidentes-se-republikes-se-kosoves-zonjes-atifete-jahjaga-ne-konferencen-e-bqk-se-2\/\",\"url\":\"https:\/\/president-ksgov.net\/fjalimi-i-presidentes-se-republikes-se-kosoves-zonjes-atifete-jahjaga-ne-konferencen-e-bqk-se-2\/\",\"name\":\"Govor Predsednice Republike Kosovo, gospo\u0111e Atifete Jahjaga, na konferenciji CBK-a - Predsednik Republike Kosovo - DR. VJOSA OSMANI - SADRIU\",\"isPartOf\":{\"@id\":\"https:\/\/president-ksgov.net\/#website\"},\"primaryImageOfPage\":{\"@id\":\"https:\/\/president-ksgov.net\/fjalimi-i-presidentes-se-republikes-se-kosoves-zonjes-atifete-jahjaga-ne-konferencen-e-bqk-se-2\/#primaryimage\"},\"image\":{\"@id\":\"https:\/\/president-ksgov.net\/fjalimi-i-presidentes-se-republikes-se-kosoves-zonjes-atifete-jahjaga-ne-konferencen-e-bqk-se-2\/#primaryimage\"},\"thumbnailUrl\":\"https:\/\/president-ksgov.net\/wp-content\/uploads\/19_12_2012_BQK_1.jpg\",\"datePublished\":\"2012-12-19T12:19:37+00:00\",\"dateModified\":\"2012-12-19T12:19:37+00:00\",\"author\":{\"@id\":\"https:\/\/president-ksgov.net\/#\/schema\/person\/bb4337a5fb147cb2046d80548172cbee\"},\"description\":\"Govor Predsednice Republike Kosovo, gospo\u0111e Atifete Jahjaga, na konferenciji CBK-a - Predsednik Republike Kosovo - DR. VJOSA OSMANI - SADRIU -\",\"breadcrumb\":{\"@id\":\"https:\/\/president-ksgov.net\/fjalimi-i-presidentes-se-republikes-se-kosoves-zonjes-atifete-jahjaga-ne-konferencen-e-bqk-se-2\/#breadcrumb\"},\"inLanguage\":\"sr-RS\",\"potentialAction\":[{\"@type\":\"ReadAction\",\"target\":[\"https:\/\/president-ksgov.net\/fjalimi-i-presidentes-se-republikes-se-kosoves-zonjes-atifete-jahjaga-ne-konferencen-e-bqk-se-2\/\"]}]},{\"@type\":\"ImageObject\",\"inLanguage\":\"sr-RS\",\"@id\":\"https:\/\/president-ksgov.net\/fjalimi-i-presidentes-se-republikes-se-kosoves-zonjes-atifete-jahjaga-ne-konferencen-e-bqk-se-2\/#primaryimage\",\"url\":\"https:\/\/president-ksgov.net\/wp-content\/uploads\/19_12_2012_BQK_1.jpg\",\"contentUrl\":\"https:\/\/president-ksgov.net\/wp-content\/uploads\/19_12_2012_BQK_1.jpg\",\"width\":1000,\"height\":672},{\"@type\":\"BreadcrumbList\",\"@id\":\"https:\/\/president-ksgov.net\/fjalimi-i-presidentes-se-republikes-se-kosoves-zonjes-atifete-jahjaga-ne-konferencen-e-bqk-se-2\/#breadcrumb\",\"itemListElement\":[{\"@type\":\"ListItem\",\"position\":1,\"name\":\"Home\",\"item\":\"https:\/\/president-ksgov.net\/sr\/\"},{\"@type\":\"ListItem\",\"position\":2,\"name\":\"Govor Predsednice Republike Kosovo, gospo\u0111e Atifete Jahjaga, na konferenciji CBK-a\"}]},{\"@type\":\"WebSite\",\"@id\":\"https:\/\/president-ksgov.net\/#website\",\"url\":\"https:\/\/president-ksgov.net\/\",\"name\":\"Presidente e Republik\u00ebs s\u00eb Kosov\u00ebs\",\"description\":\"Presidente e Republik\u00ebs s\u00eb Kosov\u00ebs\",\"alternateName\":\"DR. VJOSA OSMANI - SADRIU\",\"potentialAction\":[{\"@type\":\"SearchAction\",\"target\":{\"@type\":\"EntryPoint\",\"urlTemplate\":\"https:\/\/president-ksgov.net\/?s={search_term_string}\"},\"query-input\":{\"@type\":\"PropertyValueSpecification\",\"valueRequired\":true,\"valueName\":\"search_term_string\"}}],\"inLanguage\":\"sr-RS\"},{\"@type\":\"Person\",\"@id\":\"https:\/\/president-ksgov.net\/#\/schema\/person\/bb4337a5fb147cb2046d80548172cbee\",\"name\":\"admin\",\"image\":{\"@type\":\"ImageObject\",\"inLanguage\":\"sr-RS\",\"@id\":\"https:\/\/president-ksgov.net\/#\/schema\/person\/image\/\",\"url\":\"https:\/\/secure.gravatar.com\/avatar\/36156ca0fa3b8d9d25174f146e16beea0cf28f37adf1b9e19b6c9c279a7c9dd3?s=96&d=mm&r=g\",\"contentUrl\":\"https:\/\/secure.gravatar.com\/avatar\/36156ca0fa3b8d9d25174f146e16beea0cf28f37adf1b9e19b6c9c279a7c9dd3?s=96&d=mm&r=g\",\"caption\":\"admin\"},\"sameAs\":[\"https:\/\/president-ksgov.net\"]}]}<\/script>\n<!-- \/ Yoast SEO plugin. -->","yoast_head_json":{"title":"Govor Predsednice Republike Kosovo, gospo\u0111e Atifete Jahjaga, na konferenciji CBK-a - Predsednik Republike Kosovo - DR. VJOSA OSMANI - SADRIU","description":"Govor Predsednice Republike Kosovo, gospo\u0111e Atifete Jahjaga, na konferenciji CBK-a - Predsednik Republike Kosovo - DR. VJOSA OSMANI - SADRIU -","robots":{"index":"index","follow":"follow","max-snippet":"max-snippet:-1","max-image-preview":"max-image-preview:large","max-video-preview":"max-video-preview:-1"},"canonical":"https:\/\/president-ksgov.net\/fjalimi-i-presidentes-se-republikes-se-kosoves-zonjes-atifete-jahjaga-ne-konferencen-e-bqk-se-2\/","og_locale":"sr_RS","og_type":"article","og_title":"Govor Predsednice Republike Kosovo, gospo\u0111e Atifete Jahjaga, na konferenciji CBK-a - Predsednik Republike Kosovo - DR. VJOSA OSMANI - SADRIU","og_description":"Govor Predsednice Republike Kosovo, gospo\u0111e Atifete Jahjaga, na konferenciji CBK-a - Predsednik Republike Kosovo - DR. VJOSA OSMANI - SADRIU -","og_url":"https:\/\/president-ksgov.net\/fjalimi-i-presidentes-se-republikes-se-kosoves-zonjes-atifete-jahjaga-ne-konferencen-e-bqk-se-2\/","og_site_name":"Predsednik Republike Kosovo - DR. VJOSA OSMANI - SADRIU","article_published_time":"2012-12-19T12:19:37+00:00","og_image":[{"width":1000,"height":672,"url":"https:\/\/president-ksgov.net\/wp-content\/uploads\/19_12_2012_BQK_1.jpg","type":"image\/jpeg"}],"author":"admin","twitter_card":"summary_large_image","twitter_misc":{"\u041d\u0430\u043f\u0438\u0441\u0430\u043d\u043e \u043e\u0434":"admin","\u041f\u0440\u043e\u0446\u0435\u045a\u0435\u043d\u043e \u0432\u0440\u0435\u043c\u0435 \u0447\u0438\u0442\u0430\u045a\u0430":"3 \u043c\u0438\u043d\u0443\u0442\u0430"},"schema":{"@context":"https:\/\/schema.org","@graph":[{"@type":"WebPage","@id":"https:\/\/president-ksgov.net\/fjalimi-i-presidentes-se-republikes-se-kosoves-zonjes-atifete-jahjaga-ne-konferencen-e-bqk-se-2\/","url":"https:\/\/president-ksgov.net\/fjalimi-i-presidentes-se-republikes-se-kosoves-zonjes-atifete-jahjaga-ne-konferencen-e-bqk-se-2\/","name":"Govor Predsednice Republike Kosovo, gospo\u0111e Atifete Jahjaga, na konferenciji CBK-a - Predsednik Republike Kosovo - DR. VJOSA OSMANI - SADRIU","isPartOf":{"@id":"https:\/\/president-ksgov.net\/#website"},"primaryImageOfPage":{"@id":"https:\/\/president-ksgov.net\/fjalimi-i-presidentes-se-republikes-se-kosoves-zonjes-atifete-jahjaga-ne-konferencen-e-bqk-se-2\/#primaryimage"},"image":{"@id":"https:\/\/president-ksgov.net\/fjalimi-i-presidentes-se-republikes-se-kosoves-zonjes-atifete-jahjaga-ne-konferencen-e-bqk-se-2\/#primaryimage"},"thumbnailUrl":"https:\/\/president-ksgov.net\/wp-content\/uploads\/19_12_2012_BQK_1.jpg","datePublished":"2012-12-19T12:19:37+00:00","dateModified":"2012-12-19T12:19:37+00:00","author":{"@id":"https:\/\/president-ksgov.net\/#\/schema\/person\/bb4337a5fb147cb2046d80548172cbee"},"description":"Govor Predsednice Republike Kosovo, gospo\u0111e Atifete Jahjaga, na konferenciji CBK-a - Predsednik Republike Kosovo - DR. VJOSA OSMANI - SADRIU -","breadcrumb":{"@id":"https:\/\/president-ksgov.net\/fjalimi-i-presidentes-se-republikes-se-kosoves-zonjes-atifete-jahjaga-ne-konferencen-e-bqk-se-2\/#breadcrumb"},"inLanguage":"sr-RS","potentialAction":[{"@type":"ReadAction","target":["https:\/\/president-ksgov.net\/fjalimi-i-presidentes-se-republikes-se-kosoves-zonjes-atifete-jahjaga-ne-konferencen-e-bqk-se-2\/"]}]},{"@type":"ImageObject","inLanguage":"sr-RS","@id":"https:\/\/president-ksgov.net\/fjalimi-i-presidentes-se-republikes-se-kosoves-zonjes-atifete-jahjaga-ne-konferencen-e-bqk-se-2\/#primaryimage","url":"https:\/\/president-ksgov.net\/wp-content\/uploads\/19_12_2012_BQK_1.jpg","contentUrl":"https:\/\/president-ksgov.net\/wp-content\/uploads\/19_12_2012_BQK_1.jpg","width":1000,"height":672},{"@type":"BreadcrumbList","@id":"https:\/\/president-ksgov.net\/fjalimi-i-presidentes-se-republikes-se-kosoves-zonjes-atifete-jahjaga-ne-konferencen-e-bqk-se-2\/#breadcrumb","itemListElement":[{"@type":"ListItem","position":1,"name":"Home","item":"https:\/\/president-ksgov.net\/sr\/"},{"@type":"ListItem","position":2,"name":"Govor Predsednice Republike Kosovo, gospo\u0111e Atifete Jahjaga, na konferenciji CBK-a"}]},{"@type":"WebSite","@id":"https:\/\/president-ksgov.net\/#website","url":"https:\/\/president-ksgov.net\/","name":"Presidente e Republik\u00ebs s\u00eb Kosov\u00ebs","description":"Presidente e Republik\u00ebs s\u00eb Kosov\u00ebs","alternateName":"DR. VJOSA OSMANI - SADRIU","potentialAction":[{"@type":"SearchAction","target":{"@type":"EntryPoint","urlTemplate":"https:\/\/president-ksgov.net\/?s={search_term_string}"},"query-input":{"@type":"PropertyValueSpecification","valueRequired":true,"valueName":"search_term_string"}}],"inLanguage":"sr-RS"},{"@type":"Person","@id":"https:\/\/president-ksgov.net\/#\/schema\/person\/bb4337a5fb147cb2046d80548172cbee","name":"admin","image":{"@type":"ImageObject","inLanguage":"sr-RS","@id":"https:\/\/president-ksgov.net\/#\/schema\/person\/image\/","url":"https:\/\/secure.gravatar.com\/avatar\/36156ca0fa3b8d9d25174f146e16beea0cf28f37adf1b9e19b6c9c279a7c9dd3?s=96&d=mm&r=g","contentUrl":"https:\/\/secure.gravatar.com\/avatar\/36156ca0fa3b8d9d25174f146e16beea0cf28f37adf1b9e19b6c9c279a7c9dd3?s=96&d=mm&r=g","caption":"admin"},"sameAs":["https:\/\/president-ksgov.net"]}]}},"_links":{"self":[{"href":"https:\/\/president-ksgov.net\/sr\/wp-json\/wp\/v2\/posts\/78624","targetHints":{"allow":["GET"]}}],"collection":[{"href":"https:\/\/president-ksgov.net\/sr\/wp-json\/wp\/v2\/posts"}],"about":[{"href":"https:\/\/president-ksgov.net\/sr\/wp-json\/wp\/v2\/types\/post"}],"author":[{"embeddable":true,"href":"https:\/\/president-ksgov.net\/sr\/wp-json\/wp\/v2\/users\/1"}],"replies":[{"embeddable":true,"href":"https:\/\/president-ksgov.net\/sr\/wp-json\/wp\/v2\/comments?post=78624"}],"version-history":[{"count":0,"href":"https:\/\/president-ksgov.net\/sr\/wp-json\/wp\/v2\/posts\/78624\/revisions"}],"wp:featuredmedia":[{"embeddable":true,"href":"https:\/\/president-ksgov.net\/sr\/wp-json\/wp\/v2\/media\/52937"}],"wp:attachment":[{"href":"https:\/\/president-ksgov.net\/sr\/wp-json\/wp\/v2\/media?parent=78624"}],"wp:term":[{"taxonomy":"category","embeddable":true,"href":"https:\/\/president-ksgov.net\/sr\/wp-json\/wp\/v2\/categories?post=78624"},{"taxonomy":"post_tag","embeddable":true,"href":"https:\/\/president-ksgov.net\/sr\/wp-json\/wp\/v2\/tags?post=78624"}],"curies":[{"name":"wp","href":"https:\/\/api.w.org\/{rel}","templated":true}]}}