{"id":78587,"date":"2013-01-11T15:00:06","date_gmt":"2013-01-11T15:00:06","guid":{"rendered":"https:\/\/dev.president-ksgov.net\/na-doceku-zapocete-godine-predsednica-jahjaga-je-razgovarala-sa-novinarima-medija-na-kosovu\/"},"modified":"2013-01-11T15:00:06","modified_gmt":"2013-01-11T15:00:06","slug":"na-doceku-zapocete-godine-predsednica-jahjaga-je-razgovarala-sa-novinarima-medija-na-kosovu","status":"publish","type":"post","link":"https:\/\/president-ksgov.net\/sr\/na-doceku-zapocete-godine-predsednica-jahjaga-je-razgovarala-sa-novinarima-medija-na-kosovu\/","title":{"rendered":"Na do\u010deku zapo\u010dete godine, Predsednica Jahjaga je razgovarala sa novinarima medija na Kosovu"},"content":{"rendered":"<p>Predsednica Republike Kosova, gospo\u0111a Atifete Jahjaga, danas je organizovala do\u010dek zapo\u010dete godine i jedan razgovor sa novinarima medija na Kosovu.<\/p>\n<p>U nastavku sledi sadr&#382;aj sastanka:<\/p>\n<p>Po&#353;tovani novinari,<\/p>\n<p>&#381;elim vam dobrodo&#353;licu, uz izraz po&#353;tovanja za va&#353;u profesiju i zahvaljuju\u0107i vam za rad i saradnju koju smo imali tokom pro&#353;le godine, uveravaju\u0107i vas da \u0107e saradnja u ovoj godini biti isto tako dobra i da \u0107e vrata Ureda Predsednice uvek biti otvorena , jer zajedni\u010dki obavljamo jednu misiju u slu&#382;bi naroda i unapre\u0111enja demokratskih procesa. <\/p>\n<p>Uloga medija je zna\u010dajno u predstavljanju istine, u pravednom i pravovremenom informiranju gra\u0111ana, u stvaranju kriti\u010dkog mnenja kao jedna realna cena ali i jedna vrsta kontrole za rad institucija.<\/p>\n<p>Republika Kosovo i njeni gra\u0111ani su bele&#382;ili jedan prili\u010dan broj uspeha tokom pro&#353;le godine. Mi smo nastavili konsolidovati na&#353;u dr&#382;avnost, i jedna od ve\u0107ih dostignu\u0107a jeste ukidanje nadzora nezavisnosti, koje je izvr&#353;eno u septembru pro&#353;le godine.<\/p>\n<p>Pobolj&#353;ali smo imid&#382; u svetu, stvaraju\u0107i jednu zemlju koja, kao i ostale dr&#382;ave, doprinosi u svim regionalnim i me\u0111unarodnim procesima.<\/p>\n<p>U ovoj ravni Kosovo je bila doma\u0107in i organizator Me\u0111unarodnog Samita &#381;ena, koji je okupio &#382;ene iz sveta , regiona i zemlje.<\/p>\n<p>Tokom pro&#353;le godine smo pove\u0107ali broj priznanja i unapredili smo procese evropske integracije, dobivanjem putokaza za vize i nalazimo se na pragu postizanja Sporazuma o Stabilizaciji i Asociranju. Da naglasim i \u010dinjenicu da na kraju pro&#353;le godine Kosovo je postala \u010dlan Evropske Banke za Obnovu i Razvoj.<\/p>\n<p>Isto tako, Kosovo je razvilo jednu aktivnu diplomatiju, uz va&#382;ne posete. Ovde su do&#353;le Dr&#382;avni Sekretar, Hillary Klinton, Baronica Ashton, Sekretar UN Ban Ki Mun, Britanski Sekretari Wiliam Hague, pomo\u0107nik sekretara Gordon, Zamenik pomo\u0107nika Sekretara Riker, komisioner za pro&#353;irenje, Shtefan Fyle, posete delegacija Dr&#382;avnog Departmana SAD-e, Kongresa, Evropskog Parlamenta. Isto tako, u\u010de&#353;\u0107e u forumima i me\u0111unarodnim konferencijama te na bilateralnim sastancima, kako na Kosovu tako i van zemlje.<\/p>\n<p>Mi smo prevazi&#353;li izazove, ali njih \u0107emo imati i tokom 2013 godine. Izazovi Kosova se ne razlikuju od izazova drugih dr&#382;ava, koje su u tranziciji. Postoji nastavak izborne i ustavne\u00a0 reforme, stalne reforme obrazovnog i zdravstvenog sistema, izgradnje socijalnih politika za pobolj&#353;anje blagostanja na&#353;ih gra\u0111ana. Slede\u0107i izazov jeste pribli&#382;avanje zakonodavstva Kosova sa onim iz Evropske Zajednice, te ispunjavanje kratkoro\u010dnih i dugoro\u010dnih ciljeva iz Izve&#353;taja Fizibiliteta Evropske Komisije.<\/p>\n<p>Ciljamo pove\u0107anje ekonomskog razvoja omogu\u0107iv&#353;i otvaranje novih radnih mesta te stvaranjem jedne povoljne sredine za inostrane investicije. Radimo na ispunjavanju kriterija i standarda EZ-e koji bi omogu\u0107ili dobivanje liberalizacije viza i svakako Sporazum o Stabilizaciji i Asociranju sa EZ-e.<\/p>\n<p>Na&#353; cilj jeste uspe&#353;an zavr&#353;etak dijaloga izme\u0111u Republike Kosovo i Republike Srbije, za normalizaciju odnosa izme\u0111u dve na&#353;e dr&#382;ave, kao dve susedne dr&#382;ave, i uspostavljanje i vladanje reda i zakona u celoj teritoriji Republike Kosovo, odnosno u op&#353;tinama na severu teritorija Republike Kosovo, u op&#353;tinama severna Mitrovica, Zve\u010dan, Zubin Potok i Leposavi\u0107, kako bi se stvorili neophodni uslovi da gra\u0111ani srpske zajednice, koji su dr&#382;avljani Republike Kosovo, koji &#382;ive u ovom delu teritorija Republike Kosovo, odr&#382;e po&#353;tene op&#353;tinske demokratske i fer izbore, da bi ovi gra\u0111ani mogli da biraju svoje legalne i legitimne predstavnike i da se uspostave institucije Republike Kosovo u ovom delu njenog teritorija.<\/p>\n<p>Pitanje: 17 januara je odre\u0111en naredni sastanak u Brisel izme\u0111u dva premijera. Ve\u0107 je potvr\u0111eno od premijera Tha\u00e7i da \u0107e sever biti tema razgovora. Da li mislite da bi\u00a0 trebalo da se\u00a0 postavi jedan deo teritorija na razgovore?<\/p>\n<p>Odgovor: Dijalog koji se vodi u Brisel uz posredovanje Evropske Zajednice, uz podr&#353;ku i sna&#382;no oslanjanje na SAD-e, ima za cilj normalizaciju odnosa izme\u0111u na&#353;ih dveju dr&#382;ava, kao dve susedne dr&#382;ave i ceo ovaj proces vodi se od strane premijera Kosova ili specifi\u010dno od premijera dveju dr&#382;ava.<\/p>\n<p>Kao predsednica zemlje, jo&#353; od po\u010detka sam dala sna&#382;nu podr&#353;ku ovom procesu dijaloga, jer ne vidim drugu alternativu, kojom bismo prisilili ili kojom bismo obavezali Srbiju da ispunjava sve njene zadatke i obaveze prema Kosovu i prema svim me\u0111unarodnim standardima i normama.<\/p>\n<p>Pitanja unutra&#353;njeg ure\u0111enja nisu deo procesa dijaloga, jer je ovo pitanje Ustava Republike Kosovo, jeste pitanje zakona Republike Kosovo, jeste pitanje gra\u0111ana i nema pitanje severa, nego imamo pitanja koja se odnose na tri op&#353;tine na sever teritorija Republike Kosovo, gde treba da se prostire i uspostavlja vladanje reda i zakona i da se izvr&#353;i ukidanje ili rasturanje svih struktura koje su podsticane i financirane od strane susedne dr&#382;ave Srbije. Treba da se stvore neophodni uslovi da gra\u0111ani Srpske zajednice u Republici Kosovo, koji &#382;ive u ovom delu, mogu da biraju njihove legalne i legitimne predstavnike. Sva re&#353;enja, i ona koja su do sada proiza&#353;la iz ovog procesa dijaloga i ona koja \u0107e proiza\u0107i\u00a0 u budu\u0107e, su evropska re&#353;enja i u potpunoj saglasnosti obeju strana.<\/p>\n<p>Pitanje: Predsednice, spomenuli ste ukratko ustavnu i izbornu reformu, dok u me\u0111uvremenu, iz najve\u0107e opozicione partije se zahteva va&#353;e udaljavanje ili jedna garancija data pismeno da \u0107ete se vi udaljiti \u010dim\u00a0 zavr&#353;i ustavna i izborna reforma. Koji je va&#353; odgovor na zahtev DSK-a da se vi udaljite iz polo&#382;aja predsednice, kako\u00a0 ka&#382;u oni, u skladu sa sporazumom od aprila 2011 ? <\/p>\n<p>Odgovor: Izborna i ustavna reforma, kao &#353;to rekoh u uvodnom delu, jeste neophodnost i obaveza institucija Republike Kosovo i preduslov za proces integracija ili za na&#353;e napredovanje na putu u pravcu \u010dlanstva u Evropsku Zajednicu. To je pitanje politi\u010dkih partija da napreduju u procesu ustavne i izborne reforme, kao &#353;to je predvi\u0111eno i u okviru sporazuma. Ostavka nije deo sporazuma i ona nije predvi\u0111ena niti Ustavom. Mi trebamo po\u010deti stvarati jednu praksu i jednu vrstu institucionalne kulture, da trebamo raditi i anga&#382;ovati se u pravcu redovnog prelaza ili redovne primopredaje du&#382;nosti sa aktualnog predsednika na izabranog predsednika. Ostavka predsednika ne podrazumeva re&#353;enje krize, ostavka predsednika nasuprot stvara produbljivanje krize u na&#353;oj dr&#382;avi. Ovaj primer smo imali oko dve godine ranije i svi smo svedoci ovog procesa. Kao predsednica zemlje ja sam izrazila spremnost da vr&#353;im redovnu primopredaju du&#382;nosti izabranom predsedniku. Na&#353;a dr&#382;ava treba jednom za uvek da uspostavlja jedan sistem institucionalne kulture.<\/p>\n<p>Pitanje: Gospo\u0111o Predsednice, spomenuli ste izazove za 2013 godinu, ali i da se neki izazovi\u00a0 prenose iz 2012 godine. Kako \u0107e se su\u010deljavati na&#353;e\u00a0 institucije koje, kako izgleda me\u0111unarodnom ocenom, ne vr&#353;e kako treba doma\u0107e zadatke u procesu evropske integracije?<\/p>\n<p>Odgovor: Kosovo je dr&#382;ava u tranziciji kao i ostale zemlje regiona. Kosovo ima jasan redosled delatnosti i jasan put u pravcu \u010dlanstva u Evropsku Zajednicu, jer niti za Kosovo a niti za neku drugu dr&#382;avu regije, nema druge alternative osim \u010dlanstva u EZ-e. Kosovo jeste u povoljnijoj poziciji nego neke ostale zemlje u ovom procesu, jer je EZ-e poprili\u010dno\u00a0 prisutna na Kosovu jo&#353; od po\u010detka i unapre\u0111enje svih procesa te ispunjavanje svih reformi i uslova jeste jedan stalan proces za na&#353;u dr&#382;avu. Vi ste me vi&#353;e puta \u010duli da sam spomenula da pitanje reformi nije pitanje koje treba ispuniti samo zbog EZ-e ili zbog napretka na na&#353;em putu u pravcu \u010dlanstva u Evropsku Zajednicu. Reforme su za gra\u0111ene Kosova i mi smo na ovome putu jako posve\u0107eni, sve institucije\u00a0 stalno uveravaju gra\u0111ane da nema druge osim ove alternative.<\/p>\n<p>Pitanje: Predsednice, da li mislite da ste se povla\u010dile od stava institucija Kosova radi razgovora o severu Kosova i za tri op&#353;tine, po&#353;to se se\u0107amo nekih od va&#353;ih izjava i premijera\u00a0 da za normalizovanje te\u00a0 za prostiranje\/uspostavljanje reda i zakona u tom delu, vi \u0107ete raspravljati samo sa gra\u0111anima toga dela ili sa njihovim predstavnicima. Da li ste se povla\u010dili iz tih stavova?<\/p>\n<p>Odgovor: Nikako. Ovo je bio moj odgovor i ranije. <\/p>\n<p>Pitanje: Ali, za&#353;to onda diskutujete\u00a0 o tome delu sa srpskom stranom?\u00a0 <\/p>\n<p>Odgovor: O pitanjima unutra&#353;njeg ure\u0111enja mi ne razgovaramo sa nikim, ali trebamo nastaviti daljnji dijalog za povla\u010denje struktura koje deluju, i koje su podsticane i finansirane od strane susedne dr&#382;ave Srbije. <\/p>\n<p>Pitanje: Da li mislite da je to prihvatljivo od srpske strane?<\/p>\n<p>Odgovor:\u00a0 Da vidimo.<\/p>\n","protected":false},"excerpt":{"rendered":"<p>Predsednica Republike Kosova, gospo\u0111a Atifete Jahjaga, danas je organizovala do\u010dek zapo\u010dete godine i jedan razgovor sa novinarima medija na Kosovu.<\/p>\n","protected":false},"author":1,"featured_media":52815,"comment_status":"open","ping_status":"closed","sticky":false,"template":"","format":"standard","meta":{"_eb_attr":"","footnotes":""},"categories":[101],"tags":[],"class_list":["post-78587","post","type-post","status-publish","format-standard","has-post-thumbnail","hentry","category-vesti"],"yoast_head":"<!-- This site is optimized with the Yoast SEO plugin v23.5 - https:\/\/yoast.com\/wordpress\/plugins\/seo\/ -->\n<title>Na do\u010deku zapo\u010dete godine, Predsednica Jahjaga je razgovarala sa novinarima medija na Kosovu - Predsednik Republike Kosovo - DR. VJOSA OSMANI - SADRIU<\/title>\n<meta name=\"description\" content=\"Na do\u010deku zapo\u010dete godine, Predsednica Jahjaga je razgovarala sa novinarima medija na Kosovu - Predsednik Republike Kosovo - DR. VJOSA OSMANI - SADRIU -\" \/>\n<meta name=\"robots\" content=\"index, follow, max-snippet:-1, max-image-preview:large, max-video-preview:-1\" \/>\n<link rel=\"canonical\" href=\"https:\/\/president-ksgov.net\/ne-pritjen-e-fillimvitit-presidentja-jahjaga-bashkebisedoi-me-gazetaret-e-mediave-ne-kosove\/\" \/>\n<meta property=\"og:locale\" content=\"sr_RS\" \/>\n<meta property=\"og:type\" content=\"article\" \/>\n<meta property=\"og:title\" content=\"Na do\u010deku zapo\u010dete godine, Predsednica Jahjaga je razgovarala sa novinarima medija na Kosovu - Predsednik Republike Kosovo - DR. VJOSA OSMANI - SADRIU\" \/>\n<meta property=\"og:description\" content=\"Na do\u010deku zapo\u010dete godine, Predsednica Jahjaga je razgovarala sa novinarima medija na Kosovu - Predsednik Republike Kosovo - DR. VJOSA OSMANI - SADRIU -\" \/>\n<meta property=\"og:url\" content=\"https:\/\/president-ksgov.net\/ne-pritjen-e-fillimvitit-presidentja-jahjaga-bashkebisedoi-me-gazetaret-e-mediave-ne-kosove\/\" \/>\n<meta property=\"og:site_name\" content=\"Predsednik Republike Kosovo - DR. VJOSA OSMANI - SADRIU\" \/>\n<meta property=\"article:published_time\" content=\"2013-01-11T15:00:06+00:00\" \/>\n<meta property=\"og:image\" content=\"https:\/\/president-ksgov.net\/wp-content\/uploads\/11_01_2013_Takim_me_gazetare_0.jpg\" \/>\n\t<meta property=\"og:image:width\" content=\"1000\" \/>\n\t<meta property=\"og:image:height\" content=\"667\" \/>\n\t<meta property=\"og:image:type\" content=\"image\/jpeg\" \/>\n<meta name=\"author\" content=\"admin\" \/>\n<meta name=\"twitter:card\" content=\"summary_large_image\" \/>\n<meta name=\"twitter:label1\" content=\"\u041d\u0430\u043f\u0438\u0441\u0430\u043d\u043e \u043e\u0434\" \/>\n\t<meta name=\"twitter:data1\" content=\"admin\" \/>\n\t<meta name=\"twitter:label2\" content=\"\u041f\u0440\u043e\u0446\u0435\u045a\u0435\u043d\u043e \u0432\u0440\u0435\u043c\u0435 \u0447\u0438\u0442\u0430\u045a\u0430\" \/>\n\t<meta name=\"twitter:data2\" content=\"7 \u043c\u0438\u043d\u0443\u0442\u0430\" \/>\n<script type=\"application\/ld+json\" class=\"yoast-schema-graph\">{\"@context\":\"https:\/\/schema.org\",\"@graph\":[{\"@type\":\"WebPage\",\"@id\":\"https:\/\/president-ksgov.net\/ne-pritjen-e-fillimvitit-presidentja-jahjaga-bashkebisedoi-me-gazetaret-e-mediave-ne-kosove\/\",\"url\":\"https:\/\/president-ksgov.net\/ne-pritjen-e-fillimvitit-presidentja-jahjaga-bashkebisedoi-me-gazetaret-e-mediave-ne-kosove\/\",\"name\":\"Na do\u010deku zapo\u010dete godine, Predsednica Jahjaga je razgovarala sa novinarima medija na Kosovu - Predsednik Republike Kosovo - DR. VJOSA OSMANI - SADRIU\",\"isPartOf\":{\"@id\":\"https:\/\/president-ksgov.net\/#website\"},\"primaryImageOfPage\":{\"@id\":\"https:\/\/president-ksgov.net\/ne-pritjen-e-fillimvitit-presidentja-jahjaga-bashkebisedoi-me-gazetaret-e-mediave-ne-kosove\/#primaryimage\"},\"image\":{\"@id\":\"https:\/\/president-ksgov.net\/ne-pritjen-e-fillimvitit-presidentja-jahjaga-bashkebisedoi-me-gazetaret-e-mediave-ne-kosove\/#primaryimage\"},\"thumbnailUrl\":\"https:\/\/president-ksgov.net\/wp-content\/uploads\/11_01_2013_Takim_me_gazetare_0.jpg\",\"datePublished\":\"2013-01-11T15:00:06+00:00\",\"dateModified\":\"2013-01-11T15:00:06+00:00\",\"author\":{\"@id\":\"https:\/\/president-ksgov.net\/#\/schema\/person\/bb4337a5fb147cb2046d80548172cbee\"},\"description\":\"Na do\u010deku zapo\u010dete godine, Predsednica Jahjaga je razgovarala sa novinarima medija na Kosovu - Predsednik Republike Kosovo - DR. VJOSA OSMANI - SADRIU -\",\"breadcrumb\":{\"@id\":\"https:\/\/president-ksgov.net\/ne-pritjen-e-fillimvitit-presidentja-jahjaga-bashkebisedoi-me-gazetaret-e-mediave-ne-kosove\/#breadcrumb\"},\"inLanguage\":\"sr-RS\",\"potentialAction\":[{\"@type\":\"ReadAction\",\"target\":[\"https:\/\/president-ksgov.net\/ne-pritjen-e-fillimvitit-presidentja-jahjaga-bashkebisedoi-me-gazetaret-e-mediave-ne-kosove\/\"]}]},{\"@type\":\"ImageObject\",\"inLanguage\":\"sr-RS\",\"@id\":\"https:\/\/president-ksgov.net\/ne-pritjen-e-fillimvitit-presidentja-jahjaga-bashkebisedoi-me-gazetaret-e-mediave-ne-kosove\/#primaryimage\",\"url\":\"https:\/\/president-ksgov.net\/wp-content\/uploads\/11_01_2013_Takim_me_gazetare_0.jpg\",\"contentUrl\":\"https:\/\/president-ksgov.net\/wp-content\/uploads\/11_01_2013_Takim_me_gazetare_0.jpg\",\"width\":1000,\"height\":667},{\"@type\":\"BreadcrumbList\",\"@id\":\"https:\/\/president-ksgov.net\/ne-pritjen-e-fillimvitit-presidentja-jahjaga-bashkebisedoi-me-gazetaret-e-mediave-ne-kosove\/#breadcrumb\",\"itemListElement\":[{\"@type\":\"ListItem\",\"position\":1,\"name\":\"Home\",\"item\":\"https:\/\/president-ksgov.net\/sr\/\"},{\"@type\":\"ListItem\",\"position\":2,\"name\":\"Na do\u010deku zapo\u010dete godine, Predsednica Jahjaga je razgovarala sa novinarima medija na Kosovu\"}]},{\"@type\":\"WebSite\",\"@id\":\"https:\/\/president-ksgov.net\/#website\",\"url\":\"https:\/\/president-ksgov.net\/\",\"name\":\"Presidente e Republik\u00ebs s\u00eb Kosov\u00ebs\",\"description\":\"Presidente e Republik\u00ebs s\u00eb Kosov\u00ebs\",\"alternateName\":\"DR. VJOSA OSMANI - SADRIU\",\"potentialAction\":[{\"@type\":\"SearchAction\",\"target\":{\"@type\":\"EntryPoint\",\"urlTemplate\":\"https:\/\/president-ksgov.net\/?s={search_term_string}\"},\"query-input\":{\"@type\":\"PropertyValueSpecification\",\"valueRequired\":true,\"valueName\":\"search_term_string\"}}],\"inLanguage\":\"sr-RS\"},{\"@type\":\"Person\",\"@id\":\"https:\/\/president-ksgov.net\/#\/schema\/person\/bb4337a5fb147cb2046d80548172cbee\",\"name\":\"admin\",\"image\":{\"@type\":\"ImageObject\",\"inLanguage\":\"sr-RS\",\"@id\":\"https:\/\/president-ksgov.net\/#\/schema\/person\/image\/\",\"url\":\"https:\/\/secure.gravatar.com\/avatar\/36156ca0fa3b8d9d25174f146e16beea0cf28f37adf1b9e19b6c9c279a7c9dd3?s=96&d=mm&r=g\",\"contentUrl\":\"https:\/\/secure.gravatar.com\/avatar\/36156ca0fa3b8d9d25174f146e16beea0cf28f37adf1b9e19b6c9c279a7c9dd3?s=96&d=mm&r=g\",\"caption\":\"admin\"},\"sameAs\":[\"https:\/\/president-ksgov.net\"]}]}<\/script>\n<!-- \/ Yoast SEO plugin. -->","yoast_head_json":{"title":"Na do\u010deku zapo\u010dete godine, Predsednica Jahjaga je razgovarala sa novinarima medija na Kosovu - Predsednik Republike Kosovo - DR. VJOSA OSMANI - SADRIU","description":"Na do\u010deku zapo\u010dete godine, Predsednica Jahjaga je razgovarala sa novinarima medija na Kosovu - Predsednik Republike Kosovo - DR. VJOSA OSMANI - SADRIU -","robots":{"index":"index","follow":"follow","max-snippet":"max-snippet:-1","max-image-preview":"max-image-preview:large","max-video-preview":"max-video-preview:-1"},"canonical":"https:\/\/president-ksgov.net\/ne-pritjen-e-fillimvitit-presidentja-jahjaga-bashkebisedoi-me-gazetaret-e-mediave-ne-kosove\/","og_locale":"sr_RS","og_type":"article","og_title":"Na do\u010deku zapo\u010dete godine, Predsednica Jahjaga je razgovarala sa novinarima medija na Kosovu - Predsednik Republike Kosovo - DR. VJOSA OSMANI - SADRIU","og_description":"Na do\u010deku zapo\u010dete godine, Predsednica Jahjaga je razgovarala sa novinarima medija na Kosovu - Predsednik Republike Kosovo - DR. VJOSA OSMANI - SADRIU -","og_url":"https:\/\/president-ksgov.net\/ne-pritjen-e-fillimvitit-presidentja-jahjaga-bashkebisedoi-me-gazetaret-e-mediave-ne-kosove\/","og_site_name":"Predsednik Republike Kosovo - DR. VJOSA OSMANI - SADRIU","article_published_time":"2013-01-11T15:00:06+00:00","og_image":[{"width":1000,"height":667,"url":"https:\/\/president-ksgov.net\/wp-content\/uploads\/11_01_2013_Takim_me_gazetare_0.jpg","type":"image\/jpeg"}],"author":"admin","twitter_card":"summary_large_image","twitter_misc":{"\u041d\u0430\u043f\u0438\u0441\u0430\u043d\u043e \u043e\u0434":"admin","\u041f\u0440\u043e\u0446\u0435\u045a\u0435\u043d\u043e \u0432\u0440\u0435\u043c\u0435 \u0447\u0438\u0442\u0430\u045a\u0430":"7 \u043c\u0438\u043d\u0443\u0442\u0430"},"schema":{"@context":"https:\/\/schema.org","@graph":[{"@type":"WebPage","@id":"https:\/\/president-ksgov.net\/ne-pritjen-e-fillimvitit-presidentja-jahjaga-bashkebisedoi-me-gazetaret-e-mediave-ne-kosove\/","url":"https:\/\/president-ksgov.net\/ne-pritjen-e-fillimvitit-presidentja-jahjaga-bashkebisedoi-me-gazetaret-e-mediave-ne-kosove\/","name":"Na do\u010deku zapo\u010dete godine, Predsednica Jahjaga je razgovarala sa novinarima medija na Kosovu - Predsednik Republike Kosovo - DR. VJOSA OSMANI - SADRIU","isPartOf":{"@id":"https:\/\/president-ksgov.net\/#website"},"primaryImageOfPage":{"@id":"https:\/\/president-ksgov.net\/ne-pritjen-e-fillimvitit-presidentja-jahjaga-bashkebisedoi-me-gazetaret-e-mediave-ne-kosove\/#primaryimage"},"image":{"@id":"https:\/\/president-ksgov.net\/ne-pritjen-e-fillimvitit-presidentja-jahjaga-bashkebisedoi-me-gazetaret-e-mediave-ne-kosove\/#primaryimage"},"thumbnailUrl":"https:\/\/president-ksgov.net\/wp-content\/uploads\/11_01_2013_Takim_me_gazetare_0.jpg","datePublished":"2013-01-11T15:00:06+00:00","dateModified":"2013-01-11T15:00:06+00:00","author":{"@id":"https:\/\/president-ksgov.net\/#\/schema\/person\/bb4337a5fb147cb2046d80548172cbee"},"description":"Na do\u010deku zapo\u010dete godine, Predsednica Jahjaga je razgovarala sa novinarima medija na Kosovu - Predsednik Republike Kosovo - DR. VJOSA OSMANI - SADRIU -","breadcrumb":{"@id":"https:\/\/president-ksgov.net\/ne-pritjen-e-fillimvitit-presidentja-jahjaga-bashkebisedoi-me-gazetaret-e-mediave-ne-kosove\/#breadcrumb"},"inLanguage":"sr-RS","potentialAction":[{"@type":"ReadAction","target":["https:\/\/president-ksgov.net\/ne-pritjen-e-fillimvitit-presidentja-jahjaga-bashkebisedoi-me-gazetaret-e-mediave-ne-kosove\/"]}]},{"@type":"ImageObject","inLanguage":"sr-RS","@id":"https:\/\/president-ksgov.net\/ne-pritjen-e-fillimvitit-presidentja-jahjaga-bashkebisedoi-me-gazetaret-e-mediave-ne-kosove\/#primaryimage","url":"https:\/\/president-ksgov.net\/wp-content\/uploads\/11_01_2013_Takim_me_gazetare_0.jpg","contentUrl":"https:\/\/president-ksgov.net\/wp-content\/uploads\/11_01_2013_Takim_me_gazetare_0.jpg","width":1000,"height":667},{"@type":"BreadcrumbList","@id":"https:\/\/president-ksgov.net\/ne-pritjen-e-fillimvitit-presidentja-jahjaga-bashkebisedoi-me-gazetaret-e-mediave-ne-kosove\/#breadcrumb","itemListElement":[{"@type":"ListItem","position":1,"name":"Home","item":"https:\/\/president-ksgov.net\/sr\/"},{"@type":"ListItem","position":2,"name":"Na do\u010deku zapo\u010dete godine, Predsednica Jahjaga je razgovarala sa novinarima medija na Kosovu"}]},{"@type":"WebSite","@id":"https:\/\/president-ksgov.net\/#website","url":"https:\/\/president-ksgov.net\/","name":"Presidente e Republik\u00ebs s\u00eb Kosov\u00ebs","description":"Presidente e Republik\u00ebs s\u00eb Kosov\u00ebs","alternateName":"DR. VJOSA OSMANI - SADRIU","potentialAction":[{"@type":"SearchAction","target":{"@type":"EntryPoint","urlTemplate":"https:\/\/president-ksgov.net\/?s={search_term_string}"},"query-input":{"@type":"PropertyValueSpecification","valueRequired":true,"valueName":"search_term_string"}}],"inLanguage":"sr-RS"},{"@type":"Person","@id":"https:\/\/president-ksgov.net\/#\/schema\/person\/bb4337a5fb147cb2046d80548172cbee","name":"admin","image":{"@type":"ImageObject","inLanguage":"sr-RS","@id":"https:\/\/president-ksgov.net\/#\/schema\/person\/image\/","url":"https:\/\/secure.gravatar.com\/avatar\/36156ca0fa3b8d9d25174f146e16beea0cf28f37adf1b9e19b6c9c279a7c9dd3?s=96&d=mm&r=g","contentUrl":"https:\/\/secure.gravatar.com\/avatar\/36156ca0fa3b8d9d25174f146e16beea0cf28f37adf1b9e19b6c9c279a7c9dd3?s=96&d=mm&r=g","caption":"admin"},"sameAs":["https:\/\/president-ksgov.net"]}]}},"_links":{"self":[{"href":"https:\/\/president-ksgov.net\/sr\/wp-json\/wp\/v2\/posts\/78587","targetHints":{"allow":["GET"]}}],"collection":[{"href":"https:\/\/president-ksgov.net\/sr\/wp-json\/wp\/v2\/posts"}],"about":[{"href":"https:\/\/president-ksgov.net\/sr\/wp-json\/wp\/v2\/types\/post"}],"author":[{"embeddable":true,"href":"https:\/\/president-ksgov.net\/sr\/wp-json\/wp\/v2\/users\/1"}],"replies":[{"embeddable":true,"href":"https:\/\/president-ksgov.net\/sr\/wp-json\/wp\/v2\/comments?post=78587"}],"version-history":[{"count":0,"href":"https:\/\/president-ksgov.net\/sr\/wp-json\/wp\/v2\/posts\/78587\/revisions"}],"wp:featuredmedia":[{"embeddable":true,"href":"https:\/\/president-ksgov.net\/sr\/wp-json\/wp\/v2\/media\/52815"}],"wp:attachment":[{"href":"https:\/\/president-ksgov.net\/sr\/wp-json\/wp\/v2\/media?parent=78587"}],"wp:term":[{"taxonomy":"category","embeddable":true,"href":"https:\/\/president-ksgov.net\/sr\/wp-json\/wp\/v2\/categories?post=78587"},{"taxonomy":"post_tag","embeddable":true,"href":"https:\/\/president-ksgov.net\/sr\/wp-json\/wp\/v2\/tags?post=78587"}],"curies":[{"name":"wp","href":"https:\/\/api.w.org\/{rel}","templated":true}]}}