{"id":78564,"date":"2013-01-29T19:42:37","date_gmt":"2013-01-29T19:42:37","guid":{"rendered":"https:\/\/dev.president-ksgov.net\/govor-predsednice-jahjaga-na-ceremonoji-okoncanja-mandata-xavier-bout-de-marnhaca\/"},"modified":"2023-03-08T09:04:17","modified_gmt":"2023-03-08T09:04:17","slug":"govor-predsednice-jahjaga-na-ceremonoji-okoncanja-mandata-xavier-bout-de-marnhaca","status":"publish","type":"post","link":"https:\/\/president-ksgov.net\/sr\/govor-predsednice-jahjaga-na-ceremonoji-okoncanja-mandata-xavier-bout-de-marnhaca\/","title":{"rendered":"Govor Predsednice Jahjaga na ceremonoji okon\u010danja mandata Xavier Bout de Marnhaca"},"content":{"rendered":"<p>Zahvaljujem vam za cenjeni posao koji ste vr&#353;ili  u va&#353;oj vrlo va&#382;noj Misiji u Republici Kosovo radi vladanje reda i zakona.<\/p>\n<p>Po&#353;tovani rukovodioci Institucija Kosova,<\/p>\n<p>Po&#353;tovani ambasadori i predstavnici me\u0111unarodnih misija na Kosovu,<\/p>\n<p>Po&#353;tovani G-din de Marnhac,<\/p>\n<p>Zahvaljujem vam za cenjeni posao koji ste vr&#353;ili\u00a0 u va&#353;oj vrlo va&#382;noj Misiji u Republici Kosovo radi vladanje reda i zakona.<\/p>\n<p>Misija EULEX-a je jedna pozvana misija od institucija Republike Kosovo za doprinos i pomo\u0107, iskustvom i konkretnim anga&#382;ovanjem u vrlo va&#382;nim oblastima vladanja reda i zakona u periodu tranzicije, i u periodu izgradnje demokratskih procesa. <\/p>\n<p>Policija, tu&#382;ioci i sudije EULEX-a u&#382;ivaju po&#353;tovanje gra\u0111ana moje zemlje za anga&#382;ovanje i za njihovo posve\u0107enje da obavljaju i najte&#382;e zadatke po&#353;tuju\u0107i zakon i procedure primenjuju\u0107i najbolje iskustvo evropskih zemalja iz kojih su do&#353;li.<\/p>\n<p>Po&#353;tovani u\u010desnici, <\/p>\n<p>Na&#353;a dr&#382;ava gradi potrebne kapacitete za preuzimanje svih odgovornosti radi izvr&#353;avanja svih zadataka \u010dine\u0107i na&#353;u dr&#382;avu zemljom u kojoj vlada zakon i uspe&#353;no suzbijaju sve lo&#353;e i negativne pojave naro\u010dito korupcija i organizovani kriminal koji ne poznaju granice i koji prete op&#353;tem napretku i evropskoj budu\u0107nosti na&#353;e zemlje. <\/p>\n<p>Duboko verujemo da \u0107e ove godine Kosovo postati punopravni \u010dlan u svim me\u0111unarodnim organizacijama i mehanizmima u oblasti prava i bezbednosti, jer samo budu\u0107i \u010dlan me\u0111unarodne mre&#382;e u suzbijanju kriminala mi mo&#382;emo uspe&#353;no dati na&#353; doprinos za prekidanje veza i za efikasno suzbijanje trans nacionalnog kriminala.<\/p>\n<p>Po&#353;tovani g. Marnhac, <\/p>\n<p>Zavr&#353;avate drugu misiju u Republici Kosovo, oba dve misije, ona vojna i ova za vladanje zakona, vrlo odgovorne davanjem jednog konkretnog i opipljivog doprinosa u o\u010duvanju mira i stabilnosti te uspostavljanju i izgradnji doma\u0107ih kapaciteta istakav&#353;i\u00a0 se jednom vanrednom saradnjom kao i potpunom\u00a0 i efikasnom koordinacijom.<\/p>\n<p>Izra&#382;avamo vam zahvalnost institucija i naroda Kosova za sve ono &#353;to ste \u010dinili imaju\u0107i u vas uvek jednog ustrajnog prijatelja Kosova u promociji njenih vrednosti i njene budu\u0107nosti.<\/p>\n","protected":false},"excerpt":{"rendered":"<p>Zahvaljujem vam za cenjeni posao koji ste vr&#353;ili  u va&#353;oj vrlo va&#382;noj Misiji u Republici Kosovo radi vladanje reda i zakona.<\/p>\n","protected":false},"author":1,"featured_media":52579,"comment_status":"open","ping_status":"closed","sticky":false,"template":"","format":"standard","meta":{"_eb_attr":"","footnotes":""},"categories":[106],"tags":[],"class_list":["post-78564","post","type-post","status-publish","format-standard","has-post-thumbnail","hentry","category-govori"],"yoast_head":"<!-- This site is optimized with the Yoast SEO plugin v23.5 - https:\/\/yoast.com\/wordpress\/plugins\/seo\/ -->\n<title>Govor Predsednice Jahjaga na ceremonoji okon\u010danja mandata Xavier Bout de Marnhaca - Predsednik Republike Kosovo - DR. VJOSA OSMANI - SADRIU<\/title>\n<meta name=\"description\" content=\"Govor Predsednice Jahjaga na ceremonoji okon\u010danja mandata Xavier Bout de Marnhaca - Predsednik Republike Kosovo - DR. VJOSA OSMANI - SADRIU -\" \/>\n<meta name=\"robots\" content=\"index, follow, max-snippet:-1, max-image-preview:large, max-video-preview:-1\" \/>\n<link rel=\"canonical\" href=\"https:\/\/president-ksgov.net\/fjalimi-i-presidentes-jahjaga-ne-ceremonine-e-perfundimit-te-mandatit-te-z-xavier-bout-de-marnhac\/\" \/>\n<meta property=\"og:locale\" content=\"sr_RS\" \/>\n<meta property=\"og:type\" content=\"article\" \/>\n<meta property=\"og:title\" content=\"Govor Predsednice Jahjaga na ceremonoji okon\u010danja mandata Xavier Bout de Marnhaca - Predsednik Republike Kosovo - DR. VJOSA OSMANI - SADRIU\" \/>\n<meta property=\"og:description\" content=\"Govor Predsednice Jahjaga na ceremonoji okon\u010danja mandata Xavier Bout de Marnhaca - Predsednik Republike Kosovo - DR. VJOSA OSMANI - SADRIU -\" \/>\n<meta property=\"og:url\" content=\"https:\/\/president-ksgov.net\/fjalimi-i-presidentes-jahjaga-ne-ceremonine-e-perfundimit-te-mandatit-te-z-xavier-bout-de-marnhac\/\" \/>\n<meta property=\"og:site_name\" content=\"Predsednik Republike Kosovo - DR. VJOSA OSMANI - SADRIU\" \/>\n<meta property=\"article:published_time\" content=\"2013-01-29T19:42:37+00:00\" \/>\n<meta property=\"article:modified_time\" content=\"2023-03-08T09:04:17+00:00\" \/>\n<meta property=\"og:image\" content=\"https:\/\/president-ksgov.net\/wp-content\/uploads\/29_01_13_18151_29_01_2013_Takim_me_0.jpg\" \/>\n\t<meta property=\"og:image:width\" content=\"1000\" \/>\n\t<meta property=\"og:image:height\" content=\"1164\" \/>\n\t<meta property=\"og:image:type\" content=\"image\/jpeg\" \/>\n<meta name=\"author\" content=\"admin\" \/>\n<meta name=\"twitter:card\" content=\"summary_large_image\" \/>\n<meta name=\"twitter:label1\" content=\"\u041d\u0430\u043f\u0438\u0441\u0430\u043d\u043e \u043e\u0434\" \/>\n\t<meta name=\"twitter:data1\" content=\"admin\" \/>\n\t<meta name=\"twitter:label2\" content=\"\u041f\u0440\u043e\u0446\u0435\u045a\u0435\u043d\u043e \u0432\u0440\u0435\u043c\u0435 \u0447\u0438\u0442\u0430\u045a\u0430\" \/>\n\t<meta name=\"twitter:data2\" content=\"2 \u043c\u0438\u043d\u0443\u0442\u0430\" \/>\n<script type=\"application\/ld+json\" class=\"yoast-schema-graph\">{\"@context\":\"https:\/\/schema.org\",\"@graph\":[{\"@type\":\"WebPage\",\"@id\":\"https:\/\/president-ksgov.net\/fjalimi-i-presidentes-jahjaga-ne-ceremonine-e-perfundimit-te-mandatit-te-z-xavier-bout-de-marnhac\/\",\"url\":\"https:\/\/president-ksgov.net\/fjalimi-i-presidentes-jahjaga-ne-ceremonine-e-perfundimit-te-mandatit-te-z-xavier-bout-de-marnhac\/\",\"name\":\"Govor Predsednice Jahjaga na ceremonoji okon\u010danja mandata Xavier Bout de Marnhaca - Predsednik Republike Kosovo - DR. VJOSA OSMANI - SADRIU\",\"isPartOf\":{\"@id\":\"https:\/\/president-ksgov.net\/#website\"},\"primaryImageOfPage\":{\"@id\":\"https:\/\/president-ksgov.net\/fjalimi-i-presidentes-jahjaga-ne-ceremonine-e-perfundimit-te-mandatit-te-z-xavier-bout-de-marnhac\/#primaryimage\"},\"image\":{\"@id\":\"https:\/\/president-ksgov.net\/fjalimi-i-presidentes-jahjaga-ne-ceremonine-e-perfundimit-te-mandatit-te-z-xavier-bout-de-marnhac\/#primaryimage\"},\"thumbnailUrl\":\"https:\/\/president-ksgov.net\/wp-content\/uploads\/29_01_13_18151_29_01_2013_Takim_me_0.jpg\",\"datePublished\":\"2013-01-29T19:42:37+00:00\",\"dateModified\":\"2023-03-08T09:04:17+00:00\",\"author\":{\"@id\":\"https:\/\/president-ksgov.net\/#\/schema\/person\/bb4337a5fb147cb2046d80548172cbee\"},\"description\":\"Govor Predsednice Jahjaga na ceremonoji okon\u010danja mandata Xavier Bout de Marnhaca - Predsednik Republike Kosovo - DR. VJOSA OSMANI - SADRIU -\",\"breadcrumb\":{\"@id\":\"https:\/\/president-ksgov.net\/fjalimi-i-presidentes-jahjaga-ne-ceremonine-e-perfundimit-te-mandatit-te-z-xavier-bout-de-marnhac\/#breadcrumb\"},\"inLanguage\":\"sr-RS\",\"potentialAction\":[{\"@type\":\"ReadAction\",\"target\":[\"https:\/\/president-ksgov.net\/fjalimi-i-presidentes-jahjaga-ne-ceremonine-e-perfundimit-te-mandatit-te-z-xavier-bout-de-marnhac\/\"]}]},{\"@type\":\"ImageObject\",\"inLanguage\":\"sr-RS\",\"@id\":\"https:\/\/president-ksgov.net\/fjalimi-i-presidentes-jahjaga-ne-ceremonine-e-perfundimit-te-mandatit-te-z-xavier-bout-de-marnhac\/#primaryimage\",\"url\":\"https:\/\/president-ksgov.net\/wp-content\/uploads\/29_01_13_18151_29_01_2013_Takim_me_0.jpg\",\"contentUrl\":\"https:\/\/president-ksgov.net\/wp-content\/uploads\/29_01_13_18151_29_01_2013_Takim_me_0.jpg\",\"width\":1000,\"height\":1164},{\"@type\":\"BreadcrumbList\",\"@id\":\"https:\/\/president-ksgov.net\/fjalimi-i-presidentes-jahjaga-ne-ceremonine-e-perfundimit-te-mandatit-te-z-xavier-bout-de-marnhac\/#breadcrumb\",\"itemListElement\":[{\"@type\":\"ListItem\",\"position\":1,\"name\":\"Home\",\"item\":\"https:\/\/president-ksgov.net\/sr\/\"},{\"@type\":\"ListItem\",\"position\":2,\"name\":\"Govor Predsednice Jahjaga na ceremonoji okon\u010danja mandata Xavier Bout de Marnhaca\"}]},{\"@type\":\"WebSite\",\"@id\":\"https:\/\/president-ksgov.net\/#website\",\"url\":\"https:\/\/president-ksgov.net\/\",\"name\":\"Presidente e Republik\u00ebs s\u00eb Kosov\u00ebs\",\"description\":\"Presidente e Republik\u00ebs s\u00eb Kosov\u00ebs\",\"alternateName\":\"DR. VJOSA OSMANI - SADRIU\",\"potentialAction\":[{\"@type\":\"SearchAction\",\"target\":{\"@type\":\"EntryPoint\",\"urlTemplate\":\"https:\/\/president-ksgov.net\/?s={search_term_string}\"},\"query-input\":{\"@type\":\"PropertyValueSpecification\",\"valueRequired\":true,\"valueName\":\"search_term_string\"}}],\"inLanguage\":\"sr-RS\"},{\"@type\":\"Person\",\"@id\":\"https:\/\/president-ksgov.net\/#\/schema\/person\/bb4337a5fb147cb2046d80548172cbee\",\"name\":\"admin\",\"image\":{\"@type\":\"ImageObject\",\"inLanguage\":\"sr-RS\",\"@id\":\"https:\/\/president-ksgov.net\/#\/schema\/person\/image\/\",\"url\":\"https:\/\/secure.gravatar.com\/avatar\/36156ca0fa3b8d9d25174f146e16beea0cf28f37adf1b9e19b6c9c279a7c9dd3?s=96&d=mm&r=g\",\"contentUrl\":\"https:\/\/secure.gravatar.com\/avatar\/36156ca0fa3b8d9d25174f146e16beea0cf28f37adf1b9e19b6c9c279a7c9dd3?s=96&d=mm&r=g\",\"caption\":\"admin\"},\"sameAs\":[\"https:\/\/president-ksgov.net\"]}]}<\/script>\n<!-- \/ Yoast SEO plugin. -->","yoast_head_json":{"title":"Govor Predsednice Jahjaga na ceremonoji okon\u010danja mandata Xavier Bout de Marnhaca - Predsednik Republike Kosovo - DR. VJOSA OSMANI - SADRIU","description":"Govor Predsednice Jahjaga na ceremonoji okon\u010danja mandata Xavier Bout de Marnhaca - Predsednik Republike Kosovo - DR. VJOSA OSMANI - SADRIU -","robots":{"index":"index","follow":"follow","max-snippet":"max-snippet:-1","max-image-preview":"max-image-preview:large","max-video-preview":"max-video-preview:-1"},"canonical":"https:\/\/president-ksgov.net\/fjalimi-i-presidentes-jahjaga-ne-ceremonine-e-perfundimit-te-mandatit-te-z-xavier-bout-de-marnhac\/","og_locale":"sr_RS","og_type":"article","og_title":"Govor Predsednice Jahjaga na ceremonoji okon\u010danja mandata Xavier Bout de Marnhaca - Predsednik Republike Kosovo - DR. VJOSA OSMANI - SADRIU","og_description":"Govor Predsednice Jahjaga na ceremonoji okon\u010danja mandata Xavier Bout de Marnhaca - Predsednik Republike Kosovo - DR. VJOSA OSMANI - SADRIU -","og_url":"https:\/\/president-ksgov.net\/fjalimi-i-presidentes-jahjaga-ne-ceremonine-e-perfundimit-te-mandatit-te-z-xavier-bout-de-marnhac\/","og_site_name":"Predsednik Republike Kosovo - DR. VJOSA OSMANI - SADRIU","article_published_time":"2013-01-29T19:42:37+00:00","article_modified_time":"2023-03-08T09:04:17+00:00","og_image":[{"width":1000,"height":1164,"url":"https:\/\/president-ksgov.net\/wp-content\/uploads\/29_01_13_18151_29_01_2013_Takim_me_0.jpg","type":"image\/jpeg"}],"author":"admin","twitter_card":"summary_large_image","twitter_misc":{"\u041d\u0430\u043f\u0438\u0441\u0430\u043d\u043e \u043e\u0434":"admin","\u041f\u0440\u043e\u0446\u0435\u045a\u0435\u043d\u043e \u0432\u0440\u0435\u043c\u0435 \u0447\u0438\u0442\u0430\u045a\u0430":"2 \u043c\u0438\u043d\u0443\u0442\u0430"},"schema":{"@context":"https:\/\/schema.org","@graph":[{"@type":"WebPage","@id":"https:\/\/president-ksgov.net\/fjalimi-i-presidentes-jahjaga-ne-ceremonine-e-perfundimit-te-mandatit-te-z-xavier-bout-de-marnhac\/","url":"https:\/\/president-ksgov.net\/fjalimi-i-presidentes-jahjaga-ne-ceremonine-e-perfundimit-te-mandatit-te-z-xavier-bout-de-marnhac\/","name":"Govor Predsednice Jahjaga na ceremonoji okon\u010danja mandata Xavier Bout de Marnhaca - Predsednik Republike Kosovo - DR. VJOSA OSMANI - SADRIU","isPartOf":{"@id":"https:\/\/president-ksgov.net\/#website"},"primaryImageOfPage":{"@id":"https:\/\/president-ksgov.net\/fjalimi-i-presidentes-jahjaga-ne-ceremonine-e-perfundimit-te-mandatit-te-z-xavier-bout-de-marnhac\/#primaryimage"},"image":{"@id":"https:\/\/president-ksgov.net\/fjalimi-i-presidentes-jahjaga-ne-ceremonine-e-perfundimit-te-mandatit-te-z-xavier-bout-de-marnhac\/#primaryimage"},"thumbnailUrl":"https:\/\/president-ksgov.net\/wp-content\/uploads\/29_01_13_18151_29_01_2013_Takim_me_0.jpg","datePublished":"2013-01-29T19:42:37+00:00","dateModified":"2023-03-08T09:04:17+00:00","author":{"@id":"https:\/\/president-ksgov.net\/#\/schema\/person\/bb4337a5fb147cb2046d80548172cbee"},"description":"Govor Predsednice Jahjaga na ceremonoji okon\u010danja mandata Xavier Bout de Marnhaca - Predsednik Republike Kosovo - DR. VJOSA OSMANI - SADRIU -","breadcrumb":{"@id":"https:\/\/president-ksgov.net\/fjalimi-i-presidentes-jahjaga-ne-ceremonine-e-perfundimit-te-mandatit-te-z-xavier-bout-de-marnhac\/#breadcrumb"},"inLanguage":"sr-RS","potentialAction":[{"@type":"ReadAction","target":["https:\/\/president-ksgov.net\/fjalimi-i-presidentes-jahjaga-ne-ceremonine-e-perfundimit-te-mandatit-te-z-xavier-bout-de-marnhac\/"]}]},{"@type":"ImageObject","inLanguage":"sr-RS","@id":"https:\/\/president-ksgov.net\/fjalimi-i-presidentes-jahjaga-ne-ceremonine-e-perfundimit-te-mandatit-te-z-xavier-bout-de-marnhac\/#primaryimage","url":"https:\/\/president-ksgov.net\/wp-content\/uploads\/29_01_13_18151_29_01_2013_Takim_me_0.jpg","contentUrl":"https:\/\/president-ksgov.net\/wp-content\/uploads\/29_01_13_18151_29_01_2013_Takim_me_0.jpg","width":1000,"height":1164},{"@type":"BreadcrumbList","@id":"https:\/\/president-ksgov.net\/fjalimi-i-presidentes-jahjaga-ne-ceremonine-e-perfundimit-te-mandatit-te-z-xavier-bout-de-marnhac\/#breadcrumb","itemListElement":[{"@type":"ListItem","position":1,"name":"Home","item":"https:\/\/president-ksgov.net\/sr\/"},{"@type":"ListItem","position":2,"name":"Govor Predsednice Jahjaga na ceremonoji okon\u010danja mandata Xavier Bout de Marnhaca"}]},{"@type":"WebSite","@id":"https:\/\/president-ksgov.net\/#website","url":"https:\/\/president-ksgov.net\/","name":"Presidente e Republik\u00ebs s\u00eb Kosov\u00ebs","description":"Presidente e Republik\u00ebs s\u00eb Kosov\u00ebs","alternateName":"DR. VJOSA OSMANI - SADRIU","potentialAction":[{"@type":"SearchAction","target":{"@type":"EntryPoint","urlTemplate":"https:\/\/president-ksgov.net\/?s={search_term_string}"},"query-input":{"@type":"PropertyValueSpecification","valueRequired":true,"valueName":"search_term_string"}}],"inLanguage":"sr-RS"},{"@type":"Person","@id":"https:\/\/president-ksgov.net\/#\/schema\/person\/bb4337a5fb147cb2046d80548172cbee","name":"admin","image":{"@type":"ImageObject","inLanguage":"sr-RS","@id":"https:\/\/president-ksgov.net\/#\/schema\/person\/image\/","url":"https:\/\/secure.gravatar.com\/avatar\/36156ca0fa3b8d9d25174f146e16beea0cf28f37adf1b9e19b6c9c279a7c9dd3?s=96&d=mm&r=g","contentUrl":"https:\/\/secure.gravatar.com\/avatar\/36156ca0fa3b8d9d25174f146e16beea0cf28f37adf1b9e19b6c9c279a7c9dd3?s=96&d=mm&r=g","caption":"admin"},"sameAs":["https:\/\/president-ksgov.net"]}]}},"_links":{"self":[{"href":"https:\/\/president-ksgov.net\/sr\/wp-json\/wp\/v2\/posts\/78564","targetHints":{"allow":["GET"]}}],"collection":[{"href":"https:\/\/president-ksgov.net\/sr\/wp-json\/wp\/v2\/posts"}],"about":[{"href":"https:\/\/president-ksgov.net\/sr\/wp-json\/wp\/v2\/types\/post"}],"author":[{"embeddable":true,"href":"https:\/\/president-ksgov.net\/sr\/wp-json\/wp\/v2\/users\/1"}],"replies":[{"embeddable":true,"href":"https:\/\/president-ksgov.net\/sr\/wp-json\/wp\/v2\/comments?post=78564"}],"version-history":[{"count":1,"href":"https:\/\/president-ksgov.net\/sr\/wp-json\/wp\/v2\/posts\/78564\/revisions"}],"predecessor-version":[{"id":81760,"href":"https:\/\/president-ksgov.net\/sr\/wp-json\/wp\/v2\/posts\/78564\/revisions\/81760"}],"wp:featuredmedia":[{"embeddable":true,"href":"https:\/\/president-ksgov.net\/sr\/wp-json\/wp\/v2\/media\/52579"}],"wp:attachment":[{"href":"https:\/\/president-ksgov.net\/sr\/wp-json\/wp\/v2\/media?parent=78564"}],"wp:term":[{"taxonomy":"category","embeddable":true,"href":"https:\/\/president-ksgov.net\/sr\/wp-json\/wp\/v2\/categories?post=78564"},{"taxonomy":"post_tag","embeddable":true,"href":"https:\/\/president-ksgov.net\/sr\/wp-json\/wp\/v2\/tags?post=78564"}],"curies":[{"name":"wp","href":"https:\/\/api.w.org\/{rel}","templated":true}]}}