{"id":78557,"date":"2013-02-02T22:52:35","date_gmt":"2013-02-02T22:52:35","guid":{"rendered":"https:\/\/dev.president-ksgov.net\/predsednica-atifete-jahjaga-se-sastala-sa-zamenikom-predsednika-sad-e-g-joseph-biden\/"},"modified":"2013-02-02T22:52:35","modified_gmt":"2013-02-02T22:52:35","slug":"predsednica-atifete-jahjaga-se-sastala-sa-zamenikom-predsednika-sad-e-g-joseph-biden","status":"publish","type":"post","link":"https:\/\/president-ksgov.net\/sr\/predsednica-atifete-jahjaga-se-sastala-sa-zamenikom-predsednika-sad-e-g-joseph-biden\/","title":{"rendered":"Predsednica Atifete Jahjaga se sastala sa zamenikom predsednika SAD-e, g. Joseph Biden"},"content":{"rendered":"<p>Predsednica Republike Kosovo, gospo\u0111a Atifete Jahjaga sastala se danas u Minhenu sa zamenikom predsednika SAD-e g. Joseph Biden.<\/p>\n<p>Predsednica Jahjaga, izra&#382;avaju\u0107i zadovoljstvo za ovaj sastanak, re\u010de da se zahvaljuje zameniku predsednika i SAD-ama za anga&#382;ovanje i pomo\u0107 koju su dali i daju konsolidaciji dr&#382;ave i kosovskog dru&#353;tva.<\/p>\n<p>Mi smo Vam ve\u010dno &#353;to ste nam uz pomo\u0107, ujedno dali\u00a0 &#353;ansu da slobodno &#382;ivimo, i sada visoko cenimo podr&#353;ku koju nam dajete na na&#353;em prutu u pravcu \u010dlanstva u Evropsku Zajednicu.<\/p>\n<p>Republika Kosovo je ostvarila znatan napredak na ovom putu te sada ispoljavamo dobru volju za normalizaciju odnosa sa Republikom Srbijom. Mi smo posve\u0107eni ovome procesu uz duboko ube\u0111enje da ranije mr&#382;nje ne treba ostavljati na teret budu\u0107im generacijama. Predsednica Jahjaga je istakla da je izrazila spremnost da se kao Predsednica Republike Kosovo sastaje sa Predsednikom Republike Srbije, da se daje podr&#353;ka dijalogu izme\u0111u dve vlade, kako bi se potpuno normalizovali odnosi izme\u0111u dve suverene i nezavisne dr&#382;ave.<\/p>\n<p>Zamenik predsednika SAD-e Joseph Biden je izrazio punu podr&#353;ku Predsednici Jahjaga za evropsku agendu Republike Kosovo, i za dijalog koji Kosovo vodi sa Srbijom za normalizaciju odnosa izme\u0111u ove dve zemlje cene\u0107i kao doprinos sastanak Predsednice Jahjaga i Predsednika Nikoli\u0107a.<\/p>\n<p>Zamenik predsednika SAD-e g. Biden je istakao da \u0107e SAD-e dati sna&#382;nu podr&#353;ku Republici Kosovo u svim demokratskim procesima. <\/p>\n<p>G. Biden je podr&#382;ao Kosovo u ja\u010danju dr&#382;ave i rekao da je nezavisnost okon\u010dan proces i da Kosovo ima garantovan suverenitet i teritorijalni integritet.<\/p>\n","protected":false},"excerpt":{"rendered":"<p>Predsednica Republike Kosovo, gospo\u0111a Atifete Jahjaga sastala se danas u Minhenu sa zamenikom predsednika SAD-e g. Joseph Biden.<\/p>\n","protected":false},"author":1,"featured_media":52452,"comment_status":"open","ping_status":"closed","sticky":false,"template":"","format":"standard","meta":{"_eb_attr":"","footnotes":""},"categories":[101],"tags":[],"class_list":["post-78557","post","type-post","status-publish","format-standard","has-post-thumbnail","hentry","category-vesti"],"yoast_head":"<!-- This site is optimized with the Yoast SEO plugin v23.5 - https:\/\/yoast.com\/wordpress\/plugins\/seo\/ -->\n<title>Predsednica Atifete Jahjaga se sastala sa zamenikom predsednika SAD-e, g. Joseph Biden - Predsednik Republike Kosovo - DR. VJOSA OSMANI - SADRIU<\/title>\n<meta name=\"description\" content=\"Predsednica Atifete Jahjaga se sastala sa zamenikom predsednika SAD-e, g. Joseph Biden - Predsednik Republike Kosovo - DR. VJOSA OSMANI - SADRIU -\" \/>\n<meta name=\"robots\" content=\"index, follow, max-snippet:-1, max-image-preview:large, max-video-preview:-1\" \/>\n<link rel=\"canonical\" href=\"https:\/\/president-ksgov.net\/presidentja-atifete-jahjaga-u-takua-me-zevendespresidentin-e-shba-se-z-joseph-biden\/\" \/>\n<meta property=\"og:locale\" content=\"sr_RS\" \/>\n<meta property=\"og:type\" content=\"article\" \/>\n<meta property=\"og:title\" content=\"Predsednica Atifete Jahjaga se sastala sa zamenikom predsednika SAD-e, g. Joseph Biden - Predsednik Republike Kosovo - DR. VJOSA OSMANI - SADRIU\" \/>\n<meta property=\"og:description\" content=\"Predsednica Atifete Jahjaga se sastala sa zamenikom predsednika SAD-e, g. Joseph Biden - Predsednik Republike Kosovo - DR. VJOSA OSMANI - SADRIU -\" \/>\n<meta property=\"og:url\" content=\"https:\/\/president-ksgov.net\/presidentja-atifete-jahjaga-u-takua-me-zevendespresidentin-e-shba-se-z-joseph-biden\/\" \/>\n<meta property=\"og:site_name\" content=\"Predsednik Republike Kosovo - DR. VJOSA OSMANI - SADRIU\" \/>\n<meta property=\"article:published_time\" content=\"2013-02-02T22:52:35+00:00\" \/>\n<meta property=\"og:image\" content=\"https:\/\/president-ksgov.net\/wp-content\/uploads\/jahjaga-bajden_0.jpg\" \/>\n\t<meta property=\"og:image:width\" content=\"800\" \/>\n\t<meta property=\"og:image:height\" content=\"533\" \/>\n\t<meta property=\"og:image:type\" content=\"image\/jpeg\" \/>\n<meta name=\"author\" content=\"admin\" \/>\n<meta name=\"twitter:card\" content=\"summary_large_image\" \/>\n<meta name=\"twitter:label1\" content=\"\u041d\u0430\u043f\u0438\u0441\u0430\u043d\u043e \u043e\u0434\" \/>\n\t<meta name=\"twitter:data1\" content=\"admin\" \/>\n\t<meta name=\"twitter:label2\" content=\"\u041f\u0440\u043e\u0446\u0435\u045a\u0435\u043d\u043e \u0432\u0440\u0435\u043c\u0435 \u0447\u0438\u0442\u0430\u045a\u0430\" \/>\n\t<meta name=\"twitter:data2\" content=\"1 \u043c\u0438\u043d\u0443\u0442\" \/>\n<script type=\"application\/ld+json\" class=\"yoast-schema-graph\">{\"@context\":\"https:\/\/schema.org\",\"@graph\":[{\"@type\":\"WebPage\",\"@id\":\"https:\/\/president-ksgov.net\/presidentja-atifete-jahjaga-u-takua-me-zevendespresidentin-e-shba-se-z-joseph-biden\/\",\"url\":\"https:\/\/president-ksgov.net\/presidentja-atifete-jahjaga-u-takua-me-zevendespresidentin-e-shba-se-z-joseph-biden\/\",\"name\":\"Predsednica Atifete Jahjaga se sastala sa zamenikom predsednika SAD-e, g. Joseph Biden - Predsednik Republike Kosovo - DR. VJOSA OSMANI - SADRIU\",\"isPartOf\":{\"@id\":\"https:\/\/president-ksgov.net\/#website\"},\"primaryImageOfPage\":{\"@id\":\"https:\/\/president-ksgov.net\/presidentja-atifete-jahjaga-u-takua-me-zevendespresidentin-e-shba-se-z-joseph-biden\/#primaryimage\"},\"image\":{\"@id\":\"https:\/\/president-ksgov.net\/presidentja-atifete-jahjaga-u-takua-me-zevendespresidentin-e-shba-se-z-joseph-biden\/#primaryimage\"},\"thumbnailUrl\":\"https:\/\/president-ksgov.net\/wp-content\/uploads\/jahjaga-bajden_0.jpg\",\"datePublished\":\"2013-02-02T22:52:35+00:00\",\"dateModified\":\"2013-02-02T22:52:35+00:00\",\"author\":{\"@id\":\"https:\/\/president-ksgov.net\/#\/schema\/person\/bb4337a5fb147cb2046d80548172cbee\"},\"description\":\"Predsednica Atifete Jahjaga se sastala sa zamenikom predsednika SAD-e, g. Joseph Biden - Predsednik Republike Kosovo - DR. VJOSA OSMANI - SADRIU -\",\"breadcrumb\":{\"@id\":\"https:\/\/president-ksgov.net\/presidentja-atifete-jahjaga-u-takua-me-zevendespresidentin-e-shba-se-z-joseph-biden\/#breadcrumb\"},\"inLanguage\":\"sr-RS\",\"potentialAction\":[{\"@type\":\"ReadAction\",\"target\":[\"https:\/\/president-ksgov.net\/presidentja-atifete-jahjaga-u-takua-me-zevendespresidentin-e-shba-se-z-joseph-biden\/\"]}]},{\"@type\":\"ImageObject\",\"inLanguage\":\"sr-RS\",\"@id\":\"https:\/\/president-ksgov.net\/presidentja-atifete-jahjaga-u-takua-me-zevendespresidentin-e-shba-se-z-joseph-biden\/#primaryimage\",\"url\":\"https:\/\/president-ksgov.net\/wp-content\/uploads\/jahjaga-bajden_0.jpg\",\"contentUrl\":\"https:\/\/president-ksgov.net\/wp-content\/uploads\/jahjaga-bajden_0.jpg\",\"width\":800,\"height\":533},{\"@type\":\"BreadcrumbList\",\"@id\":\"https:\/\/president-ksgov.net\/presidentja-atifete-jahjaga-u-takua-me-zevendespresidentin-e-shba-se-z-joseph-biden\/#breadcrumb\",\"itemListElement\":[{\"@type\":\"ListItem\",\"position\":1,\"name\":\"Home\",\"item\":\"https:\/\/president-ksgov.net\/sr\/\"},{\"@type\":\"ListItem\",\"position\":2,\"name\":\"Predsednica Atifete Jahjaga se sastala sa zamenikom predsednika SAD-e, g. Joseph Biden\"}]},{\"@type\":\"WebSite\",\"@id\":\"https:\/\/president-ksgov.net\/#website\",\"url\":\"https:\/\/president-ksgov.net\/\",\"name\":\"Presidente e Republik\u00ebs s\u00eb Kosov\u00ebs\",\"description\":\"Presidente e Republik\u00ebs s\u00eb Kosov\u00ebs\",\"alternateName\":\"DR. VJOSA OSMANI - SADRIU\",\"potentialAction\":[{\"@type\":\"SearchAction\",\"target\":{\"@type\":\"EntryPoint\",\"urlTemplate\":\"https:\/\/president-ksgov.net\/?s={search_term_string}\"},\"query-input\":{\"@type\":\"PropertyValueSpecification\",\"valueRequired\":true,\"valueName\":\"search_term_string\"}}],\"inLanguage\":\"sr-RS\"},{\"@type\":\"Person\",\"@id\":\"https:\/\/president-ksgov.net\/#\/schema\/person\/bb4337a5fb147cb2046d80548172cbee\",\"name\":\"admin\",\"image\":{\"@type\":\"ImageObject\",\"inLanguage\":\"sr-RS\",\"@id\":\"https:\/\/president-ksgov.net\/#\/schema\/person\/image\/\",\"url\":\"https:\/\/secure.gravatar.com\/avatar\/36156ca0fa3b8d9d25174f146e16beea0cf28f37adf1b9e19b6c9c279a7c9dd3?s=96&d=mm&r=g\",\"contentUrl\":\"https:\/\/secure.gravatar.com\/avatar\/36156ca0fa3b8d9d25174f146e16beea0cf28f37adf1b9e19b6c9c279a7c9dd3?s=96&d=mm&r=g\",\"caption\":\"admin\"},\"sameAs\":[\"https:\/\/president-ksgov.net\"]}]}<\/script>\n<!-- \/ Yoast SEO plugin. -->","yoast_head_json":{"title":"Predsednica Atifete Jahjaga se sastala sa zamenikom predsednika SAD-e, g. Joseph Biden - Predsednik Republike Kosovo - DR. VJOSA OSMANI - SADRIU","description":"Predsednica Atifete Jahjaga se sastala sa zamenikom predsednika SAD-e, g. Joseph Biden - Predsednik Republike Kosovo - DR. VJOSA OSMANI - SADRIU -","robots":{"index":"index","follow":"follow","max-snippet":"max-snippet:-1","max-image-preview":"max-image-preview:large","max-video-preview":"max-video-preview:-1"},"canonical":"https:\/\/president-ksgov.net\/presidentja-atifete-jahjaga-u-takua-me-zevendespresidentin-e-shba-se-z-joseph-biden\/","og_locale":"sr_RS","og_type":"article","og_title":"Predsednica Atifete Jahjaga se sastala sa zamenikom predsednika SAD-e, g. Joseph Biden - Predsednik Republike Kosovo - DR. VJOSA OSMANI - SADRIU","og_description":"Predsednica Atifete Jahjaga se sastala sa zamenikom predsednika SAD-e, g. Joseph Biden - Predsednik Republike Kosovo - DR. VJOSA OSMANI - SADRIU -","og_url":"https:\/\/president-ksgov.net\/presidentja-atifete-jahjaga-u-takua-me-zevendespresidentin-e-shba-se-z-joseph-biden\/","og_site_name":"Predsednik Republike Kosovo - DR. VJOSA OSMANI - SADRIU","article_published_time":"2013-02-02T22:52:35+00:00","og_image":[{"width":800,"height":533,"url":"https:\/\/president-ksgov.net\/wp-content\/uploads\/jahjaga-bajden_0.jpg","type":"image\/jpeg"}],"author":"admin","twitter_card":"summary_large_image","twitter_misc":{"\u041d\u0430\u043f\u0438\u0441\u0430\u043d\u043e \u043e\u0434":"admin","\u041f\u0440\u043e\u0446\u0435\u045a\u0435\u043d\u043e \u0432\u0440\u0435\u043c\u0435 \u0447\u0438\u0442\u0430\u045a\u0430":"1 \u043c\u0438\u043d\u0443\u0442"},"schema":{"@context":"https:\/\/schema.org","@graph":[{"@type":"WebPage","@id":"https:\/\/president-ksgov.net\/presidentja-atifete-jahjaga-u-takua-me-zevendespresidentin-e-shba-se-z-joseph-biden\/","url":"https:\/\/president-ksgov.net\/presidentja-atifete-jahjaga-u-takua-me-zevendespresidentin-e-shba-se-z-joseph-biden\/","name":"Predsednica Atifete Jahjaga se sastala sa zamenikom predsednika SAD-e, g. Joseph Biden - Predsednik Republike Kosovo - DR. VJOSA OSMANI - SADRIU","isPartOf":{"@id":"https:\/\/president-ksgov.net\/#website"},"primaryImageOfPage":{"@id":"https:\/\/president-ksgov.net\/presidentja-atifete-jahjaga-u-takua-me-zevendespresidentin-e-shba-se-z-joseph-biden\/#primaryimage"},"image":{"@id":"https:\/\/president-ksgov.net\/presidentja-atifete-jahjaga-u-takua-me-zevendespresidentin-e-shba-se-z-joseph-biden\/#primaryimage"},"thumbnailUrl":"https:\/\/president-ksgov.net\/wp-content\/uploads\/jahjaga-bajden_0.jpg","datePublished":"2013-02-02T22:52:35+00:00","dateModified":"2013-02-02T22:52:35+00:00","author":{"@id":"https:\/\/president-ksgov.net\/#\/schema\/person\/bb4337a5fb147cb2046d80548172cbee"},"description":"Predsednica Atifete Jahjaga se sastala sa zamenikom predsednika SAD-e, g. Joseph Biden - Predsednik Republike Kosovo - DR. VJOSA OSMANI - SADRIU -","breadcrumb":{"@id":"https:\/\/president-ksgov.net\/presidentja-atifete-jahjaga-u-takua-me-zevendespresidentin-e-shba-se-z-joseph-biden\/#breadcrumb"},"inLanguage":"sr-RS","potentialAction":[{"@type":"ReadAction","target":["https:\/\/president-ksgov.net\/presidentja-atifete-jahjaga-u-takua-me-zevendespresidentin-e-shba-se-z-joseph-biden\/"]}]},{"@type":"ImageObject","inLanguage":"sr-RS","@id":"https:\/\/president-ksgov.net\/presidentja-atifete-jahjaga-u-takua-me-zevendespresidentin-e-shba-se-z-joseph-biden\/#primaryimage","url":"https:\/\/president-ksgov.net\/wp-content\/uploads\/jahjaga-bajden_0.jpg","contentUrl":"https:\/\/president-ksgov.net\/wp-content\/uploads\/jahjaga-bajden_0.jpg","width":800,"height":533},{"@type":"BreadcrumbList","@id":"https:\/\/president-ksgov.net\/presidentja-atifete-jahjaga-u-takua-me-zevendespresidentin-e-shba-se-z-joseph-biden\/#breadcrumb","itemListElement":[{"@type":"ListItem","position":1,"name":"Home","item":"https:\/\/president-ksgov.net\/sr\/"},{"@type":"ListItem","position":2,"name":"Predsednica Atifete Jahjaga se sastala sa zamenikom predsednika SAD-e, g. Joseph Biden"}]},{"@type":"WebSite","@id":"https:\/\/president-ksgov.net\/#website","url":"https:\/\/president-ksgov.net\/","name":"Presidente e Republik\u00ebs s\u00eb Kosov\u00ebs","description":"Presidente e Republik\u00ebs s\u00eb Kosov\u00ebs","alternateName":"DR. VJOSA OSMANI - SADRIU","potentialAction":[{"@type":"SearchAction","target":{"@type":"EntryPoint","urlTemplate":"https:\/\/president-ksgov.net\/?s={search_term_string}"},"query-input":{"@type":"PropertyValueSpecification","valueRequired":true,"valueName":"search_term_string"}}],"inLanguage":"sr-RS"},{"@type":"Person","@id":"https:\/\/president-ksgov.net\/#\/schema\/person\/bb4337a5fb147cb2046d80548172cbee","name":"admin","image":{"@type":"ImageObject","inLanguage":"sr-RS","@id":"https:\/\/president-ksgov.net\/#\/schema\/person\/image\/","url":"https:\/\/secure.gravatar.com\/avatar\/36156ca0fa3b8d9d25174f146e16beea0cf28f37adf1b9e19b6c9c279a7c9dd3?s=96&d=mm&r=g","contentUrl":"https:\/\/secure.gravatar.com\/avatar\/36156ca0fa3b8d9d25174f146e16beea0cf28f37adf1b9e19b6c9c279a7c9dd3?s=96&d=mm&r=g","caption":"admin"},"sameAs":["https:\/\/president-ksgov.net"]}]}},"_links":{"self":[{"href":"https:\/\/president-ksgov.net\/sr\/wp-json\/wp\/v2\/posts\/78557","targetHints":{"allow":["GET"]}}],"collection":[{"href":"https:\/\/president-ksgov.net\/sr\/wp-json\/wp\/v2\/posts"}],"about":[{"href":"https:\/\/president-ksgov.net\/sr\/wp-json\/wp\/v2\/types\/post"}],"author":[{"embeddable":true,"href":"https:\/\/president-ksgov.net\/sr\/wp-json\/wp\/v2\/users\/1"}],"replies":[{"embeddable":true,"href":"https:\/\/president-ksgov.net\/sr\/wp-json\/wp\/v2\/comments?post=78557"}],"version-history":[{"count":0,"href":"https:\/\/president-ksgov.net\/sr\/wp-json\/wp\/v2\/posts\/78557\/revisions"}],"wp:featuredmedia":[{"embeddable":true,"href":"https:\/\/president-ksgov.net\/sr\/wp-json\/wp\/v2\/media\/52452"}],"wp:attachment":[{"href":"https:\/\/president-ksgov.net\/sr\/wp-json\/wp\/v2\/media?parent=78557"}],"wp:term":[{"taxonomy":"category","embeddable":true,"href":"https:\/\/president-ksgov.net\/sr\/wp-json\/wp\/v2\/categories?post=78557"},{"taxonomy":"post_tag","embeddable":true,"href":"https:\/\/president-ksgov.net\/sr\/wp-json\/wp\/v2\/tags?post=78557"}],"curies":[{"name":"wp","href":"https:\/\/api.w.org\/{rel}","templated":true}]}}