{"id":78527,"date":"2013-02-16T19:11:33","date_gmt":"2013-02-16T19:11:33","guid":{"rendered":"https:\/\/dev.president-ksgov.net\/govor-predsednice-jahjaga-na-svecanoj-akademiji-povodom-5-godinjice-proglaenja-nezavisnosti-republike-kosovo\/"},"modified":"2023-03-08T09:04:16","modified_gmt":"2023-03-08T09:04:16","slug":"govor-predsednice-jahjaga-na-svecanoj-akademiji-povodom-5-godinjice-proglaenja-nezavisnosti-republike-kosovo","status":"publish","type":"post","link":"https:\/\/president-ksgov.net\/sr\/govor-predsednice-jahjaga-na-svecanoj-akademiji-povodom-5-godinjice-proglaenja-nezavisnosti-republike-kosovo\/","title":{"rendered":"Govor Predsednice Jahjaga na svecanoj akademiji povodom 5 godi&#154;njice progla&#154;enja nezavisnosti Republike Kosovo"},"content":{"rendered":"<p>Na ovu petu godi&#353;njicu nezavisnosti, smo zajedno, odlucni i ponosni, nepokolebljivi i posveceni za Kosovo, zemlju ovu za koju su &#382;rtvovane citave generacije, za na&#353;u domovinu sada vec konsolidovanu dr&#382;avu, koja je zauzela zaslu&#382;eno mesto medu slobodnim narodima, kao nedeljiv deo demokratskog sveta.<\/p>\n<p>Po&#353;tovani Predsednik Skup&#353;tine, Krasnici,<br \/>\nPo&#353;tovani Gospodin Premijer Thaci,<br \/>\nPo&#353;tovani Predsednik Republike Albanije, g. Nishani,<br \/>\nPo&#353;tovani ministri, rukovodioci institucija Republike Kosovo,<br \/>\nPo&#353;tovani ministar odbrane Republike Makedonije, g. Besimi,<br \/>\nPo&#353;tovani ambasadori i predstavnici diplomatskih misija na Kosovu,<br \/>\nPo&#353;tovane porodice palih boraca i aktivista koji su doprineli za nezavisno Kosovo.<br \/>\nPredsednici politickih partija Kosova i regiona,<br \/>\nPo&#353;tovani ucesnici,<br \/>\nPo&#353;tovani gradani Republike Kosovo,<br \/>\nDame i gospodo,<\/p>\n<p>Na ovu petu godi&#353;njicu nezavisnosti, smo zajedno, odlucni i ponosni, nepokolebljivi i posveceni za Kosovo, zemlju ovu za koju su &#382;rtvovane citave generacije, za na&#353;u domovinu sada vec konsolidovanu dr&#382;avu, koja je zauzela zaslu&#382;eno mesto medu slobodnim narodima, kao nedeljiv deo demokratskog sveta.<\/p>\n<p>Pre pet godina, smo poplavili ulice zastavama na ruke, uzbudeni i s puno nade za buducnost koju bismo po prvi put sami odredili. Bio je dan koji smo dugo sanjali. Dan kojem mi, i mnogi drugi pre nas, su posvetili ceo svoj &#382;ivot.<\/p>\n<p>Danas se secamo tog hrabrog koraka, ovu plemenitu odluku i pocetke jednog vizionarskog i ustrajnog projekta, kome ostajemo odani svi mi, gradani i institucije Kosova.<\/p>\n<p>Pre pet godina smo se zakleli da cemo Kosovo ciniti dr&#382;avom velikih mogucnosti, gde ce svi ljudi, nezavisno od etnicke, verske i rodne pripadnosti da u&#382;ivaju jednaka prava, da ce &#382;iveti s po&#353;tovanjem i dostojanstveno, odlucni da postanemo deo ujedinjene Evrope.<\/p>\n<p>17. februara 2008 godine, aktom nezavisnosti smo dokazali da smo na pravednoj strani istorije, da oluja nasilja na Balkanu mogla nas je zakasniti, ali nas nije mogla\u00a0 skrenuti sa na&#353;eg pravca.<\/p>\n<p>Na ovom putu mi nismo bili sami. Uz nas smo imali Sjedinjene Americke Dr&#382;ave, na&#353;eg saveznika i vecnog prijatelja, Veliku Britaniju, Nemacku, Francusku, Italiju, dr&#382;ave Evropske Zajednice, Albaniju i druge dr&#382;ave, koje su podr&#382;ale na&#353;a nastojanja da zavladamo svojom sudbinom.<\/p>\n<p>Kao jedna nova dr&#382;ava imamo mnogo toga da ka&#382;emo &#8211; jedno prikazivanje zajednickog uspeha i sa medunarodnim faktorom, jedna dr&#382;ava koja uspostavlja temelje demokratije uspe&#353;nim savladavanjem problema tranzicije.<\/p>\n<p>Po&#353;tovani ucesnici,<br \/>\nDragi moji sugradani,<br \/>\nNa&#353;e kretanje da cinimo Kosovo onakvom kakvu smo obecali se nastavlja. Bez gubitka vremena i opredeljeni, mi gradimo pravnu dr&#382;avu, potpuno cemo uspostaviti red i zakon, u svakom delicu Kosova. Iskoreniti cemo korupciju i organizovani kriminal.<\/p>\n<p>Na&#353;a ustrajnost kao dr&#382;ava, na&#353; napredak kao dru&#353;tvo i na&#353;e aspiracije da cinimo Kosovo clanom Evropske Zajednice zavise od na&#353;e odlucnosti u ovu bitku, u koju cemo pobediti. Nemamo drugu alternativu. Svi smo jedinstveni za to.<\/p>\n<p>Mi cemo razviti privredu i stvoriti cemo klimu biznisa, slobodnu tr&#382;i&#353;nu konkurenciju i stvaranje novih radnih mesta koji ce svakom gradaninu Kosova\u00a0 obezbediti dostojanstven &#382;ivot.<\/p>\n<p>Mi cemo prevazici podeljenost sa na&#353;im politickim jedinstvom radi produbljavanja demokratskih reformi u svakoj oblasti. Pojacati cemo na&#353;u unutra&#353;nju stabilnost, koji ce nastaviti da se odrazi na na&#353;u inostranu konsolidaciju nastavljanjem na&#353;eg clanstva u medunarodnim organizacijama i mehanizmima, pretvarajuci Kosovo u faktor koji se ne mo&#382;e poricati.<\/p>\n<p>Mi smo savladali sve sumnje na na&#353;u ustrajnost kao dr&#382;ava. Ozbiljno smo shvatili odgovornosti i sa posvetom smo ih ispunili, ubedujuci, medu ostalim, s uspehom i medunarodni faktor za okoncanje nadgledanja nezavisnosti.<\/p>\n<p>Ovi uspesi su rezultat neumornog rada gradana Kosova, patriotizma, neizmerne ljubavi prema Kosovu, njihove solidarnosti jednog za drugog, posvecenih prema demokratskim vrednostima koje cine temelj na kojima gradimo na&#353;u dr&#382;avu, na&#353;u zajednicku domovinu.<\/p>\n<p>Pred svakim izazovom, verni sto ostali viziji i polo&#382;enim &#382;rtvama od onih koji su bili pre nas. Mi nismo izgubili perspektivu i nismo se pokolebali na na&#353;em putu i onda kada smo na ratnim ru&#353;evinama projektovali buduce Kosovo, integriranu u Evropsku Zajednicu i NATO.<\/p>\n<p>Ovu zakletvu koju smo cinili pre pet godina vredi za svakog od nas.<\/p>\n<p>Republika Kosovo jeste nepobitna realnost. Njena nezavisnost jeste nepovratni proces. Ostvarena volja njenih gradana. Jedna celina nepodeljene i medunarodno garantovane zemlje. Republika Kosovo jeste dr&#382;ava svih onih koji &#382;ive unutar njenih granica, bez razlike.<\/p>\n<p>Na&#353;u posvetu za jedno Kosovo, kucu svih njenih gradana, faktor mira i stabilnosti u regionu, dokazujemo kao ostvarenu viziju.<\/p>\n<p>Gradani Republike Kosovo,<br \/>\nPo&#353;tovani prisutni,<br \/>\nStekli smo pravo da se ponosimo sa onim &#353;to predstavljamo i sa onim &#353;to smo postigli do ovde. Imamo jo&#353; dug put, moguce i te&#382;ak, da cinimo.<\/p>\n<p>Ali na&#353;a prisutnost ovde veceras slu&#382;i kao podsetnik\u00a0 za sve one koji nisu imali poverenja u nas; za sve one koji na&#353;a povremena poljuljanja vide kao mogucnost da stavljaju u sumnju na&#353;u odlucnost.<\/p>\n<p>Ova godi&#353;njica i na&#353; zajednicki uspeh do ovde jeste najbolji dokaz da mi ne kleknemo pred izazovima, nego kao i u pro&#353;losti, savladacemo bezbroj pote&#353;koca jer smo ubedeni na na&#353;u pravednu misiju.<\/p>\n<p>Kosovo i njeni gradani imaju pred sobom jednu buducnost. Na na&#353;em putu u pravcu ispunjavanja aspiracija za integraciju u Evropsku Zajednicu mi cemo se inspirirati od ovog posvecenja prema vrednostima koje su nas doveli do tu.<\/p>\n<p>Kosovo, sretna ti peta godi&#353;njica nezavisnosti!<br \/>\nBlagosiljao Bog Kosovo i njene prijatelje.<\/p>\n","protected":false},"excerpt":{"rendered":"<p>Na ovu petu godi&#353;njicu nezavisnosti, smo zajedno, odlucni i ponosni, nepokolebljivi i posveceni za Kosovo, zemlju ovu za koju su &#382;rtvovane citave generacije, za na&#353;u domovinu sada vec konsolidovanu dr&#382;avu, koja je zauzela zaslu&#382;eno mesto medu slobodnim narodima, kao nedeljiv deo demokratskog sveta.<\/p>\n","protected":false},"author":1,"featured_media":52189,"comment_status":"open","ping_status":"closed","sticky":false,"template":"","format":"standard","meta":{"_eb_attr":"","footnotes":""},"categories":[106],"tags":[],"class_list":["post-78527","post","type-post","status-publish","format-standard","has-post-thumbnail","hentry","category-govori"],"yoast_head":"<!-- This site is optimized with the Yoast SEO plugin v23.5 - https:\/\/yoast.com\/wordpress\/plugins\/seo\/ -->\n<title>Govor Predsednice Jahjaga na svecanoj akademiji povodom 5 godi&#154;njice progla&#154;enja nezavisnosti Republike Kosovo - Predsednik Republike Kosovo - DR. VJOSA OSMANI - SADRIU<\/title>\n<meta name=\"description\" content=\"Govor Predsednice Jahjaga na svecanoj akademiji povodom 5 godi&#154;njice progla&#154;enja nezavisnosti Republike Kosovo - Predsednik Republike Kosovo - DR. VJOSA OSMANI - SADRIU -\" \/>\n<meta name=\"robots\" content=\"index, follow, max-snippet:-1, max-image-preview:large, max-video-preview:-1\" \/>\n<link rel=\"canonical\" href=\"https:\/\/president-ksgov.net\/sr\/govor-predsednice-jahjaga-na-svecanoj-akademiji-povodom-5-godinjice-proglaenja-nezavisnosti-republike-kosovo\/\" \/>\n<meta property=\"og:locale\" content=\"sr_RS\" \/>\n<meta property=\"og:type\" content=\"article\" \/>\n<meta property=\"og:title\" content=\"Govor Predsednice Jahjaga na svecanoj akademiji povodom 5 godi&#154;njice progla&#154;enja nezavisnosti Republike Kosovo - Predsednik Republike Kosovo - DR. VJOSA OSMANI - SADRIU\" \/>\n<meta property=\"og:description\" content=\"Govor Predsednice Jahjaga na svecanoj akademiji povodom 5 godi&#154;njice progla&#154;enja nezavisnosti Republike Kosovo - Predsednik Republike Kosovo - DR. VJOSA OSMANI - SADRIU -\" \/>\n<meta property=\"og:url\" content=\"https:\/\/president-ksgov.net\/sr\/govor-predsednice-jahjaga-na-svecanoj-akademiji-povodom-5-godinjice-proglaenja-nezavisnosti-republike-kosovo\/\" \/>\n<meta property=\"og:site_name\" content=\"Predsednik Republike Kosovo - DR. VJOSA OSMANI - SADRIU\" \/>\n<meta property=\"article:published_time\" content=\"2013-02-16T19:11:33+00:00\" \/>\n<meta property=\"article:modified_time\" content=\"2023-03-08T09:04:16+00:00\" \/>\n<meta property=\"og:image\" content=\"https:\/\/president-ksgov.net\/wp-content\/uploads\/16_02_13_125557_16.02.2013_001.jpg\" \/>\n\t<meta property=\"og:image:width\" content=\"800\" \/>\n\t<meta property=\"og:image:height\" content=\"534\" \/>\n\t<meta property=\"og:image:type\" content=\"image\/jpeg\" \/>\n<meta name=\"author\" content=\"admin\" \/>\n<meta name=\"twitter:card\" content=\"summary_large_image\" \/>\n<meta name=\"twitter:label1\" content=\"\u041d\u0430\u043f\u0438\u0441\u0430\u043d\u043e \u043e\u0434\" \/>\n\t<meta name=\"twitter:data1\" content=\"admin\" \/>\n\t<meta name=\"twitter:label2\" content=\"\u041f\u0440\u043e\u0446\u0435\u045a\u0435\u043d\u043e \u0432\u0440\u0435\u043c\u0435 \u0447\u0438\u0442\u0430\u045a\u0430\" \/>\n\t<meta name=\"twitter:data2\" content=\"4 \u043c\u0438\u043d\u0443\u0442\u0430\" \/>\n<script type=\"application\/ld+json\" class=\"yoast-schema-graph\">{\"@context\":\"https:\/\/schema.org\",\"@graph\":[{\"@type\":\"WebPage\",\"@id\":\"https:\/\/president-ksgov.net\/sr\/govor-predsednice-jahjaga-na-svecanoj-akademiji-povodom-5-godinjice-proglaenja-nezavisnosti-republike-kosovo\/\",\"url\":\"https:\/\/president-ksgov.net\/sr\/govor-predsednice-jahjaga-na-svecanoj-akademiji-povodom-5-godinjice-proglaenja-nezavisnosti-republike-kosovo\/\",\"name\":\"Govor Predsednice Jahjaga na svecanoj akademiji povodom 5 godi&#154;njice progla&#154;enja nezavisnosti Republike Kosovo - Predsednik Republike Kosovo - DR. VJOSA OSMANI - SADRIU\",\"isPartOf\":{\"@id\":\"https:\/\/president-ksgov.net\/#website\"},\"primaryImageOfPage\":{\"@id\":\"https:\/\/president-ksgov.net\/sr\/govor-predsednice-jahjaga-na-svecanoj-akademiji-povodom-5-godinjice-proglaenja-nezavisnosti-republike-kosovo\/#primaryimage\"},\"image\":{\"@id\":\"https:\/\/president-ksgov.net\/sr\/govor-predsednice-jahjaga-na-svecanoj-akademiji-povodom-5-godinjice-proglaenja-nezavisnosti-republike-kosovo\/#primaryimage\"},\"thumbnailUrl\":\"https:\/\/president-ksgov.net\/wp-content\/uploads\/16_02_13_125557_16.02.2013_001.jpg\",\"datePublished\":\"2013-02-16T19:11:33+00:00\",\"dateModified\":\"2023-03-08T09:04:16+00:00\",\"author\":{\"@id\":\"https:\/\/president-ksgov.net\/#\/schema\/person\/bb4337a5fb147cb2046d80548172cbee\"},\"description\":\"Govor Predsednice Jahjaga na svecanoj akademiji povodom 5 godi&#154;njice progla&#154;enja nezavisnosti Republike Kosovo - Predsednik Republike Kosovo - DR. VJOSA OSMANI - SADRIU -\",\"breadcrumb\":{\"@id\":\"https:\/\/president-ksgov.net\/sr\/govor-predsednice-jahjaga-na-svecanoj-akademiji-povodom-5-godinjice-proglaenja-nezavisnosti-republike-kosovo\/#breadcrumb\"},\"inLanguage\":\"sr-RS\",\"potentialAction\":[{\"@type\":\"ReadAction\",\"target\":[\"https:\/\/president-ksgov.net\/sr\/govor-predsednice-jahjaga-na-svecanoj-akademiji-povodom-5-godinjice-proglaenja-nezavisnosti-republike-kosovo\/\"]}]},{\"@type\":\"ImageObject\",\"inLanguage\":\"sr-RS\",\"@id\":\"https:\/\/president-ksgov.net\/sr\/govor-predsednice-jahjaga-na-svecanoj-akademiji-povodom-5-godinjice-proglaenja-nezavisnosti-republike-kosovo\/#primaryimage\",\"url\":\"https:\/\/president-ksgov.net\/wp-content\/uploads\/16_02_13_125557_16.02.2013_001.jpg\",\"contentUrl\":\"https:\/\/president-ksgov.net\/wp-content\/uploads\/16_02_13_125557_16.02.2013_001.jpg\",\"width\":800,\"height\":534},{\"@type\":\"BreadcrumbList\",\"@id\":\"https:\/\/president-ksgov.net\/sr\/govor-predsednice-jahjaga-na-svecanoj-akademiji-povodom-5-godinjice-proglaenja-nezavisnosti-republike-kosovo\/#breadcrumb\",\"itemListElement\":[{\"@type\":\"ListItem\",\"position\":1,\"name\":\"Home\",\"item\":\"https:\/\/president-ksgov.net\/sr\/\"},{\"@type\":\"ListItem\",\"position\":2,\"name\":\"Govor Predsednice Jahjaga na svecanoj akademiji povodom 5 godi&#154;njice progla&#154;enja nezavisnosti Republike Kosovo\"}]},{\"@type\":\"WebSite\",\"@id\":\"https:\/\/president-ksgov.net\/#website\",\"url\":\"https:\/\/president-ksgov.net\/\",\"name\":\"Presidente e Republik\u00ebs s\u00eb Kosov\u00ebs\",\"description\":\"Presidente e Republik\u00ebs s\u00eb Kosov\u00ebs\",\"alternateName\":\"DR. VJOSA OSMANI - SADRIU\",\"potentialAction\":[{\"@type\":\"SearchAction\",\"target\":{\"@type\":\"EntryPoint\",\"urlTemplate\":\"https:\/\/president-ksgov.net\/?s={search_term_string}\"},\"query-input\":{\"@type\":\"PropertyValueSpecification\",\"valueRequired\":true,\"valueName\":\"search_term_string\"}}],\"inLanguage\":\"sr-RS\"},{\"@type\":\"Person\",\"@id\":\"https:\/\/president-ksgov.net\/#\/schema\/person\/bb4337a5fb147cb2046d80548172cbee\",\"name\":\"admin\",\"image\":{\"@type\":\"ImageObject\",\"inLanguage\":\"sr-RS\",\"@id\":\"https:\/\/president-ksgov.net\/#\/schema\/person\/image\/\",\"url\":\"https:\/\/secure.gravatar.com\/avatar\/36156ca0fa3b8d9d25174f146e16beea0cf28f37adf1b9e19b6c9c279a7c9dd3?s=96&d=mm&r=g\",\"contentUrl\":\"https:\/\/secure.gravatar.com\/avatar\/36156ca0fa3b8d9d25174f146e16beea0cf28f37adf1b9e19b6c9c279a7c9dd3?s=96&d=mm&r=g\",\"caption\":\"admin\"},\"sameAs\":[\"https:\/\/president-ksgov.net\"]}]}<\/script>\n<!-- \/ Yoast SEO plugin. -->","yoast_head_json":{"title":"Govor Predsednice Jahjaga na svecanoj akademiji povodom 5 godi&#154;njice progla&#154;enja nezavisnosti Republike Kosovo - Predsednik Republike Kosovo - DR. VJOSA OSMANI - SADRIU","description":"Govor Predsednice Jahjaga na svecanoj akademiji povodom 5 godi&#154;njice progla&#154;enja nezavisnosti Republike Kosovo - Predsednik Republike Kosovo - DR. VJOSA OSMANI - SADRIU -","robots":{"index":"index","follow":"follow","max-snippet":"max-snippet:-1","max-image-preview":"max-image-preview:large","max-video-preview":"max-video-preview:-1"},"canonical":"https:\/\/president-ksgov.net\/sr\/govor-predsednice-jahjaga-na-svecanoj-akademiji-povodom-5-godinjice-proglaenja-nezavisnosti-republike-kosovo\/","og_locale":"sr_RS","og_type":"article","og_title":"Govor Predsednice Jahjaga na svecanoj akademiji povodom 5 godi&#154;njice progla&#154;enja nezavisnosti Republike Kosovo - Predsednik Republike Kosovo - DR. VJOSA OSMANI - SADRIU","og_description":"Govor Predsednice Jahjaga na svecanoj akademiji povodom 5 godi&#154;njice progla&#154;enja nezavisnosti Republike Kosovo - Predsednik Republike Kosovo - DR. VJOSA OSMANI - SADRIU -","og_url":"https:\/\/president-ksgov.net\/sr\/govor-predsednice-jahjaga-na-svecanoj-akademiji-povodom-5-godinjice-proglaenja-nezavisnosti-republike-kosovo\/","og_site_name":"Predsednik Republike Kosovo - DR. VJOSA OSMANI - SADRIU","article_published_time":"2013-02-16T19:11:33+00:00","article_modified_time":"2023-03-08T09:04:16+00:00","og_image":[{"width":800,"height":534,"url":"https:\/\/president-ksgov.net\/wp-content\/uploads\/16_02_13_125557_16.02.2013_001.jpg","type":"image\/jpeg"}],"author":"admin","twitter_card":"summary_large_image","twitter_misc":{"\u041d\u0430\u043f\u0438\u0441\u0430\u043d\u043e \u043e\u0434":"admin","\u041f\u0440\u043e\u0446\u0435\u045a\u0435\u043d\u043e \u0432\u0440\u0435\u043c\u0435 \u0447\u0438\u0442\u0430\u045a\u0430":"4 \u043c\u0438\u043d\u0443\u0442\u0430"},"schema":{"@context":"https:\/\/schema.org","@graph":[{"@type":"WebPage","@id":"https:\/\/president-ksgov.net\/sr\/govor-predsednice-jahjaga-na-svecanoj-akademiji-povodom-5-godinjice-proglaenja-nezavisnosti-republike-kosovo\/","url":"https:\/\/president-ksgov.net\/sr\/govor-predsednice-jahjaga-na-svecanoj-akademiji-povodom-5-godinjice-proglaenja-nezavisnosti-republike-kosovo\/","name":"Govor Predsednice Jahjaga na svecanoj akademiji povodom 5 godi&#154;njice progla&#154;enja nezavisnosti Republike Kosovo - Predsednik Republike Kosovo - DR. VJOSA OSMANI - SADRIU","isPartOf":{"@id":"https:\/\/president-ksgov.net\/#website"},"primaryImageOfPage":{"@id":"https:\/\/president-ksgov.net\/sr\/govor-predsednice-jahjaga-na-svecanoj-akademiji-povodom-5-godinjice-proglaenja-nezavisnosti-republike-kosovo\/#primaryimage"},"image":{"@id":"https:\/\/president-ksgov.net\/sr\/govor-predsednice-jahjaga-na-svecanoj-akademiji-povodom-5-godinjice-proglaenja-nezavisnosti-republike-kosovo\/#primaryimage"},"thumbnailUrl":"https:\/\/president-ksgov.net\/wp-content\/uploads\/16_02_13_125557_16.02.2013_001.jpg","datePublished":"2013-02-16T19:11:33+00:00","dateModified":"2023-03-08T09:04:16+00:00","author":{"@id":"https:\/\/president-ksgov.net\/#\/schema\/person\/bb4337a5fb147cb2046d80548172cbee"},"description":"Govor Predsednice Jahjaga na svecanoj akademiji povodom 5 godi&#154;njice progla&#154;enja nezavisnosti Republike Kosovo - Predsednik Republike Kosovo - DR. VJOSA OSMANI - SADRIU -","breadcrumb":{"@id":"https:\/\/president-ksgov.net\/sr\/govor-predsednice-jahjaga-na-svecanoj-akademiji-povodom-5-godinjice-proglaenja-nezavisnosti-republike-kosovo\/#breadcrumb"},"inLanguage":"sr-RS","potentialAction":[{"@type":"ReadAction","target":["https:\/\/president-ksgov.net\/sr\/govor-predsednice-jahjaga-na-svecanoj-akademiji-povodom-5-godinjice-proglaenja-nezavisnosti-republike-kosovo\/"]}]},{"@type":"ImageObject","inLanguage":"sr-RS","@id":"https:\/\/president-ksgov.net\/sr\/govor-predsednice-jahjaga-na-svecanoj-akademiji-povodom-5-godinjice-proglaenja-nezavisnosti-republike-kosovo\/#primaryimage","url":"https:\/\/president-ksgov.net\/wp-content\/uploads\/16_02_13_125557_16.02.2013_001.jpg","contentUrl":"https:\/\/president-ksgov.net\/wp-content\/uploads\/16_02_13_125557_16.02.2013_001.jpg","width":800,"height":534},{"@type":"BreadcrumbList","@id":"https:\/\/president-ksgov.net\/sr\/govor-predsednice-jahjaga-na-svecanoj-akademiji-povodom-5-godinjice-proglaenja-nezavisnosti-republike-kosovo\/#breadcrumb","itemListElement":[{"@type":"ListItem","position":1,"name":"Home","item":"https:\/\/president-ksgov.net\/sr\/"},{"@type":"ListItem","position":2,"name":"Govor Predsednice Jahjaga na svecanoj akademiji povodom 5 godi&#154;njice progla&#154;enja nezavisnosti Republike Kosovo"}]},{"@type":"WebSite","@id":"https:\/\/president-ksgov.net\/#website","url":"https:\/\/president-ksgov.net\/","name":"Presidente e Republik\u00ebs s\u00eb Kosov\u00ebs","description":"Presidente e Republik\u00ebs s\u00eb Kosov\u00ebs","alternateName":"DR. VJOSA OSMANI - SADRIU","potentialAction":[{"@type":"SearchAction","target":{"@type":"EntryPoint","urlTemplate":"https:\/\/president-ksgov.net\/?s={search_term_string}"},"query-input":{"@type":"PropertyValueSpecification","valueRequired":true,"valueName":"search_term_string"}}],"inLanguage":"sr-RS"},{"@type":"Person","@id":"https:\/\/president-ksgov.net\/#\/schema\/person\/bb4337a5fb147cb2046d80548172cbee","name":"admin","image":{"@type":"ImageObject","inLanguage":"sr-RS","@id":"https:\/\/president-ksgov.net\/#\/schema\/person\/image\/","url":"https:\/\/secure.gravatar.com\/avatar\/36156ca0fa3b8d9d25174f146e16beea0cf28f37adf1b9e19b6c9c279a7c9dd3?s=96&d=mm&r=g","contentUrl":"https:\/\/secure.gravatar.com\/avatar\/36156ca0fa3b8d9d25174f146e16beea0cf28f37adf1b9e19b6c9c279a7c9dd3?s=96&d=mm&r=g","caption":"admin"},"sameAs":["https:\/\/president-ksgov.net"]}]}},"_links":{"self":[{"href":"https:\/\/president-ksgov.net\/sr\/wp-json\/wp\/v2\/posts\/78527","targetHints":{"allow":["GET"]}}],"collection":[{"href":"https:\/\/president-ksgov.net\/sr\/wp-json\/wp\/v2\/posts"}],"about":[{"href":"https:\/\/president-ksgov.net\/sr\/wp-json\/wp\/v2\/types\/post"}],"author":[{"embeddable":true,"href":"https:\/\/president-ksgov.net\/sr\/wp-json\/wp\/v2\/users\/1"}],"replies":[{"embeddable":true,"href":"https:\/\/president-ksgov.net\/sr\/wp-json\/wp\/v2\/comments?post=78527"}],"version-history":[{"count":1,"href":"https:\/\/president-ksgov.net\/sr\/wp-json\/wp\/v2\/posts\/78527\/revisions"}],"predecessor-version":[{"id":81757,"href":"https:\/\/president-ksgov.net\/sr\/wp-json\/wp\/v2\/posts\/78527\/revisions\/81757"}],"wp:featuredmedia":[{"embeddable":true,"href":"https:\/\/president-ksgov.net\/sr\/wp-json\/wp\/v2\/media\/52189"}],"wp:attachment":[{"href":"https:\/\/president-ksgov.net\/sr\/wp-json\/wp\/v2\/media?parent=78527"}],"wp:term":[{"taxonomy":"category","embeddable":true,"href":"https:\/\/president-ksgov.net\/sr\/wp-json\/wp\/v2\/categories?post=78527"},{"taxonomy":"post_tag","embeddable":true,"href":"https:\/\/president-ksgov.net\/sr\/wp-json\/wp\/v2\/tags?post=78527"}],"curies":[{"name":"wp","href":"https:\/\/api.w.org\/{rel}","templated":true}]}}