{"id":78525,"date":"2013-02-17T14:06:10","date_gmt":"2013-02-17T14:06:10","guid":{"rendered":"https:\/\/dev.president-ksgov.net\/govor-predsednice-atifete-jahjaga-na-paradu-u-cast-dana-nezavisnosti\/"},"modified":"2023-03-08T09:04:16","modified_gmt":"2023-03-08T09:04:16","slug":"govor-predsednice-atifete-jahjaga-na-paradu-u-cast-dana-nezavisnosti","status":"publish","type":"post","link":"https:\/\/president-ksgov.net\/sr\/govor-predsednice-atifete-jahjaga-na-paradu-u-cast-dana-nezavisnosti\/","title":{"rendered":"Govor Predsednice Atifete Jahjaga na paradu u \u010dast Dana Nezavisnosti"},"content":{"rendered":"<p>Republika Kosovo, suverena i nezavisna, sa garantovanim suverenitetom i teritorijalnim integritetom, sa punim me\u0111unarodnim subjektivitetom kao jedan va&#382;an faktor mira i stabilnosti danas slavi 5 godi&#353;njicu progla&#353;enja nezavisnosti, 14 godine na&#353;eg &#382;ivota u slobodi.<\/p>\n<p>Po&#353;tovani gra\u0111ani Republike Kosovo,<br \/>\nOficiri, podoficiri i vojnici,<br \/>\nPo&#353;tovane porodice pripadnika Snage Bezbednosti,<br \/>\nPo&#353;tovani Predsednik Skup&#353;tine Krasni\u0107i,<br \/>\nPo&#353;tovani Premijer Tha\u010di,<br \/>\nPo&#353;tovani Zam.premijera i ministri Vlade Kosova,<br \/>\nPo&#353;tovani Predsednik Republike Albanije,G. Nishani,<br \/>\nPo&#353;tovani ministri odbrane Albanije i Makedonije,<br \/>\nPo&#353;tovani Ambasadori, i &#353;efovi diplomatskih misija na Kosovu,<br \/>\nDame i gospodo, <\/p>\n<p>Republika Kosovo, suverena i nezavisna, sa garantovanim suverenitetom i teritorijalnim integritetom, sa punim me\u0111unarodnim subjektivitetom kao jedan va&#382;an faktor mira i stabilnosti danas slavi 5 godi&#353;njicu progla&#353;enja nezavisnosti, 14 godine na&#353;eg &#382;ivota u slobodi.<\/p>\n<p>Ovog dana, mi se setimo i po&#353;tujemo sve one koji su radili za domovinu. One aktiviste, intelektualce, borce, radnike, zemljoradnike, one gra\u0111ane koji su tokom celog &#382;ivota, svojim svakodnevnim radom dali vanredan doprinos izgradnji jednog pravednog dru&#353;tva. Jednog dru&#353;tva slobodnih ljudi i ravnopravnih gra\u0111ana. Jedne demokratske dr&#382;ave sa vladanjem reda i zakona sa odgovornim institucijama u slu&#382;bi gra\u0111ana.<\/p>\n<p>Republika Kosovo danas je davalac va&#382;nog doprinosa za razvoj dobrosusedskih odnosa u region, i bilateralnih odnosa sa jasnim ciljem \u010dlanstva u Evropsku Zajednicu i NATO.<\/p>\n<p>Mi narod Kosova smo po\u010deli novo poglavlje u na&#353;oj istoriji &#8211; poglavlje mira, razumevanja, saradnje i po&#353;tovanja me\u0111u narodima i zemlja, svesni da gra\u0111ani Kosova, kao i gra\u0111ani celog sveta, zaslu&#382;uju jedan dostojanstven &#382;ivot u slobodi, ravnopravnosti i dostojanstveni preuzimaju\u0107i sudbinu u svojim rukama uz nepo&#353;tednu pomo\u0107 na&#353;ih me\u0111unarodnih prijatelja, koji su doprineli na&#353;oj konsolidaciji ka demokratska dr&#382;ava..<\/p>\n<p>Mi gradimo jednu novu viziju za na&#353;u zemlju i na&#353; narod, viziju jedne jasne evropsko-atlantske budu\u0107nosti.<\/p>\n<p>Mi smo posve\u0107eni da neprekidno radimo, ispunjavaju\u0107i sve uslove i standarde da Republika Kosovo postane zemlja \u010dlanica Evropske Zajednice i NATO-a uz\u00a0 ve\u010dito, ustrajno i strate&#353;ko, prijateljstvo sa Sjedinjenim Ameri\u010dkim Dr&#382;avama.<\/p>\n<p>Republika Kosovo prati politiku dobrosusedstva sa svim dr&#382;avama i kao demokratska dr&#382;ava po&#353;tujemo suverenitet i integritet svih ostalih dr&#382;ava. Onako kako i ostale dr&#382;ave po&#353;tuju suverenitet Republike Kosovo i njen teritorijalni integritet.<\/p>\n<p>Po&#353;tovani gra\u0111ani,<br \/>\nRepublika Kosovo, svoje kapacitete u oblasti reda i bezbednosti ima uvek u funkciji vladanja reda i zakona, uz po&#353;tovanje najvi&#353;ih normi i standarda u oblasti odbrane ljudskih prava i slobode.<\/p>\n<p>Ovi kapaciteti su isprepleteni sa NATO-m, sa strukturama evropske i me\u0111unarodne bezbednosti, budu\u0107i deo i doprinose\u0107i u izgradnji globalne arhitekture bezbednosti.<\/p>\n<p>U ovu misiju unapre\u0111enja na&#353;e strukture bezbednosti i sprovo\u0111enja reda i zakona mi imamo sna&#382;nu podr&#353;ku KFOR-a i EULEX-a, me\u0111unarodne misije koje smo pozvali u na&#353;u zemlju, kojima se zahvaljujemo za posve\u0107enje prema Kosovu i njihovu pomo\u0107 za obezbe\u0111enje mira na&#353;e nove dr&#382;ave.<\/p>\n<p>Snaga Bezbednosti Kosova, svojom posvetom i visokim ose\u0107ajem odgovornosti, sa neumornim radom i obukom i osposobljavanjem u skladu sa visokim standardima NATO-a jeste jedna od institucija sa najve\u0107im po&#353;tovanjem u Republici Kosovo.<\/p>\n<p>Snaga bezbednosti Kosova, budu\u0107i jedna profesionalna i efikasna snaga, za sve hitne\/emergentne situacije, kao i za u\u010de&#353;\u0107e u humanitarnim i mirotvornim misijama, zauzima klju\u010dno mesto pri izradi i primeni politika bezbednosti na&#353;e dr&#382;ave i ispunjavanju na&#353;ih strate&#353;kih ciljeva u pravcu integracije u EZ-e i NATO, uspostavljaju\u0107i ustrajne temelje jedne demokratske i miroljubive snage, koja u sebi sadr&#382;i jednu slavnu pro&#353;lost, jednu ustrajnu sada&#353;njost i jednu bezbednu budu\u0107nost, u skladu sa vizijom Republike Kosovo, jedne dr&#382;ave izgra\u0111ene ne na\u010delo ravnopravnosti i slobode za svakog gra\u0111anina.<\/p>\n<p>Republika Kosovo, jo&#353; od oslobo\u0111enja zemlje, je izgradila Kosovsku Policiju, kao jedna poverljiva institucija, koja u&#382;iva \u010dast i najve\u0107e po&#353;tovanje, za profesionalan i nesebi\u010dan rad, u slu&#382;bi svih gra\u0111ana.<\/p>\n<p>Kosovska Policija, osposobljena i uve&#382;bana u skladu sa najvi&#353;im standardima Evrope, daje vanredan doprinos u o\u010duvanju javnog reda i mira, u spre\u010davanju i suzbijanju organizovanog kriminala, kontrabande i korupcije, nepristrasnim sprovo\u0111enjem zakona.<\/p>\n<p>Po&#353;tovani pripadnici Snage Bezbednosti Kosova<br \/>\nPo&#353;tovani pripadnici Kosovske Policije<br \/>\nPo&#353;tovani pripadnici struktura hitne\/emergentne i civilne slu&#382;be<br \/>\nVa&#353; defile danas po&#353;tuje va&#353; rad, profesionalizam i va&#353;e poverenje da budete u slu&#382;bi dr&#382;ave, da budete u slu&#382;bu svih gra\u0111ana. Posve\u0107enje u va&#353;em radu uzdi&#382;e vas i isti\u010de. \u010clanovi va&#353;ih porodica su ponosni na Va&#353;u slu&#382;bu. Dr&#382;ava, Republika Kosovo, ceni Va&#353;e anga&#382;ovanje.<\/p>\n<p>Ovaj defile jeste simboli\u010dan ali i vrlo zna\u010dajan jer pokazuje da ste Vi danas sposobni izvr&#353;iti svaki zadatak. Pokazuje da domovina ima poverenje u Vas, pokazuje da su na&#353;i me\u0111unarodni prijatelji, koji su investirali u Va&#353;em profesionalnom obu\u010davanju, koji su pomogli sredstvima, danas su zadovoljni sa rezultatima ove saradnje, sa plodovima koji se vide u ovom defileu.<\/p>\n<p>U institucijama Republike Kosovo \u0107emo nastaviti dati podr&#353;ku i pa&#382;nju da kao posebne strukture posti&#382;ete najvi&#353;e standarde u slu&#382;bi. Da budete potpuna ravnopravni sa strukturama zemalja Evropske Zajednice.<\/p>\n<p>Po&#353;tovani gra\u0111ani,<br \/>\nSloboda i nezavisnost zemlje je ste\u010dena nepo&#353;tednim radom celog\u00a0\u00a0 naroda Kosova. Ova pobeda je postignuta i sna&#382;nom me\u0111unarodnom podr&#353;kom na&#353;ih prijatelja, pre svega Sjedinjenih Ameri\u010dkih Dr&#382;ava i zemalja Evropske Zajednice i sa vojnom intervencijom NATO-a.<\/p>\n<p>Ovo nas obavezuje da gradimo demokratsku dr&#382;avu i dru&#353;tvo. Da stvorimo jedan miran i bezbedan ambijent. Da gradimo jednu zemlju u kojoj svi gra\u0111ani slobodno &#382;ive i rade grade\u0107i sada&#353;njost i uvide\u0107i budu\u0107nost za sebe i generacije koje dolaze. Da vodimo na&#353;u zemlju napred, doprinose\u0107i svaki u svojoj oblasti, cene\u0107i i vrednuju\u0107i rad i posve\u0107enje i rade\u0107i za napredak zemlje.<\/p>\n<p>Sretan Vam Dan Nezavisnosti!<br \/>\nBlagosiljao Bog Kosovo!<br \/>\nBlagosiljao Bog na&#353;e prijatelje!<br \/>\n\u00a0<\/p>\n","protected":false},"excerpt":{"rendered":"<p>Republika Kosovo, suverena i nezavisna, sa garantovanim suverenitetom i teritorijalnim integritetom, sa punim me\u0111unarodnim subjektivitetom kao jedan va&#382;an faktor mira i stabilnosti danas slavi 5 godi&#353;njicu progla&#353;enja nezavisnosti, 14 godine na&#353;eg &#382;ivota u slobodi.<\/p>\n","protected":false},"author":1,"featured_media":52151,"comment_status":"open","ping_status":"closed","sticky":false,"template":"","format":"standard","meta":{"_eb_attr":"","footnotes":""},"categories":[106],"tags":[],"class_list":["post-78525","post","type-post","status-publish","format-standard","has-post-thumbnail","hentry","category-govori"],"yoast_head":"<!-- This site is optimized with the Yoast SEO plugin v23.5 - https:\/\/yoast.com\/wordpress\/plugins\/seo\/ -->\n<title>Govor Predsednice Atifete Jahjaga na paradu u \u010dast Dana Nezavisnosti - Predsednik Republike Kosovo - DR. VJOSA OSMANI - SADRIU<\/title>\n<meta name=\"description\" content=\"Govor Predsednice Atifete Jahjaga na paradu u \u010dast Dana Nezavisnosti - Predsednik Republike Kosovo - DR. VJOSA OSMANI - SADRIU -\" \/>\n<meta name=\"robots\" content=\"index, follow, max-snippet:-1, max-image-preview:large, max-video-preview:-1\" \/>\n<link rel=\"canonical\" href=\"https:\/\/president-ksgov.net\/fjala-e-presidentes-atifete-jahjaga-ne-paraden-per-nder-te-dites-se-pavaresise\/\" \/>\n<meta property=\"og:locale\" content=\"sr_RS\" \/>\n<meta property=\"og:type\" content=\"article\" \/>\n<meta property=\"og:title\" content=\"Govor Predsednice Atifete Jahjaga na paradu u \u010dast Dana Nezavisnosti - Predsednik Republike Kosovo - DR. VJOSA OSMANI - SADRIU\" \/>\n<meta property=\"og:description\" content=\"Govor Predsednice Atifete Jahjaga na paradu u \u010dast Dana Nezavisnosti - Predsednik Republike Kosovo - DR. VJOSA OSMANI - SADRIU -\" \/>\n<meta property=\"og:url\" content=\"https:\/\/president-ksgov.net\/fjala-e-presidentes-atifete-jahjaga-ne-paraden-per-nder-te-dites-se-pavaresise\/\" \/>\n<meta property=\"og:site_name\" content=\"Predsednik Republike Kosovo - DR. VJOSA OSMANI - SADRIU\" \/>\n<meta property=\"article:published_time\" content=\"2013-02-17T14:06:10+00:00\" \/>\n<meta property=\"article:modified_time\" content=\"2023-03-08T09:04:16+00:00\" \/>\n<meta property=\"og:image\" content=\"https:\/\/president-ksgov.net\/wp-content\/uploads\/PARADA_00.jpg\" \/>\n\t<meta property=\"og:image:width\" content=\"800\" \/>\n\t<meta property=\"og:image:height\" content=\"533\" \/>\n\t<meta property=\"og:image:type\" content=\"image\/jpeg\" \/>\n<meta name=\"author\" content=\"admin\" \/>\n<meta name=\"twitter:card\" content=\"summary_large_image\" \/>\n<meta name=\"twitter:label1\" content=\"\u041d\u0430\u043f\u0438\u0441\u0430\u043d\u043e \u043e\u0434\" \/>\n\t<meta name=\"twitter:data1\" content=\"admin\" \/>\n\t<meta name=\"twitter:label2\" content=\"\u041f\u0440\u043e\u0446\u0435\u045a\u0435\u043d\u043e \u0432\u0440\u0435\u043c\u0435 \u0447\u0438\u0442\u0430\u045a\u0430\" \/>\n\t<meta name=\"twitter:data2\" content=\"5 \u043c\u0438\u043d\u0443\u0442\u0430\" \/>\n<script type=\"application\/ld+json\" class=\"yoast-schema-graph\">{\"@context\":\"https:\/\/schema.org\",\"@graph\":[{\"@type\":\"WebPage\",\"@id\":\"https:\/\/president-ksgov.net\/fjala-e-presidentes-atifete-jahjaga-ne-paraden-per-nder-te-dites-se-pavaresise\/\",\"url\":\"https:\/\/president-ksgov.net\/fjala-e-presidentes-atifete-jahjaga-ne-paraden-per-nder-te-dites-se-pavaresise\/\",\"name\":\"Govor Predsednice Atifete Jahjaga na paradu u \u010dast Dana Nezavisnosti - Predsednik Republike Kosovo - DR. VJOSA OSMANI - SADRIU\",\"isPartOf\":{\"@id\":\"https:\/\/president-ksgov.net\/#website\"},\"primaryImageOfPage\":{\"@id\":\"https:\/\/president-ksgov.net\/fjala-e-presidentes-atifete-jahjaga-ne-paraden-per-nder-te-dites-se-pavaresise\/#primaryimage\"},\"image\":{\"@id\":\"https:\/\/president-ksgov.net\/fjala-e-presidentes-atifete-jahjaga-ne-paraden-per-nder-te-dites-se-pavaresise\/#primaryimage\"},\"thumbnailUrl\":\"https:\/\/president-ksgov.net\/wp-content\/uploads\/PARADA_00.jpg\",\"datePublished\":\"2013-02-17T14:06:10+00:00\",\"dateModified\":\"2023-03-08T09:04:16+00:00\",\"author\":{\"@id\":\"https:\/\/president-ksgov.net\/#\/schema\/person\/bb4337a5fb147cb2046d80548172cbee\"},\"description\":\"Govor Predsednice Atifete Jahjaga na paradu u \u010dast Dana Nezavisnosti - Predsednik Republike Kosovo - DR. VJOSA OSMANI - SADRIU -\",\"breadcrumb\":{\"@id\":\"https:\/\/president-ksgov.net\/fjala-e-presidentes-atifete-jahjaga-ne-paraden-per-nder-te-dites-se-pavaresise\/#breadcrumb\"},\"inLanguage\":\"sr-RS\",\"potentialAction\":[{\"@type\":\"ReadAction\",\"target\":[\"https:\/\/president-ksgov.net\/fjala-e-presidentes-atifete-jahjaga-ne-paraden-per-nder-te-dites-se-pavaresise\/\"]}]},{\"@type\":\"ImageObject\",\"inLanguage\":\"sr-RS\",\"@id\":\"https:\/\/president-ksgov.net\/fjala-e-presidentes-atifete-jahjaga-ne-paraden-per-nder-te-dites-se-pavaresise\/#primaryimage\",\"url\":\"https:\/\/president-ksgov.net\/wp-content\/uploads\/PARADA_00.jpg\",\"contentUrl\":\"https:\/\/president-ksgov.net\/wp-content\/uploads\/PARADA_00.jpg\",\"width\":800,\"height\":533},{\"@type\":\"BreadcrumbList\",\"@id\":\"https:\/\/president-ksgov.net\/fjala-e-presidentes-atifete-jahjaga-ne-paraden-per-nder-te-dites-se-pavaresise\/#breadcrumb\",\"itemListElement\":[{\"@type\":\"ListItem\",\"position\":1,\"name\":\"Home\",\"item\":\"https:\/\/president-ksgov.net\/sr\/\"},{\"@type\":\"ListItem\",\"position\":2,\"name\":\"Govor Predsednice Atifete Jahjaga na paradu u \u010dast Dana Nezavisnosti\"}]},{\"@type\":\"WebSite\",\"@id\":\"https:\/\/president-ksgov.net\/#website\",\"url\":\"https:\/\/president-ksgov.net\/\",\"name\":\"Presidente e Republik\u00ebs s\u00eb Kosov\u00ebs\",\"description\":\"Presidente e Republik\u00ebs s\u00eb Kosov\u00ebs\",\"alternateName\":\"DR. VJOSA OSMANI - SADRIU\",\"potentialAction\":[{\"@type\":\"SearchAction\",\"target\":{\"@type\":\"EntryPoint\",\"urlTemplate\":\"https:\/\/president-ksgov.net\/?s={search_term_string}\"},\"query-input\":{\"@type\":\"PropertyValueSpecification\",\"valueRequired\":true,\"valueName\":\"search_term_string\"}}],\"inLanguage\":\"sr-RS\"},{\"@type\":\"Person\",\"@id\":\"https:\/\/president-ksgov.net\/#\/schema\/person\/bb4337a5fb147cb2046d80548172cbee\",\"name\":\"admin\",\"image\":{\"@type\":\"ImageObject\",\"inLanguage\":\"sr-RS\",\"@id\":\"https:\/\/president-ksgov.net\/#\/schema\/person\/image\/\",\"url\":\"https:\/\/secure.gravatar.com\/avatar\/36156ca0fa3b8d9d25174f146e16beea0cf28f37adf1b9e19b6c9c279a7c9dd3?s=96&d=mm&r=g\",\"contentUrl\":\"https:\/\/secure.gravatar.com\/avatar\/36156ca0fa3b8d9d25174f146e16beea0cf28f37adf1b9e19b6c9c279a7c9dd3?s=96&d=mm&r=g\",\"caption\":\"admin\"},\"sameAs\":[\"https:\/\/president-ksgov.net\"]}]}<\/script>\n<!-- \/ Yoast SEO plugin. -->","yoast_head_json":{"title":"Govor Predsednice Atifete Jahjaga na paradu u \u010dast Dana Nezavisnosti - Predsednik Republike Kosovo - DR. VJOSA OSMANI - SADRIU","description":"Govor Predsednice Atifete Jahjaga na paradu u \u010dast Dana Nezavisnosti - Predsednik Republike Kosovo - DR. VJOSA OSMANI - SADRIU -","robots":{"index":"index","follow":"follow","max-snippet":"max-snippet:-1","max-image-preview":"max-image-preview:large","max-video-preview":"max-video-preview:-1"},"canonical":"https:\/\/president-ksgov.net\/fjala-e-presidentes-atifete-jahjaga-ne-paraden-per-nder-te-dites-se-pavaresise\/","og_locale":"sr_RS","og_type":"article","og_title":"Govor Predsednice Atifete Jahjaga na paradu u \u010dast Dana Nezavisnosti - Predsednik Republike Kosovo - DR. VJOSA OSMANI - SADRIU","og_description":"Govor Predsednice Atifete Jahjaga na paradu u \u010dast Dana Nezavisnosti - Predsednik Republike Kosovo - DR. VJOSA OSMANI - SADRIU -","og_url":"https:\/\/president-ksgov.net\/fjala-e-presidentes-atifete-jahjaga-ne-paraden-per-nder-te-dites-se-pavaresise\/","og_site_name":"Predsednik Republike Kosovo - DR. VJOSA OSMANI - SADRIU","article_published_time":"2013-02-17T14:06:10+00:00","article_modified_time":"2023-03-08T09:04:16+00:00","og_image":[{"width":800,"height":533,"url":"https:\/\/president-ksgov.net\/wp-content\/uploads\/PARADA_00.jpg","type":"image\/jpeg"}],"author":"admin","twitter_card":"summary_large_image","twitter_misc":{"\u041d\u0430\u043f\u0438\u0441\u0430\u043d\u043e \u043e\u0434":"admin","\u041f\u0440\u043e\u0446\u0435\u045a\u0435\u043d\u043e \u0432\u0440\u0435\u043c\u0435 \u0447\u0438\u0442\u0430\u045a\u0430":"5 \u043c\u0438\u043d\u0443\u0442\u0430"},"schema":{"@context":"https:\/\/schema.org","@graph":[{"@type":"WebPage","@id":"https:\/\/president-ksgov.net\/fjala-e-presidentes-atifete-jahjaga-ne-paraden-per-nder-te-dites-se-pavaresise\/","url":"https:\/\/president-ksgov.net\/fjala-e-presidentes-atifete-jahjaga-ne-paraden-per-nder-te-dites-se-pavaresise\/","name":"Govor Predsednice Atifete Jahjaga na paradu u \u010dast Dana Nezavisnosti - Predsednik Republike Kosovo - DR. VJOSA OSMANI - SADRIU","isPartOf":{"@id":"https:\/\/president-ksgov.net\/#website"},"primaryImageOfPage":{"@id":"https:\/\/president-ksgov.net\/fjala-e-presidentes-atifete-jahjaga-ne-paraden-per-nder-te-dites-se-pavaresise\/#primaryimage"},"image":{"@id":"https:\/\/president-ksgov.net\/fjala-e-presidentes-atifete-jahjaga-ne-paraden-per-nder-te-dites-se-pavaresise\/#primaryimage"},"thumbnailUrl":"https:\/\/president-ksgov.net\/wp-content\/uploads\/PARADA_00.jpg","datePublished":"2013-02-17T14:06:10+00:00","dateModified":"2023-03-08T09:04:16+00:00","author":{"@id":"https:\/\/president-ksgov.net\/#\/schema\/person\/bb4337a5fb147cb2046d80548172cbee"},"description":"Govor Predsednice Atifete Jahjaga na paradu u \u010dast Dana Nezavisnosti - Predsednik Republike Kosovo - DR. VJOSA OSMANI - SADRIU -","breadcrumb":{"@id":"https:\/\/president-ksgov.net\/fjala-e-presidentes-atifete-jahjaga-ne-paraden-per-nder-te-dites-se-pavaresise\/#breadcrumb"},"inLanguage":"sr-RS","potentialAction":[{"@type":"ReadAction","target":["https:\/\/president-ksgov.net\/fjala-e-presidentes-atifete-jahjaga-ne-paraden-per-nder-te-dites-se-pavaresise\/"]}]},{"@type":"ImageObject","inLanguage":"sr-RS","@id":"https:\/\/president-ksgov.net\/fjala-e-presidentes-atifete-jahjaga-ne-paraden-per-nder-te-dites-se-pavaresise\/#primaryimage","url":"https:\/\/president-ksgov.net\/wp-content\/uploads\/PARADA_00.jpg","contentUrl":"https:\/\/president-ksgov.net\/wp-content\/uploads\/PARADA_00.jpg","width":800,"height":533},{"@type":"BreadcrumbList","@id":"https:\/\/president-ksgov.net\/fjala-e-presidentes-atifete-jahjaga-ne-paraden-per-nder-te-dites-se-pavaresise\/#breadcrumb","itemListElement":[{"@type":"ListItem","position":1,"name":"Home","item":"https:\/\/president-ksgov.net\/sr\/"},{"@type":"ListItem","position":2,"name":"Govor Predsednice Atifete Jahjaga na paradu u \u010dast Dana Nezavisnosti"}]},{"@type":"WebSite","@id":"https:\/\/president-ksgov.net\/#website","url":"https:\/\/president-ksgov.net\/","name":"Presidente e Republik\u00ebs s\u00eb Kosov\u00ebs","description":"Presidente e Republik\u00ebs s\u00eb Kosov\u00ebs","alternateName":"DR. VJOSA OSMANI - SADRIU","potentialAction":[{"@type":"SearchAction","target":{"@type":"EntryPoint","urlTemplate":"https:\/\/president-ksgov.net\/?s={search_term_string}"},"query-input":{"@type":"PropertyValueSpecification","valueRequired":true,"valueName":"search_term_string"}}],"inLanguage":"sr-RS"},{"@type":"Person","@id":"https:\/\/president-ksgov.net\/#\/schema\/person\/bb4337a5fb147cb2046d80548172cbee","name":"admin","image":{"@type":"ImageObject","inLanguage":"sr-RS","@id":"https:\/\/president-ksgov.net\/#\/schema\/person\/image\/","url":"https:\/\/secure.gravatar.com\/avatar\/36156ca0fa3b8d9d25174f146e16beea0cf28f37adf1b9e19b6c9c279a7c9dd3?s=96&d=mm&r=g","contentUrl":"https:\/\/secure.gravatar.com\/avatar\/36156ca0fa3b8d9d25174f146e16beea0cf28f37adf1b9e19b6c9c279a7c9dd3?s=96&d=mm&r=g","caption":"admin"},"sameAs":["https:\/\/president-ksgov.net"]}]}},"_links":{"self":[{"href":"https:\/\/president-ksgov.net\/sr\/wp-json\/wp\/v2\/posts\/78525","targetHints":{"allow":["GET"]}}],"collection":[{"href":"https:\/\/president-ksgov.net\/sr\/wp-json\/wp\/v2\/posts"}],"about":[{"href":"https:\/\/president-ksgov.net\/sr\/wp-json\/wp\/v2\/types\/post"}],"author":[{"embeddable":true,"href":"https:\/\/president-ksgov.net\/sr\/wp-json\/wp\/v2\/users\/1"}],"replies":[{"embeddable":true,"href":"https:\/\/president-ksgov.net\/sr\/wp-json\/wp\/v2\/comments?post=78525"}],"version-history":[{"count":1,"href":"https:\/\/president-ksgov.net\/sr\/wp-json\/wp\/v2\/posts\/78525\/revisions"}],"predecessor-version":[{"id":81756,"href":"https:\/\/president-ksgov.net\/sr\/wp-json\/wp\/v2\/posts\/78525\/revisions\/81756"}],"wp:featuredmedia":[{"embeddable":true,"href":"https:\/\/president-ksgov.net\/sr\/wp-json\/wp\/v2\/media\/52151"}],"wp:attachment":[{"href":"https:\/\/president-ksgov.net\/sr\/wp-json\/wp\/v2\/media?parent=78525"}],"wp:term":[{"taxonomy":"category","embeddable":true,"href":"https:\/\/president-ksgov.net\/sr\/wp-json\/wp\/v2\/categories?post=78525"},{"taxonomy":"post_tag","embeddable":true,"href":"https:\/\/president-ksgov.net\/sr\/wp-json\/wp\/v2\/tags?post=78525"}],"curies":[{"name":"wp","href":"https:\/\/api.w.org\/{rel}","templated":true}]}}