{"id":78523,"date":"2013-02-17T16:54:02","date_gmt":"2013-02-17T16:54:02","guid":{"rendered":"https:\/\/dev.president-ksgov.net\/govor-predsednice-jahjaga-na-svecanoj-sednici-skuptine-kosova\/"},"modified":"2023-03-08T09:04:16","modified_gmt":"2023-03-08T09:04:16","slug":"govor-predsednice-jahjaga-na-svecanoj-sednici-skuptine-kosova","status":"publish","type":"post","link":"https:\/\/president-ksgov.net\/sr\/govor-predsednice-jahjaga-na-svecanoj-sednici-skuptine-kosova\/","title":{"rendered":"Govor Predsednice Jahjaga na sve\u010danoj sednici Skup&#154;tine Kosova"},"content":{"rendered":"<p>Velika je \u010dast za svakog od nas da odavde &#8211; sa ovoga mesta &#8211; gde pre pet godina izabranici naroda, su proglasili nezavisnost Kosova, da bele&#382;imo ovaj istorijski dan, ovo uzvi&#353;eno delo vi&#353;e generacija.<\/p>\n<p>Po&#353;tovani Predsednik Skup&#353;tine Krasni\u0107i,<br \/>\nPo&#353;tovani poslanici,<br \/>\nPo&#353;tovani poslanici saziva progla&#353;enja nezavisnosti,<br \/>\nPo&#353;tovani premijer Vlade Republike Kosovo,<br \/>\nPo&#353;tovani zam. Premijera i ministri,<br \/>\nPo&#353;tovani Predsednik Republike Albanije, g. Nishani,<br \/>\nPo&#353;tovana Predsednica Parlamenta Republike Albanije, G\u0111a. Topalli,<br \/>\nPo&#353;tovani ambasadori i predstavnici diplomatskih misija na Kosovu,<br \/>\nPo&#353;tovane Porodice palih boraca i aktivista koji su doprineli za nezavisno Kosovo,<br \/>\nPo&#353;tovani rukovodioci Verskih Zajednica na Kosovu,<br \/>\nPo&#353;tovani gra\u0111ani Republike Kosovo,<br \/>\nDame i gospodo,<\/p>\n<p>Velika je \u010dast za svakog od nas da odavde &#8211; sa ovoga mesta &#8211; gde pre pet godina izabranici naroda, su proglasili nezavisnost Kosova, da bele&#382;imo ovaj istorijski dan, ovo uzvi&#353;eno delo vi&#353;e generacija.<\/p>\n<p>Da proslavimo ovaj akt progla&#353;enja nezavisnosti koje smo u\u010dinili sa na&#353;im me\u0111unarodnim prijateljima, Sjedinjenim Ameri\u010dkim Dr&#382;avama i dr&#382;avama Evropske Zajednice.<\/p>\n<p>Odavde po\u010dinje jedno novo poglavlje istorije najmla\u0111e dr&#382;ave Evrope, sa jednom te&#353;kom pro&#353;lo&#353;\u0107u, punu &#382;rtvovanja, ali sa namerom da bude ravnopravan deo naprednog sveta, jedna bogata i razvijena zemlja, pravna i bezbedna, za koju \u0107e budu\u0107e generacije biti ponosne.<\/p>\n<p>Progla&#353;enje nezavisnosti jedne zemlje od onih koji predstavljaju njene gra\u0111ane jeste uzvi&#353;en \u010din, jeste najplemenitije delo i najvi&#353;i \u010din. Ovo je korak koji obezbe\u0111uje mirnu i naprednu budu\u0107nost gra\u0111ana zemlje i svakako uspostavlja temelj razvoja i njihovog blagostanja.<\/p>\n<p>Istorija nezavisnosti na&#353;e zajedni\u010dke dr&#382;ave\u00a0 jeste nova. Ona je deo svakog gra\u0111ana Kosova i svake generacije. Jeste uzvi&#353;en \u010din u uspostavljanju mira i stabilnosti i ja\u010danju bezbednosti i partnerstva ne samo u region nego i &#353;ire.<\/p>\n<p>&#352;ta vi&#353;e jeste konkretan korak razumevanja me\u0111u nama &#8211; gra\u0111anima Republike Kosova.<\/p>\n<p>Jeste dr&#382;ava ve\u010ditog prijateljstva sa SAD-e, i partnerstva sa zemljama EZ-e. <\/p>\n<p>Tokom ovih pet godina dr&#382;avnosti, Republika Kosovo je uspostavila demokratske i funkcionalne institucije, sveobuhvatne institucije, sa stalnim anga&#382;ovanjem za blagostanje gra\u0111ana zemlje i za njihovu budu\u0107nost. Konsolidacija dr&#382;ave je sr&#382; na&#353;eg rada i Kosovo je ve\u0107 postalo u nedeljiv deo me\u0111unarodni zbivanja.<\/p>\n<p>Procesi na Kosovu su nepovratni i realnost na&#353;e dr&#382;ave je postalo poznato i nepobitno. Zakonitost nezavisnosti Kosova je zape\u010da\u0107eno odlukom Me\u0111unarodne Suda Pravde i sa nastavljanjem priznanja njene samostalnosti od takore\u0107i polovine sveta.<\/p>\n<p>I na ovu petu godi&#353;njicu, samostalnost na&#353;e dr&#382;ave je postalo potpunije sa ukidanjem me\u0111unarodnog nadgledanja i preuzimanja odgovornosti za sva pitanja od samih institucija i gra\u0111ana Kosova.<\/p>\n<p>Mi imamo mnogo toga da ka&#382;emo kao jedna nova dr&#382;ava &#8211; jedna istorija zajedni\u010dkog uspeha sa me\u0111unarodnim faktorom, jedna dr&#382;ava koja uspostavlja osnove demokratije prelaze\u0107i polako probleme tranzicije.<\/p>\n<p>Ovo je gra\u0111anska dr&#382;ava\u00a0 velikih kapaciteta i mogu\u0107nosti, dr&#382;ava ravnopravnih &#8211; gra\u0111ana koji su svojim znojem i radom izgradili svaki deo ove zemlje &#8211; svoje zemlje!<\/p>\n<p>Ovo je zajedni\u010dka Republika Kosovo &#8211; njenih ljudi koji su &#382;rtvovali i &#382;rtvuju za izgradnju jednog boljeg i bogatog &#382;ivota, jednog dostojanstvenog &#382;ivota kao gra\u0111ani Ujedinjene Evrope.<\/p>\n<p>Ali put izgradnje dr&#382;ave jeste koliko vredno i po&#353;teno toliko i te&#353;ko.<\/p>\n<p>U ovoj petogodi&#353;njici mi imamo vi&#353;e razloga da slavimo ali i vi&#353;e posla da uradimo radi uspostavljanja \u010dvrstih temelja razvoja i napretka.<\/p>\n<p>Dr&#382;ava koju gradimo se oslanja na platformi pravne dr&#382;ave, gde vladanje zakona i reda su osnovni njeni stubovi. Ova pravna dr&#382;ava, sa jednim reformiranim pravnim sistemom, \u0107e otvarati vrata napretka i integracije u evropsku porodicu i pomo\u0107i \u0107e razvoju tr&#382;i&#353;ne ekonomije. Ali mi trebamo produbiti borbu protiv negativnih pojava, organizovanog kriminala i korupcije i trebamo dokazati da je mo&#382;emo pobediti.<\/p>\n<p>Budu\u0107e generacije \u0107e suditi na osnovu na&#353;eg sada&#353;njeg rada i uspeha koje \u0107emo posti\u0107i. Mi imamo snage i sposobnosti, imamo hrabrosti za pobedu u borbi protiv korupcije i organizovanog kriminala.<br \/>\n\u00a0<br \/>\nOvo je na&#353;a bitka za na&#353;u dr&#382;avu i za njenu budu\u0107nost.<\/p>\n<p>Po&#353;tovani poslanici,<br \/>\n\u00a0<br \/>\nPo&#353;tovani gra\u0111ani Republike Kosovo,<\/p>\n<p>Evropska Zajednica je na&#353; cilj. Ovo je jedina alternativa koju imamo i pravi put do ovog cilja je neprekidna i nepobitna. Na&#353;a perspektiva integracije jeste jasna i nju \u0107emo posti\u0107i svi zajedno_ Mi gra\u0111ani Republike Kosovo.<br \/>\n\u00a0<br \/>\nOvo je zajedni\u010dko svih nas, bez obzira, bez razlike, i ovo je na&#353; cilj.<\/p>\n<p>Mi smo dokazali da smo faktor mira i stabilnosti. Dokazali smo da smo promoter dobrosusedstva i promoteri demokratskih vrednosti. Dr&#382;ava koja po&#353;tuje suverenost drugih i koja tra&#382;i zaslu&#382;eno mesto u Evropsku Zajednicu, me\u0111u slobodnim i ravnopravnim narodima. Na&#353; put u pravcu evropske porodice, svih nas, malih dr&#382;ava Zapadnog Balkana \u0107e biti lak&#353;i i bezbedniji samo poma&#382;u\u0107i jedan-drugog.<\/p>\n<p>Re&#353;enja smo tra&#382;ili samo putem dijaloga, kao najboljeg na\u010dina za postizanje rezultata koji se oslanjaju na evropsko iskustvo i standarde i koji po&#353;tuju integritet svake dr&#382;ave. Re&#353;enja tra&#382;imo za dobrobit na&#353;ih gra\u0111ana za olak&#353;anje njihovog &#382;ivota i za jednu bolju budu\u0107nost.<\/p>\n<p>Dijaloga se ne pla&#353;imo i u njemu smo u&#353;li dobrovoljno da bismo ubrzo okon\u010dali jedno te&#353;ko poglavlje bremenitih odnosa sa Republikom Srbijom. Dijalog se ne odr&#382;ava radi podele Kosova, niti radi stvaranja ne\u010dijih posebnih enklava, niti autonomije i posebnih statusa. Sva re&#353;enja su unutar Ustava i zakona Kosova i sa evropskim standardima.<br \/>\n\u00a0<br \/>\nUzajamno po&#353;tovanje, kao dve suverene i nezavisne dr&#382;ave, \u0107e nas pribli&#382;iti vi&#353;e sa EZ-e i pobledeti suprotnosti izme\u0111u nas.<br \/>\n\u00a0<br \/>\nIstoriju nije mogu\u0107e uni&#353;titi, ali neka izgradimo sada&#353;nju u miru radi budu\u0107nosti.<br \/>\n\u00a0<br \/>\nRepublika Kosovo jeste nepobitna realnost. Jedan nepovratni proces. Ostvarena volja njenih gra\u0111ana. Jedinstvena i nedeljiva zemaljska celina i me\u0111unarodno garantovana. Republika Kosovo je dr&#382;ava svih onih koji &#382;ive unutar njenih granica, bez razlike, dr&#382;ava zasnovana na gra\u0111ansko na\u010delo sa garantovanim pravima i slobodom ali i sa odgovorno&#353;\u0107u za svakoga.<br \/>\n\u00a0<br \/>\nPonuda za svakog gra\u0111anina je jasna i jednostavna &#8211; na&#353;a je zajedni\u010dka dr&#382;ava i nju \u0107emo izgraditi za na&#353;u dobrobit. Za dobro i onih na&#353;ih gra\u0111ana u op&#353;tinama na sever Kosova, \u010diji &#382;ivot nastavlja da ostane taocem odre\u0111enih grupa. Uspostavljanje vladanja reda i zakona na severnom delu teritorija Republike Kosovo, jeste bitno za njen razvoj u okviru Ustava i zakona zemlje i za mir, bezbednost i blagostanje na&#353;ih gra\u0111ana srpske zajednice.<br \/>\n\u00a0<br \/>\nNa&#353;a alternativa je zajedni\u010dka &#8211; u okviru dr&#382;ave Kosovo, sa nepobitnim jednakim pravima za svakog gra\u0111anina i sa garantovanom slobodom za njih. Granice ne\u0107e se menjati. Dijalog sa na&#353;im gra\u0111anima svake zajednice, ali i srpske zajednice, naro\u010dito sa onim na severu Republike Kosovo, kao najbolji na\u010din re&#353;avanja problema, \u0107e omogu\u0107iti kretanje napred.<\/p>\n<p>Nezavisnost Kosova je va&#353;a nezavisnost. Budu\u0107nost se gradi zajedno sa svim drugim gra\u0111anima Kosova. Ovo je i va&#353;a domovina za koju \u0107ete biti ponosni. Dajte da pru&#382;imo ruku saradnje da izgradimo sada&#353;njost u miru radi budu\u0107nosti.<\/p>\n<p>Po&#353;tovani gra\u0111ani Republike Kosovo,<\/p>\n<p>Ova proslava pete godi&#353;njice neka nas ujedini. Da zajedno delimo radost me\u0111u nama, sa na&#353;im prijateljima koji su nam pomogli na svakom koraku, sa Sjedinjenim Ameri\u010dkim Dr&#382;avama i sa Evropskom Zajednicom. Uz se\u0107anje na svakoga koji je &#382;rtvovao i radio za na&#353;u dana&#353;njicu. Poka&#382;imo da smo mi gra\u0111ani koji bez straha grade budu\u0107nost &#8211; bezbednu i u miru sa svima.<\/p>\n<p>Ovo je na&#353; dan koji \u0107emo svi zajedno u&#382;ivati i za koji se ose\u0107amo ponosni.<\/p>\n<p>Bog vas blagosiljao!<br \/>\nBlagosiljao Bog Kosovo!<\/p>\n","protected":false},"excerpt":{"rendered":"<p>Velika je \u010dast za svakog od nas da odavde &#8211; sa ovoga mesta &#8211; gde pre pet godina izabranici naroda, su proglasili nezavisnost Kosova, da bele&#382;imo ovaj istorijski dan, ovo uzvi&#353;eno delo vi&#353;e generacija.<\/p>\n","protected":false},"author":1,"featured_media":52128,"comment_status":"open","ping_status":"closed","sticky":false,"template":"","format":"standard","meta":{"_eb_attr":"","footnotes":""},"categories":[106],"tags":[],"class_list":["post-78523","post","type-post","status-publish","format-standard","has-post-thumbnail","hentry","category-govori"],"yoast_head":"<!-- This site is optimized with the Yoast SEO plugin v23.5 - https:\/\/yoast.com\/wordpress\/plugins\/seo\/ -->\n<title>Govor Predsednice Jahjaga na sve\u010danoj sednici Skup&#154;tine Kosova - Predsednik Republike Kosovo - DR. VJOSA OSMANI - SADRIU<\/title>\n<meta name=\"description\" content=\"Govor Predsednice Jahjaga na sve\u010danoj sednici Skup&#154;tine Kosova - Predsednik Republike Kosovo - DR. VJOSA OSMANI - SADRIU -\" \/>\n<meta name=\"robots\" content=\"index, follow, max-snippet:-1, max-image-preview:large, max-video-preview:-1\" \/>\n<link rel=\"canonical\" href=\"https:\/\/president-ksgov.net\/fjalimi-i-presidentes-jahjaga-ne-seancen-solemne-te-kuvendit-te-kosoves\/\" \/>\n<meta property=\"og:locale\" content=\"sr_RS\" \/>\n<meta property=\"og:type\" content=\"article\" \/>\n<meta property=\"og:title\" content=\"Govor Predsednice Jahjaga na sve\u010danoj sednici Skup&#154;tine Kosova - Predsednik Republike Kosovo - DR. VJOSA OSMANI - SADRIU\" \/>\n<meta property=\"og:description\" content=\"Govor Predsednice Jahjaga na sve\u010danoj sednici Skup&#154;tine Kosova - Predsednik Republike Kosovo - DR. VJOSA OSMANI - SADRIU -\" \/>\n<meta property=\"og:url\" content=\"https:\/\/president-ksgov.net\/fjalimi-i-presidentes-jahjaga-ne-seancen-solemne-te-kuvendit-te-kosoves\/\" \/>\n<meta property=\"og:site_name\" content=\"Predsednik Republike Kosovo - DR. VJOSA OSMANI - SADRIU\" \/>\n<meta property=\"article:published_time\" content=\"2013-02-17T16:54:02+00:00\" \/>\n<meta property=\"article:modified_time\" content=\"2023-03-08T09:04:16+00:00\" \/>\n<meta property=\"og:image\" content=\"https:\/\/president-ksgov.net\/wp-content\/uploads\/KUVENDI_0.jpg\" \/>\n\t<meta property=\"og:image:width\" content=\"800\" \/>\n\t<meta property=\"og:image:height\" content=\"533\" \/>\n\t<meta property=\"og:image:type\" content=\"image\/jpeg\" \/>\n<meta name=\"author\" content=\"admin\" \/>\n<meta name=\"twitter:card\" content=\"summary_large_image\" \/>\n<meta name=\"twitter:label1\" content=\"\u041d\u0430\u043f\u0438\u0441\u0430\u043d\u043e \u043e\u0434\" \/>\n\t<meta name=\"twitter:data1\" content=\"admin\" \/>\n\t<meta name=\"twitter:label2\" content=\"\u041f\u0440\u043e\u0446\u0435\u045a\u0435\u043d\u043e \u0432\u0440\u0435\u043c\u0435 \u0447\u0438\u0442\u0430\u045a\u0430\" \/>\n\t<meta name=\"twitter:data2\" content=\"7 \u043c\u0438\u043d\u0443\u0442\u0430\" \/>\n<script type=\"application\/ld+json\" class=\"yoast-schema-graph\">{\"@context\":\"https:\/\/schema.org\",\"@graph\":[{\"@type\":\"WebPage\",\"@id\":\"https:\/\/president-ksgov.net\/fjalimi-i-presidentes-jahjaga-ne-seancen-solemne-te-kuvendit-te-kosoves\/\",\"url\":\"https:\/\/president-ksgov.net\/fjalimi-i-presidentes-jahjaga-ne-seancen-solemne-te-kuvendit-te-kosoves\/\",\"name\":\"Govor Predsednice Jahjaga na sve\u010danoj sednici Skup&#154;tine Kosova - Predsednik Republike Kosovo - DR. VJOSA OSMANI - SADRIU\",\"isPartOf\":{\"@id\":\"https:\/\/president-ksgov.net\/#website\"},\"primaryImageOfPage\":{\"@id\":\"https:\/\/president-ksgov.net\/fjalimi-i-presidentes-jahjaga-ne-seancen-solemne-te-kuvendit-te-kosoves\/#primaryimage\"},\"image\":{\"@id\":\"https:\/\/president-ksgov.net\/fjalimi-i-presidentes-jahjaga-ne-seancen-solemne-te-kuvendit-te-kosoves\/#primaryimage\"},\"thumbnailUrl\":\"https:\/\/president-ksgov.net\/wp-content\/uploads\/KUVENDI_0.jpg\",\"datePublished\":\"2013-02-17T16:54:02+00:00\",\"dateModified\":\"2023-03-08T09:04:16+00:00\",\"author\":{\"@id\":\"https:\/\/president-ksgov.net\/#\/schema\/person\/bb4337a5fb147cb2046d80548172cbee\"},\"description\":\"Govor Predsednice Jahjaga na sve\u010danoj sednici Skup&#154;tine Kosova - Predsednik Republike Kosovo - DR. VJOSA OSMANI - SADRIU -\",\"breadcrumb\":{\"@id\":\"https:\/\/president-ksgov.net\/fjalimi-i-presidentes-jahjaga-ne-seancen-solemne-te-kuvendit-te-kosoves\/#breadcrumb\"},\"inLanguage\":\"sr-RS\",\"potentialAction\":[{\"@type\":\"ReadAction\",\"target\":[\"https:\/\/president-ksgov.net\/fjalimi-i-presidentes-jahjaga-ne-seancen-solemne-te-kuvendit-te-kosoves\/\"]}]},{\"@type\":\"ImageObject\",\"inLanguage\":\"sr-RS\",\"@id\":\"https:\/\/president-ksgov.net\/fjalimi-i-presidentes-jahjaga-ne-seancen-solemne-te-kuvendit-te-kosoves\/#primaryimage\",\"url\":\"https:\/\/president-ksgov.net\/wp-content\/uploads\/KUVENDI_0.jpg\",\"contentUrl\":\"https:\/\/president-ksgov.net\/wp-content\/uploads\/KUVENDI_0.jpg\",\"width\":800,\"height\":533},{\"@type\":\"BreadcrumbList\",\"@id\":\"https:\/\/president-ksgov.net\/fjalimi-i-presidentes-jahjaga-ne-seancen-solemne-te-kuvendit-te-kosoves\/#breadcrumb\",\"itemListElement\":[{\"@type\":\"ListItem\",\"position\":1,\"name\":\"Home\",\"item\":\"https:\/\/president-ksgov.net\/sr\/\"},{\"@type\":\"ListItem\",\"position\":2,\"name\":\"Govor Predsednice Jahjaga na sve\u010danoj sednici Skup&#154;tine Kosova\"}]},{\"@type\":\"WebSite\",\"@id\":\"https:\/\/president-ksgov.net\/#website\",\"url\":\"https:\/\/president-ksgov.net\/\",\"name\":\"Presidente e Republik\u00ebs s\u00eb Kosov\u00ebs\",\"description\":\"Presidente e Republik\u00ebs s\u00eb Kosov\u00ebs\",\"alternateName\":\"DR. VJOSA OSMANI - SADRIU\",\"potentialAction\":[{\"@type\":\"SearchAction\",\"target\":{\"@type\":\"EntryPoint\",\"urlTemplate\":\"https:\/\/president-ksgov.net\/?s={search_term_string}\"},\"query-input\":{\"@type\":\"PropertyValueSpecification\",\"valueRequired\":true,\"valueName\":\"search_term_string\"}}],\"inLanguage\":\"sr-RS\"},{\"@type\":\"Person\",\"@id\":\"https:\/\/president-ksgov.net\/#\/schema\/person\/bb4337a5fb147cb2046d80548172cbee\",\"name\":\"admin\",\"image\":{\"@type\":\"ImageObject\",\"inLanguage\":\"sr-RS\",\"@id\":\"https:\/\/president-ksgov.net\/#\/schema\/person\/image\/\",\"url\":\"https:\/\/secure.gravatar.com\/avatar\/36156ca0fa3b8d9d25174f146e16beea0cf28f37adf1b9e19b6c9c279a7c9dd3?s=96&d=mm&r=g\",\"contentUrl\":\"https:\/\/secure.gravatar.com\/avatar\/36156ca0fa3b8d9d25174f146e16beea0cf28f37adf1b9e19b6c9c279a7c9dd3?s=96&d=mm&r=g\",\"caption\":\"admin\"},\"sameAs\":[\"https:\/\/president-ksgov.net\"]}]}<\/script>\n<!-- \/ Yoast SEO plugin. -->","yoast_head_json":{"title":"Govor Predsednice Jahjaga na sve\u010danoj sednici Skup&#154;tine Kosova - Predsednik Republike Kosovo - DR. VJOSA OSMANI - SADRIU","description":"Govor Predsednice Jahjaga na sve\u010danoj sednici Skup&#154;tine Kosova - Predsednik Republike Kosovo - DR. VJOSA OSMANI - SADRIU -","robots":{"index":"index","follow":"follow","max-snippet":"max-snippet:-1","max-image-preview":"max-image-preview:large","max-video-preview":"max-video-preview:-1"},"canonical":"https:\/\/president-ksgov.net\/fjalimi-i-presidentes-jahjaga-ne-seancen-solemne-te-kuvendit-te-kosoves\/","og_locale":"sr_RS","og_type":"article","og_title":"Govor Predsednice Jahjaga na sve\u010danoj sednici Skup&#154;tine Kosova - Predsednik Republike Kosovo - DR. VJOSA OSMANI - SADRIU","og_description":"Govor Predsednice Jahjaga na sve\u010danoj sednici Skup&#154;tine Kosova - Predsednik Republike Kosovo - DR. VJOSA OSMANI - SADRIU -","og_url":"https:\/\/president-ksgov.net\/fjalimi-i-presidentes-jahjaga-ne-seancen-solemne-te-kuvendit-te-kosoves\/","og_site_name":"Predsednik Republike Kosovo - DR. VJOSA OSMANI - SADRIU","article_published_time":"2013-02-17T16:54:02+00:00","article_modified_time":"2023-03-08T09:04:16+00:00","og_image":[{"width":800,"height":533,"url":"https:\/\/president-ksgov.net\/wp-content\/uploads\/KUVENDI_0.jpg","type":"image\/jpeg"}],"author":"admin","twitter_card":"summary_large_image","twitter_misc":{"\u041d\u0430\u043f\u0438\u0441\u0430\u043d\u043e \u043e\u0434":"admin","\u041f\u0440\u043e\u0446\u0435\u045a\u0435\u043d\u043e \u0432\u0440\u0435\u043c\u0435 \u0447\u0438\u0442\u0430\u045a\u0430":"7 \u043c\u0438\u043d\u0443\u0442\u0430"},"schema":{"@context":"https:\/\/schema.org","@graph":[{"@type":"WebPage","@id":"https:\/\/president-ksgov.net\/fjalimi-i-presidentes-jahjaga-ne-seancen-solemne-te-kuvendit-te-kosoves\/","url":"https:\/\/president-ksgov.net\/fjalimi-i-presidentes-jahjaga-ne-seancen-solemne-te-kuvendit-te-kosoves\/","name":"Govor Predsednice Jahjaga na sve\u010danoj sednici Skup&#154;tine Kosova - Predsednik Republike Kosovo - DR. VJOSA OSMANI - SADRIU","isPartOf":{"@id":"https:\/\/president-ksgov.net\/#website"},"primaryImageOfPage":{"@id":"https:\/\/president-ksgov.net\/fjalimi-i-presidentes-jahjaga-ne-seancen-solemne-te-kuvendit-te-kosoves\/#primaryimage"},"image":{"@id":"https:\/\/president-ksgov.net\/fjalimi-i-presidentes-jahjaga-ne-seancen-solemne-te-kuvendit-te-kosoves\/#primaryimage"},"thumbnailUrl":"https:\/\/president-ksgov.net\/wp-content\/uploads\/KUVENDI_0.jpg","datePublished":"2013-02-17T16:54:02+00:00","dateModified":"2023-03-08T09:04:16+00:00","author":{"@id":"https:\/\/president-ksgov.net\/#\/schema\/person\/bb4337a5fb147cb2046d80548172cbee"},"description":"Govor Predsednice Jahjaga na sve\u010danoj sednici Skup&#154;tine Kosova - Predsednik Republike Kosovo - DR. VJOSA OSMANI - SADRIU -","breadcrumb":{"@id":"https:\/\/president-ksgov.net\/fjalimi-i-presidentes-jahjaga-ne-seancen-solemne-te-kuvendit-te-kosoves\/#breadcrumb"},"inLanguage":"sr-RS","potentialAction":[{"@type":"ReadAction","target":["https:\/\/president-ksgov.net\/fjalimi-i-presidentes-jahjaga-ne-seancen-solemne-te-kuvendit-te-kosoves\/"]}]},{"@type":"ImageObject","inLanguage":"sr-RS","@id":"https:\/\/president-ksgov.net\/fjalimi-i-presidentes-jahjaga-ne-seancen-solemne-te-kuvendit-te-kosoves\/#primaryimage","url":"https:\/\/president-ksgov.net\/wp-content\/uploads\/KUVENDI_0.jpg","contentUrl":"https:\/\/president-ksgov.net\/wp-content\/uploads\/KUVENDI_0.jpg","width":800,"height":533},{"@type":"BreadcrumbList","@id":"https:\/\/president-ksgov.net\/fjalimi-i-presidentes-jahjaga-ne-seancen-solemne-te-kuvendit-te-kosoves\/#breadcrumb","itemListElement":[{"@type":"ListItem","position":1,"name":"Home","item":"https:\/\/president-ksgov.net\/sr\/"},{"@type":"ListItem","position":2,"name":"Govor Predsednice Jahjaga na sve\u010danoj sednici Skup&#154;tine Kosova"}]},{"@type":"WebSite","@id":"https:\/\/president-ksgov.net\/#website","url":"https:\/\/president-ksgov.net\/","name":"Presidente e Republik\u00ebs s\u00eb Kosov\u00ebs","description":"Presidente e Republik\u00ebs s\u00eb Kosov\u00ebs","alternateName":"DR. VJOSA OSMANI - SADRIU","potentialAction":[{"@type":"SearchAction","target":{"@type":"EntryPoint","urlTemplate":"https:\/\/president-ksgov.net\/?s={search_term_string}"},"query-input":{"@type":"PropertyValueSpecification","valueRequired":true,"valueName":"search_term_string"}}],"inLanguage":"sr-RS"},{"@type":"Person","@id":"https:\/\/president-ksgov.net\/#\/schema\/person\/bb4337a5fb147cb2046d80548172cbee","name":"admin","image":{"@type":"ImageObject","inLanguage":"sr-RS","@id":"https:\/\/president-ksgov.net\/#\/schema\/person\/image\/","url":"https:\/\/secure.gravatar.com\/avatar\/36156ca0fa3b8d9d25174f146e16beea0cf28f37adf1b9e19b6c9c279a7c9dd3?s=96&d=mm&r=g","contentUrl":"https:\/\/secure.gravatar.com\/avatar\/36156ca0fa3b8d9d25174f146e16beea0cf28f37adf1b9e19b6c9c279a7c9dd3?s=96&d=mm&r=g","caption":"admin"},"sameAs":["https:\/\/president-ksgov.net"]}]}},"_links":{"self":[{"href":"https:\/\/president-ksgov.net\/sr\/wp-json\/wp\/v2\/posts\/78523","targetHints":{"allow":["GET"]}}],"collection":[{"href":"https:\/\/president-ksgov.net\/sr\/wp-json\/wp\/v2\/posts"}],"about":[{"href":"https:\/\/president-ksgov.net\/sr\/wp-json\/wp\/v2\/types\/post"}],"author":[{"embeddable":true,"href":"https:\/\/president-ksgov.net\/sr\/wp-json\/wp\/v2\/users\/1"}],"replies":[{"embeddable":true,"href":"https:\/\/president-ksgov.net\/sr\/wp-json\/wp\/v2\/comments?post=78523"}],"version-history":[{"count":1,"href":"https:\/\/president-ksgov.net\/sr\/wp-json\/wp\/v2\/posts\/78523\/revisions"}],"predecessor-version":[{"id":81755,"href":"https:\/\/president-ksgov.net\/sr\/wp-json\/wp\/v2\/posts\/78523\/revisions\/81755"}],"wp:featuredmedia":[{"embeddable":true,"href":"https:\/\/president-ksgov.net\/sr\/wp-json\/wp\/v2\/media\/52128"}],"wp:attachment":[{"href":"https:\/\/president-ksgov.net\/sr\/wp-json\/wp\/v2\/media?parent=78523"}],"wp:term":[{"taxonomy":"category","embeddable":true,"href":"https:\/\/president-ksgov.net\/sr\/wp-json\/wp\/v2\/categories?post=78523"},{"taxonomy":"post_tag","embeddable":true,"href":"https:\/\/president-ksgov.net\/sr\/wp-json\/wp\/v2\/tags?post=78523"}],"curies":[{"name":"wp","href":"https:\/\/api.w.org\/{rel}","templated":true}]}}