{"id":78517,"date":"2013-02-26T11:36:27","date_gmt":"2013-02-26T11:36:27","guid":{"rendered":"https:\/\/dev.president-ksgov.net\/premijer-thaci-je-informirao-predsednicu-jahjaga-o-dijalogu-u-brisel\/"},"modified":"2013-02-26T11:36:27","modified_gmt":"2013-02-26T11:36:27","slug":"premijer-thaci-je-informirao-predsednicu-jahjaga-o-dijalogu-u-brisel","status":"publish","type":"post","link":"https:\/\/president-ksgov.net\/sr\/premijer-thaci-je-informirao-predsednicu-jahjaga-o-dijalogu-u-brisel\/","title":{"rendered":"Premijer Tha\u010di je informirao Predsednicu Jahjaga o dijalogu u Brisel"},"content":{"rendered":"<p>Predsednica Republike Kosovo, gospo\u0111a Atifete Jahjaga danas je do\u010dekala na sastanak premijera Republike Kosovo, gospodina Hashim Tha\u010di, koje je informirao Predsednicu o dijalogu koji se odr&#382;ava u Brisel, izme\u0111u vlada Republike Kosovo i Republike Srbije, uz posredovanje Evropske Zajednice, sa sna&#382;nom podr&#353;kom Sjedinjenih Ameri\u010dkih Dr&#382;ava.<\/p>\n<p>Premijer Thaci je informirao Predsednicu Jahjaga o toku zadnjeg sastanka u Brisel izmedu dva premijera i o postignutim sporazumima u nacelo cija konkretizacija se ocekuje u narednom sastanku 4. marta. Premijer je rekao da je postignut sporazum da se ukidaju strukture policije i inteligencije Srbije na Kosovu i da se transformiraju ostale strukture, da se uspostavi asocijacija postojecih op&#353;tina sa srpskom vecinom na Kosovu, i da se u cetiri op&#353;tine na severu Kosova odr&#382;avaju izbori za op&#353;tinske skup&#353;tine i za predsednike op&#353;tina, te da se funkcionalizuje pravni i sudski sistem i sa uspostavljanjem dva op&#353;tinska suda Republike Kosovo u Leposavicu i Zvecane.<\/p>\n<p>Premijer Thaci je naglasio da su sva re&#353;enja u okviru potpunog po&#353;tovanja Ustava i zakona Republike Kosova i imaju sna&#382;nu medunarodnu podr&#353;ku, te da su funkcionalna i prihvatljiva od svih gradana.<\/p>\n<p>Predsednica Republike Kosovo, gospoda Atifete Jahjaga je dala potpunu podr&#353;ku dijalogu koji se odr&#382;ava u Briselu izmedu Vlade Republike Kosovo i Vlade Republike Srbije a koji vode premijeri dr&#382;ava. Ona je naglasila da se dokazuje da je dijalog jedini uspe&#353;an nacin za normalizaciju odnosa izmedu Republike Kosovo i Republike Srbije, kao dve susedne suverene i nezavisne zemlje,\u00a0 i da svi sporazumi koji se posti&#382;u su prema najvi&#353;im evropskim standardima i normama i na osnovu Ustava i zakona Republike Kosovo, suvereniteta i teritorijalnog integriteta i ingerencija vlasti u celoj teritoriji dr&#382;ave.<\/p>\n","protected":false},"excerpt":{"rendered":"<p>Predsednica Republike Kosovo, gospo\u0111a Atifete Jahjaga danas je do\u010dekala na sastanak premijera Republike Kosovo, gospodina Hashim Tha\u010di, koje je informirao Predsednicu o dijalogu koji se odr&#382;ava u Brisel, izme\u0111u vlada Republike Kosovo i Republike Srbije, uz posredovanje Evropske Zajednice, sa sna&#382;nom podr&#353;kom Sjedinjenih Ameri\u010dkih Dr&#382;ava.<\/p>\n","protected":false},"author":1,"featured_media":52083,"comment_status":"open","ping_status":"closed","sticky":false,"template":"","format":"standard","meta":{"_eb_attr":"","footnotes":""},"categories":[101],"tags":[],"class_list":["post-78517","post","type-post","status-publish","format-standard","has-post-thumbnail","hentry","category-vesti"],"yoast_head":"<!-- This site is optimized with the Yoast SEO plugin v23.5 - https:\/\/yoast.com\/wordpress\/plugins\/seo\/ -->\n<title>Premijer Tha\u010di je informirao Predsednicu Jahjaga o dijalogu u Brisel - Predsednik Republike Kosovo - DR. VJOSA OSMANI - SADRIU<\/title>\n<meta name=\"description\" content=\"Premijer Tha\u010di je informirao Predsednicu Jahjaga o dijalogu u Brisel - Predsednik Republike Kosovo - DR. VJOSA OSMANI - SADRIU -\" \/>\n<meta name=\"robots\" content=\"index, follow, max-snippet:-1, max-image-preview:large, max-video-preview:-1\" \/>\n<link rel=\"canonical\" href=\"https:\/\/president-ksgov.net\/kryeministri-thaci-e-informoi-presidenten-jahjaga-per-dialogun-ne-bruksel\/\" \/>\n<meta property=\"og:locale\" content=\"sr_RS\" \/>\n<meta property=\"og:type\" content=\"article\" \/>\n<meta property=\"og:title\" content=\"Premijer Tha\u010di je informirao Predsednicu Jahjaga o dijalogu u Brisel - Predsednik Republike Kosovo - DR. VJOSA OSMANI - SADRIU\" \/>\n<meta property=\"og:description\" content=\"Premijer Tha\u010di je informirao Predsednicu Jahjaga o dijalogu u Brisel - Predsednik Republike Kosovo - DR. VJOSA OSMANI - SADRIU -\" \/>\n<meta property=\"og:url\" content=\"https:\/\/president-ksgov.net\/kryeministri-thaci-e-informoi-presidenten-jahjaga-per-dialogun-ne-bruksel\/\" \/>\n<meta property=\"og:site_name\" content=\"Predsednik Republike Kosovo - DR. VJOSA OSMANI - SADRIU\" \/>\n<meta property=\"article:published_time\" content=\"2013-02-26T11:36:27+00:00\" \/>\n<meta property=\"og:image\" content=\"https:\/\/president-ksgov.net\/wp-content\/uploads\/Kryeministri_Thaci_e_informoi_Presidenten_Jahjaga_per_dialogun_ne_Bruksel.jpg\" \/>\n\t<meta property=\"og:image:width\" content=\"1000\" \/>\n\t<meta property=\"og:image:height\" content=\"572\" \/>\n\t<meta property=\"og:image:type\" content=\"image\/jpeg\" \/>\n<meta name=\"author\" content=\"admin\" \/>\n<meta name=\"twitter:card\" content=\"summary_large_image\" \/>\n<meta name=\"twitter:label1\" content=\"\u041d\u0430\u043f\u0438\u0441\u0430\u043d\u043e \u043e\u0434\" \/>\n\t<meta name=\"twitter:data1\" content=\"admin\" \/>\n\t<meta name=\"twitter:label2\" content=\"\u041f\u0440\u043e\u0446\u0435\u045a\u0435\u043d\u043e \u0432\u0440\u0435\u043c\u0435 \u0447\u0438\u0442\u0430\u045a\u0430\" \/>\n\t<meta name=\"twitter:data2\" content=\"1 \u043c\u0438\u043d\u0443\u0442\" \/>\n<script type=\"application\/ld+json\" class=\"yoast-schema-graph\">{\"@context\":\"https:\/\/schema.org\",\"@graph\":[{\"@type\":\"WebPage\",\"@id\":\"https:\/\/president-ksgov.net\/kryeministri-thaci-e-informoi-presidenten-jahjaga-per-dialogun-ne-bruksel\/\",\"url\":\"https:\/\/president-ksgov.net\/kryeministri-thaci-e-informoi-presidenten-jahjaga-per-dialogun-ne-bruksel\/\",\"name\":\"Premijer Tha\u010di je informirao Predsednicu Jahjaga o dijalogu u Brisel - Predsednik Republike Kosovo - DR. VJOSA OSMANI - SADRIU\",\"isPartOf\":{\"@id\":\"https:\/\/president-ksgov.net\/#website\"},\"primaryImageOfPage\":{\"@id\":\"https:\/\/president-ksgov.net\/kryeministri-thaci-e-informoi-presidenten-jahjaga-per-dialogun-ne-bruksel\/#primaryimage\"},\"image\":{\"@id\":\"https:\/\/president-ksgov.net\/kryeministri-thaci-e-informoi-presidenten-jahjaga-per-dialogun-ne-bruksel\/#primaryimage\"},\"thumbnailUrl\":\"https:\/\/president-ksgov.net\/wp-content\/uploads\/Kryeministri_Thaci_e_informoi_Presidenten_Jahjaga_per_dialogun_ne_Bruksel.jpg\",\"datePublished\":\"2013-02-26T11:36:27+00:00\",\"dateModified\":\"2013-02-26T11:36:27+00:00\",\"author\":{\"@id\":\"https:\/\/president-ksgov.net\/#\/schema\/person\/bb4337a5fb147cb2046d80548172cbee\"},\"description\":\"Premijer Tha\u010di je informirao Predsednicu Jahjaga o dijalogu u Brisel - Predsednik Republike Kosovo - DR. VJOSA OSMANI - SADRIU -\",\"breadcrumb\":{\"@id\":\"https:\/\/president-ksgov.net\/kryeministri-thaci-e-informoi-presidenten-jahjaga-per-dialogun-ne-bruksel\/#breadcrumb\"},\"inLanguage\":\"sr-RS\",\"potentialAction\":[{\"@type\":\"ReadAction\",\"target\":[\"https:\/\/president-ksgov.net\/kryeministri-thaci-e-informoi-presidenten-jahjaga-per-dialogun-ne-bruksel\/\"]}]},{\"@type\":\"ImageObject\",\"inLanguage\":\"sr-RS\",\"@id\":\"https:\/\/president-ksgov.net\/kryeministri-thaci-e-informoi-presidenten-jahjaga-per-dialogun-ne-bruksel\/#primaryimage\",\"url\":\"https:\/\/president-ksgov.net\/wp-content\/uploads\/Kryeministri_Thaci_e_informoi_Presidenten_Jahjaga_per_dialogun_ne_Bruksel.jpg\",\"contentUrl\":\"https:\/\/president-ksgov.net\/wp-content\/uploads\/Kryeministri_Thaci_e_informoi_Presidenten_Jahjaga_per_dialogun_ne_Bruksel.jpg\",\"width\":1000,\"height\":572},{\"@type\":\"BreadcrumbList\",\"@id\":\"https:\/\/president-ksgov.net\/kryeministri-thaci-e-informoi-presidenten-jahjaga-per-dialogun-ne-bruksel\/#breadcrumb\",\"itemListElement\":[{\"@type\":\"ListItem\",\"position\":1,\"name\":\"Home\",\"item\":\"https:\/\/president-ksgov.net\/sr\/\"},{\"@type\":\"ListItem\",\"position\":2,\"name\":\"Premijer Tha\u010di je informirao Predsednicu Jahjaga o dijalogu u Brisel\"}]},{\"@type\":\"WebSite\",\"@id\":\"https:\/\/president-ksgov.net\/#website\",\"url\":\"https:\/\/president-ksgov.net\/\",\"name\":\"Presidente e Republik\u00ebs s\u00eb Kosov\u00ebs\",\"description\":\"Presidente e Republik\u00ebs s\u00eb Kosov\u00ebs\",\"alternateName\":\"DR. VJOSA OSMANI - SADRIU\",\"potentialAction\":[{\"@type\":\"SearchAction\",\"target\":{\"@type\":\"EntryPoint\",\"urlTemplate\":\"https:\/\/president-ksgov.net\/?s={search_term_string}\"},\"query-input\":{\"@type\":\"PropertyValueSpecification\",\"valueRequired\":true,\"valueName\":\"search_term_string\"}}],\"inLanguage\":\"sr-RS\"},{\"@type\":\"Person\",\"@id\":\"https:\/\/president-ksgov.net\/#\/schema\/person\/bb4337a5fb147cb2046d80548172cbee\",\"name\":\"admin\",\"image\":{\"@type\":\"ImageObject\",\"inLanguage\":\"sr-RS\",\"@id\":\"https:\/\/president-ksgov.net\/#\/schema\/person\/image\/\",\"url\":\"https:\/\/secure.gravatar.com\/avatar\/36156ca0fa3b8d9d25174f146e16beea0cf28f37adf1b9e19b6c9c279a7c9dd3?s=96&d=mm&r=g\",\"contentUrl\":\"https:\/\/secure.gravatar.com\/avatar\/36156ca0fa3b8d9d25174f146e16beea0cf28f37adf1b9e19b6c9c279a7c9dd3?s=96&d=mm&r=g\",\"caption\":\"admin\"},\"sameAs\":[\"https:\/\/president-ksgov.net\"]}]}<\/script>\n<!-- \/ Yoast SEO plugin. -->","yoast_head_json":{"title":"Premijer Tha\u010di je informirao Predsednicu Jahjaga o dijalogu u Brisel - Predsednik Republike Kosovo - DR. VJOSA OSMANI - SADRIU","description":"Premijer Tha\u010di je informirao Predsednicu Jahjaga o dijalogu u Brisel - Predsednik Republike Kosovo - DR. VJOSA OSMANI - SADRIU -","robots":{"index":"index","follow":"follow","max-snippet":"max-snippet:-1","max-image-preview":"max-image-preview:large","max-video-preview":"max-video-preview:-1"},"canonical":"https:\/\/president-ksgov.net\/kryeministri-thaci-e-informoi-presidenten-jahjaga-per-dialogun-ne-bruksel\/","og_locale":"sr_RS","og_type":"article","og_title":"Premijer Tha\u010di je informirao Predsednicu Jahjaga o dijalogu u Brisel - Predsednik Republike Kosovo - DR. VJOSA OSMANI - SADRIU","og_description":"Premijer Tha\u010di je informirao Predsednicu Jahjaga o dijalogu u Brisel - Predsednik Republike Kosovo - DR. VJOSA OSMANI - SADRIU -","og_url":"https:\/\/president-ksgov.net\/kryeministri-thaci-e-informoi-presidenten-jahjaga-per-dialogun-ne-bruksel\/","og_site_name":"Predsednik Republike Kosovo - DR. VJOSA OSMANI - SADRIU","article_published_time":"2013-02-26T11:36:27+00:00","og_image":[{"width":1000,"height":572,"url":"https:\/\/president-ksgov.net\/wp-content\/uploads\/Kryeministri_Thaci_e_informoi_Presidenten_Jahjaga_per_dialogun_ne_Bruksel.jpg","type":"image\/jpeg"}],"author":"admin","twitter_card":"summary_large_image","twitter_misc":{"\u041d\u0430\u043f\u0438\u0441\u0430\u043d\u043e \u043e\u0434":"admin","\u041f\u0440\u043e\u0446\u0435\u045a\u0435\u043d\u043e \u0432\u0440\u0435\u043c\u0435 \u0447\u0438\u0442\u0430\u045a\u0430":"1 \u043c\u0438\u043d\u0443\u0442"},"schema":{"@context":"https:\/\/schema.org","@graph":[{"@type":"WebPage","@id":"https:\/\/president-ksgov.net\/kryeministri-thaci-e-informoi-presidenten-jahjaga-per-dialogun-ne-bruksel\/","url":"https:\/\/president-ksgov.net\/kryeministri-thaci-e-informoi-presidenten-jahjaga-per-dialogun-ne-bruksel\/","name":"Premijer Tha\u010di je informirao Predsednicu Jahjaga o dijalogu u Brisel - Predsednik Republike Kosovo - DR. VJOSA OSMANI - SADRIU","isPartOf":{"@id":"https:\/\/president-ksgov.net\/#website"},"primaryImageOfPage":{"@id":"https:\/\/president-ksgov.net\/kryeministri-thaci-e-informoi-presidenten-jahjaga-per-dialogun-ne-bruksel\/#primaryimage"},"image":{"@id":"https:\/\/president-ksgov.net\/kryeministri-thaci-e-informoi-presidenten-jahjaga-per-dialogun-ne-bruksel\/#primaryimage"},"thumbnailUrl":"https:\/\/president-ksgov.net\/wp-content\/uploads\/Kryeministri_Thaci_e_informoi_Presidenten_Jahjaga_per_dialogun_ne_Bruksel.jpg","datePublished":"2013-02-26T11:36:27+00:00","dateModified":"2013-02-26T11:36:27+00:00","author":{"@id":"https:\/\/president-ksgov.net\/#\/schema\/person\/bb4337a5fb147cb2046d80548172cbee"},"description":"Premijer Tha\u010di je informirao Predsednicu Jahjaga o dijalogu u Brisel - Predsednik Republike Kosovo - DR. VJOSA OSMANI - SADRIU -","breadcrumb":{"@id":"https:\/\/president-ksgov.net\/kryeministri-thaci-e-informoi-presidenten-jahjaga-per-dialogun-ne-bruksel\/#breadcrumb"},"inLanguage":"sr-RS","potentialAction":[{"@type":"ReadAction","target":["https:\/\/president-ksgov.net\/kryeministri-thaci-e-informoi-presidenten-jahjaga-per-dialogun-ne-bruksel\/"]}]},{"@type":"ImageObject","inLanguage":"sr-RS","@id":"https:\/\/president-ksgov.net\/kryeministri-thaci-e-informoi-presidenten-jahjaga-per-dialogun-ne-bruksel\/#primaryimage","url":"https:\/\/president-ksgov.net\/wp-content\/uploads\/Kryeministri_Thaci_e_informoi_Presidenten_Jahjaga_per_dialogun_ne_Bruksel.jpg","contentUrl":"https:\/\/president-ksgov.net\/wp-content\/uploads\/Kryeministri_Thaci_e_informoi_Presidenten_Jahjaga_per_dialogun_ne_Bruksel.jpg","width":1000,"height":572},{"@type":"BreadcrumbList","@id":"https:\/\/president-ksgov.net\/kryeministri-thaci-e-informoi-presidenten-jahjaga-per-dialogun-ne-bruksel\/#breadcrumb","itemListElement":[{"@type":"ListItem","position":1,"name":"Home","item":"https:\/\/president-ksgov.net\/sr\/"},{"@type":"ListItem","position":2,"name":"Premijer Tha\u010di je informirao Predsednicu Jahjaga o dijalogu u Brisel"}]},{"@type":"WebSite","@id":"https:\/\/president-ksgov.net\/#website","url":"https:\/\/president-ksgov.net\/","name":"Presidente e Republik\u00ebs s\u00eb Kosov\u00ebs","description":"Presidente e Republik\u00ebs s\u00eb Kosov\u00ebs","alternateName":"DR. VJOSA OSMANI - SADRIU","potentialAction":[{"@type":"SearchAction","target":{"@type":"EntryPoint","urlTemplate":"https:\/\/president-ksgov.net\/?s={search_term_string}"},"query-input":{"@type":"PropertyValueSpecification","valueRequired":true,"valueName":"search_term_string"}}],"inLanguage":"sr-RS"},{"@type":"Person","@id":"https:\/\/president-ksgov.net\/#\/schema\/person\/bb4337a5fb147cb2046d80548172cbee","name":"admin","image":{"@type":"ImageObject","inLanguage":"sr-RS","@id":"https:\/\/president-ksgov.net\/#\/schema\/person\/image\/","url":"https:\/\/secure.gravatar.com\/avatar\/36156ca0fa3b8d9d25174f146e16beea0cf28f37adf1b9e19b6c9c279a7c9dd3?s=96&d=mm&r=g","contentUrl":"https:\/\/secure.gravatar.com\/avatar\/36156ca0fa3b8d9d25174f146e16beea0cf28f37adf1b9e19b6c9c279a7c9dd3?s=96&d=mm&r=g","caption":"admin"},"sameAs":["https:\/\/president-ksgov.net"]}]}},"_links":{"self":[{"href":"https:\/\/president-ksgov.net\/sr\/wp-json\/wp\/v2\/posts\/78517","targetHints":{"allow":["GET"]}}],"collection":[{"href":"https:\/\/president-ksgov.net\/sr\/wp-json\/wp\/v2\/posts"}],"about":[{"href":"https:\/\/president-ksgov.net\/sr\/wp-json\/wp\/v2\/types\/post"}],"author":[{"embeddable":true,"href":"https:\/\/president-ksgov.net\/sr\/wp-json\/wp\/v2\/users\/1"}],"replies":[{"embeddable":true,"href":"https:\/\/president-ksgov.net\/sr\/wp-json\/wp\/v2\/comments?post=78517"}],"version-history":[{"count":0,"href":"https:\/\/president-ksgov.net\/sr\/wp-json\/wp\/v2\/posts\/78517\/revisions"}],"wp:featuredmedia":[{"embeddable":true,"href":"https:\/\/president-ksgov.net\/sr\/wp-json\/wp\/v2\/media\/52083"}],"wp:attachment":[{"href":"https:\/\/president-ksgov.net\/sr\/wp-json\/wp\/v2\/media?parent=78517"}],"wp:term":[{"taxonomy":"category","embeddable":true,"href":"https:\/\/president-ksgov.net\/sr\/wp-json\/wp\/v2\/categories?post=78517"},{"taxonomy":"post_tag","embeddable":true,"href":"https:\/\/president-ksgov.net\/sr\/wp-json\/wp\/v2\/tags?post=78517"}],"curies":[{"name":"wp","href":"https:\/\/api.w.org\/{rel}","templated":true}]}}