{"id":78514,"date":"2013-03-02T22:00:57","date_gmt":"2013-03-02T22:00:57","guid":{"rendered":"https:\/\/dev.president-ksgov.net\/govor-predsednice-atifete-jahjaga-na-dobrotvornom-koncertu-organizovanog-pod-pokroviteljstvom-predsednice-i-komandanta-kfor-a\/"},"modified":"2023-03-08T09:04:16","modified_gmt":"2023-03-08T09:04:16","slug":"govor-predsednice-atifete-jahjaga-na-dobrotvornom-koncertu-organizovanog-pod-pokroviteljstvom-predsednice-i-komandanta-kfor-a","status":"publish","type":"post","link":"https:\/\/president-ksgov.net\/sr\/govor-predsednice-atifete-jahjaga-na-dobrotvornom-koncertu-organizovanog-pod-pokroviteljstvom-predsednice-i-komandanta-kfor-a\/","title":{"rendered":"Govor Predsednice Atifete Jahjaga na dobrotvornom koncertu organizovanog pod pokroviteljstvom Predsednice i Komandanta  KFOR-a"},"content":{"rendered":"<p>Ve\u010deras, kao i godinu ranije, sakupili smo se na ovaj dobrotvorni koncert, po&#353;to smo ube\u0111eni da na&#353;a velikodu&#353;nost mo&#382;e pobolj&#353;ati &#382;ivot onih gra\u0111ana koji se su\u010deljavaju sa izazovima, koji imaju manje mogu\u0107nosti nego drugi, ali koji su nedeljiv deo na&#353;eg dru&#353;tva.<\/p>\n<p>Po&#353;tovani komandant mirovnih snaga KFOR-a na Kosovu, general Volker-Halbauer,<br \/>\nPo&#353;tovani Ambasador Nema\u010dke, Dr. Peter Blomeyer,<br \/>\nPo&#353;tovani predstavnici institucija Republike Kosovo,<br \/>\nPo&#353;tovani predstavnici diplomatskih misija u Republici Kosovo,<br \/>\nPo&#353;tovani u\u010desnici,<br \/>\nDragi gra\u0111ani Republike Kosovo,<\/p>\n<p>Ve\u010deras, kao i godinu ranije, sakupili smo se na ovaj dobrotvorni<br \/>\nkoncert, po&#353;to smo ube\u0111eni da na&#353;a velikodu&#353;nost mo&#382;e pobolj&#353;ati &#382;ivot<br \/>\nonih gra\u0111ana koji se su\u010deljavaju sa izazovima, koji imaju manje<br \/>\nmogu\u0107nosti nego drugi, ali koji su nedeljiv deo na&#353;eg dru&#353;tva.<\/p>\n<p>Sakupili smo se svesni da mo&#382;emo menjati i pobolj&#353;ati njihovu realnost.<\/p>\n<p>Svi smo pripadnici kosovskog dru&#353;tva i imamo odgovornost da poma&#382;emo<br \/>\njedan-drugoga, da doprinosimo na stvaranju mogu\u0107nosti za dostojanstven<br \/>\n&#382;ivot za svakoga, imamo odgovornost da stvorimo jedno dru&#353;tvo<br \/>\nravnopravnih mogu\u0107nosti.<\/p>\n<p>Mi imamo tu snagu, imamo tu mogu\u0107nosti da se na\u0111emo i pru&#382;imo pomo\u0107 svakom \u010dlanu velike kosovske porodice.<\/p>\n<p>Ovo posebno ve\u0107e, na ovom dobrotvornom koncertu, svi smo obukli ode\u0107u<br \/>\ngra\u0111anskog posve\u0107enja i glasno dokazujemo odgovornost koju ose\u0107amo i<br \/>\nkoju preuzimamo\u00a0 jedan prema drugom. Odgovornost koja nosi snagu za<br \/>\npobolj&#353;anje ljudskih &#382;ivota. <\/p>\n<p>Zahvaljujem vam i \u010destitam vam za va&#353;u gra\u0111ansku misiju.<\/p>\n<p>Pro&#353;le smo godine postigli da putem donacija, menjamo realnost za jedan<br \/>\ndeo na&#353;eg dru&#353;tva koji se su\u010deljava sa izazovom na&#353;eg veka, kancerom.<br \/>\nPru&#382;ili smo mogu\u0107nosti za pristup lekarskim uslugama i potrebnom<br \/>\ntretmanu &#8211; dakle uspeli smo pomo\u0107i da im pobolj&#353;amo &#382;ivot.<\/p>\n<p>Ovo nam je dalo volju i podstrek da nastavimo sa na&#353;om posvetom za<br \/>\nsolidarnost jednih-sa drugima, radi pretvaranja ovog doga\u0111aja u vi&#353;e<br \/>\ngodi&#353;nju tradiciju, gde se svi skupljamo, predstavnici svakog na&#353;eg<br \/>\ndru&#353;tvenog sloja i da se jednoglasno anga&#382;ujemo za one koji trebaju na&#353;u<br \/>\npomo\u0107. <\/p>\n<p>\u010cvrsto sam ube\u0111ena da \u0107emo i ove godine va&#353;im anga&#382;ovanjem uspeti da<br \/>\nnastavljamo pomo\u0107i &#382;ene koje se su\u010deljavaju sa kancerogenim bolestima,<br \/>\npru&#382;aju\u0107i im potrebne usluge, pru&#382;anjem na&#353;oj budu\u0107nosti, na&#353;oj deci,<br \/>\nsve mogu\u0107nosti koje im nedostaju kako ne bismo dozvolili da oni<br \/>\nzapostave ili uop&#353;te ostave &#353;kolovanje.<\/p>\n<p>Svi &#382;ivimo u ovo dru&#353;tvo, delimo sudbinu jedan-drugog, s toga smo odgovorni jedan prema drugom.<\/p>\n<p>Zahvaljujem svima za doprinos i za pokazanu gra\u0111ansku odgovornost. <\/p>\n<p>\u00a0<\/p>\n","protected":false},"excerpt":{"rendered":"<p>Ve\u010deras, kao i godinu ranije, sakupili smo se na ovaj dobrotvorni koncert, po&#353;to smo ube\u0111eni da na&#353;a velikodu&#353;nost mo&#382;e pobolj&#353;ati &#382;ivot onih gra\u0111ana koji se su\u010deljavaju sa izazovima, koji imaju manje mogu\u0107nosti nego drugi, ali koji su nedeljiv deo na&#353;eg dru&#353;tva.<\/p>\n","protected":false},"author":1,"featured_media":52023,"comment_status":"open","ping_status":"closed","sticky":false,"template":"","format":"standard","meta":{"_eb_attr":"","footnotes":""},"categories":[106],"tags":[],"class_list":["post-78514","post","type-post","status-publish","format-standard","has-post-thumbnail","hentry","category-govori"],"yoast_head":"<!-- This site is optimized with the Yoast SEO plugin v23.5 - https:\/\/yoast.com\/wordpress\/plugins\/seo\/ -->\n<title>Govor Predsednice Atifete Jahjaga na dobrotvornom koncertu organizovanog pod pokroviteljstvom Predsednice i Komandanta KFOR-a - Predsednik Republike Kosovo - DR. VJOSA OSMANI - SADRIU<\/title>\n<meta name=\"description\" content=\"Govor Predsednice Atifete Jahjaga na dobrotvornom koncertu organizovanog pod pokroviteljstvom Predsednice i Komandanta KFOR-a - Predsednik Republike Kosovo - DR. VJOSA OSMANI - SADRIU -\" \/>\n<meta name=\"robots\" content=\"index, follow, max-snippet:-1, max-image-preview:large, max-video-preview:-1\" \/>\n<link rel=\"canonical\" href=\"https:\/\/president-ksgov.net\/sr\/govor-predsednice-atifete-jahjaga-na-dobrotvornom-koncertu-organizovanog-pod-pokroviteljstvom-predsednice-i-komandanta-kfor-a\/\" \/>\n<meta property=\"og:locale\" content=\"sr_RS\" \/>\n<meta property=\"og:type\" content=\"article\" \/>\n<meta property=\"og:title\" content=\"Govor Predsednice Atifete Jahjaga na dobrotvornom koncertu organizovanog pod pokroviteljstvom Predsednice i Komandanta KFOR-a - Predsednik Republike Kosovo - DR. VJOSA OSMANI - SADRIU\" \/>\n<meta property=\"og:description\" content=\"Govor Predsednice Atifete Jahjaga na dobrotvornom koncertu organizovanog pod pokroviteljstvom Predsednice i Komandanta KFOR-a - Predsednik Republike Kosovo - DR. VJOSA OSMANI - SADRIU -\" \/>\n<meta property=\"og:url\" content=\"https:\/\/president-ksgov.net\/sr\/govor-predsednice-atifete-jahjaga-na-dobrotvornom-koncertu-organizovanog-pod-pokroviteljstvom-predsednice-i-komandanta-kfor-a\/\" \/>\n<meta property=\"og:site_name\" content=\"Predsednik Republike Kosovo - DR. VJOSA OSMANI - SADRIU\" \/>\n<meta property=\"article:published_time\" content=\"2013-03-02T22:00:57+00:00\" \/>\n<meta property=\"article:modified_time\" content=\"2023-03-08T09:04:16+00:00\" \/>\n<meta property=\"og:image\" content=\"https:\/\/president-ksgov.net\/wp-content\/uploads\/02_03_13_86516_IMG_4661.jpg\" \/>\n\t<meta property=\"og:image:width\" content=\"1000\" \/>\n\t<meta property=\"og:image:height\" content=\"591\" \/>\n\t<meta property=\"og:image:type\" content=\"image\/jpeg\" \/>\n<meta name=\"author\" content=\"admin\" \/>\n<meta name=\"twitter:card\" content=\"summary_large_image\" \/>\n<meta name=\"twitter:label1\" content=\"\u041d\u0430\u043f\u0438\u0441\u0430\u043d\u043e \u043e\u0434\" \/>\n\t<meta name=\"twitter:data1\" content=\"admin\" \/>\n\t<meta name=\"twitter:label2\" content=\"\u041f\u0440\u043e\u0446\u0435\u045a\u0435\u043d\u043e \u0432\u0440\u0435\u043c\u0435 \u0447\u0438\u0442\u0430\u045a\u0430\" \/>\n\t<meta name=\"twitter:data2\" content=\"2 \u043c\u0438\u043d\u0443\u0442\u0430\" \/>\n<script type=\"application\/ld+json\" class=\"yoast-schema-graph\">{\"@context\":\"https:\/\/schema.org\",\"@graph\":[{\"@type\":\"WebPage\",\"@id\":\"https:\/\/president-ksgov.net\/sr\/govor-predsednice-atifete-jahjaga-na-dobrotvornom-koncertu-organizovanog-pod-pokroviteljstvom-predsednice-i-komandanta-kfor-a\/\",\"url\":\"https:\/\/president-ksgov.net\/sr\/govor-predsednice-atifete-jahjaga-na-dobrotvornom-koncertu-organizovanog-pod-pokroviteljstvom-predsednice-i-komandanta-kfor-a\/\",\"name\":\"Govor Predsednice Atifete Jahjaga na dobrotvornom koncertu organizovanog pod pokroviteljstvom Predsednice i Komandanta KFOR-a - Predsednik Republike Kosovo - DR. VJOSA OSMANI - SADRIU\",\"isPartOf\":{\"@id\":\"https:\/\/president-ksgov.net\/#website\"},\"primaryImageOfPage\":{\"@id\":\"https:\/\/president-ksgov.net\/sr\/govor-predsednice-atifete-jahjaga-na-dobrotvornom-koncertu-organizovanog-pod-pokroviteljstvom-predsednice-i-komandanta-kfor-a\/#primaryimage\"},\"image\":{\"@id\":\"https:\/\/president-ksgov.net\/sr\/govor-predsednice-atifete-jahjaga-na-dobrotvornom-koncertu-organizovanog-pod-pokroviteljstvom-predsednice-i-komandanta-kfor-a\/#primaryimage\"},\"thumbnailUrl\":\"https:\/\/president-ksgov.net\/wp-content\/uploads\/02_03_13_86516_IMG_4661.jpg\",\"datePublished\":\"2013-03-02T22:00:57+00:00\",\"dateModified\":\"2023-03-08T09:04:16+00:00\",\"author\":{\"@id\":\"https:\/\/president-ksgov.net\/#\/schema\/person\/bb4337a5fb147cb2046d80548172cbee\"},\"description\":\"Govor Predsednice Atifete Jahjaga na dobrotvornom koncertu organizovanog pod pokroviteljstvom Predsednice i Komandanta KFOR-a - Predsednik Republike Kosovo - DR. VJOSA OSMANI - SADRIU -\",\"breadcrumb\":{\"@id\":\"https:\/\/president-ksgov.net\/sr\/govor-predsednice-atifete-jahjaga-na-dobrotvornom-koncertu-organizovanog-pod-pokroviteljstvom-predsednice-i-komandanta-kfor-a\/#breadcrumb\"},\"inLanguage\":\"sr-RS\",\"potentialAction\":[{\"@type\":\"ReadAction\",\"target\":[\"https:\/\/president-ksgov.net\/sr\/govor-predsednice-atifete-jahjaga-na-dobrotvornom-koncertu-organizovanog-pod-pokroviteljstvom-predsednice-i-komandanta-kfor-a\/\"]}]},{\"@type\":\"ImageObject\",\"inLanguage\":\"sr-RS\",\"@id\":\"https:\/\/president-ksgov.net\/sr\/govor-predsednice-atifete-jahjaga-na-dobrotvornom-koncertu-organizovanog-pod-pokroviteljstvom-predsednice-i-komandanta-kfor-a\/#primaryimage\",\"url\":\"https:\/\/president-ksgov.net\/wp-content\/uploads\/02_03_13_86516_IMG_4661.jpg\",\"contentUrl\":\"https:\/\/president-ksgov.net\/wp-content\/uploads\/02_03_13_86516_IMG_4661.jpg\",\"width\":1000,\"height\":591},{\"@type\":\"BreadcrumbList\",\"@id\":\"https:\/\/president-ksgov.net\/sr\/govor-predsednice-atifete-jahjaga-na-dobrotvornom-koncertu-organizovanog-pod-pokroviteljstvom-predsednice-i-komandanta-kfor-a\/#breadcrumb\",\"itemListElement\":[{\"@type\":\"ListItem\",\"position\":1,\"name\":\"Home\",\"item\":\"https:\/\/president-ksgov.net\/sr\/\"},{\"@type\":\"ListItem\",\"position\":2,\"name\":\"Govor Predsednice Atifete Jahjaga na dobrotvornom koncertu organizovanog pod pokroviteljstvom Predsednice i Komandanta KFOR-a\"}]},{\"@type\":\"WebSite\",\"@id\":\"https:\/\/president-ksgov.net\/#website\",\"url\":\"https:\/\/president-ksgov.net\/\",\"name\":\"Presidente e Republik\u00ebs s\u00eb Kosov\u00ebs\",\"description\":\"Presidente e Republik\u00ebs s\u00eb Kosov\u00ebs\",\"alternateName\":\"DR. VJOSA OSMANI - SADRIU\",\"potentialAction\":[{\"@type\":\"SearchAction\",\"target\":{\"@type\":\"EntryPoint\",\"urlTemplate\":\"https:\/\/president-ksgov.net\/?s={search_term_string}\"},\"query-input\":{\"@type\":\"PropertyValueSpecification\",\"valueRequired\":true,\"valueName\":\"search_term_string\"}}],\"inLanguage\":\"sr-RS\"},{\"@type\":\"Person\",\"@id\":\"https:\/\/president-ksgov.net\/#\/schema\/person\/bb4337a5fb147cb2046d80548172cbee\",\"name\":\"admin\",\"image\":{\"@type\":\"ImageObject\",\"inLanguage\":\"sr-RS\",\"@id\":\"https:\/\/president-ksgov.net\/#\/schema\/person\/image\/\",\"url\":\"https:\/\/secure.gravatar.com\/avatar\/36156ca0fa3b8d9d25174f146e16beea0cf28f37adf1b9e19b6c9c279a7c9dd3?s=96&d=mm&r=g\",\"contentUrl\":\"https:\/\/secure.gravatar.com\/avatar\/36156ca0fa3b8d9d25174f146e16beea0cf28f37adf1b9e19b6c9c279a7c9dd3?s=96&d=mm&r=g\",\"caption\":\"admin\"},\"sameAs\":[\"https:\/\/president-ksgov.net\"]}]}<\/script>\n<!-- \/ Yoast SEO plugin. -->","yoast_head_json":{"title":"Govor Predsednice Atifete Jahjaga na dobrotvornom koncertu organizovanog pod pokroviteljstvom Predsednice i Komandanta KFOR-a - Predsednik Republike Kosovo - DR. VJOSA OSMANI - SADRIU","description":"Govor Predsednice Atifete Jahjaga na dobrotvornom koncertu organizovanog pod pokroviteljstvom Predsednice i Komandanta KFOR-a - Predsednik Republike Kosovo - DR. VJOSA OSMANI - SADRIU -","robots":{"index":"index","follow":"follow","max-snippet":"max-snippet:-1","max-image-preview":"max-image-preview:large","max-video-preview":"max-video-preview:-1"},"canonical":"https:\/\/president-ksgov.net\/sr\/govor-predsednice-atifete-jahjaga-na-dobrotvornom-koncertu-organizovanog-pod-pokroviteljstvom-predsednice-i-komandanta-kfor-a\/","og_locale":"sr_RS","og_type":"article","og_title":"Govor Predsednice Atifete Jahjaga na dobrotvornom koncertu organizovanog pod pokroviteljstvom Predsednice i Komandanta KFOR-a - Predsednik Republike Kosovo - DR. VJOSA OSMANI - SADRIU","og_description":"Govor Predsednice Atifete Jahjaga na dobrotvornom koncertu organizovanog pod pokroviteljstvom Predsednice i Komandanta KFOR-a - Predsednik Republike Kosovo - DR. VJOSA OSMANI - SADRIU -","og_url":"https:\/\/president-ksgov.net\/sr\/govor-predsednice-atifete-jahjaga-na-dobrotvornom-koncertu-organizovanog-pod-pokroviteljstvom-predsednice-i-komandanta-kfor-a\/","og_site_name":"Predsednik Republike Kosovo - DR. VJOSA OSMANI - SADRIU","article_published_time":"2013-03-02T22:00:57+00:00","article_modified_time":"2023-03-08T09:04:16+00:00","og_image":[{"width":1000,"height":591,"url":"https:\/\/president-ksgov.net\/wp-content\/uploads\/02_03_13_86516_IMG_4661.jpg","type":"image\/jpeg"}],"author":"admin","twitter_card":"summary_large_image","twitter_misc":{"\u041d\u0430\u043f\u0438\u0441\u0430\u043d\u043e \u043e\u0434":"admin","\u041f\u0440\u043e\u0446\u0435\u045a\u0435\u043d\u043e \u0432\u0440\u0435\u043c\u0435 \u0447\u0438\u0442\u0430\u045a\u0430":"2 \u043c\u0438\u043d\u0443\u0442\u0430"},"schema":{"@context":"https:\/\/schema.org","@graph":[{"@type":"WebPage","@id":"https:\/\/president-ksgov.net\/sr\/govor-predsednice-atifete-jahjaga-na-dobrotvornom-koncertu-organizovanog-pod-pokroviteljstvom-predsednice-i-komandanta-kfor-a\/","url":"https:\/\/president-ksgov.net\/sr\/govor-predsednice-atifete-jahjaga-na-dobrotvornom-koncertu-organizovanog-pod-pokroviteljstvom-predsednice-i-komandanta-kfor-a\/","name":"Govor Predsednice Atifete Jahjaga na dobrotvornom koncertu organizovanog pod pokroviteljstvom Predsednice i Komandanta KFOR-a - Predsednik Republike Kosovo - DR. VJOSA OSMANI - SADRIU","isPartOf":{"@id":"https:\/\/president-ksgov.net\/#website"},"primaryImageOfPage":{"@id":"https:\/\/president-ksgov.net\/sr\/govor-predsednice-atifete-jahjaga-na-dobrotvornom-koncertu-organizovanog-pod-pokroviteljstvom-predsednice-i-komandanta-kfor-a\/#primaryimage"},"image":{"@id":"https:\/\/president-ksgov.net\/sr\/govor-predsednice-atifete-jahjaga-na-dobrotvornom-koncertu-organizovanog-pod-pokroviteljstvom-predsednice-i-komandanta-kfor-a\/#primaryimage"},"thumbnailUrl":"https:\/\/president-ksgov.net\/wp-content\/uploads\/02_03_13_86516_IMG_4661.jpg","datePublished":"2013-03-02T22:00:57+00:00","dateModified":"2023-03-08T09:04:16+00:00","author":{"@id":"https:\/\/president-ksgov.net\/#\/schema\/person\/bb4337a5fb147cb2046d80548172cbee"},"description":"Govor Predsednice Atifete Jahjaga na dobrotvornom koncertu organizovanog pod pokroviteljstvom Predsednice i Komandanta KFOR-a - Predsednik Republike Kosovo - DR. VJOSA OSMANI - SADRIU -","breadcrumb":{"@id":"https:\/\/president-ksgov.net\/sr\/govor-predsednice-atifete-jahjaga-na-dobrotvornom-koncertu-organizovanog-pod-pokroviteljstvom-predsednice-i-komandanta-kfor-a\/#breadcrumb"},"inLanguage":"sr-RS","potentialAction":[{"@type":"ReadAction","target":["https:\/\/president-ksgov.net\/sr\/govor-predsednice-atifete-jahjaga-na-dobrotvornom-koncertu-organizovanog-pod-pokroviteljstvom-predsednice-i-komandanta-kfor-a\/"]}]},{"@type":"ImageObject","inLanguage":"sr-RS","@id":"https:\/\/president-ksgov.net\/sr\/govor-predsednice-atifete-jahjaga-na-dobrotvornom-koncertu-organizovanog-pod-pokroviteljstvom-predsednice-i-komandanta-kfor-a\/#primaryimage","url":"https:\/\/president-ksgov.net\/wp-content\/uploads\/02_03_13_86516_IMG_4661.jpg","contentUrl":"https:\/\/president-ksgov.net\/wp-content\/uploads\/02_03_13_86516_IMG_4661.jpg","width":1000,"height":591},{"@type":"BreadcrumbList","@id":"https:\/\/president-ksgov.net\/sr\/govor-predsednice-atifete-jahjaga-na-dobrotvornom-koncertu-organizovanog-pod-pokroviteljstvom-predsednice-i-komandanta-kfor-a\/#breadcrumb","itemListElement":[{"@type":"ListItem","position":1,"name":"Home","item":"https:\/\/president-ksgov.net\/sr\/"},{"@type":"ListItem","position":2,"name":"Govor Predsednice Atifete Jahjaga na dobrotvornom koncertu organizovanog pod pokroviteljstvom Predsednice i Komandanta KFOR-a"}]},{"@type":"WebSite","@id":"https:\/\/president-ksgov.net\/#website","url":"https:\/\/president-ksgov.net\/","name":"Presidente e Republik\u00ebs s\u00eb Kosov\u00ebs","description":"Presidente e Republik\u00ebs s\u00eb Kosov\u00ebs","alternateName":"DR. VJOSA OSMANI - SADRIU","potentialAction":[{"@type":"SearchAction","target":{"@type":"EntryPoint","urlTemplate":"https:\/\/president-ksgov.net\/?s={search_term_string}"},"query-input":{"@type":"PropertyValueSpecification","valueRequired":true,"valueName":"search_term_string"}}],"inLanguage":"sr-RS"},{"@type":"Person","@id":"https:\/\/president-ksgov.net\/#\/schema\/person\/bb4337a5fb147cb2046d80548172cbee","name":"admin","image":{"@type":"ImageObject","inLanguage":"sr-RS","@id":"https:\/\/president-ksgov.net\/#\/schema\/person\/image\/","url":"https:\/\/secure.gravatar.com\/avatar\/36156ca0fa3b8d9d25174f146e16beea0cf28f37adf1b9e19b6c9c279a7c9dd3?s=96&d=mm&r=g","contentUrl":"https:\/\/secure.gravatar.com\/avatar\/36156ca0fa3b8d9d25174f146e16beea0cf28f37adf1b9e19b6c9c279a7c9dd3?s=96&d=mm&r=g","caption":"admin"},"sameAs":["https:\/\/president-ksgov.net"]}]}},"_links":{"self":[{"href":"https:\/\/president-ksgov.net\/sr\/wp-json\/wp\/v2\/posts\/78514","targetHints":{"allow":["GET"]}}],"collection":[{"href":"https:\/\/president-ksgov.net\/sr\/wp-json\/wp\/v2\/posts"}],"about":[{"href":"https:\/\/president-ksgov.net\/sr\/wp-json\/wp\/v2\/types\/post"}],"author":[{"embeddable":true,"href":"https:\/\/president-ksgov.net\/sr\/wp-json\/wp\/v2\/users\/1"}],"replies":[{"embeddable":true,"href":"https:\/\/president-ksgov.net\/sr\/wp-json\/wp\/v2\/comments?post=78514"}],"version-history":[{"count":1,"href":"https:\/\/president-ksgov.net\/sr\/wp-json\/wp\/v2\/posts\/78514\/revisions"}],"predecessor-version":[{"id":81754,"href":"https:\/\/president-ksgov.net\/sr\/wp-json\/wp\/v2\/posts\/78514\/revisions\/81754"}],"wp:featuredmedia":[{"embeddable":true,"href":"https:\/\/president-ksgov.net\/sr\/wp-json\/wp\/v2\/media\/52023"}],"wp:attachment":[{"href":"https:\/\/president-ksgov.net\/sr\/wp-json\/wp\/v2\/media?parent=78514"}],"wp:term":[{"taxonomy":"category","embeddable":true,"href":"https:\/\/president-ksgov.net\/sr\/wp-json\/wp\/v2\/categories?post=78514"},{"taxonomy":"post_tag","embeddable":true,"href":"https:\/\/president-ksgov.net\/sr\/wp-json\/wp\/v2\/tags?post=78514"}],"curies":[{"name":"wp","href":"https:\/\/api.w.org\/{rel}","templated":true}]}}