{"id":78512,"date":"2013-03-06T09:54:15","date_gmt":"2013-03-06T09:54:15","guid":{"rendered":"https:\/\/dev.president-ksgov.net\/predsednica-kosova-docekala-na-sastanak-premijera-thaci\/"},"modified":"2013-03-06T09:54:15","modified_gmt":"2013-03-06T09:54:15","slug":"predsednica-kosova-docekala-na-sastanak-premijera-thaci","status":"publish","type":"post","link":"https:\/\/president-ksgov.net\/sr\/predsednica-kosova-docekala-na-sastanak-premijera-thaci\/","title":{"rendered":"Predsednica Kosova  do\u010dekala na sastanak Premijera Tha\u010di"},"content":{"rendered":"<p>Predsednica Republike Kosovo, gospo\u0111a Atifete Jahjaga danas je do\u010dekala na sastanak Premijera Republike Kosovo, gospodina Tha\u010di, koji je informirao o toku sastanka koji je odr&#382;an u Brisel u okviru dijaloga za normalizaciju odnosa izme\u0111u Republike Kosovo i Republike Srbije, dve susedne suverene i nezavisne dr&#382;ave.<\/p>\n<p>Premijer je naglasio da dijalog kojim upravlja Evropska Zajednica i kojeg sna&#382;no podr&#382;avaju Sjedinjene Ameri\u010dke Dr&#382;ave dao je prakti\u010dne rezultate u postizanju niza sporazuma koji olak&#353;aju &#382;ivot i rad gra\u0111ana dveju zemalja i koji doprinose miru i stabilnosti u regionu i &#353;ire.<\/p>\n<p>Premijer Tha\u010di re\u010de da pregovori za ukidanje svih paralelnih i ilegalnih struktura, koje je do sada finansirala i organizovala dr&#382;ava Srbija u nekim op&#353;tinama Republike Kosovo i da to doprinosi uspostavljanju ingerencija vladanja reda i zakona i sprovo\u0111enja ustavnosti i zakonitosti u celoj teritoriji Republike Kosovo, i stvaranju uslova da se, u \u010detiri op&#353;tine na severu zemlje, organizuju izbori za delegate op&#353;tina i za predsednika op&#353;tina i da gra\u0111ani ovim slobodnim i pravednim procesom sti\u010du mogu\u0107nost izbora legalnih i legitimnih predstavnika vlasti.<\/p>\n<p>Premijer Tha\u010di re\u010de da Asocijacija op&#353;tina sa srpskom ve\u0107inom \u0107e se stvarati u celoj teritoriji Republike Kosovo kao ustavno i zakonsko pravo kao i jedna obaveza koja proizilazi iz Paketa Marti Ahtisarija i da je u funkciji koordinacije i bolje saradnje izme\u0111u op&#353;tina radi ostvarivanja zajedni\u010dkih interesa u funkciji boljih usluga za sve gra\u0111ane. On re\u010de da u budu\u0107em sastanku u Brisel 20. marta, obe strane \u0107e se dogovoriti o konkretnim rokovima sprovo\u0111enja ovih sporazuma.<\/p>\n<p>Predsednica Jahjaga je dala punu podr&#353;ku celom procesu dijaloga kao jedinom putu za re&#353;avanje svih pitanja i koji doprinosi stabilnosti i saradnji izme\u0111u ljudi, naroda i zemalja. Predsednica je istakla da \u0107e sva re&#353;enja biti u potpunoj saglasnosti izme\u0111u strana i da su ustavna i zakonska re&#353;enja u skladu sa najboljim evropskim primerima\u00a0 i evropskom praksom. Iz ovog procesa imaju koristi sve strane i re&#353;enja \u0107e biti ustrajna i dugoro\u010dna koje poma&#382;u na na&#353;em putu u pravcu evropsko-atlantskih integracija.<\/p>\n","protected":false},"excerpt":{"rendered":"<p>Predsednica Republike Kosovo, gospo\u0111a Atifete Jahjaga danas je do\u010dekala na sastanak Premijera Republike Kosovo, gospodina Tha\u010di, koji je informirao o toku sastanka koji je odr&#382;an u Brisel u okviru dijaloga za normalizaciju odnosa izme\u0111u Republike Kosovo i Republike Srbije, dve susedne suverene i nezavisne dr&#382;ave.<\/p>\n","protected":false},"author":1,"featured_media":51988,"comment_status":"open","ping_status":"closed","sticky":false,"template":"","format":"standard","meta":{"_eb_attr":"","footnotes":""},"categories":[101],"tags":[],"class_list":["post-78512","post","type-post","status-publish","format-standard","has-post-thumbnail","hentry","category-vesti"],"yoast_head":"<!-- This site is optimized with the Yoast SEO plugin v23.5 - https:\/\/yoast.com\/wordpress\/plugins\/seo\/ -->\n<title>Predsednica Kosova do\u010dekala na sastanak Premijera Tha\u010di - Predsednik Republike Kosovo - DR. VJOSA OSMANI - SADRIU<\/title>\n<meta name=\"description\" content=\"Predsednica Kosova do\u010dekala na sastanak Premijera Tha\u010di - Predsednik Republike Kosovo - DR. VJOSA OSMANI - SADRIU -\" \/>\n<meta name=\"robots\" content=\"index, follow, max-snippet:-1, max-image-preview:large, max-video-preview:-1\" \/>\n<link rel=\"canonical\" href=\"https:\/\/president-ksgov.net\/presidentja-e-kosoves-priti-ne-takim-kryeministrin-thaci\/\" \/>\n<meta property=\"og:locale\" content=\"sr_RS\" \/>\n<meta property=\"og:type\" content=\"article\" \/>\n<meta property=\"og:title\" content=\"Predsednica Kosova do\u010dekala na sastanak Premijera Tha\u010di - Predsednik Republike Kosovo - DR. VJOSA OSMANI - SADRIU\" \/>\n<meta property=\"og:description\" content=\"Predsednica Kosova do\u010dekala na sastanak Premijera Tha\u010di - Predsednik Republike Kosovo - DR. VJOSA OSMANI - SADRIU -\" \/>\n<meta property=\"og:url\" content=\"https:\/\/president-ksgov.net\/presidentja-e-kosoves-priti-ne-takim-kryeministrin-thaci\/\" \/>\n<meta property=\"og:site_name\" content=\"Predsednik Republike Kosovo - DR. VJOSA OSMANI - SADRIU\" \/>\n<meta property=\"article:published_time\" content=\"2013-03-06T09:54:15+00:00\" \/>\n<meta property=\"og:image\" content=\"https:\/\/president-ksgov.net\/wp-content\/uploads\/IMG_5898.jpg\" \/>\n\t<meta property=\"og:image:width\" content=\"1000\" \/>\n\t<meta property=\"og:image:height\" content=\"685\" \/>\n\t<meta property=\"og:image:type\" content=\"image\/jpeg\" \/>\n<meta name=\"author\" content=\"admin\" \/>\n<meta name=\"twitter:card\" content=\"summary_large_image\" \/>\n<meta name=\"twitter:label1\" content=\"\u041d\u0430\u043f\u0438\u0441\u0430\u043d\u043e \u043e\u0434\" \/>\n\t<meta name=\"twitter:data1\" content=\"admin\" \/>\n\t<meta name=\"twitter:label2\" content=\"\u041f\u0440\u043e\u0446\u0435\u045a\u0435\u043d\u043e \u0432\u0440\u0435\u043c\u0435 \u0447\u0438\u0442\u0430\u045a\u0430\" \/>\n\t<meta name=\"twitter:data2\" content=\"2 \u043c\u0438\u043d\u0443\u0442\u0430\" \/>\n<script type=\"application\/ld+json\" class=\"yoast-schema-graph\">{\"@context\":\"https:\/\/schema.org\",\"@graph\":[{\"@type\":\"WebPage\",\"@id\":\"https:\/\/president-ksgov.net\/presidentja-e-kosoves-priti-ne-takim-kryeministrin-thaci\/\",\"url\":\"https:\/\/president-ksgov.net\/presidentja-e-kosoves-priti-ne-takim-kryeministrin-thaci\/\",\"name\":\"Predsednica Kosova do\u010dekala na sastanak Premijera Tha\u010di - Predsednik Republike Kosovo - DR. VJOSA OSMANI - SADRIU\",\"isPartOf\":{\"@id\":\"https:\/\/president-ksgov.net\/#website\"},\"primaryImageOfPage\":{\"@id\":\"https:\/\/president-ksgov.net\/presidentja-e-kosoves-priti-ne-takim-kryeministrin-thaci\/#primaryimage\"},\"image\":{\"@id\":\"https:\/\/president-ksgov.net\/presidentja-e-kosoves-priti-ne-takim-kryeministrin-thaci\/#primaryimage\"},\"thumbnailUrl\":\"https:\/\/president-ksgov.net\/wp-content\/uploads\/IMG_5898.jpg\",\"datePublished\":\"2013-03-06T09:54:15+00:00\",\"dateModified\":\"2013-03-06T09:54:15+00:00\",\"author\":{\"@id\":\"https:\/\/president-ksgov.net\/#\/schema\/person\/bb4337a5fb147cb2046d80548172cbee\"},\"description\":\"Predsednica Kosova do\u010dekala na sastanak Premijera Tha\u010di - Predsednik Republike Kosovo - DR. VJOSA OSMANI - SADRIU -\",\"breadcrumb\":{\"@id\":\"https:\/\/president-ksgov.net\/presidentja-e-kosoves-priti-ne-takim-kryeministrin-thaci\/#breadcrumb\"},\"inLanguage\":\"sr-RS\",\"potentialAction\":[{\"@type\":\"ReadAction\",\"target\":[\"https:\/\/president-ksgov.net\/presidentja-e-kosoves-priti-ne-takim-kryeministrin-thaci\/\"]}]},{\"@type\":\"ImageObject\",\"inLanguage\":\"sr-RS\",\"@id\":\"https:\/\/president-ksgov.net\/presidentja-e-kosoves-priti-ne-takim-kryeministrin-thaci\/#primaryimage\",\"url\":\"https:\/\/president-ksgov.net\/wp-content\/uploads\/IMG_5898.jpg\",\"contentUrl\":\"https:\/\/president-ksgov.net\/wp-content\/uploads\/IMG_5898.jpg\",\"width\":1000,\"height\":685},{\"@type\":\"BreadcrumbList\",\"@id\":\"https:\/\/president-ksgov.net\/presidentja-e-kosoves-priti-ne-takim-kryeministrin-thaci\/#breadcrumb\",\"itemListElement\":[{\"@type\":\"ListItem\",\"position\":1,\"name\":\"Home\",\"item\":\"https:\/\/president-ksgov.net\/sr\/\"},{\"@type\":\"ListItem\",\"position\":2,\"name\":\"Predsednica Kosova do\u010dekala na sastanak Premijera Tha\u010di\"}]},{\"@type\":\"WebSite\",\"@id\":\"https:\/\/president-ksgov.net\/#website\",\"url\":\"https:\/\/president-ksgov.net\/\",\"name\":\"Presidente e Republik\u00ebs s\u00eb Kosov\u00ebs\",\"description\":\"Presidente e Republik\u00ebs s\u00eb Kosov\u00ebs\",\"alternateName\":\"DR. VJOSA OSMANI - SADRIU\",\"potentialAction\":[{\"@type\":\"SearchAction\",\"target\":{\"@type\":\"EntryPoint\",\"urlTemplate\":\"https:\/\/president-ksgov.net\/?s={search_term_string}\"},\"query-input\":{\"@type\":\"PropertyValueSpecification\",\"valueRequired\":true,\"valueName\":\"search_term_string\"}}],\"inLanguage\":\"sr-RS\"},{\"@type\":\"Person\",\"@id\":\"https:\/\/president-ksgov.net\/#\/schema\/person\/bb4337a5fb147cb2046d80548172cbee\",\"name\":\"admin\",\"image\":{\"@type\":\"ImageObject\",\"inLanguage\":\"sr-RS\",\"@id\":\"https:\/\/president-ksgov.net\/#\/schema\/person\/image\/\",\"url\":\"https:\/\/secure.gravatar.com\/avatar\/36156ca0fa3b8d9d25174f146e16beea0cf28f37adf1b9e19b6c9c279a7c9dd3?s=96&d=mm&r=g\",\"contentUrl\":\"https:\/\/secure.gravatar.com\/avatar\/36156ca0fa3b8d9d25174f146e16beea0cf28f37adf1b9e19b6c9c279a7c9dd3?s=96&d=mm&r=g\",\"caption\":\"admin\"},\"sameAs\":[\"https:\/\/president-ksgov.net\"]}]}<\/script>\n<!-- \/ Yoast SEO plugin. -->","yoast_head_json":{"title":"Predsednica Kosova do\u010dekala na sastanak Premijera Tha\u010di - Predsednik Republike Kosovo - DR. VJOSA OSMANI - SADRIU","description":"Predsednica Kosova do\u010dekala na sastanak Premijera Tha\u010di - Predsednik Republike Kosovo - DR. VJOSA OSMANI - SADRIU -","robots":{"index":"index","follow":"follow","max-snippet":"max-snippet:-1","max-image-preview":"max-image-preview:large","max-video-preview":"max-video-preview:-1"},"canonical":"https:\/\/president-ksgov.net\/presidentja-e-kosoves-priti-ne-takim-kryeministrin-thaci\/","og_locale":"sr_RS","og_type":"article","og_title":"Predsednica Kosova do\u010dekala na sastanak Premijera Tha\u010di - Predsednik Republike Kosovo - DR. VJOSA OSMANI - SADRIU","og_description":"Predsednica Kosova do\u010dekala na sastanak Premijera Tha\u010di - Predsednik Republike Kosovo - DR. VJOSA OSMANI - SADRIU -","og_url":"https:\/\/president-ksgov.net\/presidentja-e-kosoves-priti-ne-takim-kryeministrin-thaci\/","og_site_name":"Predsednik Republike Kosovo - DR. VJOSA OSMANI - SADRIU","article_published_time":"2013-03-06T09:54:15+00:00","og_image":[{"width":1000,"height":685,"url":"https:\/\/president-ksgov.net\/wp-content\/uploads\/IMG_5898.jpg","type":"image\/jpeg"}],"author":"admin","twitter_card":"summary_large_image","twitter_misc":{"\u041d\u0430\u043f\u0438\u0441\u0430\u043d\u043e \u043e\u0434":"admin","\u041f\u0440\u043e\u0446\u0435\u045a\u0435\u043d\u043e \u0432\u0440\u0435\u043c\u0435 \u0447\u0438\u0442\u0430\u045a\u0430":"2 \u043c\u0438\u043d\u0443\u0442\u0430"},"schema":{"@context":"https:\/\/schema.org","@graph":[{"@type":"WebPage","@id":"https:\/\/president-ksgov.net\/presidentja-e-kosoves-priti-ne-takim-kryeministrin-thaci\/","url":"https:\/\/president-ksgov.net\/presidentja-e-kosoves-priti-ne-takim-kryeministrin-thaci\/","name":"Predsednica Kosova do\u010dekala na sastanak Premijera Tha\u010di - Predsednik Republike Kosovo - DR. VJOSA OSMANI - SADRIU","isPartOf":{"@id":"https:\/\/president-ksgov.net\/#website"},"primaryImageOfPage":{"@id":"https:\/\/president-ksgov.net\/presidentja-e-kosoves-priti-ne-takim-kryeministrin-thaci\/#primaryimage"},"image":{"@id":"https:\/\/president-ksgov.net\/presidentja-e-kosoves-priti-ne-takim-kryeministrin-thaci\/#primaryimage"},"thumbnailUrl":"https:\/\/president-ksgov.net\/wp-content\/uploads\/IMG_5898.jpg","datePublished":"2013-03-06T09:54:15+00:00","dateModified":"2013-03-06T09:54:15+00:00","author":{"@id":"https:\/\/president-ksgov.net\/#\/schema\/person\/bb4337a5fb147cb2046d80548172cbee"},"description":"Predsednica Kosova do\u010dekala na sastanak Premijera Tha\u010di - Predsednik Republike Kosovo - DR. VJOSA OSMANI - SADRIU -","breadcrumb":{"@id":"https:\/\/president-ksgov.net\/presidentja-e-kosoves-priti-ne-takim-kryeministrin-thaci\/#breadcrumb"},"inLanguage":"sr-RS","potentialAction":[{"@type":"ReadAction","target":["https:\/\/president-ksgov.net\/presidentja-e-kosoves-priti-ne-takim-kryeministrin-thaci\/"]}]},{"@type":"ImageObject","inLanguage":"sr-RS","@id":"https:\/\/president-ksgov.net\/presidentja-e-kosoves-priti-ne-takim-kryeministrin-thaci\/#primaryimage","url":"https:\/\/president-ksgov.net\/wp-content\/uploads\/IMG_5898.jpg","contentUrl":"https:\/\/president-ksgov.net\/wp-content\/uploads\/IMG_5898.jpg","width":1000,"height":685},{"@type":"BreadcrumbList","@id":"https:\/\/president-ksgov.net\/presidentja-e-kosoves-priti-ne-takim-kryeministrin-thaci\/#breadcrumb","itemListElement":[{"@type":"ListItem","position":1,"name":"Home","item":"https:\/\/president-ksgov.net\/sr\/"},{"@type":"ListItem","position":2,"name":"Predsednica Kosova do\u010dekala na sastanak Premijera Tha\u010di"}]},{"@type":"WebSite","@id":"https:\/\/president-ksgov.net\/#website","url":"https:\/\/president-ksgov.net\/","name":"Presidente e Republik\u00ebs s\u00eb Kosov\u00ebs","description":"Presidente e Republik\u00ebs s\u00eb Kosov\u00ebs","alternateName":"DR. VJOSA OSMANI - SADRIU","potentialAction":[{"@type":"SearchAction","target":{"@type":"EntryPoint","urlTemplate":"https:\/\/president-ksgov.net\/?s={search_term_string}"},"query-input":{"@type":"PropertyValueSpecification","valueRequired":true,"valueName":"search_term_string"}}],"inLanguage":"sr-RS"},{"@type":"Person","@id":"https:\/\/president-ksgov.net\/#\/schema\/person\/bb4337a5fb147cb2046d80548172cbee","name":"admin","image":{"@type":"ImageObject","inLanguage":"sr-RS","@id":"https:\/\/president-ksgov.net\/#\/schema\/person\/image\/","url":"https:\/\/secure.gravatar.com\/avatar\/36156ca0fa3b8d9d25174f146e16beea0cf28f37adf1b9e19b6c9c279a7c9dd3?s=96&d=mm&r=g","contentUrl":"https:\/\/secure.gravatar.com\/avatar\/36156ca0fa3b8d9d25174f146e16beea0cf28f37adf1b9e19b6c9c279a7c9dd3?s=96&d=mm&r=g","caption":"admin"},"sameAs":["https:\/\/president-ksgov.net"]}]}},"_links":{"self":[{"href":"https:\/\/president-ksgov.net\/sr\/wp-json\/wp\/v2\/posts\/78512","targetHints":{"allow":["GET"]}}],"collection":[{"href":"https:\/\/president-ksgov.net\/sr\/wp-json\/wp\/v2\/posts"}],"about":[{"href":"https:\/\/president-ksgov.net\/sr\/wp-json\/wp\/v2\/types\/post"}],"author":[{"embeddable":true,"href":"https:\/\/president-ksgov.net\/sr\/wp-json\/wp\/v2\/users\/1"}],"replies":[{"embeddable":true,"href":"https:\/\/president-ksgov.net\/sr\/wp-json\/wp\/v2\/comments?post=78512"}],"version-history":[{"count":0,"href":"https:\/\/president-ksgov.net\/sr\/wp-json\/wp\/v2\/posts\/78512\/revisions"}],"wp:featuredmedia":[{"embeddable":true,"href":"https:\/\/president-ksgov.net\/sr\/wp-json\/wp\/v2\/media\/51988"}],"wp:attachment":[{"href":"https:\/\/president-ksgov.net\/sr\/wp-json\/wp\/v2\/media?parent=78512"}],"wp:term":[{"taxonomy":"category","embeddable":true,"href":"https:\/\/president-ksgov.net\/sr\/wp-json\/wp\/v2\/categories?post=78512"},{"taxonomy":"post_tag","embeddable":true,"href":"https:\/\/president-ksgov.net\/sr\/wp-json\/wp\/v2\/tags?post=78512"}],"curies":[{"name":"wp","href":"https:\/\/api.w.org\/{rel}","templated":true}]}}