{"id":78493,"date":"2013-03-19T13:16:44","date_gmt":"2013-03-19T13:16:44","guid":{"rendered":"https:\/\/dev.president-ksgov.net\/govor-predsednice-republike-kosovo-gospodje-atifete-jahjaga-na-cetvrtom-sastanku-nacionalnog-veca-za-evropske-integracije\/"},"modified":"2023-03-08T09:04:16","modified_gmt":"2023-03-08T09:04:16","slug":"govor-predsednice-republike-kosovo-gospodje-atifete-jahjaga-na-cetvrtom-sastanku-nacionalnog-veca-za-evropske-integracije","status":"publish","type":"post","link":"https:\/\/president-ksgov.net\/sr\/govor-predsednice-republike-kosovo-gospodje-atifete-jahjaga-na-cetvrtom-sastanku-nacionalnog-veca-za-evropske-integracije\/","title":{"rendered":"Govor Predsednice Republike Kosovo, gospo\u0111e Atifete Jahjaga, na \u010detvrtom sastanku Nacionalnog Ve\u0107a za Evropske Integracije"},"content":{"rendered":"<p>Predsednica Republike Kosovo, gospo\u0111a Atifete Jahjaga danas se sastala sa evropskim Komisionerom za pro&#353;irenje, g. Stefan Fuele, sa kojim je razgovarala o zbivanjima na Kosovu i  njenoj evropskoj agendi.<br \/>\nGospodin Fuele je tako\u0111e prisustvovao \u010detvrtom sastanku Nacionalnog Ve\u0107a za Evropske Integracije, predvo\u0111enog od Predsednice Jahjaga.<\/p>\n<p>U nastavku sledi govor Predsednice Jahjaga na ovom sastanku.<\/p>\n<p>Po&#353;tovani Predsednice Skup&#353;tine Republike Kosovo,<br \/>\nPo&#353;tovani zamenik Premijera Kosovo,<br \/>\nPo&#353;tovani ministri, zamenici ministara,<br \/>\nPo&#353;tovani g. Fyle,<br \/>\nPo&#353;tovani predsednice Demokratskog Saveza Kosova<br \/>\nPo&#353;tovani predsednice Alijanse za Buducnost Kosova,<br \/>\nPo&#353;tovani clanovi Nacionalnog Veca za Evropske Integracije<br \/>\nPo&#353;tovani predstavnici medija<br \/>\nPo&#353;tovani gradani Republike Kosovo,<br \/>\n\u00a0<br \/>\nRepublika Kosovo je ispunila kratkorocne kriterije koji proizilaze iz Studije Fizibiliteta Evropske Komisije. Mi smo se kretali napred u pravcu otvaranja pregovora za Sporazum o Stabilizaciji, Udru&#382;ivanju i uspostavljanju kontraktualnih odnosa izmedu Kosova i Evropske Zajednice.<\/p>\n<p>Ovaj Sporazum ce omoguciti daljnju konsolidaciju evropske agende zemlje i ubrzati ce op&#353;ti proces reformi u svim sektorima dru&#353;tva. Ubedena sam da sa na&#353;im zajednickim radom cemo imati jednu pozitivnu ocenu Evropske Zajednice za pocetak pregovora za Sporazum o Stabilizaciji i Udru&#382;ivanju u junu. <\/p>\n<p>Sa radom Nacionalnog Veca za Evropske Integracije mi koordiniramo medu institucionalna anga&#382;ovanja. Sastavljanje jedne nacionalne strategije za evropsku integraciju jeste neophodno i ovaj posao trebamo obaviti zakljucno sa mesecom juni. Ova strategija ce nam pomoci pri utvrdivanju prioriteta, obaveza i konkretnih odgovornosti svakoga i poslu&#382;iti ce kao merilo rezultata.<\/p>\n<p>Kosovo kao i cela regija Zapadnog Balkana ima jasnu evropsku perspektivu. Sve zemlje regije imaju svoj put u pravcu clanstva, individualni put, ali uslovljen od uzajamne saradnje medu njima. Regija Balkana gradi jednu novu viziju za svoju buducnost, putem izgradnje dobrosusedskih odnosa koji otvaraju vrata integracije u evropsku porodicu. <\/p>\n<p>Uzajamna pomoc izmedu svih suverenih i nezavisnih zemalja regije u razvoju bilateralnih i multi lateralnih odnosa u ovom procesu jeste neophodno i ono treba da bude svestrana, potpuna i iskrena.<\/p>\n<p>Evropska integracija Kosova nema alternativu. Evropska orjentacija koja sve nas spaja, sve gradane bez razlike na nacionalnu, versku i politicku pripadnost. Integracija u EZ-e smatramo da je na&#353;a zajednicka buducnost. Ovaj put zahteva vece na&#353;e anga&#382;ovanje za dublji i ubrzani proces sprovodenja unutra&#353;njih reformi. Institucije i celo dru&#353;tvo imamo odgovornost za realizaciju ovog cilja unapredenja evropske agende. <\/p>\n<p>Reforme koje trebamo ciniti su ne samo radi evropske integracije, nego za na&#353;e blagostanje &#8211; za na&#353;eg gradanina i za buducnost novih generacija.<\/p>\n<p>Mi, Republika Kosovo, smo jedina zemlja Balkana, koja jo&#353; nije ostvarila nacelo slobode kretanja na&#353;ih gradana u EZ-e. Povrh velikog prisustva medunarodnih misija na Kosovu, jo&#353; od kraja rata pa do danas, mi nismo uspeli ispuniti kriterije da imamo liberalizaciju viza. Ovo ka&#353;njenje cini Kosovo izoliranu, osporavajuci joj mogucnosti koje ostali gradani regije u&#382;ivaju. Institucije Kosova i Evropska Komisija vec su u toku procesa sastavljanja jednog detaljnog plana delovanja za liberalizaciju viza. Mi imamo jo&#353; poslova da uradimo &#8211; narocito u vladanju reda i zakona, bezbednosti dokumenata, upravljanja kontrolom granice, migracije, i fundamentalnih prava. Posveceni smo da ispunimo sve preostale kriterije koji se od nas tra&#382;e pre kraja godine.<\/p>\n<p>U svemu ovome, mi racunamo na stalnu pomoc Evropske Zajednice i njene misije na Kosovu, EULEX-a.<\/p>\n<p>Po&#353;tovani ucesnici.<\/p>\n<p>Na&#353;e posvecenje na putu evropske integracije treba da se pretvara na konkretno delovanje koje ce omoguciti, s pocetka zavr&#353;avanje na&#353;ih unutra&#353;njih reformi i konacno izgradnju moderne i demokratske dr&#382;ave prema evropskim normativima i standardima.<\/p>\n<p>Na&#353;a unutra&#353;nja stabilnost, demokratsko funkcioniranje, vladanje reda i zakona u celoj teritoriji republike Kosovo, te unapredenje garantovanih ustavnih prava i sloboda za svakog gradana Kosova bez razlike, jeste na&#353;e stalno anga&#382;ovanje. <\/p>\n<p>Nema kratkog puta za clanstvo u Evropsku Zajednicu i nismo zainteresovani za ne&#353;to tako. Mi smo zainteresovani da ispunimo sve uslove i standarde jer samo tako mo&#382;emo stvoriti jednu ustrajnu dr&#382;avu i jedno demokratsko dru&#353;tvo.<\/p>\n<p>Ponavljam na&#353;u odlucnost za jacanje pravne dr&#382;ave.<\/p>\n<p>Ponovo nagla&#353;avam na&#353;e sna&#382;no posvecenje za pretvaranje borbe protiv korupcije i organizovanog kriminala u jedno od najva&#382;nijih anga&#382;ovanja dru&#353;tva. Da nemamo dilema &#8211; biti cemo beskompromisni u ovoj borbi!<\/p>\n<p>Mi trebamo nastaviti adresirati sve potrebne reforme koje ce omoguciti ubrzani integracioni proces, obuhvatajuci reformu javne administracije. Nastavicemo pribli&#382;iti na&#353;e zakonodavstvo sa aquis communitare.\u00a0 Mi cemo se anga&#382;ovati i praticemo sprovodenje svakog zakona, jer dok smo zadovoljni sa politikom\u00a0 usvajanja zakona, nezadovoljni smo sa efektivnim sprovodenjem ovih zakona u praksi.<\/p>\n<p>Republika Kosovo je dr&#382;ava reda i zakona sa odvojenim organima vlasti: organ zakonodavstva, izvr&#353;ni organi i sudstvo. Nezavisnost sudstva jeste osnova demokratske dr&#382;ave koju stvaramo i ono je garant njene funkcionalnosti. Diskusija u Skup&#353;tini Republike Kosovo o jednom sudskom slucaju se smatra uplitanje u samostalnost rada sudstva<br \/>\nPo&#353;tovani ucesnici,<\/p>\n<p>Dokazali smo da smo primerni u regionalnoj saradnji, promoteri dobrosusedstva i faktor mira i stabilnosti.<\/p>\n<p>Nalazimo se u jednoj va&#382;noj fazi dijaloga sa Republikom Srbijom, predvodene od Evropske Zajednice i sna&#382;no podr&#382;ane od Sjedinjenih Americkih Dr&#382;ava.<\/p>\n<p>Mi cemo nastaviti odigrati ovu konstruktivnu ulogu. Ubedeni smo da dijalog je jednini nacin za normalizaciju odnosa izmedu dve na&#353;e dr&#382;ave, u interesu na&#353;ih gradana, izgradnje saradnje, mira i stabilnosti u region.<\/p>\n<p>Mi smo posveceni da u ovom dijalogu nademo prihvatljivo re&#353;enje, za zemlje i narode, za sve gradane, re&#353;enja u skladu sa najvi&#353;im evropskim normama i standardima. Ustrajna i dobrovoljna re&#353;enja koja ce se uspe&#353;no sprovesti.<\/p>\n<p>Zahvaljujem komisionera Fule za njegovo uce&#353;ce na&#353;em dana&#353;njem sastanku Veca, i za stalnu podr&#353;ku politici pro&#353;irenja i evropske perspektive Kosova i zemalja regije. Politika pro&#353;irenje i proces unutra&#353;njih reformi su delovi istog procesa, va&#382;nog procesa za zemlje regije i za projekat jedne ujedinjene Evrope, u miru.<\/p>\n<p>Po&#353;tovani clanovi Nacionalnog Veca za Evropske Integracije,<\/p>\n<p>&#381;elim da putem va&#353;ih diskusija istovremeno ucinimo jedno konkretno ocenjivanje predenog puta i zadataka koji nas ocekuju u buduce.<\/p>\n<p>Hvala Vam!<\/p>\n","protected":false},"excerpt":{"rendered":"<p>Predsednica Republike Kosovo, gospo\u0111a Atifete Jahjaga danas se sastala sa evropskim Komisionerom za pro&#353;irenje, g. Stefan Fuele, sa kojim je razgovarala o zbivanjima na Kosovu i  njenoj evropskoj agendi.<br \/>\nGospodin Fuele je tako\u0111e prisustvovao \u010detvrtom sastanku Nacionalnog Ve\u0107a za Evropske Integracije, predvo\u0111enog od Predsednice Jahjaga.<\/p>\n","protected":false},"author":1,"featured_media":51815,"comment_status":"open","ping_status":"closed","sticky":false,"template":"","format":"standard","meta":{"_eb_attr":"","footnotes":""},"categories":[106],"tags":[],"class_list":["post-78493","post","type-post","status-publish","format-standard","has-post-thumbnail","hentry","category-govori"],"yoast_head":"<!-- This site is optimized with the Yoast SEO plugin v23.5 - https:\/\/yoast.com\/wordpress\/plugins\/seo\/ -->\n<title>Govor Predsednice Republike Kosovo, gospo\u0111e Atifete Jahjaga, na \u010detvrtom sastanku Nacionalnog Ve\u0107a za Evropske Integracije - Predsednik Republike Kosovo - DR. VJOSA OSMANI - SADRIU<\/title>\n<meta name=\"description\" content=\"Govor Predsednice Republike Kosovo, gospo\u0111e Atifete Jahjaga, na \u010detvrtom sastanku Nacionalnog Ve\u0107a za Evropske Integracije - Predsednik Republike Kosovo - DR. VJOSA OSMANI - SADRIU -\" \/>\n<meta name=\"robots\" content=\"index, follow, max-snippet:-1, max-image-preview:large, max-video-preview:-1\" \/>\n<link rel=\"canonical\" href=\"https:\/\/president-ksgov.net\/fjala-e-presidentes-atifete-jahjaga-ne-takimin-e-katert-te-keshillit-kombetar-per-integrim-evropian\/\" \/>\n<meta property=\"og:locale\" content=\"sr_RS\" \/>\n<meta property=\"og:type\" content=\"article\" \/>\n<meta property=\"og:title\" content=\"Govor Predsednice Republike Kosovo, gospo\u0111e Atifete Jahjaga, na \u010detvrtom sastanku Nacionalnog Ve\u0107a za Evropske Integracije - Predsednik Republike Kosovo - DR. VJOSA OSMANI - SADRIU\" \/>\n<meta property=\"og:description\" content=\"Govor Predsednice Republike Kosovo, gospo\u0111e Atifete Jahjaga, na \u010detvrtom sastanku Nacionalnog Ve\u0107a za Evropske Integracije - Predsednik Republike Kosovo - DR. VJOSA OSMANI - SADRIU -\" \/>\n<meta property=\"og:url\" content=\"https:\/\/president-ksgov.net\/fjala-e-presidentes-atifete-jahjaga-ne-takimin-e-katert-te-keshillit-kombetar-per-integrim-evropian\/\" \/>\n<meta property=\"og:site_name\" content=\"Predsednik Republike Kosovo - DR. VJOSA OSMANI - SADRIU\" \/>\n<meta property=\"article:published_time\" content=\"2013-03-19T13:16:44+00:00\" \/>\n<meta property=\"article:modified_time\" content=\"2023-03-08T09:04:16+00:00\" \/>\n<meta property=\"og:image\" content=\"https:\/\/president-ksgov.net\/wp-content\/uploads\/KESHILLI_1.jpg\" \/>\n\t<meta property=\"og:image:width\" content=\"1000\" \/>\n\t<meta property=\"og:image:height\" content=\"544\" \/>\n\t<meta property=\"og:image:type\" content=\"image\/jpeg\" \/>\n<meta name=\"author\" content=\"admin\" \/>\n<meta name=\"twitter:card\" content=\"summary_large_image\" \/>\n<meta name=\"twitter:label1\" content=\"\u041d\u0430\u043f\u0438\u0441\u0430\u043d\u043e \u043e\u0434\" \/>\n\t<meta name=\"twitter:data1\" content=\"admin\" \/>\n\t<meta name=\"twitter:label2\" content=\"\u041f\u0440\u043e\u0446\u0435\u045a\u0435\u043d\u043e \u0432\u0440\u0435\u043c\u0435 \u0447\u0438\u0442\u0430\u045a\u0430\" \/>\n\t<meta name=\"twitter:data2\" content=\"5 \u043c\u0438\u043d\u0443\u0442\u0430\" \/>\n<script type=\"application\/ld+json\" class=\"yoast-schema-graph\">{\"@context\":\"https:\/\/schema.org\",\"@graph\":[{\"@type\":\"WebPage\",\"@id\":\"https:\/\/president-ksgov.net\/fjala-e-presidentes-atifete-jahjaga-ne-takimin-e-katert-te-keshillit-kombetar-per-integrim-evropian\/\",\"url\":\"https:\/\/president-ksgov.net\/fjala-e-presidentes-atifete-jahjaga-ne-takimin-e-katert-te-keshillit-kombetar-per-integrim-evropian\/\",\"name\":\"Govor Predsednice Republike Kosovo, gospo\u0111e Atifete Jahjaga, na \u010detvrtom sastanku Nacionalnog Ve\u0107a za Evropske Integracije - Predsednik Republike Kosovo - DR. VJOSA OSMANI - SADRIU\",\"isPartOf\":{\"@id\":\"https:\/\/president-ksgov.net\/#website\"},\"primaryImageOfPage\":{\"@id\":\"https:\/\/president-ksgov.net\/fjala-e-presidentes-atifete-jahjaga-ne-takimin-e-katert-te-keshillit-kombetar-per-integrim-evropian\/#primaryimage\"},\"image\":{\"@id\":\"https:\/\/president-ksgov.net\/fjala-e-presidentes-atifete-jahjaga-ne-takimin-e-katert-te-keshillit-kombetar-per-integrim-evropian\/#primaryimage\"},\"thumbnailUrl\":\"https:\/\/president-ksgov.net\/wp-content\/uploads\/KESHILLI_1.jpg\",\"datePublished\":\"2013-03-19T13:16:44+00:00\",\"dateModified\":\"2023-03-08T09:04:16+00:00\",\"author\":{\"@id\":\"https:\/\/president-ksgov.net\/#\/schema\/person\/bb4337a5fb147cb2046d80548172cbee\"},\"description\":\"Govor Predsednice Republike Kosovo, gospo\u0111e Atifete Jahjaga, na \u010detvrtom sastanku Nacionalnog Ve\u0107a za Evropske Integracije - Predsednik Republike Kosovo - DR. VJOSA OSMANI - SADRIU -\",\"breadcrumb\":{\"@id\":\"https:\/\/president-ksgov.net\/fjala-e-presidentes-atifete-jahjaga-ne-takimin-e-katert-te-keshillit-kombetar-per-integrim-evropian\/#breadcrumb\"},\"inLanguage\":\"sr-RS\",\"potentialAction\":[{\"@type\":\"ReadAction\",\"target\":[\"https:\/\/president-ksgov.net\/fjala-e-presidentes-atifete-jahjaga-ne-takimin-e-katert-te-keshillit-kombetar-per-integrim-evropian\/\"]}]},{\"@type\":\"ImageObject\",\"inLanguage\":\"sr-RS\",\"@id\":\"https:\/\/president-ksgov.net\/fjala-e-presidentes-atifete-jahjaga-ne-takimin-e-katert-te-keshillit-kombetar-per-integrim-evropian\/#primaryimage\",\"url\":\"https:\/\/president-ksgov.net\/wp-content\/uploads\/KESHILLI_1.jpg\",\"contentUrl\":\"https:\/\/president-ksgov.net\/wp-content\/uploads\/KESHILLI_1.jpg\",\"width\":1000,\"height\":544},{\"@type\":\"BreadcrumbList\",\"@id\":\"https:\/\/president-ksgov.net\/fjala-e-presidentes-atifete-jahjaga-ne-takimin-e-katert-te-keshillit-kombetar-per-integrim-evropian\/#breadcrumb\",\"itemListElement\":[{\"@type\":\"ListItem\",\"position\":1,\"name\":\"Home\",\"item\":\"https:\/\/president-ksgov.net\/sr\/\"},{\"@type\":\"ListItem\",\"position\":2,\"name\":\"Govor Predsednice Republike Kosovo, gospo\u0111e Atifete Jahjaga, na \u010detvrtom sastanku Nacionalnog Ve\u0107a za Evropske Integracije\"}]},{\"@type\":\"WebSite\",\"@id\":\"https:\/\/president-ksgov.net\/#website\",\"url\":\"https:\/\/president-ksgov.net\/\",\"name\":\"Presidente e Republik\u00ebs s\u00eb Kosov\u00ebs\",\"description\":\"Presidente e Republik\u00ebs s\u00eb Kosov\u00ebs\",\"alternateName\":\"DR. VJOSA OSMANI - SADRIU\",\"potentialAction\":[{\"@type\":\"SearchAction\",\"target\":{\"@type\":\"EntryPoint\",\"urlTemplate\":\"https:\/\/president-ksgov.net\/?s={search_term_string}\"},\"query-input\":{\"@type\":\"PropertyValueSpecification\",\"valueRequired\":true,\"valueName\":\"search_term_string\"}}],\"inLanguage\":\"sr-RS\"},{\"@type\":\"Person\",\"@id\":\"https:\/\/president-ksgov.net\/#\/schema\/person\/bb4337a5fb147cb2046d80548172cbee\",\"name\":\"admin\",\"image\":{\"@type\":\"ImageObject\",\"inLanguage\":\"sr-RS\",\"@id\":\"https:\/\/president-ksgov.net\/#\/schema\/person\/image\/\",\"url\":\"https:\/\/secure.gravatar.com\/avatar\/36156ca0fa3b8d9d25174f146e16beea0cf28f37adf1b9e19b6c9c279a7c9dd3?s=96&d=mm&r=g\",\"contentUrl\":\"https:\/\/secure.gravatar.com\/avatar\/36156ca0fa3b8d9d25174f146e16beea0cf28f37adf1b9e19b6c9c279a7c9dd3?s=96&d=mm&r=g\",\"caption\":\"admin\"},\"sameAs\":[\"https:\/\/president-ksgov.net\"]}]}<\/script>\n<!-- \/ Yoast SEO plugin. -->","yoast_head_json":{"title":"Govor Predsednice Republike Kosovo, gospo\u0111e Atifete Jahjaga, na \u010detvrtom sastanku Nacionalnog Ve\u0107a za Evropske Integracije - Predsednik Republike Kosovo - DR. VJOSA OSMANI - SADRIU","description":"Govor Predsednice Republike Kosovo, gospo\u0111e Atifete Jahjaga, na \u010detvrtom sastanku Nacionalnog Ve\u0107a za Evropske Integracije - Predsednik Republike Kosovo - DR. VJOSA OSMANI - SADRIU -","robots":{"index":"index","follow":"follow","max-snippet":"max-snippet:-1","max-image-preview":"max-image-preview:large","max-video-preview":"max-video-preview:-1"},"canonical":"https:\/\/president-ksgov.net\/fjala-e-presidentes-atifete-jahjaga-ne-takimin-e-katert-te-keshillit-kombetar-per-integrim-evropian\/","og_locale":"sr_RS","og_type":"article","og_title":"Govor Predsednice Republike Kosovo, gospo\u0111e Atifete Jahjaga, na \u010detvrtom sastanku Nacionalnog Ve\u0107a za Evropske Integracije - Predsednik Republike Kosovo - DR. VJOSA OSMANI - SADRIU","og_description":"Govor Predsednice Republike Kosovo, gospo\u0111e Atifete Jahjaga, na \u010detvrtom sastanku Nacionalnog Ve\u0107a za Evropske Integracije - Predsednik Republike Kosovo - DR. VJOSA OSMANI - SADRIU -","og_url":"https:\/\/president-ksgov.net\/fjala-e-presidentes-atifete-jahjaga-ne-takimin-e-katert-te-keshillit-kombetar-per-integrim-evropian\/","og_site_name":"Predsednik Republike Kosovo - DR. VJOSA OSMANI - SADRIU","article_published_time":"2013-03-19T13:16:44+00:00","article_modified_time":"2023-03-08T09:04:16+00:00","og_image":[{"width":1000,"height":544,"url":"https:\/\/president-ksgov.net\/wp-content\/uploads\/KESHILLI_1.jpg","type":"image\/jpeg"}],"author":"admin","twitter_card":"summary_large_image","twitter_misc":{"\u041d\u0430\u043f\u0438\u0441\u0430\u043d\u043e \u043e\u0434":"admin","\u041f\u0440\u043e\u0446\u0435\u045a\u0435\u043d\u043e \u0432\u0440\u0435\u043c\u0435 \u0447\u0438\u0442\u0430\u045a\u0430":"5 \u043c\u0438\u043d\u0443\u0442\u0430"},"schema":{"@context":"https:\/\/schema.org","@graph":[{"@type":"WebPage","@id":"https:\/\/president-ksgov.net\/fjala-e-presidentes-atifete-jahjaga-ne-takimin-e-katert-te-keshillit-kombetar-per-integrim-evropian\/","url":"https:\/\/president-ksgov.net\/fjala-e-presidentes-atifete-jahjaga-ne-takimin-e-katert-te-keshillit-kombetar-per-integrim-evropian\/","name":"Govor Predsednice Republike Kosovo, gospo\u0111e Atifete Jahjaga, na \u010detvrtom sastanku Nacionalnog Ve\u0107a za Evropske Integracije - Predsednik Republike Kosovo - DR. VJOSA OSMANI - SADRIU","isPartOf":{"@id":"https:\/\/president-ksgov.net\/#website"},"primaryImageOfPage":{"@id":"https:\/\/president-ksgov.net\/fjala-e-presidentes-atifete-jahjaga-ne-takimin-e-katert-te-keshillit-kombetar-per-integrim-evropian\/#primaryimage"},"image":{"@id":"https:\/\/president-ksgov.net\/fjala-e-presidentes-atifete-jahjaga-ne-takimin-e-katert-te-keshillit-kombetar-per-integrim-evropian\/#primaryimage"},"thumbnailUrl":"https:\/\/president-ksgov.net\/wp-content\/uploads\/KESHILLI_1.jpg","datePublished":"2013-03-19T13:16:44+00:00","dateModified":"2023-03-08T09:04:16+00:00","author":{"@id":"https:\/\/president-ksgov.net\/#\/schema\/person\/bb4337a5fb147cb2046d80548172cbee"},"description":"Govor Predsednice Republike Kosovo, gospo\u0111e Atifete Jahjaga, na \u010detvrtom sastanku Nacionalnog Ve\u0107a za Evropske Integracije - Predsednik Republike Kosovo - DR. VJOSA OSMANI - SADRIU -","breadcrumb":{"@id":"https:\/\/president-ksgov.net\/fjala-e-presidentes-atifete-jahjaga-ne-takimin-e-katert-te-keshillit-kombetar-per-integrim-evropian\/#breadcrumb"},"inLanguage":"sr-RS","potentialAction":[{"@type":"ReadAction","target":["https:\/\/president-ksgov.net\/fjala-e-presidentes-atifete-jahjaga-ne-takimin-e-katert-te-keshillit-kombetar-per-integrim-evropian\/"]}]},{"@type":"ImageObject","inLanguage":"sr-RS","@id":"https:\/\/president-ksgov.net\/fjala-e-presidentes-atifete-jahjaga-ne-takimin-e-katert-te-keshillit-kombetar-per-integrim-evropian\/#primaryimage","url":"https:\/\/president-ksgov.net\/wp-content\/uploads\/KESHILLI_1.jpg","contentUrl":"https:\/\/president-ksgov.net\/wp-content\/uploads\/KESHILLI_1.jpg","width":1000,"height":544},{"@type":"BreadcrumbList","@id":"https:\/\/president-ksgov.net\/fjala-e-presidentes-atifete-jahjaga-ne-takimin-e-katert-te-keshillit-kombetar-per-integrim-evropian\/#breadcrumb","itemListElement":[{"@type":"ListItem","position":1,"name":"Home","item":"https:\/\/president-ksgov.net\/sr\/"},{"@type":"ListItem","position":2,"name":"Govor Predsednice Republike Kosovo, gospo\u0111e Atifete Jahjaga, na \u010detvrtom sastanku Nacionalnog Ve\u0107a za Evropske Integracije"}]},{"@type":"WebSite","@id":"https:\/\/president-ksgov.net\/#website","url":"https:\/\/president-ksgov.net\/","name":"Presidente e Republik\u00ebs s\u00eb Kosov\u00ebs","description":"Presidente e Republik\u00ebs s\u00eb Kosov\u00ebs","alternateName":"DR. VJOSA OSMANI - SADRIU","potentialAction":[{"@type":"SearchAction","target":{"@type":"EntryPoint","urlTemplate":"https:\/\/president-ksgov.net\/?s={search_term_string}"},"query-input":{"@type":"PropertyValueSpecification","valueRequired":true,"valueName":"search_term_string"}}],"inLanguage":"sr-RS"},{"@type":"Person","@id":"https:\/\/president-ksgov.net\/#\/schema\/person\/bb4337a5fb147cb2046d80548172cbee","name":"admin","image":{"@type":"ImageObject","inLanguage":"sr-RS","@id":"https:\/\/president-ksgov.net\/#\/schema\/person\/image\/","url":"https:\/\/secure.gravatar.com\/avatar\/36156ca0fa3b8d9d25174f146e16beea0cf28f37adf1b9e19b6c9c279a7c9dd3?s=96&d=mm&r=g","contentUrl":"https:\/\/secure.gravatar.com\/avatar\/36156ca0fa3b8d9d25174f146e16beea0cf28f37adf1b9e19b6c9c279a7c9dd3?s=96&d=mm&r=g","caption":"admin"},"sameAs":["https:\/\/president-ksgov.net"]}]}},"_links":{"self":[{"href":"https:\/\/president-ksgov.net\/sr\/wp-json\/wp\/v2\/posts\/78493","targetHints":{"allow":["GET"]}}],"collection":[{"href":"https:\/\/president-ksgov.net\/sr\/wp-json\/wp\/v2\/posts"}],"about":[{"href":"https:\/\/president-ksgov.net\/sr\/wp-json\/wp\/v2\/types\/post"}],"author":[{"embeddable":true,"href":"https:\/\/president-ksgov.net\/sr\/wp-json\/wp\/v2\/users\/1"}],"replies":[{"embeddable":true,"href":"https:\/\/president-ksgov.net\/sr\/wp-json\/wp\/v2\/comments?post=78493"}],"version-history":[{"count":1,"href":"https:\/\/president-ksgov.net\/sr\/wp-json\/wp\/v2\/posts\/78493\/revisions"}],"predecessor-version":[{"id":81753,"href":"https:\/\/president-ksgov.net\/sr\/wp-json\/wp\/v2\/posts\/78493\/revisions\/81753"}],"wp:featuredmedia":[{"embeddable":true,"href":"https:\/\/president-ksgov.net\/sr\/wp-json\/wp\/v2\/media\/51815"}],"wp:attachment":[{"href":"https:\/\/president-ksgov.net\/sr\/wp-json\/wp\/v2\/media?parent=78493"}],"wp:term":[{"taxonomy":"category","embeddable":true,"href":"https:\/\/president-ksgov.net\/sr\/wp-json\/wp\/v2\/categories?post=78493"},{"taxonomy":"post_tag","embeddable":true,"href":"https:\/\/president-ksgov.net\/sr\/wp-json\/wp\/v2\/tags?post=78493"}],"curies":[{"name":"wp","href":"https:\/\/api.w.org\/{rel}","templated":true}]}}