{"id":78489,"date":"2013-03-24T10:43:40","date_gmt":"2013-03-24T10:43:40","guid":{"rendered":"https:\/\/dev.president-ksgov.net\/izjava-predsednice-jahjaga-povodom-14-godinjice-bombardovanja-nato-a\/"},"modified":"2013-03-24T10:43:40","modified_gmt":"2013-03-24T10:43:40","slug":"izjava-predsednice-jahjaga-povodom-14-godinjice-bombardovanja-nato-a","status":"publish","type":"post","link":"https:\/\/president-ksgov.net\/sr\/izjava-predsednice-jahjaga-povodom-14-godinjice-bombardovanja-nato-a\/","title":{"rendered":"Izjava Predsednice Jahjaga povodom 14-godi&#154;njice bombardovanja NATO-a"},"content":{"rendered":"<p>Predsednica Republike Kosovo, gospo\u0111a Atifete Jahjaga je dala jednu izjavu povodom 24. marta, 14-godi&#353;njice po\u010detka bombardovanja NATO-a protiv srpskih ciljeva.<\/p>\n<p>U izjavi se ka&#382;e:\u00a0 <\/p>\n<p>Danas je jedan od najva&#382;nijih dana u na&#353;oj istoriji. To je jedan od najzna\u010dajnijih dana za slobodu i nezavisnost na&#353;e zemlje. Upravo danas, pre \u010detrnaest godina Severno-Atlantska Alijansa je po\u010dela sa vazdu&#353;nim napadima u odre\u0111enim ciljevima u biv&#353;oj Jugoslaviji koji su doveli do kapitulacije oru&#382;anih snaga i kona\u010dnog udaljavanja srpskih vlasti sa Kosova.<\/p>\n<p>Po prvi put u istoriji, NATO je delovala protiv nasilnih struktura vlasti jedne dr&#382;ave radi za&#353;tite osnovnog ljudskog na\u010dela, da svaki narod ima pravo da &#382;ivi slobodan u svojoj zemlji, ravnopravan i dostojanstven.<\/p>\n<p>Slavna borba Oslobodila\u010dke Vojske Kosova kao vrhunac na&#353;ih vekovnih anga&#382;ovanja za slobodu, nezavisnost i demokratiju, anga&#382;ovanja i &#382;rtvovanja mnogih generacija i najboljih sinova i k\u0107eri na&#353;eg naroda u oltar slobode, koje je probudilo svest sveta i podstaklo odluku humanitarne intervencije NATO-a.<\/p>\n<p>Mi smo danas ponosni i duboko ose\u0107amo obavezu zahvalnosti za sve one mu&#353;karce i &#382;ene, vojnike i oficire zemalja \u010dlanica NATO-a koji su nepo&#353;tedno dali svoj doprinos da se zaustavi genocid\u00a0 nad jednim narodom i da u ovom delu Evrope kona\u010dno zavlada mir, da narodi i zemlje &#382;ive u me\u0111usobnoj saradnji i razumevanju.<\/p>\n<p>Republika Kosovo, jedan na&#353; zajedni\u010dki uspeh, danas je faktor mira i stabilnosti u region, jeste suverena i nezavisna dr&#382;ava, izgra\u0111ena na gra\u0111anskom principu i demokratsko dru&#353;tvo u kojoj svi\u00a0 ljudi, bez razlike, u&#382;ivaju jednaka prava i slobode <\/p>\n<p>Na&#353;a zemlja danas, zahvaljuju\u0107i anga&#382;ovanju svih gra\u0111ana, posve\u0107enju celog dru&#353;tva, gradi jedno pravedno dru&#353;tvo, jednakih mogu\u0107nosti, jedne dr&#382;ave gde vlada red i zakon i sa jasnom perspektivom \u010dlanstva u Evropsku Zajednicu i NATO i ve\u010dito prijateljstvo sa Sjedinjenim Ameri\u010dkim Dr&#382;avama.<\/p>\n","protected":false},"excerpt":{"rendered":"<p>Predsednica Republike Kosovo, gospo\u0111a Atifete Jahjaga je dala jednu izjavu povodom 24. marta, 14-godi&#353;njice po\u010detka bombardovanja NATO-a protiv srpskih ciljeva.<\/p>\n","protected":false},"author":1,"featured_media":86338,"comment_status":"open","ping_status":"closed","sticky":false,"template":"","format":"standard","meta":{"_eb_attr":"","footnotes":""},"categories":[101],"tags":[],"class_list":["post-78489","post","type-post","status-publish","format-standard","has-post-thumbnail","hentry","category-vesti"],"yoast_head":"<!-- This site is optimized with the Yoast SEO plugin v23.5 - https:\/\/yoast.com\/wordpress\/plugins\/seo\/ -->\n<title>Izjava Predsednice Jahjaga povodom 14-godi&#154;njice bombardovanja NATO-a - Predsednik Republike Kosovo - DR. VJOSA OSMANI - SADRIU<\/title>\n<meta name=\"description\" content=\"Izjava Predsednice Jahjaga povodom 14-godi&#154;njice bombardovanja NATO-a - Predsednik Republike Kosovo - DR. VJOSA OSMANI - SADRIU -\" \/>\n<meta name=\"robots\" content=\"index, follow, max-snippet:-1, max-image-preview:large, max-video-preview:-1\" \/>\n<link rel=\"canonical\" href=\"https:\/\/president-ksgov.net\/deklarate-e-presidentes-jahjaga-ne-14-vjetorin-e-bombardimeve-te-nato-s\/\" \/>\n<meta property=\"og:locale\" content=\"sr_RS\" \/>\n<meta property=\"og:type\" content=\"article\" \/>\n<meta property=\"og:title\" content=\"Izjava Predsednice Jahjaga povodom 14-godi&#154;njice bombardovanja NATO-a - Predsednik Republike Kosovo - DR. VJOSA OSMANI - SADRIU\" \/>\n<meta property=\"og:description\" content=\"Izjava Predsednice Jahjaga povodom 14-godi&#154;njice bombardovanja NATO-a - Predsednik Republike Kosovo - DR. VJOSA OSMANI - SADRIU -\" \/>\n<meta property=\"og:url\" content=\"https:\/\/president-ksgov.net\/deklarate-e-presidentes-jahjaga-ne-14-vjetorin-e-bombardimeve-te-nato-s\/\" \/>\n<meta property=\"og:site_name\" content=\"Predsednik Republike Kosovo - DR. VJOSA OSMANI - SADRIU\" \/>\n<meta property=\"article:published_time\" content=\"2013-03-24T10:43:40+00:00\" \/>\n<meta property=\"og:image\" content=\"https:\/\/president-ksgov.net\/wp-content\/uploads\/Zyra-e-Presidentes-Featured-Image1-e1678970937938.png\" \/>\n\t<meta property=\"og:image:width\" content=\"1024\" \/>\n\t<meta property=\"og:image:height\" content=\"716\" \/>\n\t<meta property=\"og:image:type\" content=\"image\/png\" \/>\n<meta name=\"author\" content=\"admin\" \/>\n<meta name=\"twitter:card\" content=\"summary_large_image\" \/>\n<meta name=\"twitter:label1\" content=\"\u041d\u0430\u043f\u0438\u0441\u0430\u043d\u043e \u043e\u0434\" \/>\n\t<meta name=\"twitter:data1\" content=\"admin\" \/>\n\t<meta name=\"twitter:label2\" content=\"\u041f\u0440\u043e\u0446\u0435\u045a\u0435\u043d\u043e \u0432\u0440\u0435\u043c\u0435 \u0447\u0438\u0442\u0430\u045a\u0430\" \/>\n\t<meta name=\"twitter:data2\" content=\"2 \u043c\u0438\u043d\u0443\u0442\u0430\" \/>\n<script type=\"application\/ld+json\" class=\"yoast-schema-graph\">{\"@context\":\"https:\/\/schema.org\",\"@graph\":[{\"@type\":\"WebPage\",\"@id\":\"https:\/\/president-ksgov.net\/deklarate-e-presidentes-jahjaga-ne-14-vjetorin-e-bombardimeve-te-nato-s\/\",\"url\":\"https:\/\/president-ksgov.net\/deklarate-e-presidentes-jahjaga-ne-14-vjetorin-e-bombardimeve-te-nato-s\/\",\"name\":\"Izjava Predsednice Jahjaga povodom 14-godi&#154;njice bombardovanja NATO-a - Predsednik Republike Kosovo - DR. VJOSA OSMANI - SADRIU\",\"isPartOf\":{\"@id\":\"https:\/\/president-ksgov.net\/#website\"},\"primaryImageOfPage\":{\"@id\":\"https:\/\/president-ksgov.net\/deklarate-e-presidentes-jahjaga-ne-14-vjetorin-e-bombardimeve-te-nato-s\/#primaryimage\"},\"image\":{\"@id\":\"https:\/\/president-ksgov.net\/deklarate-e-presidentes-jahjaga-ne-14-vjetorin-e-bombardimeve-te-nato-s\/#primaryimage\"},\"thumbnailUrl\":\"https:\/\/president-ksgov.net\/wp-content\/uploads\/Zyra-e-Presidentes-Featured-Image1-e1678970937938.png\",\"datePublished\":\"2013-03-24T10:43:40+00:00\",\"dateModified\":\"2013-03-24T10:43:40+00:00\",\"author\":{\"@id\":\"https:\/\/president-ksgov.net\/#\/schema\/person\/bb4337a5fb147cb2046d80548172cbee\"},\"description\":\"Izjava Predsednice Jahjaga povodom 14-godi&#154;njice bombardovanja NATO-a - Predsednik Republike Kosovo - DR. VJOSA OSMANI - SADRIU -\",\"breadcrumb\":{\"@id\":\"https:\/\/president-ksgov.net\/deklarate-e-presidentes-jahjaga-ne-14-vjetorin-e-bombardimeve-te-nato-s\/#breadcrumb\"},\"inLanguage\":\"sr-RS\",\"potentialAction\":[{\"@type\":\"ReadAction\",\"target\":[\"https:\/\/president-ksgov.net\/deklarate-e-presidentes-jahjaga-ne-14-vjetorin-e-bombardimeve-te-nato-s\/\"]}]},{\"@type\":\"ImageObject\",\"inLanguage\":\"sr-RS\",\"@id\":\"https:\/\/president-ksgov.net\/deklarate-e-presidentes-jahjaga-ne-14-vjetorin-e-bombardimeve-te-nato-s\/#primaryimage\",\"url\":\"https:\/\/president-ksgov.net\/wp-content\/uploads\/Zyra-e-Presidentes-Featured-Image1-e1678970937938.png\",\"contentUrl\":\"https:\/\/president-ksgov.net\/wp-content\/uploads\/Zyra-e-Presidentes-Featured-Image1-e1678970937938.png\",\"width\":1024,\"height\":716},{\"@type\":\"BreadcrumbList\",\"@id\":\"https:\/\/president-ksgov.net\/deklarate-e-presidentes-jahjaga-ne-14-vjetorin-e-bombardimeve-te-nato-s\/#breadcrumb\",\"itemListElement\":[{\"@type\":\"ListItem\",\"position\":1,\"name\":\"Home\",\"item\":\"https:\/\/president-ksgov.net\/sr\/\"},{\"@type\":\"ListItem\",\"position\":2,\"name\":\"Izjava Predsednice Jahjaga povodom 14-godi&#154;njice bombardovanja NATO-a\"}]},{\"@type\":\"WebSite\",\"@id\":\"https:\/\/president-ksgov.net\/#website\",\"url\":\"https:\/\/president-ksgov.net\/\",\"name\":\"Presidente e Republik\u00ebs s\u00eb Kosov\u00ebs\",\"description\":\"Presidente e Republik\u00ebs s\u00eb Kosov\u00ebs\",\"alternateName\":\"DR. VJOSA OSMANI - SADRIU\",\"potentialAction\":[{\"@type\":\"SearchAction\",\"target\":{\"@type\":\"EntryPoint\",\"urlTemplate\":\"https:\/\/president-ksgov.net\/?s={search_term_string}\"},\"query-input\":{\"@type\":\"PropertyValueSpecification\",\"valueRequired\":true,\"valueName\":\"search_term_string\"}}],\"inLanguage\":\"sr-RS\"},{\"@type\":\"Person\",\"@id\":\"https:\/\/president-ksgov.net\/#\/schema\/person\/bb4337a5fb147cb2046d80548172cbee\",\"name\":\"admin\",\"image\":{\"@type\":\"ImageObject\",\"inLanguage\":\"sr-RS\",\"@id\":\"https:\/\/president-ksgov.net\/#\/schema\/person\/image\/\",\"url\":\"https:\/\/secure.gravatar.com\/avatar\/36156ca0fa3b8d9d25174f146e16beea0cf28f37adf1b9e19b6c9c279a7c9dd3?s=96&d=mm&r=g\",\"contentUrl\":\"https:\/\/secure.gravatar.com\/avatar\/36156ca0fa3b8d9d25174f146e16beea0cf28f37adf1b9e19b6c9c279a7c9dd3?s=96&d=mm&r=g\",\"caption\":\"admin\"},\"sameAs\":[\"https:\/\/president-ksgov.net\"]}]}<\/script>\n<!-- \/ Yoast SEO plugin. -->","yoast_head_json":{"title":"Izjava Predsednice Jahjaga povodom 14-godi&#154;njice bombardovanja NATO-a - Predsednik Republike Kosovo - DR. VJOSA OSMANI - SADRIU","description":"Izjava Predsednice Jahjaga povodom 14-godi&#154;njice bombardovanja NATO-a - Predsednik Republike Kosovo - DR. VJOSA OSMANI - SADRIU -","robots":{"index":"index","follow":"follow","max-snippet":"max-snippet:-1","max-image-preview":"max-image-preview:large","max-video-preview":"max-video-preview:-1"},"canonical":"https:\/\/president-ksgov.net\/deklarate-e-presidentes-jahjaga-ne-14-vjetorin-e-bombardimeve-te-nato-s\/","og_locale":"sr_RS","og_type":"article","og_title":"Izjava Predsednice Jahjaga povodom 14-godi&#154;njice bombardovanja NATO-a - Predsednik Republike Kosovo - DR. VJOSA OSMANI - SADRIU","og_description":"Izjava Predsednice Jahjaga povodom 14-godi&#154;njice bombardovanja NATO-a - Predsednik Republike Kosovo - DR. VJOSA OSMANI - SADRIU -","og_url":"https:\/\/president-ksgov.net\/deklarate-e-presidentes-jahjaga-ne-14-vjetorin-e-bombardimeve-te-nato-s\/","og_site_name":"Predsednik Republike Kosovo - DR. VJOSA OSMANI - SADRIU","article_published_time":"2013-03-24T10:43:40+00:00","og_image":[{"width":1024,"height":716,"url":"https:\/\/president-ksgov.net\/wp-content\/uploads\/Zyra-e-Presidentes-Featured-Image1-e1678970937938.png","type":"image\/png"}],"author":"admin","twitter_card":"summary_large_image","twitter_misc":{"\u041d\u0430\u043f\u0438\u0441\u0430\u043d\u043e \u043e\u0434":"admin","\u041f\u0440\u043e\u0446\u0435\u045a\u0435\u043d\u043e \u0432\u0440\u0435\u043c\u0435 \u0447\u0438\u0442\u0430\u045a\u0430":"2 \u043c\u0438\u043d\u0443\u0442\u0430"},"schema":{"@context":"https:\/\/schema.org","@graph":[{"@type":"WebPage","@id":"https:\/\/president-ksgov.net\/deklarate-e-presidentes-jahjaga-ne-14-vjetorin-e-bombardimeve-te-nato-s\/","url":"https:\/\/president-ksgov.net\/deklarate-e-presidentes-jahjaga-ne-14-vjetorin-e-bombardimeve-te-nato-s\/","name":"Izjava Predsednice Jahjaga povodom 14-godi&#154;njice bombardovanja NATO-a - Predsednik Republike Kosovo - DR. VJOSA OSMANI - SADRIU","isPartOf":{"@id":"https:\/\/president-ksgov.net\/#website"},"primaryImageOfPage":{"@id":"https:\/\/president-ksgov.net\/deklarate-e-presidentes-jahjaga-ne-14-vjetorin-e-bombardimeve-te-nato-s\/#primaryimage"},"image":{"@id":"https:\/\/president-ksgov.net\/deklarate-e-presidentes-jahjaga-ne-14-vjetorin-e-bombardimeve-te-nato-s\/#primaryimage"},"thumbnailUrl":"https:\/\/president-ksgov.net\/wp-content\/uploads\/Zyra-e-Presidentes-Featured-Image1-e1678970937938.png","datePublished":"2013-03-24T10:43:40+00:00","dateModified":"2013-03-24T10:43:40+00:00","author":{"@id":"https:\/\/president-ksgov.net\/#\/schema\/person\/bb4337a5fb147cb2046d80548172cbee"},"description":"Izjava Predsednice Jahjaga povodom 14-godi&#154;njice bombardovanja NATO-a - Predsednik Republike Kosovo - DR. VJOSA OSMANI - SADRIU -","breadcrumb":{"@id":"https:\/\/president-ksgov.net\/deklarate-e-presidentes-jahjaga-ne-14-vjetorin-e-bombardimeve-te-nato-s\/#breadcrumb"},"inLanguage":"sr-RS","potentialAction":[{"@type":"ReadAction","target":["https:\/\/president-ksgov.net\/deklarate-e-presidentes-jahjaga-ne-14-vjetorin-e-bombardimeve-te-nato-s\/"]}]},{"@type":"ImageObject","inLanguage":"sr-RS","@id":"https:\/\/president-ksgov.net\/deklarate-e-presidentes-jahjaga-ne-14-vjetorin-e-bombardimeve-te-nato-s\/#primaryimage","url":"https:\/\/president-ksgov.net\/wp-content\/uploads\/Zyra-e-Presidentes-Featured-Image1-e1678970937938.png","contentUrl":"https:\/\/president-ksgov.net\/wp-content\/uploads\/Zyra-e-Presidentes-Featured-Image1-e1678970937938.png","width":1024,"height":716},{"@type":"BreadcrumbList","@id":"https:\/\/president-ksgov.net\/deklarate-e-presidentes-jahjaga-ne-14-vjetorin-e-bombardimeve-te-nato-s\/#breadcrumb","itemListElement":[{"@type":"ListItem","position":1,"name":"Home","item":"https:\/\/president-ksgov.net\/sr\/"},{"@type":"ListItem","position":2,"name":"Izjava Predsednice Jahjaga povodom 14-godi&#154;njice bombardovanja NATO-a"}]},{"@type":"WebSite","@id":"https:\/\/president-ksgov.net\/#website","url":"https:\/\/president-ksgov.net\/","name":"Presidente e Republik\u00ebs s\u00eb Kosov\u00ebs","description":"Presidente e Republik\u00ebs s\u00eb Kosov\u00ebs","alternateName":"DR. VJOSA OSMANI - SADRIU","potentialAction":[{"@type":"SearchAction","target":{"@type":"EntryPoint","urlTemplate":"https:\/\/president-ksgov.net\/?s={search_term_string}"},"query-input":{"@type":"PropertyValueSpecification","valueRequired":true,"valueName":"search_term_string"}}],"inLanguage":"sr-RS"},{"@type":"Person","@id":"https:\/\/president-ksgov.net\/#\/schema\/person\/bb4337a5fb147cb2046d80548172cbee","name":"admin","image":{"@type":"ImageObject","inLanguage":"sr-RS","@id":"https:\/\/president-ksgov.net\/#\/schema\/person\/image\/","url":"https:\/\/secure.gravatar.com\/avatar\/36156ca0fa3b8d9d25174f146e16beea0cf28f37adf1b9e19b6c9c279a7c9dd3?s=96&d=mm&r=g","contentUrl":"https:\/\/secure.gravatar.com\/avatar\/36156ca0fa3b8d9d25174f146e16beea0cf28f37adf1b9e19b6c9c279a7c9dd3?s=96&d=mm&r=g","caption":"admin"},"sameAs":["https:\/\/president-ksgov.net"]}]}},"_links":{"self":[{"href":"https:\/\/president-ksgov.net\/sr\/wp-json\/wp\/v2\/posts\/78489","targetHints":{"allow":["GET"]}}],"collection":[{"href":"https:\/\/president-ksgov.net\/sr\/wp-json\/wp\/v2\/posts"}],"about":[{"href":"https:\/\/president-ksgov.net\/sr\/wp-json\/wp\/v2\/types\/post"}],"author":[{"embeddable":true,"href":"https:\/\/president-ksgov.net\/sr\/wp-json\/wp\/v2\/users\/1"}],"replies":[{"embeddable":true,"href":"https:\/\/president-ksgov.net\/sr\/wp-json\/wp\/v2\/comments?post=78489"}],"version-history":[{"count":0,"href":"https:\/\/president-ksgov.net\/sr\/wp-json\/wp\/v2\/posts\/78489\/revisions"}],"wp:featuredmedia":[{"embeddable":true,"href":"https:\/\/president-ksgov.net\/sr\/wp-json\/wp\/v2\/media\/86338"}],"wp:attachment":[{"href":"https:\/\/president-ksgov.net\/sr\/wp-json\/wp\/v2\/media?parent=78489"}],"wp:term":[{"taxonomy":"category","embeddable":true,"href":"https:\/\/president-ksgov.net\/sr\/wp-json\/wp\/v2\/categories?post=78489"},{"taxonomy":"post_tag","embeddable":true,"href":"https:\/\/president-ksgov.net\/sr\/wp-json\/wp\/v2\/tags?post=78489"}],"curies":[{"name":"wp","href":"https:\/\/api.w.org\/{rel}","templated":true}]}}