{"id":78462,"date":"2013-04-10T11:26:54","date_gmt":"2013-04-10T11:26:54","guid":{"rendered":"https:\/\/dev.president-ksgov.net\/govor-predsednice-republike-kosovo-gospodje-atifete-jahjaga-na-16-tom-ekonomskom-evropsko-azijskom-samitu-u-istanbul-2\/"},"modified":"2013-04-10T11:26:54","modified_gmt":"2013-04-10T11:26:54","slug":"govor-predsednice-republike-kosovo-gospodje-atifete-jahjaga-na-16-tom-ekonomskom-evropsko-azijskom-samitu-u-istanbul-2","status":"publish","type":"post","link":"https:\/\/president-ksgov.net\/sr\/govor-predsednice-republike-kosovo-gospodje-atifete-jahjaga-na-16-tom-ekonomskom-evropsko-azijskom-samitu-u-istanbul-2\/","title":{"rendered":"Govor Predsednice Republike Kosovo, Gospo\u0111e Atifete Jahjaga, na 16-tom Ekonomskom Evropsko-Azijskom Samitu u  Istanbul"},"content":{"rendered":"<p>Ekonomski Samit Evro-Azije pru&#382;a jednu mogu\u0107nost razmene ideja i iskustva u funkciji ekonomskog razvoja i napretka na&#353;ih zemalja. Ovaj samit tako\u0111e je dokaz ovog integracionog perioda i na&#353;e spremnosti za saradnju i iznala&#382;enje re&#353;enja.<\/p>\n<p>Po&#353;tovani u\u010desnici Samita,<br \/>\nEkselencijo,<br \/>\nDame i Gospodo,<\/p>\n<p>Ekonomski Samit Evro-Azije pru&#382;a jednu mogu\u0107nost razmene ideja i iskustva u funkciji ekonomskog razvoja i napretka na&#353;ih zemalja. Ovaj samit tako\u0111e je dokaz ovog integracionog perioda i na&#353;e spremnosti za saradnju i iznala&#382;enje re&#353;enja.<\/p>\n<p>Zemlje Zapadnog Balkana koje su tako\u0111e predstavljene na ovom forumu su u toku kretanja kroz jedan proces reformi koje treba preduzeti kao potrebne transformacije njihovih dru&#353;tvenih i ekonomskih sistema kako bi bile sastavni deo globalnih promena. Ovo je tako\u0111e va&#382;an preduslov za na&#353;u ekonomsku i finansijsku integraciju u Evropsku Zajednicu.<\/p>\n<p>Ima mnogo stvari koje zemlje zapadnog Balkana, tokom perioda tranzicije, mogu nau\u010diti od iskustva drugih zemalja koje su prevazi&#353;le ovaj put. Mi smo u toku dokazivanja, na&#353;im op&#353;tim anga&#382;ovanjem, na&#353;u odlu\u010dnost i politi\u010dku volju za preduzimanje potrebnih koraka za konsolidovanje na&#353;ih demokratija i transformaciju na&#353;ih privreda u pravcu stabilnosti i prosperiteta. <\/p>\n<p>Zemlje regije, iako manje ugro&#382;ene od globalne ekonomske i finansijske krize, su\u010deljavaju se sa problemima jedne, ne tako razvijene privrede u tranziciji, i ne tako mnogo povezane sa me\u0111unarodnim kapitalom, i ukoliko se ne razvija pravedni sistem ekonomskih politika, koje omogu\u0107avaju proizvodnju, izvoz i sni&#382;avaju nezaposlenost, onda njima preti ulaz u jedan period krize.<\/p>\n<p>Zavisnost od inostrane pomo\u0107i i nemogu\u0107nost nalaza tre\u0107eg tr&#382;i&#353;ta, naro\u010dito u zemljama Evrope, su zatvarale privredu zemalja Balkana, koje tako\u0111e nemaju model recipro\u010dne saradnje i zajedni\u010dkog izlaska na tre\u0107a tr&#382;i&#353;ta. U svemu tome, regionalna saradnja jeste sna&#382;na osnova zajedni\u010dkog razvoja, ali inostrane investicije i kapital \u0107e omogu\u0107iti da budemo konkurentni i da plasiramo na&#353;e proizvode.<\/p>\n<p>Sve zemlje regije imaju za cilj \u010dlanstvo u EZ-e, gde zajedni\u010dki interesi i ciljevi, za izgradnju demokratskog dru&#353;tva.\u00a0 unapre\u0111enja ljudskih prava i sloboda, stvaranja kompleksnih mehanizama, prevazilaze etni\u010dke razlike te onemogu\u0107avaju sukobe me\u0111u dr&#382;avama.<\/p>\n<p>Postoji &#382;elja svih gra\u0111ana moje zemlje za uklju\u010divanje u Arvo-Atlantske institucije, i moja zemlja ima jednu jasnu perspektivu za \u010dlanstvo u Evropsku Zajednicu, i u tome imamo podr&#353;ku zemalja EZ-e, iako pet zemlje jo&#353; nisu priznale nezavisnost Kosova, progla&#353;ene pre pet godine.<\/p>\n<p>Dame i Gospodo,<\/p>\n<p>Kosovo je postiglo zna\u010dajan napredak u uspostavljanju institucija i konstantnom ja\u010danju mehanizama sprovo\u0111enja zakona te je sastavila i primenila zdrave makro-ekonomske politike, koje osiguraju stabilnost ekonomskog sistema.<\/p>\n<p>Mi smo tako\u0111e smo se zavetovali za strukturne reforme putem procesa privatizacije. Postigli smo zna\u010dajan uspeh na pobolj&#353;anje okolnosti za biznis, uz zakonodavne garancije i ostale administrativne postupke za biznis doma\u0107ih i inostranih investitora.<\/p>\n<p>Jo&#353; od progla&#353;enja Nezavisnosti, &#353;iroke reforme i njihova uspe&#353;na primena su dovele do ekonomskog razvoja.<\/p>\n<p>Ispunjeni su svi kriteriji da ubrzo po\u010dinju pregovori za Sporazum o Stabilizaciji i Udru&#382;ivanju sa Evropskom Zajednicom, koji \u0107e donositi va&#382;ne prednosti na&#353;oj zemlji, nude\u0107i realna predvi\u0111anja i perspektivu za privredni porast.<\/p>\n<p>Kosovo je jedna mala zemlja koja je proglasila njenu nezavisnost oslanjaju\u0107i se na volju svojih gra\u0111ana uz me\u0111unarodnu podr&#353;ku.<\/p>\n<p>Kosovo ima mlado i dinami\u010dno stanovni&#353;tvo koja predstavlja velik izvor znanja i potencijal za inovacije.<\/p>\n<p>Na&#353; razvoj se oslanja na mladu radnu snagu i na na&#353;e mineralne resurse koji su znatni u regionalnim omjerima. Na primer, imamo znatne izvore uglja, cinka i olova koje \u0107emo koristiti za potrebe sada&#353;nje generacija i generacije koje \u0107e do\u0107i po&#353;tuju\u0107i na\u010delo ustrajne upotrebe potro&#353;nih izvora.<\/p>\n<p>I dok smo u toku napretka, mi \u0107emo nastaviti stvarati jednu jaku privredu, raznovrsne, spajaju\u0107i inostrani i doma\u0107i kapital i stvarati povoljne uslova za direktne investicije i za slobodno kretanje kapitala. <\/p>\n<p>Mi verujemo da generisani dobit iz prirodnih izvora treba da se kanali&#353;u u pravcu uzdizanja i pobolj&#353;anja sistema obrazovanja i podizanja nivoa sposobnosti zaposlenih. Jedna dobro obrazovana radna snaga je bitni preduslov za ustrajan razvoj.<\/p>\n<p>Kao dr&#382;ava i kao regija, mi imamo mnogo toga \u010diniti u oblasti ekonomskog razvoja i promocije regionalne saradnje, jer smo opredeljeni i me\u0111usobno povezani jedan s drugim, stvaraju\u0107i i odgovaraju\u0107u infrastrukturu.<\/p>\n<p>Mi tako\u0111e se su\u010deljavamo sa velikim izazovima jer na&#353;a transformacija i proces reformi se odigravaju u kontekst jedne globalne recesije. Visoka nezaposlenost, naro\u010dito omladine i &#382;ena, su realan razlog za uznemirenje tokom nalaza re&#353;enja i transformacije na&#353;e ekonomije i stvaranja potrebnih uslova i proizvodnih kapaciteta koji obezbe\u0111uju razvoj i otvaranje novih radnih mesta.<\/p>\n<p>Kao lideri dru&#353;tva i zajednice biznisa, mi trebamo biti spremni da ponudimo lidere za promenu. Potrebno je da zemlje u tranziciji podstaknu kapital i investitore da pobolj&#353;aju privredu, trgovinu i ekonomski porast.<\/p>\n<p>Po&#353;tovani u\u010desnici Foruma, <\/p>\n<p>Jako sam zadovoljna da \u0107e program samita adresirati i ulogu &#382;ene u ustrajni razvoj. Istra&#382;ivanja u celom svetu pokazuju da nivo u\u010de&#353;\u0107a &#382;ene u dru&#353;tvo jeste neposredno povezana sa nivoom razvoja jedne dr&#382;ave.<\/p>\n<p>Kada smo uklju\u010deni u politiku, mi &#382;ene kao aktivni donosioci odluka, mi poma&#382;emo stvaranje jednog sveobuhvatnog dru&#353;tva i jedne zna\u010dajnije demokratije. Ja\u010danje uloge &#382;ene u privrednom, politi\u010dkom i dru&#353;tvenom\u00a0 sektoru jedne dr&#382;ave jeste bitan uslov za budu\u0107i ekonomski rast i pokretanje novih ideja. &#381;ena je ravnopravni deo dru&#353;tva, suodgovorna za njen razvoj, nosilac procesa a dru&#353;tva se smatraju naprednim ukoliko je njen polo&#382;aj ravnopravan.<\/p>\n<p>Dame i gospodo;<\/p>\n<p>Po&#353;tovani u\u010desnici Foruma,<\/p>\n<p>Skupili smo se zajedno da bismo na&#353;li re&#353;enja za ova va&#382;na pitanja. <\/p>\n<p>Na&#353;a dru&#353;tva zaslu&#382;uju da &#382;ive u prosperitetu i mi trebamo pokazati hrabrost i volju za ostvarivanje ove vizije.<\/p>\n<p>Hvala Vam!<\/p>\n","protected":false},"excerpt":{"rendered":"<p>Ekonomski Samit Evro-Azije pru&#382;a jednu mogu\u0107nost razmene ideja i iskustva u funkciji ekonomskog razvoja i napretka na&#353;ih zemalja. Ovaj samit tako\u0111e je dokaz ovog integracionog perioda i na&#353;e spremnosti za saradnju i iznala&#382;enje re&#353;enja.<\/p>\n","protected":false},"author":1,"featured_media":51551,"comment_status":"open","ping_status":"closed","sticky":false,"template":"","format":"standard","meta":{"_eb_attr":"","footnotes":""},"categories":[101],"tags":[],"class_list":["post-78462","post","type-post","status-publish","format-standard","has-post-thumbnail","hentry","category-vesti"],"yoast_head":"<!-- This site is optimized with the Yoast SEO plugin v23.5 - https:\/\/yoast.com\/wordpress\/plugins\/seo\/ -->\n<title>Govor Predsednice Republike Kosovo, Gospo\u0111e Atifete Jahjaga, na 16-tom Ekonomskom Evropsko-Azijskom Samitu u Istanbul - Predsednik Republike Kosovo - DR. VJOSA OSMANI - SADRIU<\/title>\n<meta name=\"description\" content=\"Govor Predsednice Republike Kosovo, Gospo\u0111e Atifete Jahjaga, na 16-tom Ekonomskom Evropsko-Azijskom Samitu u Istanbul - Predsednik Republike Kosovo - DR. VJOSA OSMANI - SADRIU -\" \/>\n<meta name=\"robots\" content=\"index, follow, max-snippet:-1, max-image-preview:large, max-video-preview:-1\" \/>\n<link rel=\"canonical\" href=\"https:\/\/president-ksgov.net\/fjalimi-i-presidentes-atifete-jahjaga-ne-samitin-e-16-te-ekonomik-te-euro-azise-ne-stamboll-2\/\" \/>\n<meta property=\"og:locale\" content=\"sr_RS\" \/>\n<meta property=\"og:type\" content=\"article\" \/>\n<meta property=\"og:title\" content=\"Govor Predsednice Republike Kosovo, Gospo\u0111e Atifete Jahjaga, na 16-tom Ekonomskom Evropsko-Azijskom Samitu u Istanbul - Predsednik Republike Kosovo - DR. VJOSA OSMANI - SADRIU\" \/>\n<meta property=\"og:description\" content=\"Govor Predsednice Republike Kosovo, Gospo\u0111e Atifete Jahjaga, na 16-tom Ekonomskom Evropsko-Azijskom Samitu u Istanbul - Predsednik Republike Kosovo - DR. VJOSA OSMANI - SADRIU -\" \/>\n<meta property=\"og:url\" content=\"https:\/\/president-ksgov.net\/fjalimi-i-presidentes-atifete-jahjaga-ne-samitin-e-16-te-ekonomik-te-euro-azise-ne-stamboll-2\/\" \/>\n<meta property=\"og:site_name\" content=\"Predsednik Republike Kosovo - DR. VJOSA OSMANI - SADRIU\" \/>\n<meta property=\"article:published_time\" content=\"2013-04-10T11:26:54+00:00\" \/>\n<meta property=\"og:image\" content=\"https:\/\/president-ksgov.net\/wp-content\/uploads\/00001.jpg\" \/>\n\t<meta property=\"og:image:width\" content=\"533\" \/>\n\t<meta property=\"og:image:height\" content=\"800\" \/>\n\t<meta property=\"og:image:type\" content=\"image\/jpeg\" \/>\n<meta name=\"author\" content=\"admin\" \/>\n<meta name=\"twitter:card\" content=\"summary_large_image\" \/>\n<meta name=\"twitter:label1\" content=\"\u041d\u0430\u043f\u0438\u0441\u0430\u043d\u043e \u043e\u0434\" \/>\n\t<meta name=\"twitter:data1\" content=\"admin\" \/>\n\t<meta name=\"twitter:label2\" content=\"\u041f\u0440\u043e\u0446\u0435\u045a\u0435\u043d\u043e \u0432\u0440\u0435\u043c\u0435 \u0447\u0438\u0442\u0430\u045a\u0430\" \/>\n\t<meta name=\"twitter:data2\" content=\"5 \u043c\u0438\u043d\u0443\u0442\u0430\" \/>\n<script type=\"application\/ld+json\" class=\"yoast-schema-graph\">{\"@context\":\"https:\/\/schema.org\",\"@graph\":[{\"@type\":\"WebPage\",\"@id\":\"https:\/\/president-ksgov.net\/fjalimi-i-presidentes-atifete-jahjaga-ne-samitin-e-16-te-ekonomik-te-euro-azise-ne-stamboll-2\/\",\"url\":\"https:\/\/president-ksgov.net\/fjalimi-i-presidentes-atifete-jahjaga-ne-samitin-e-16-te-ekonomik-te-euro-azise-ne-stamboll-2\/\",\"name\":\"Govor Predsednice Republike Kosovo, Gospo\u0111e Atifete Jahjaga, na 16-tom Ekonomskom Evropsko-Azijskom Samitu u Istanbul - Predsednik Republike Kosovo - DR. VJOSA OSMANI - SADRIU\",\"isPartOf\":{\"@id\":\"https:\/\/president-ksgov.net\/#website\"},\"primaryImageOfPage\":{\"@id\":\"https:\/\/president-ksgov.net\/fjalimi-i-presidentes-atifete-jahjaga-ne-samitin-e-16-te-ekonomik-te-euro-azise-ne-stamboll-2\/#primaryimage\"},\"image\":{\"@id\":\"https:\/\/president-ksgov.net\/fjalimi-i-presidentes-atifete-jahjaga-ne-samitin-e-16-te-ekonomik-te-euro-azise-ne-stamboll-2\/#primaryimage\"},\"thumbnailUrl\":\"https:\/\/president-ksgov.net\/wp-content\/uploads\/00001.jpg\",\"datePublished\":\"2013-04-10T11:26:54+00:00\",\"dateModified\":\"2013-04-10T11:26:54+00:00\",\"author\":{\"@id\":\"https:\/\/president-ksgov.net\/#\/schema\/person\/bb4337a5fb147cb2046d80548172cbee\"},\"description\":\"Govor Predsednice Republike Kosovo, Gospo\u0111e Atifete Jahjaga, na 16-tom Ekonomskom Evropsko-Azijskom Samitu u Istanbul - Predsednik Republike Kosovo - DR. VJOSA OSMANI - SADRIU -\",\"breadcrumb\":{\"@id\":\"https:\/\/president-ksgov.net\/fjalimi-i-presidentes-atifete-jahjaga-ne-samitin-e-16-te-ekonomik-te-euro-azise-ne-stamboll-2\/#breadcrumb\"},\"inLanguage\":\"sr-RS\",\"potentialAction\":[{\"@type\":\"ReadAction\",\"target\":[\"https:\/\/president-ksgov.net\/fjalimi-i-presidentes-atifete-jahjaga-ne-samitin-e-16-te-ekonomik-te-euro-azise-ne-stamboll-2\/\"]}]},{\"@type\":\"ImageObject\",\"inLanguage\":\"sr-RS\",\"@id\":\"https:\/\/president-ksgov.net\/fjalimi-i-presidentes-atifete-jahjaga-ne-samitin-e-16-te-ekonomik-te-euro-azise-ne-stamboll-2\/#primaryimage\",\"url\":\"https:\/\/president-ksgov.net\/wp-content\/uploads\/00001.jpg\",\"contentUrl\":\"https:\/\/president-ksgov.net\/wp-content\/uploads\/00001.jpg\",\"width\":533,\"height\":800},{\"@type\":\"BreadcrumbList\",\"@id\":\"https:\/\/president-ksgov.net\/fjalimi-i-presidentes-atifete-jahjaga-ne-samitin-e-16-te-ekonomik-te-euro-azise-ne-stamboll-2\/#breadcrumb\",\"itemListElement\":[{\"@type\":\"ListItem\",\"position\":1,\"name\":\"Home\",\"item\":\"https:\/\/president-ksgov.net\/sr\/\"},{\"@type\":\"ListItem\",\"position\":2,\"name\":\"Govor Predsednice Republike Kosovo, Gospo\u0111e Atifete Jahjaga, na 16-tom Ekonomskom Evropsko-Azijskom Samitu u Istanbul\"}]},{\"@type\":\"WebSite\",\"@id\":\"https:\/\/president-ksgov.net\/#website\",\"url\":\"https:\/\/president-ksgov.net\/\",\"name\":\"Presidente e Republik\u00ebs s\u00eb Kosov\u00ebs\",\"description\":\"Presidente e Republik\u00ebs s\u00eb Kosov\u00ebs\",\"alternateName\":\"DR. VJOSA OSMANI - SADRIU\",\"potentialAction\":[{\"@type\":\"SearchAction\",\"target\":{\"@type\":\"EntryPoint\",\"urlTemplate\":\"https:\/\/president-ksgov.net\/?s={search_term_string}\"},\"query-input\":{\"@type\":\"PropertyValueSpecification\",\"valueRequired\":true,\"valueName\":\"search_term_string\"}}],\"inLanguage\":\"sr-RS\"},{\"@type\":\"Person\",\"@id\":\"https:\/\/president-ksgov.net\/#\/schema\/person\/bb4337a5fb147cb2046d80548172cbee\",\"name\":\"admin\",\"image\":{\"@type\":\"ImageObject\",\"inLanguage\":\"sr-RS\",\"@id\":\"https:\/\/president-ksgov.net\/#\/schema\/person\/image\/\",\"url\":\"https:\/\/secure.gravatar.com\/avatar\/36156ca0fa3b8d9d25174f146e16beea0cf28f37adf1b9e19b6c9c279a7c9dd3?s=96&d=mm&r=g\",\"contentUrl\":\"https:\/\/secure.gravatar.com\/avatar\/36156ca0fa3b8d9d25174f146e16beea0cf28f37adf1b9e19b6c9c279a7c9dd3?s=96&d=mm&r=g\",\"caption\":\"admin\"},\"sameAs\":[\"https:\/\/president-ksgov.net\"]}]}<\/script>\n<!-- \/ Yoast SEO plugin. -->","yoast_head_json":{"title":"Govor Predsednice Republike Kosovo, Gospo\u0111e Atifete Jahjaga, na 16-tom Ekonomskom Evropsko-Azijskom Samitu u Istanbul - Predsednik Republike Kosovo - DR. VJOSA OSMANI - SADRIU","description":"Govor Predsednice Republike Kosovo, Gospo\u0111e Atifete Jahjaga, na 16-tom Ekonomskom Evropsko-Azijskom Samitu u Istanbul - Predsednik Republike Kosovo - DR. VJOSA OSMANI - SADRIU -","robots":{"index":"index","follow":"follow","max-snippet":"max-snippet:-1","max-image-preview":"max-image-preview:large","max-video-preview":"max-video-preview:-1"},"canonical":"https:\/\/president-ksgov.net\/fjalimi-i-presidentes-atifete-jahjaga-ne-samitin-e-16-te-ekonomik-te-euro-azise-ne-stamboll-2\/","og_locale":"sr_RS","og_type":"article","og_title":"Govor Predsednice Republike Kosovo, Gospo\u0111e Atifete Jahjaga, na 16-tom Ekonomskom Evropsko-Azijskom Samitu u Istanbul - Predsednik Republike Kosovo - DR. VJOSA OSMANI - SADRIU","og_description":"Govor Predsednice Republike Kosovo, Gospo\u0111e Atifete Jahjaga, na 16-tom Ekonomskom Evropsko-Azijskom Samitu u Istanbul - Predsednik Republike Kosovo - DR. VJOSA OSMANI - SADRIU -","og_url":"https:\/\/president-ksgov.net\/fjalimi-i-presidentes-atifete-jahjaga-ne-samitin-e-16-te-ekonomik-te-euro-azise-ne-stamboll-2\/","og_site_name":"Predsednik Republike Kosovo - DR. VJOSA OSMANI - SADRIU","article_published_time":"2013-04-10T11:26:54+00:00","og_image":[{"width":533,"height":800,"url":"https:\/\/president-ksgov.net\/wp-content\/uploads\/00001.jpg","type":"image\/jpeg"}],"author":"admin","twitter_card":"summary_large_image","twitter_misc":{"\u041d\u0430\u043f\u0438\u0441\u0430\u043d\u043e \u043e\u0434":"admin","\u041f\u0440\u043e\u0446\u0435\u045a\u0435\u043d\u043e \u0432\u0440\u0435\u043c\u0435 \u0447\u0438\u0442\u0430\u045a\u0430":"5 \u043c\u0438\u043d\u0443\u0442\u0430"},"schema":{"@context":"https:\/\/schema.org","@graph":[{"@type":"WebPage","@id":"https:\/\/president-ksgov.net\/fjalimi-i-presidentes-atifete-jahjaga-ne-samitin-e-16-te-ekonomik-te-euro-azise-ne-stamboll-2\/","url":"https:\/\/president-ksgov.net\/fjalimi-i-presidentes-atifete-jahjaga-ne-samitin-e-16-te-ekonomik-te-euro-azise-ne-stamboll-2\/","name":"Govor Predsednice Republike Kosovo, Gospo\u0111e Atifete Jahjaga, na 16-tom Ekonomskom Evropsko-Azijskom Samitu u Istanbul - Predsednik Republike Kosovo - DR. VJOSA OSMANI - SADRIU","isPartOf":{"@id":"https:\/\/president-ksgov.net\/#website"},"primaryImageOfPage":{"@id":"https:\/\/president-ksgov.net\/fjalimi-i-presidentes-atifete-jahjaga-ne-samitin-e-16-te-ekonomik-te-euro-azise-ne-stamboll-2\/#primaryimage"},"image":{"@id":"https:\/\/president-ksgov.net\/fjalimi-i-presidentes-atifete-jahjaga-ne-samitin-e-16-te-ekonomik-te-euro-azise-ne-stamboll-2\/#primaryimage"},"thumbnailUrl":"https:\/\/president-ksgov.net\/wp-content\/uploads\/00001.jpg","datePublished":"2013-04-10T11:26:54+00:00","dateModified":"2013-04-10T11:26:54+00:00","author":{"@id":"https:\/\/president-ksgov.net\/#\/schema\/person\/bb4337a5fb147cb2046d80548172cbee"},"description":"Govor Predsednice Republike Kosovo, Gospo\u0111e Atifete Jahjaga, na 16-tom Ekonomskom Evropsko-Azijskom Samitu u Istanbul - Predsednik Republike Kosovo - DR. VJOSA OSMANI - SADRIU -","breadcrumb":{"@id":"https:\/\/president-ksgov.net\/fjalimi-i-presidentes-atifete-jahjaga-ne-samitin-e-16-te-ekonomik-te-euro-azise-ne-stamboll-2\/#breadcrumb"},"inLanguage":"sr-RS","potentialAction":[{"@type":"ReadAction","target":["https:\/\/president-ksgov.net\/fjalimi-i-presidentes-atifete-jahjaga-ne-samitin-e-16-te-ekonomik-te-euro-azise-ne-stamboll-2\/"]}]},{"@type":"ImageObject","inLanguage":"sr-RS","@id":"https:\/\/president-ksgov.net\/fjalimi-i-presidentes-atifete-jahjaga-ne-samitin-e-16-te-ekonomik-te-euro-azise-ne-stamboll-2\/#primaryimage","url":"https:\/\/president-ksgov.net\/wp-content\/uploads\/00001.jpg","contentUrl":"https:\/\/president-ksgov.net\/wp-content\/uploads\/00001.jpg","width":533,"height":800},{"@type":"BreadcrumbList","@id":"https:\/\/president-ksgov.net\/fjalimi-i-presidentes-atifete-jahjaga-ne-samitin-e-16-te-ekonomik-te-euro-azise-ne-stamboll-2\/#breadcrumb","itemListElement":[{"@type":"ListItem","position":1,"name":"Home","item":"https:\/\/president-ksgov.net\/sr\/"},{"@type":"ListItem","position":2,"name":"Govor Predsednice Republike Kosovo, Gospo\u0111e Atifete Jahjaga, na 16-tom Ekonomskom Evropsko-Azijskom Samitu u Istanbul"}]},{"@type":"WebSite","@id":"https:\/\/president-ksgov.net\/#website","url":"https:\/\/president-ksgov.net\/","name":"Presidente e Republik\u00ebs s\u00eb Kosov\u00ebs","description":"Presidente e Republik\u00ebs s\u00eb Kosov\u00ebs","alternateName":"DR. VJOSA OSMANI - SADRIU","potentialAction":[{"@type":"SearchAction","target":{"@type":"EntryPoint","urlTemplate":"https:\/\/president-ksgov.net\/?s={search_term_string}"},"query-input":{"@type":"PropertyValueSpecification","valueRequired":true,"valueName":"search_term_string"}}],"inLanguage":"sr-RS"},{"@type":"Person","@id":"https:\/\/president-ksgov.net\/#\/schema\/person\/bb4337a5fb147cb2046d80548172cbee","name":"admin","image":{"@type":"ImageObject","inLanguage":"sr-RS","@id":"https:\/\/president-ksgov.net\/#\/schema\/person\/image\/","url":"https:\/\/secure.gravatar.com\/avatar\/36156ca0fa3b8d9d25174f146e16beea0cf28f37adf1b9e19b6c9c279a7c9dd3?s=96&d=mm&r=g","contentUrl":"https:\/\/secure.gravatar.com\/avatar\/36156ca0fa3b8d9d25174f146e16beea0cf28f37adf1b9e19b6c9c279a7c9dd3?s=96&d=mm&r=g","caption":"admin"},"sameAs":["https:\/\/president-ksgov.net"]}]}},"_links":{"self":[{"href":"https:\/\/president-ksgov.net\/sr\/wp-json\/wp\/v2\/posts\/78462","targetHints":{"allow":["GET"]}}],"collection":[{"href":"https:\/\/president-ksgov.net\/sr\/wp-json\/wp\/v2\/posts"}],"about":[{"href":"https:\/\/president-ksgov.net\/sr\/wp-json\/wp\/v2\/types\/post"}],"author":[{"embeddable":true,"href":"https:\/\/president-ksgov.net\/sr\/wp-json\/wp\/v2\/users\/1"}],"replies":[{"embeddable":true,"href":"https:\/\/president-ksgov.net\/sr\/wp-json\/wp\/v2\/comments?post=78462"}],"version-history":[{"count":0,"href":"https:\/\/president-ksgov.net\/sr\/wp-json\/wp\/v2\/posts\/78462\/revisions"}],"wp:featuredmedia":[{"embeddable":true,"href":"https:\/\/president-ksgov.net\/sr\/wp-json\/wp\/v2\/media\/51551"}],"wp:attachment":[{"href":"https:\/\/president-ksgov.net\/sr\/wp-json\/wp\/v2\/media?parent=78462"}],"wp:term":[{"taxonomy":"category","embeddable":true,"href":"https:\/\/president-ksgov.net\/sr\/wp-json\/wp\/v2\/categories?post=78462"},{"taxonomy":"post_tag","embeddable":true,"href":"https:\/\/president-ksgov.net\/sr\/wp-json\/wp\/v2\/tags?post=78462"}],"curies":[{"name":"wp","href":"https:\/\/api.w.org\/{rel}","templated":true}]}}