{"id":78452,"date":"2013-04-20T18:57:03","date_gmt":"2013-04-20T18:57:03","guid":{"rendered":"https:\/\/dev.president-ksgov.net\/predsednica-jahjaga-je-prisustvovala-medjunarodnoj-konferenciji-za-enu-mir-i-bezbednost-u-londonu\/"},"modified":"2013-04-20T18:57:03","modified_gmt":"2013-04-20T18:57:03","slug":"predsednica-jahjaga-je-prisustvovala-medjunarodnoj-konferenciji-za-enu-mir-i-bezbednost-u-londonu","status":"publish","type":"post","link":"https:\/\/president-ksgov.net\/sr\/predsednica-jahjaga-je-prisustvovala-medjunarodnoj-konferenciji-za-enu-mir-i-bezbednost-u-londonu\/","title":{"rendered":"Predsednica Jahjaga je prisustvovala me\u0111unarodnoj konferenciji za &#158;enu, mir i bezbednost u Londonu."},"content":{"rendered":"<p>Predsednica Republike Kosovo, gospo\u0111a Atifete Jahjaga danas je prisustvovala konferenciji za &#382;enu, mir i bezbednost u organizaciji Univerziteta Georgetown koja se odr&#382;ava u London, Velika Britanija.<\/p>\n<p>Ona je prva odr&#382;ala govor u panelu &#8222;Nova globalna agenda za &#382;enu, mir i bezbednost zajedno sa ambasadorom Amerike Melane Verveer, izvr&#353;ni direktor Instituta Georgtown za &#382;enu, mir i bezbednost Monica Mc Williams biv&#353;i vi&#353;i komisioner Komisije za ljudska prava u Severnu Irsku i Nancy Pelosi, voditelj demokrata u Kongresu SAD-e<\/p>\n<p>Govore\u0107i o doprinosu &#382;ene na okon\u010danje rata i posle nje u izgradnji miroljubivog, bezbednog i naprednog Kosova, Predsednica Jahjaga je dala pregled anga&#382;ovanja &#382;ene na Kosovu tokom perioda rata i njenog anga&#382;ovanja u odbrani porodice i obezbe\u0111enje njene egzistencije. Ona re\u010de da su &#382;ene na Kosovu bile deo stalnog otpora i najve\u0107e &#382;rtve tokom tog perioda rata kada su hiljade &#382;ene silovane.<\/p>\n<p>Ali ona re\u010de\u00a0 da su one uspele pomo\u0107i opstanak svojih porodica i sa njihovim posvetom one su pomogle izgradnji demokratskog Kosova.<\/p>\n<p>Predsednica Jahjaga je naglasila da &#8220;su &#382;ene posve\u0107ene za pravdu u cilju spre\u010davanja ponavljanja zlo\u010dina; one su dokumentirale ratne zlo\u010dine koje su \u010dinile osnovu za me\u0111unarodnu intervenciju na Kosovu i za pokretanje optu&#382;nica i osu\u0111ivanje zlo\u010dina glavnih rukovodilaca koji su planirali genocid.<\/p>\n<p>&#8220;Posle rata &#382;ene Kosova su postale most saradnje izme\u0111u zajednica koje su sukobom podeljene. One su obuhva\u0107ene u javnoj slu&#382;bi u javnom &#382;ivotu i imale su velik uticaj na izgradnji balansiranih politika koje su prilago\u0111ene potrebama svake zajednice i gra\u0111ana nezavisno od etni\u010dke pripadnosti&#8220;, re\u010de Predsednica Jahjaga.<\/p>\n<p>Ona re\u010de da u\u010de&#353;\u0107e &#382;ene u javnom &#382;ivotu nije samo jedno moralno pravo, nego ovo je jo&#353; jedna politi\u010dka i ekonomska zrelost. Predsednica Jahjaga je naglasila da u periodu tranzicije u\u010de&#353;\u0107e &#382;ene u parlamentu putem kvote od 30 posto jeste jedna neophodnost i ovo poma&#382;e dru&#353;tvo u njenoj demokratskoj izgradnji.<\/p>\n<p>Govore\u0107i o ulozi &#382;ene u izgradnji mira i bezbednosti, predsednica Jahjaga, je naglasila da je ona posebno va&#382;na u izgradnji sveobuhvatnih i balansiranih politika.<\/p>\n<p>Izgradnja mira se posti&#382;e izgradnjom demokratskih institucija, ekonomskim razvojem zemlje i\u00a0 socijalnom ustrajanju dru&#353;tva. Koncept bezbednosti treba da se vidi preko prizme rata i mira, gledaju\u0107i na to kao garanciju ljudskih prava svakog gra\u0111ana. Bezbednost &#382;ene je bezbednost porodice i celog dru&#353;tva&#8220;, re\u010de Predsednica Jahjaga.<\/p>\n<p>Ona\u00a0 je tako\u0111e naglasila da u Me\u0111unarodnom Samitu &#381;ene, odr&#382;anog pro&#353;le godine u Pri&#353;tini u organizaciji Predsednice, isticana su pitanja koja su danas globalni izazov za\u00a0 &#382;enu koji su ugra\u0111eni u zajedni\u010dku Platformu imenovanu kao Pri&#353;tinska Na\u010dela. U ovaj dokumenat koji je usvojen i u Skup&#353;tini Kosova, poziva se za ve\u0107e politi\u010dko u\u010de&#353;\u0107e, demokratizaciju politi\u010dkih partija, ekonomsko ja\u010danje &#382;ene i isticanje prava na svojinu.<\/p>\n<p>Predsednica Jahjaga je zavr&#353;ila svoje izlaganje nagla&#353;avaju\u0107i da jedno dru&#353;tvo ne mo&#382;e biti napredno i razvijeno ukoliko &#382;ena\u00a0 nije potpuno ravnopravna.<\/p>\n<p>Ona je tokom diskusije u panelu odgovorila i na nekoliko pitanja u\u010desnika konferencije. Predsednica Jahjaga je tako\u0111e pratila\u00a0 panel gde je glavni govornik bila biv&#353;i ameri\u010dki dr&#382;avni sekretar Madeleine Albright.<\/p>\n<p>Me\u0111unarodna konferencija Georgetown-a za &#382;enu,\u00a0 mir i bezbednost koja se odr&#382;ava u London jeste tradicionalna i skuplja li\u010dnosti iz celog sveta kao i tretira va&#382;na pitanja za ja\u010danje uloge &#382;ene u dru&#353;tvo.<\/p>\n","protected":false},"excerpt":{"rendered":"<p>Predsednica Republike Kosovo, gospo\u0111a Atifete Jahjaga danas je prisustvovala konferenciji za &#382;enu, mir i bezbednost u organizaciji Univerziteta Georgetown koja se odr&#382;ava u London, Velika Britanija.<\/p>\n","protected":false},"author":1,"featured_media":51455,"comment_status":"open","ping_status":"closed","sticky":false,"template":"","format":"standard","meta":{"_eb_attr":"","footnotes":""},"categories":[101],"tags":[],"class_list":["post-78452","post","type-post","status-publish","format-standard","has-post-thumbnail","hentry","category-vesti"],"yoast_head":"<!-- This site is optimized with the Yoast SEO plugin v23.5 - https:\/\/yoast.com\/wordpress\/plugins\/seo\/ -->\n<title>Predsednica Jahjaga je prisustvovala me\u0111unarodnoj konferenciji za &#158;enu, mir i bezbednost u Londonu. - Predsednik Republike Kosovo - DR. VJOSA OSMANI - SADRIU<\/title>\n<meta name=\"description\" content=\"Predsednica Jahjaga je prisustvovala me\u0111unarodnoj konferenciji za &#158;enu, mir i bezbednost u Londonu. - Predsednik Republike Kosovo - DR. VJOSA OSMANI - SADRIU -\" \/>\n<meta name=\"robots\" content=\"index, follow, max-snippet:-1, max-image-preview:large, max-video-preview:-1\" \/>\n<link rel=\"canonical\" href=\"https:\/\/president-ksgov.net\/presidentja-jahjaga-mori-pjese-ne-konferencen-nderkombetare-per-gruan-paqen-dhe-sigurine-ne-londer\/\" \/>\n<meta property=\"og:locale\" content=\"sr_RS\" \/>\n<meta property=\"og:type\" content=\"article\" \/>\n<meta property=\"og:title\" content=\"Predsednica Jahjaga je prisustvovala me\u0111unarodnoj konferenciji za &#158;enu, mir i bezbednost u Londonu. - Predsednik Republike Kosovo - DR. VJOSA OSMANI - SADRIU\" \/>\n<meta property=\"og:description\" content=\"Predsednica Jahjaga je prisustvovala me\u0111unarodnoj konferenciji za &#158;enu, mir i bezbednost u Londonu. - Predsednik Republike Kosovo - DR. VJOSA OSMANI - SADRIU -\" \/>\n<meta property=\"og:url\" content=\"https:\/\/president-ksgov.net\/presidentja-jahjaga-mori-pjese-ne-konferencen-nderkombetare-per-gruan-paqen-dhe-sigurine-ne-londer\/\" \/>\n<meta property=\"og:site_name\" content=\"Predsednik Republike Kosovo - DR. VJOSA OSMANI - SADRIU\" \/>\n<meta property=\"article:published_time\" content=\"2013-04-20T18:57:03+00:00\" \/>\n<meta property=\"og:image\" content=\"https:\/\/president-ksgov.net\/wp-content\/uploads\/20.04.2013_000.jpg\" \/>\n\t<meta property=\"og:image:width\" content=\"800\" \/>\n\t<meta property=\"og:image:height\" content=\"533\" \/>\n\t<meta property=\"og:image:type\" content=\"image\/jpeg\" \/>\n<meta name=\"author\" content=\"admin\" \/>\n<meta name=\"twitter:card\" content=\"summary_large_image\" \/>\n<meta name=\"twitter:label1\" content=\"\u041d\u0430\u043f\u0438\u0441\u0430\u043d\u043e \u043e\u0434\" \/>\n\t<meta name=\"twitter:data1\" content=\"admin\" \/>\n\t<meta name=\"twitter:label2\" content=\"\u041f\u0440\u043e\u0446\u0435\u045a\u0435\u043d\u043e \u0432\u0440\u0435\u043c\u0435 \u0447\u0438\u0442\u0430\u045a\u0430\" \/>\n\t<meta name=\"twitter:data2\" content=\"3 \u043c\u0438\u043d\u0443\u0442\u0430\" \/>\n<script type=\"application\/ld+json\" class=\"yoast-schema-graph\">{\"@context\":\"https:\/\/schema.org\",\"@graph\":[{\"@type\":\"WebPage\",\"@id\":\"https:\/\/president-ksgov.net\/presidentja-jahjaga-mori-pjese-ne-konferencen-nderkombetare-per-gruan-paqen-dhe-sigurine-ne-londer\/\",\"url\":\"https:\/\/president-ksgov.net\/presidentja-jahjaga-mori-pjese-ne-konferencen-nderkombetare-per-gruan-paqen-dhe-sigurine-ne-londer\/\",\"name\":\"Predsednica Jahjaga je prisustvovala me\u0111unarodnoj konferenciji za &#158;enu, mir i bezbednost u Londonu. - Predsednik Republike Kosovo - DR. VJOSA OSMANI - SADRIU\",\"isPartOf\":{\"@id\":\"https:\/\/president-ksgov.net\/#website\"},\"primaryImageOfPage\":{\"@id\":\"https:\/\/president-ksgov.net\/presidentja-jahjaga-mori-pjese-ne-konferencen-nderkombetare-per-gruan-paqen-dhe-sigurine-ne-londer\/#primaryimage\"},\"image\":{\"@id\":\"https:\/\/president-ksgov.net\/presidentja-jahjaga-mori-pjese-ne-konferencen-nderkombetare-per-gruan-paqen-dhe-sigurine-ne-londer\/#primaryimage\"},\"thumbnailUrl\":\"https:\/\/president-ksgov.net\/wp-content\/uploads\/20.04.2013_000.jpg\",\"datePublished\":\"2013-04-20T18:57:03+00:00\",\"dateModified\":\"2013-04-20T18:57:03+00:00\",\"author\":{\"@id\":\"https:\/\/president-ksgov.net\/#\/schema\/person\/bb4337a5fb147cb2046d80548172cbee\"},\"description\":\"Predsednica Jahjaga je prisustvovala me\u0111unarodnoj konferenciji za &#158;enu, mir i bezbednost u Londonu. - Predsednik Republike Kosovo - DR. VJOSA OSMANI - SADRIU -\",\"breadcrumb\":{\"@id\":\"https:\/\/president-ksgov.net\/presidentja-jahjaga-mori-pjese-ne-konferencen-nderkombetare-per-gruan-paqen-dhe-sigurine-ne-londer\/#breadcrumb\"},\"inLanguage\":\"sr-RS\",\"potentialAction\":[{\"@type\":\"ReadAction\",\"target\":[\"https:\/\/president-ksgov.net\/presidentja-jahjaga-mori-pjese-ne-konferencen-nderkombetare-per-gruan-paqen-dhe-sigurine-ne-londer\/\"]}]},{\"@type\":\"ImageObject\",\"inLanguage\":\"sr-RS\",\"@id\":\"https:\/\/president-ksgov.net\/presidentja-jahjaga-mori-pjese-ne-konferencen-nderkombetare-per-gruan-paqen-dhe-sigurine-ne-londer\/#primaryimage\",\"url\":\"https:\/\/president-ksgov.net\/wp-content\/uploads\/20.04.2013_000.jpg\",\"contentUrl\":\"https:\/\/president-ksgov.net\/wp-content\/uploads\/20.04.2013_000.jpg\",\"width\":800,\"height\":533},{\"@type\":\"BreadcrumbList\",\"@id\":\"https:\/\/president-ksgov.net\/presidentja-jahjaga-mori-pjese-ne-konferencen-nderkombetare-per-gruan-paqen-dhe-sigurine-ne-londer\/#breadcrumb\",\"itemListElement\":[{\"@type\":\"ListItem\",\"position\":1,\"name\":\"Home\",\"item\":\"https:\/\/president-ksgov.net\/sr\/\"},{\"@type\":\"ListItem\",\"position\":2,\"name\":\"Predsednica Jahjaga je prisustvovala me\u0111unarodnoj konferenciji za &#158;enu, mir i bezbednost u Londonu.\"}]},{\"@type\":\"WebSite\",\"@id\":\"https:\/\/president-ksgov.net\/#website\",\"url\":\"https:\/\/president-ksgov.net\/\",\"name\":\"Presidente e Republik\u00ebs s\u00eb Kosov\u00ebs\",\"description\":\"Presidente e Republik\u00ebs s\u00eb Kosov\u00ebs\",\"alternateName\":\"DR. VJOSA OSMANI - SADRIU\",\"potentialAction\":[{\"@type\":\"SearchAction\",\"target\":{\"@type\":\"EntryPoint\",\"urlTemplate\":\"https:\/\/president-ksgov.net\/?s={search_term_string}\"},\"query-input\":{\"@type\":\"PropertyValueSpecification\",\"valueRequired\":true,\"valueName\":\"search_term_string\"}}],\"inLanguage\":\"sr-RS\"},{\"@type\":\"Person\",\"@id\":\"https:\/\/president-ksgov.net\/#\/schema\/person\/bb4337a5fb147cb2046d80548172cbee\",\"name\":\"admin\",\"image\":{\"@type\":\"ImageObject\",\"inLanguage\":\"sr-RS\",\"@id\":\"https:\/\/president-ksgov.net\/#\/schema\/person\/image\/\",\"url\":\"https:\/\/secure.gravatar.com\/avatar\/36156ca0fa3b8d9d25174f146e16beea0cf28f37adf1b9e19b6c9c279a7c9dd3?s=96&d=mm&r=g\",\"contentUrl\":\"https:\/\/secure.gravatar.com\/avatar\/36156ca0fa3b8d9d25174f146e16beea0cf28f37adf1b9e19b6c9c279a7c9dd3?s=96&d=mm&r=g\",\"caption\":\"admin\"},\"sameAs\":[\"https:\/\/president-ksgov.net\"]}]}<\/script>\n<!-- \/ Yoast SEO plugin. -->","yoast_head_json":{"title":"Predsednica Jahjaga je prisustvovala me\u0111unarodnoj konferenciji za &#158;enu, mir i bezbednost u Londonu. - Predsednik Republike Kosovo - DR. VJOSA OSMANI - SADRIU","description":"Predsednica Jahjaga je prisustvovala me\u0111unarodnoj konferenciji za &#158;enu, mir i bezbednost u Londonu. - Predsednik Republike Kosovo - DR. VJOSA OSMANI - SADRIU -","robots":{"index":"index","follow":"follow","max-snippet":"max-snippet:-1","max-image-preview":"max-image-preview:large","max-video-preview":"max-video-preview:-1"},"canonical":"https:\/\/president-ksgov.net\/presidentja-jahjaga-mori-pjese-ne-konferencen-nderkombetare-per-gruan-paqen-dhe-sigurine-ne-londer\/","og_locale":"sr_RS","og_type":"article","og_title":"Predsednica Jahjaga je prisustvovala me\u0111unarodnoj konferenciji za &#158;enu, mir i bezbednost u Londonu. - Predsednik Republike Kosovo - DR. VJOSA OSMANI - SADRIU","og_description":"Predsednica Jahjaga je prisustvovala me\u0111unarodnoj konferenciji za &#158;enu, mir i bezbednost u Londonu. - Predsednik Republike Kosovo - DR. VJOSA OSMANI - SADRIU -","og_url":"https:\/\/president-ksgov.net\/presidentja-jahjaga-mori-pjese-ne-konferencen-nderkombetare-per-gruan-paqen-dhe-sigurine-ne-londer\/","og_site_name":"Predsednik Republike Kosovo - DR. VJOSA OSMANI - SADRIU","article_published_time":"2013-04-20T18:57:03+00:00","og_image":[{"width":800,"height":533,"url":"https:\/\/president-ksgov.net\/wp-content\/uploads\/20.04.2013_000.jpg","type":"image\/jpeg"}],"author":"admin","twitter_card":"summary_large_image","twitter_misc":{"\u041d\u0430\u043f\u0438\u0441\u0430\u043d\u043e \u043e\u0434":"admin","\u041f\u0440\u043e\u0446\u0435\u045a\u0435\u043d\u043e \u0432\u0440\u0435\u043c\u0435 \u0447\u0438\u0442\u0430\u045a\u0430":"3 \u043c\u0438\u043d\u0443\u0442\u0430"},"schema":{"@context":"https:\/\/schema.org","@graph":[{"@type":"WebPage","@id":"https:\/\/president-ksgov.net\/presidentja-jahjaga-mori-pjese-ne-konferencen-nderkombetare-per-gruan-paqen-dhe-sigurine-ne-londer\/","url":"https:\/\/president-ksgov.net\/presidentja-jahjaga-mori-pjese-ne-konferencen-nderkombetare-per-gruan-paqen-dhe-sigurine-ne-londer\/","name":"Predsednica Jahjaga je prisustvovala me\u0111unarodnoj konferenciji za &#158;enu, mir i bezbednost u Londonu. - Predsednik Republike Kosovo - DR. VJOSA OSMANI - SADRIU","isPartOf":{"@id":"https:\/\/president-ksgov.net\/#website"},"primaryImageOfPage":{"@id":"https:\/\/president-ksgov.net\/presidentja-jahjaga-mori-pjese-ne-konferencen-nderkombetare-per-gruan-paqen-dhe-sigurine-ne-londer\/#primaryimage"},"image":{"@id":"https:\/\/president-ksgov.net\/presidentja-jahjaga-mori-pjese-ne-konferencen-nderkombetare-per-gruan-paqen-dhe-sigurine-ne-londer\/#primaryimage"},"thumbnailUrl":"https:\/\/president-ksgov.net\/wp-content\/uploads\/20.04.2013_000.jpg","datePublished":"2013-04-20T18:57:03+00:00","dateModified":"2013-04-20T18:57:03+00:00","author":{"@id":"https:\/\/president-ksgov.net\/#\/schema\/person\/bb4337a5fb147cb2046d80548172cbee"},"description":"Predsednica Jahjaga je prisustvovala me\u0111unarodnoj konferenciji za &#158;enu, mir i bezbednost u Londonu. - Predsednik Republike Kosovo - DR. VJOSA OSMANI - SADRIU -","breadcrumb":{"@id":"https:\/\/president-ksgov.net\/presidentja-jahjaga-mori-pjese-ne-konferencen-nderkombetare-per-gruan-paqen-dhe-sigurine-ne-londer\/#breadcrumb"},"inLanguage":"sr-RS","potentialAction":[{"@type":"ReadAction","target":["https:\/\/president-ksgov.net\/presidentja-jahjaga-mori-pjese-ne-konferencen-nderkombetare-per-gruan-paqen-dhe-sigurine-ne-londer\/"]}]},{"@type":"ImageObject","inLanguage":"sr-RS","@id":"https:\/\/president-ksgov.net\/presidentja-jahjaga-mori-pjese-ne-konferencen-nderkombetare-per-gruan-paqen-dhe-sigurine-ne-londer\/#primaryimage","url":"https:\/\/president-ksgov.net\/wp-content\/uploads\/20.04.2013_000.jpg","contentUrl":"https:\/\/president-ksgov.net\/wp-content\/uploads\/20.04.2013_000.jpg","width":800,"height":533},{"@type":"BreadcrumbList","@id":"https:\/\/president-ksgov.net\/presidentja-jahjaga-mori-pjese-ne-konferencen-nderkombetare-per-gruan-paqen-dhe-sigurine-ne-londer\/#breadcrumb","itemListElement":[{"@type":"ListItem","position":1,"name":"Home","item":"https:\/\/president-ksgov.net\/sr\/"},{"@type":"ListItem","position":2,"name":"Predsednica Jahjaga je prisustvovala me\u0111unarodnoj konferenciji za &#158;enu, mir i bezbednost u Londonu."}]},{"@type":"WebSite","@id":"https:\/\/president-ksgov.net\/#website","url":"https:\/\/president-ksgov.net\/","name":"Presidente e Republik\u00ebs s\u00eb Kosov\u00ebs","description":"Presidente e Republik\u00ebs s\u00eb Kosov\u00ebs","alternateName":"DR. VJOSA OSMANI - SADRIU","potentialAction":[{"@type":"SearchAction","target":{"@type":"EntryPoint","urlTemplate":"https:\/\/president-ksgov.net\/?s={search_term_string}"},"query-input":{"@type":"PropertyValueSpecification","valueRequired":true,"valueName":"search_term_string"}}],"inLanguage":"sr-RS"},{"@type":"Person","@id":"https:\/\/president-ksgov.net\/#\/schema\/person\/bb4337a5fb147cb2046d80548172cbee","name":"admin","image":{"@type":"ImageObject","inLanguage":"sr-RS","@id":"https:\/\/president-ksgov.net\/#\/schema\/person\/image\/","url":"https:\/\/secure.gravatar.com\/avatar\/36156ca0fa3b8d9d25174f146e16beea0cf28f37adf1b9e19b6c9c279a7c9dd3?s=96&d=mm&r=g","contentUrl":"https:\/\/secure.gravatar.com\/avatar\/36156ca0fa3b8d9d25174f146e16beea0cf28f37adf1b9e19b6c9c279a7c9dd3?s=96&d=mm&r=g","caption":"admin"},"sameAs":["https:\/\/president-ksgov.net"]}]}},"_links":{"self":[{"href":"https:\/\/president-ksgov.net\/sr\/wp-json\/wp\/v2\/posts\/78452","targetHints":{"allow":["GET"]}}],"collection":[{"href":"https:\/\/president-ksgov.net\/sr\/wp-json\/wp\/v2\/posts"}],"about":[{"href":"https:\/\/president-ksgov.net\/sr\/wp-json\/wp\/v2\/types\/post"}],"author":[{"embeddable":true,"href":"https:\/\/president-ksgov.net\/sr\/wp-json\/wp\/v2\/users\/1"}],"replies":[{"embeddable":true,"href":"https:\/\/president-ksgov.net\/sr\/wp-json\/wp\/v2\/comments?post=78452"}],"version-history":[{"count":0,"href":"https:\/\/president-ksgov.net\/sr\/wp-json\/wp\/v2\/posts\/78452\/revisions"}],"wp:featuredmedia":[{"embeddable":true,"href":"https:\/\/president-ksgov.net\/sr\/wp-json\/wp\/v2\/media\/51455"}],"wp:attachment":[{"href":"https:\/\/president-ksgov.net\/sr\/wp-json\/wp\/v2\/media?parent=78452"}],"wp:term":[{"taxonomy":"category","embeddable":true,"href":"https:\/\/president-ksgov.net\/sr\/wp-json\/wp\/v2\/categories?post=78452"},{"taxonomy":"post_tag","embeddable":true,"href":"https:\/\/president-ksgov.net\/sr\/wp-json\/wp\/v2\/tags?post=78452"}],"curies":[{"name":"wp","href":"https:\/\/api.w.org\/{rel}","templated":true}]}}