{"id":78436,"date":"2013-04-27T15:30:56","date_gmt":"2013-04-27T15:30:56","guid":{"rendered":"https:\/\/dev.president-ksgov.net\/govor-predsednice-jahjaga-na-obeleavanje-27-aprila-dana-nestalih-kosova\/"},"modified":"2023-03-08T09:04:14","modified_gmt":"2023-03-08T09:04:14","slug":"govor-predsednice-jahjaga-na-obeleavanje-27-aprila-dana-nestalih-kosova","status":"publish","type":"post","link":"https:\/\/president-ksgov.net\/sr\/govor-predsednice-jahjaga-na-obeleavanje-27-aprila-dana-nestalih-kosova\/","title":{"rendered":"Govor Predsednice Jahjaga na obele&#158;avanje 27 aprila-Dana nestalih Kosova"},"content":{"rendered":"<p>Predsednica Republike Kosovo, gospo\u0111a Atifete Jahjaga danas je prisustvovala  centralnoj manifestaciji obele&#382;avanja 27 aprila &#8211; Dana nestalih Kosova, organizovanog u Meje \u0110akovice.<\/p>\n<p>U govoru odr&#382;anog u ovoj manifestaciji, Predsednica Jahjaga je naglasila:<\/p>\n<p>Po&#353;tovani predstavnici institucija Republike Kosovo,<br \/>\nPo&#353;tovani predsedni\u010de op&#353;tine \u0110akovica,<br \/>\nPo&#353;tovani veterani Oslobodila\u010dke Vojske Kosova,<br \/>\nPo&#353;tovani \u010dlanovi porodice palih boraca,<br \/>\nPo&#353;tovani \u010dlanovi porodica nestalih osoba, koji ve\u0107 14 godina &#382;ivite u nespokojstvo i stravu saznanja sudbine najdra&#382;ih,<\/p>\n<p>Po&#353;tovani gra\u0111ani.<\/p>\n<p>U ovim godi&#353;njicama velike boli skupljamo se zajedno da bismo se setili na&#353;ih najdra&#382;ih: na&#353;e dece, na&#353;e bra\u0107e i sestara, na&#353;ih o\u010deva i majki i na&#353;ih najdra&#382;ih i najbli&#382;ih, koji su se &#382;rtvovali za domovinu, koji su poginuli i masakrirani i koji su i mrtvi i &#382;ivi uzeti i udaljeni u cilju skrivanja tragova zlo\u010dina koje je u na&#353;im ognji&#353;tima protiv nedu&#382;nog naroda u\u010dinio okupator, \u010dinili policija, paravojne snage, vojnici potpomognuti od raznih bandi sa jedinim ciljem ispra&#382;njavanja teritorija, izvr&#353;iti etni\u010dko \u010di&#353;\u0107enje i izmene nacionalne strukture stanovni&#353;tva. Jedini motiv radi izvr&#353;avanja zlo\u010dina je bio taj &#353;to su ovi pali borci bili Albanci.\u00a0<br \/>\n\u00a0<br \/>\nPo&#353;tovani moji sugra\u0111ani,<\/p>\n<p>Danas Republika Kosovo je suverena i nezavisna dr&#382;ava, sa jasnim putem integracije u Evropsku Zajednicu, sa ve\u010dnim prijateljstvom sa Sjedinjenim Ameri\u010dkim Dr&#382;avama. Danas smo slobodni da zajedno sa na&#353;im me\u0111unarodnim prijateljima gradimo jednu bezbednu sada&#353;njost i budu\u0107nost, bolju za nas i za generacije koje dolaze. Nikada vi&#353;e u na&#353;im ognji&#353;tima ne\u0107e zgaziti \u010dizma okupatora.<\/p>\n<p>Republika Kosovo je gra\u0111anska dr&#382;ava. Zemlja ravnopravnih i slobodnih ljudi, bez obzira na nacionalnu i versku pripadnost.<\/p>\n<p>Mi gradimo zemlju i odnose me\u0111u ljudima na osnovu ljubavi i razumevanja a ne na osnovu mr&#382;nje.<\/p>\n<p>Mi gradimo dr&#382;avu reda i vladanja zakona &#353;to podrazumeva da \u0107e svi zlo\u010dinci biti dovedeni pred pravdom i zaslu&#382;eno ka&#382;njeni za njihova zlo\u010dina\u010dka dela.<\/p>\n<p>Po&#353;tovani gra\u0111ani, <\/p>\n<p>Masakra na Meji\u00a0 jeste jedno od najve\u0107ih zlo\u010dina koje je neprijatelj izvr&#353;io nad na&#353;im narodom.<\/p>\n<p>To je masakr u kome odjednom je nastradao velik broj ljudi svih starosnih dobi ne &#353;tede\u0107i ni decu ni starce.<\/p>\n<p>Okupator je ovo \u010dinio u cilju da podstakne iseljavanje i da izvr&#353;i etni\u010dko \u010di&#353;\u0107enje, da poga\u0111a na&#353;a srca ubijaju\u0107i, masakriraju\u0107i, otimaju\u0107i na&#353;e najdra&#382;e &#382;ele\u0107i da uni&#353;te na&#353;u &#382;elju za slobodom, za nezavisnost i demokratiju.<\/p>\n<p>Kao predsednica zemlje ka&#382;em vam da mi, kao institucije uz pomo\u0107 me\u0111unarodnih misija nikada ne\u0107emo stati dok svakog zlo\u010dinca ne dovedemo pred pravdom. Nema i ne mo&#382;e biti amnestije za njih. Nema mesta gde se mogu skrivati.<\/p>\n<p>Po&#353;tovani moji sugra\u0111ani,<\/p>\n<p>Pognuti se u znak po&#353;tovanja pred ve\u010dnom zemljom ovih palih boraca na&#353;e albanske nacije, svih veroispovesti koji su polo&#382;ili svoj &#382;ivot u oltar slobode i domovine, jeste po&#353;tovanje za njihov &#382;ivot za njihov san i ideal koji smo danas ostvarili i koji je jedno posve\u0107enje za sve nas jer sloboda i nezavisnost je izvojevana uz mnogo patnji i &#382;rtava.<\/p>\n<p>Ve\u010dno se\u0107anje i po&#353;tovanje za na&#353;e najdra&#382;e koji svima nama danas nedostaju.<\/p>\n<p>Ve\u010dna slava.<\/p>\n","protected":false},"excerpt":{"rendered":"<p>Predsednica Republike Kosovo, gospo\u0111a Atifete Jahjaga danas je prisustvovala  centralnoj manifestaciji obele&#382;avanja 27 aprila &#8211; Dana nestalih Kosova, organizovanog u Meje \u0110akovice.<\/p>\n","protected":false},"author":1,"featured_media":51324,"comment_status":"open","ping_status":"closed","sticky":false,"template":"","format":"standard","meta":{"_eb_attr":"","footnotes":""},"categories":[106],"tags":[],"class_list":["post-78436","post","type-post","status-publish","format-standard","has-post-thumbnail","hentry","category-govori"],"yoast_head":"<!-- This site is optimized with the Yoast SEO plugin v23.5 - https:\/\/yoast.com\/wordpress\/plugins\/seo\/ -->\n<title>Govor Predsednice Jahjaga na obele&#158;avanje 27 aprila-Dana nestalih Kosova - Predsednik Republike Kosovo - DR. VJOSA OSMANI - SADRIU<\/title>\n<meta name=\"description\" content=\"Govor Predsednice Jahjaga na obele&#158;avanje 27 aprila-Dana nestalih Kosova - Predsednik Republike Kosovo - DR. VJOSA OSMANI - SADRIU -\" \/>\n<meta name=\"robots\" content=\"index, follow, max-snippet:-1, max-image-preview:large, max-video-preview:-1\" \/>\n<link rel=\"canonical\" href=\"https:\/\/president-ksgov.net\/fjalimi-i-presidentes-jahjaga-ne-shenimin-e-27-prillit-dites-se-te-pagjeturve-te-kosoves\/\" \/>\n<meta property=\"og:locale\" content=\"sr_RS\" \/>\n<meta property=\"og:type\" content=\"article\" \/>\n<meta property=\"og:title\" content=\"Govor Predsednice Jahjaga na obele&#158;avanje 27 aprila-Dana nestalih Kosova - Predsednik Republike Kosovo - DR. VJOSA OSMANI - SADRIU\" \/>\n<meta property=\"og:description\" content=\"Govor Predsednice Jahjaga na obele&#158;avanje 27 aprila-Dana nestalih Kosova - Predsednik Republike Kosovo - DR. VJOSA OSMANI - SADRIU -\" \/>\n<meta property=\"og:url\" content=\"https:\/\/president-ksgov.net\/fjalimi-i-presidentes-jahjaga-ne-shenimin-e-27-prillit-dites-se-te-pagjeturve-te-kosoves\/\" \/>\n<meta property=\"og:site_name\" content=\"Predsednik Republike Kosovo - DR. VJOSA OSMANI - SADRIU\" \/>\n<meta property=\"article:published_time\" content=\"2013-04-27T15:30:56+00:00\" \/>\n<meta property=\"article:modified_time\" content=\"2023-03-08T09:04:14+00:00\" \/>\n<meta property=\"og:image\" content=\"https:\/\/president-ksgov.net\/wp-content\/uploads\/27_04_13_127929_27_04_2013_Meje_0.jpg\" \/>\n\t<meta property=\"og:image:width\" content=\"1000\" \/>\n\t<meta property=\"og:image:height\" content=\"1071\" \/>\n\t<meta property=\"og:image:type\" content=\"image\/jpeg\" \/>\n<meta name=\"author\" content=\"admin\" \/>\n<meta name=\"twitter:card\" content=\"summary_large_image\" \/>\n<meta name=\"twitter:label1\" content=\"\u041d\u0430\u043f\u0438\u0441\u0430\u043d\u043e \u043e\u0434\" \/>\n\t<meta name=\"twitter:data1\" content=\"admin\" \/>\n\t<meta name=\"twitter:label2\" content=\"\u041f\u0440\u043e\u0446\u0435\u045a\u0435\u043d\u043e \u0432\u0440\u0435\u043c\u0435 \u0447\u0438\u0442\u0430\u045a\u0430\" \/>\n\t<meta name=\"twitter:data2\" content=\"3 \u043c\u0438\u043d\u0443\u0442\u0430\" \/>\n<script type=\"application\/ld+json\" class=\"yoast-schema-graph\">{\"@context\":\"https:\/\/schema.org\",\"@graph\":[{\"@type\":\"WebPage\",\"@id\":\"https:\/\/president-ksgov.net\/fjalimi-i-presidentes-jahjaga-ne-shenimin-e-27-prillit-dites-se-te-pagjeturve-te-kosoves\/\",\"url\":\"https:\/\/president-ksgov.net\/fjalimi-i-presidentes-jahjaga-ne-shenimin-e-27-prillit-dites-se-te-pagjeturve-te-kosoves\/\",\"name\":\"Govor Predsednice Jahjaga na obele&#158;avanje 27 aprila-Dana nestalih Kosova - Predsednik Republike Kosovo - DR. VJOSA OSMANI - SADRIU\",\"isPartOf\":{\"@id\":\"https:\/\/president-ksgov.net\/#website\"},\"primaryImageOfPage\":{\"@id\":\"https:\/\/president-ksgov.net\/fjalimi-i-presidentes-jahjaga-ne-shenimin-e-27-prillit-dites-se-te-pagjeturve-te-kosoves\/#primaryimage\"},\"image\":{\"@id\":\"https:\/\/president-ksgov.net\/fjalimi-i-presidentes-jahjaga-ne-shenimin-e-27-prillit-dites-se-te-pagjeturve-te-kosoves\/#primaryimage\"},\"thumbnailUrl\":\"https:\/\/president-ksgov.net\/wp-content\/uploads\/27_04_13_127929_27_04_2013_Meje_0.jpg\",\"datePublished\":\"2013-04-27T15:30:56+00:00\",\"dateModified\":\"2023-03-08T09:04:14+00:00\",\"author\":{\"@id\":\"https:\/\/president-ksgov.net\/#\/schema\/person\/bb4337a5fb147cb2046d80548172cbee\"},\"description\":\"Govor Predsednice Jahjaga na obele&#158;avanje 27 aprila-Dana nestalih Kosova - Predsednik Republike Kosovo - DR. VJOSA OSMANI - SADRIU -\",\"breadcrumb\":{\"@id\":\"https:\/\/president-ksgov.net\/fjalimi-i-presidentes-jahjaga-ne-shenimin-e-27-prillit-dites-se-te-pagjeturve-te-kosoves\/#breadcrumb\"},\"inLanguage\":\"sr-RS\",\"potentialAction\":[{\"@type\":\"ReadAction\",\"target\":[\"https:\/\/president-ksgov.net\/fjalimi-i-presidentes-jahjaga-ne-shenimin-e-27-prillit-dites-se-te-pagjeturve-te-kosoves\/\"]}]},{\"@type\":\"ImageObject\",\"inLanguage\":\"sr-RS\",\"@id\":\"https:\/\/president-ksgov.net\/fjalimi-i-presidentes-jahjaga-ne-shenimin-e-27-prillit-dites-se-te-pagjeturve-te-kosoves\/#primaryimage\",\"url\":\"https:\/\/president-ksgov.net\/wp-content\/uploads\/27_04_13_127929_27_04_2013_Meje_0.jpg\",\"contentUrl\":\"https:\/\/president-ksgov.net\/wp-content\/uploads\/27_04_13_127929_27_04_2013_Meje_0.jpg\",\"width\":1000,\"height\":1071},{\"@type\":\"BreadcrumbList\",\"@id\":\"https:\/\/president-ksgov.net\/fjalimi-i-presidentes-jahjaga-ne-shenimin-e-27-prillit-dites-se-te-pagjeturve-te-kosoves\/#breadcrumb\",\"itemListElement\":[{\"@type\":\"ListItem\",\"position\":1,\"name\":\"Home\",\"item\":\"https:\/\/president-ksgov.net\/sr\/\"},{\"@type\":\"ListItem\",\"position\":2,\"name\":\"Govor Predsednice Jahjaga na obele&#158;avanje 27 aprila-Dana nestalih Kosova\"}]},{\"@type\":\"WebSite\",\"@id\":\"https:\/\/president-ksgov.net\/#website\",\"url\":\"https:\/\/president-ksgov.net\/\",\"name\":\"Presidente e Republik\u00ebs s\u00eb Kosov\u00ebs\",\"description\":\"Presidente e Republik\u00ebs s\u00eb Kosov\u00ebs\",\"alternateName\":\"DR. VJOSA OSMANI - SADRIU\",\"potentialAction\":[{\"@type\":\"SearchAction\",\"target\":{\"@type\":\"EntryPoint\",\"urlTemplate\":\"https:\/\/president-ksgov.net\/?s={search_term_string}\"},\"query-input\":{\"@type\":\"PropertyValueSpecification\",\"valueRequired\":true,\"valueName\":\"search_term_string\"}}],\"inLanguage\":\"sr-RS\"},{\"@type\":\"Person\",\"@id\":\"https:\/\/president-ksgov.net\/#\/schema\/person\/bb4337a5fb147cb2046d80548172cbee\",\"name\":\"admin\",\"image\":{\"@type\":\"ImageObject\",\"inLanguage\":\"sr-RS\",\"@id\":\"https:\/\/president-ksgov.net\/#\/schema\/person\/image\/\",\"url\":\"https:\/\/secure.gravatar.com\/avatar\/36156ca0fa3b8d9d25174f146e16beea0cf28f37adf1b9e19b6c9c279a7c9dd3?s=96&d=mm&r=g\",\"contentUrl\":\"https:\/\/secure.gravatar.com\/avatar\/36156ca0fa3b8d9d25174f146e16beea0cf28f37adf1b9e19b6c9c279a7c9dd3?s=96&d=mm&r=g\",\"caption\":\"admin\"},\"sameAs\":[\"https:\/\/president-ksgov.net\"]}]}<\/script>\n<!-- \/ Yoast SEO plugin. -->","yoast_head_json":{"title":"Govor Predsednice Jahjaga na obele&#158;avanje 27 aprila-Dana nestalih Kosova - Predsednik Republike Kosovo - DR. VJOSA OSMANI - SADRIU","description":"Govor Predsednice Jahjaga na obele&#158;avanje 27 aprila-Dana nestalih Kosova - Predsednik Republike Kosovo - DR. VJOSA OSMANI - SADRIU -","robots":{"index":"index","follow":"follow","max-snippet":"max-snippet:-1","max-image-preview":"max-image-preview:large","max-video-preview":"max-video-preview:-1"},"canonical":"https:\/\/president-ksgov.net\/fjalimi-i-presidentes-jahjaga-ne-shenimin-e-27-prillit-dites-se-te-pagjeturve-te-kosoves\/","og_locale":"sr_RS","og_type":"article","og_title":"Govor Predsednice Jahjaga na obele&#158;avanje 27 aprila-Dana nestalih Kosova - Predsednik Republike Kosovo - DR. VJOSA OSMANI - SADRIU","og_description":"Govor Predsednice Jahjaga na obele&#158;avanje 27 aprila-Dana nestalih Kosova - Predsednik Republike Kosovo - DR. VJOSA OSMANI - SADRIU -","og_url":"https:\/\/president-ksgov.net\/fjalimi-i-presidentes-jahjaga-ne-shenimin-e-27-prillit-dites-se-te-pagjeturve-te-kosoves\/","og_site_name":"Predsednik Republike Kosovo - DR. VJOSA OSMANI - SADRIU","article_published_time":"2013-04-27T15:30:56+00:00","article_modified_time":"2023-03-08T09:04:14+00:00","og_image":[{"width":1000,"height":1071,"url":"https:\/\/president-ksgov.net\/wp-content\/uploads\/27_04_13_127929_27_04_2013_Meje_0.jpg","type":"image\/jpeg"}],"author":"admin","twitter_card":"summary_large_image","twitter_misc":{"\u041d\u0430\u043f\u0438\u0441\u0430\u043d\u043e \u043e\u0434":"admin","\u041f\u0440\u043e\u0446\u0435\u045a\u0435\u043d\u043e \u0432\u0440\u0435\u043c\u0435 \u0447\u0438\u0442\u0430\u045a\u0430":"3 \u043c\u0438\u043d\u0443\u0442\u0430"},"schema":{"@context":"https:\/\/schema.org","@graph":[{"@type":"WebPage","@id":"https:\/\/president-ksgov.net\/fjalimi-i-presidentes-jahjaga-ne-shenimin-e-27-prillit-dites-se-te-pagjeturve-te-kosoves\/","url":"https:\/\/president-ksgov.net\/fjalimi-i-presidentes-jahjaga-ne-shenimin-e-27-prillit-dites-se-te-pagjeturve-te-kosoves\/","name":"Govor Predsednice Jahjaga na obele&#158;avanje 27 aprila-Dana nestalih Kosova - Predsednik Republike Kosovo - DR. VJOSA OSMANI - SADRIU","isPartOf":{"@id":"https:\/\/president-ksgov.net\/#website"},"primaryImageOfPage":{"@id":"https:\/\/president-ksgov.net\/fjalimi-i-presidentes-jahjaga-ne-shenimin-e-27-prillit-dites-se-te-pagjeturve-te-kosoves\/#primaryimage"},"image":{"@id":"https:\/\/president-ksgov.net\/fjalimi-i-presidentes-jahjaga-ne-shenimin-e-27-prillit-dites-se-te-pagjeturve-te-kosoves\/#primaryimage"},"thumbnailUrl":"https:\/\/president-ksgov.net\/wp-content\/uploads\/27_04_13_127929_27_04_2013_Meje_0.jpg","datePublished":"2013-04-27T15:30:56+00:00","dateModified":"2023-03-08T09:04:14+00:00","author":{"@id":"https:\/\/president-ksgov.net\/#\/schema\/person\/bb4337a5fb147cb2046d80548172cbee"},"description":"Govor Predsednice Jahjaga na obele&#158;avanje 27 aprila-Dana nestalih Kosova - Predsednik Republike Kosovo - DR. VJOSA OSMANI - SADRIU -","breadcrumb":{"@id":"https:\/\/president-ksgov.net\/fjalimi-i-presidentes-jahjaga-ne-shenimin-e-27-prillit-dites-se-te-pagjeturve-te-kosoves\/#breadcrumb"},"inLanguage":"sr-RS","potentialAction":[{"@type":"ReadAction","target":["https:\/\/president-ksgov.net\/fjalimi-i-presidentes-jahjaga-ne-shenimin-e-27-prillit-dites-se-te-pagjeturve-te-kosoves\/"]}]},{"@type":"ImageObject","inLanguage":"sr-RS","@id":"https:\/\/president-ksgov.net\/fjalimi-i-presidentes-jahjaga-ne-shenimin-e-27-prillit-dites-se-te-pagjeturve-te-kosoves\/#primaryimage","url":"https:\/\/president-ksgov.net\/wp-content\/uploads\/27_04_13_127929_27_04_2013_Meje_0.jpg","contentUrl":"https:\/\/president-ksgov.net\/wp-content\/uploads\/27_04_13_127929_27_04_2013_Meje_0.jpg","width":1000,"height":1071},{"@type":"BreadcrumbList","@id":"https:\/\/president-ksgov.net\/fjalimi-i-presidentes-jahjaga-ne-shenimin-e-27-prillit-dites-se-te-pagjeturve-te-kosoves\/#breadcrumb","itemListElement":[{"@type":"ListItem","position":1,"name":"Home","item":"https:\/\/president-ksgov.net\/sr\/"},{"@type":"ListItem","position":2,"name":"Govor Predsednice Jahjaga na obele&#158;avanje 27 aprila-Dana nestalih Kosova"}]},{"@type":"WebSite","@id":"https:\/\/president-ksgov.net\/#website","url":"https:\/\/president-ksgov.net\/","name":"Presidente e Republik\u00ebs s\u00eb Kosov\u00ebs","description":"Presidente e Republik\u00ebs s\u00eb Kosov\u00ebs","alternateName":"DR. VJOSA OSMANI - SADRIU","potentialAction":[{"@type":"SearchAction","target":{"@type":"EntryPoint","urlTemplate":"https:\/\/president-ksgov.net\/?s={search_term_string}"},"query-input":{"@type":"PropertyValueSpecification","valueRequired":true,"valueName":"search_term_string"}}],"inLanguage":"sr-RS"},{"@type":"Person","@id":"https:\/\/president-ksgov.net\/#\/schema\/person\/bb4337a5fb147cb2046d80548172cbee","name":"admin","image":{"@type":"ImageObject","inLanguage":"sr-RS","@id":"https:\/\/president-ksgov.net\/#\/schema\/person\/image\/","url":"https:\/\/secure.gravatar.com\/avatar\/36156ca0fa3b8d9d25174f146e16beea0cf28f37adf1b9e19b6c9c279a7c9dd3?s=96&d=mm&r=g","contentUrl":"https:\/\/secure.gravatar.com\/avatar\/36156ca0fa3b8d9d25174f146e16beea0cf28f37adf1b9e19b6c9c279a7c9dd3?s=96&d=mm&r=g","caption":"admin"},"sameAs":["https:\/\/president-ksgov.net"]}]}},"_links":{"self":[{"href":"https:\/\/president-ksgov.net\/sr\/wp-json\/wp\/v2\/posts\/78436","targetHints":{"allow":["GET"]}}],"collection":[{"href":"https:\/\/president-ksgov.net\/sr\/wp-json\/wp\/v2\/posts"}],"about":[{"href":"https:\/\/president-ksgov.net\/sr\/wp-json\/wp\/v2\/types\/post"}],"author":[{"embeddable":true,"href":"https:\/\/president-ksgov.net\/sr\/wp-json\/wp\/v2\/users\/1"}],"replies":[{"embeddable":true,"href":"https:\/\/president-ksgov.net\/sr\/wp-json\/wp\/v2\/comments?post=78436"}],"version-history":[{"count":1,"href":"https:\/\/president-ksgov.net\/sr\/wp-json\/wp\/v2\/posts\/78436\/revisions"}],"predecessor-version":[{"id":81745,"href":"https:\/\/president-ksgov.net\/sr\/wp-json\/wp\/v2\/posts\/78436\/revisions\/81745"}],"wp:featuredmedia":[{"embeddable":true,"href":"https:\/\/president-ksgov.net\/sr\/wp-json\/wp\/v2\/media\/51324"}],"wp:attachment":[{"href":"https:\/\/president-ksgov.net\/sr\/wp-json\/wp\/v2\/media?parent=78436"}],"wp:term":[{"taxonomy":"category","embeddable":true,"href":"https:\/\/president-ksgov.net\/sr\/wp-json\/wp\/v2\/categories?post=78436"},{"taxonomy":"post_tag","embeddable":true,"href":"https:\/\/president-ksgov.net\/sr\/wp-json\/wp\/v2\/tags?post=78436"}],"curies":[{"name":"wp","href":"https:\/\/api.w.org\/{rel}","templated":true}]}}