{"id":78427,"date":"2013-05-08T15:58:14","date_gmt":"2013-05-08T15:58:14","guid":{"rendered":"https:\/\/dev.president-ksgov.net\/poruka-predsednice-jahjaga-povodom-9-maja-dana-evrope\/"},"modified":"2013-05-08T15:58:14","modified_gmt":"2013-05-08T15:58:14","slug":"poruka-predsednice-jahjaga-povodom-9-maja-dana-evrope","status":"publish","type":"post","link":"https:\/\/president-ksgov.net\/sr\/poruka-predsednice-jahjaga-povodom-9-maja-dana-evrope\/","title":{"rendered":"Poruka Predsednice Jahjaga povodom 9. maja, Dana Evrope"},"content":{"rendered":"<p>Na dan 9. maj bele&#382;imo 63 godi&#353;njicu po\u010detka istorijskog projekta za stvaranje Evropske Zajednice. Ovaj datum, koji je poznat kao Dan Evrope, simbolizuje aspiracije naroda Evrope za &#382;ivot u miru, demokratiji i prosperitetu, zasnovanog na zajedni\u010dke vrednosti slobode , vladanja zakona i po&#353;tovanja ljudskih prava.<\/p>\n<p>Ova datum nalazi gra\u0111ane Kosova ujedinjene oko ovih vrednosti i vizije integracije u evropsku porodicu. Nalazi nas u jednom va&#382;nom momentu za evropsku budu\u0107nost na&#353;e zemlje na pragu otvaranja pregovora za Sporazum o Stabilizaciji i Asociranju sa Evropskom Zajednicom &#353;to potvr\u0111uje do sada postignuti uspeh i koje otvara put u pravcu potpune integracije u Evropsku Zajednicu. <\/p>\n<p>Integracija u EZ-e zavisi od nas, od institucija i gra\u0111ana, od na&#353;e volje i anga&#382;ovanja za dokazivanje da smo deo Evrope i njenih vrednosti. Nema jednog kratkog puta za \u010dlanstvo u EZ-e i mi nismo zainteresovani za tako ne&#353;to. Mi smo zainteresovani da ispunimo sve uslove, jer samo tako mo&#382;emo stvarati jednu\u00a0 ustrajnu dr&#382;avu, jedno sveobuhvatno dru&#353;tvo i jednu konsolidovanu demokratiju. Reforme koje trebamo preduzeti su ne samo radi evropske integracije, nego i za na&#353;e blagostanje, za na&#353;eg gra\u0111anina i za budu\u0107nost novih generacija. <\/p>\n<p>Ovog dana mi odajemo na&#353;e priznanje za institucije i zemlje \u010dlanice Evropske Zajednice, za stalnu podr&#353;ku koju daju politici pro&#353;irenja Evropske Zajednice u regionu i evropske perspektive Republike Kosovo. Istorijska vizija jedne ujedinjene Evrope u miru ne\u0107e biti kompletirana dok sve zemlje Zapadnog Balkana ne postaju njen deo.<\/p>\n","protected":false},"excerpt":{"rendered":"<p>Na dan 9. maj bele&#382;imo 63 godi&#353;njicu po\u010detka istorijskog projekta za stvaranje Evropske Zajednice. Ovaj datum, koji je poznat kao Dan Evrope, simbolizuje aspiracije naroda Evrope za &#382;ivot u miru, demokratiji i prosperitetu, zasnovanog na zajedni\u010dke vrednosti slobode , vladanja zakona i po&#353;tovanja ljudskih prava.<\/p>\n","protected":false},"author":1,"featured_media":86338,"comment_status":"open","ping_status":"closed","sticky":false,"template":"","format":"standard","meta":{"_eb_attr":"","footnotes":""},"categories":[101],"tags":[],"class_list":["post-78427","post","type-post","status-publish","format-standard","has-post-thumbnail","hentry","category-vesti"],"yoast_head":"<!-- This site is optimized with the Yoast SEO plugin v23.5 - https:\/\/yoast.com\/wordpress\/plugins\/seo\/ -->\n<title>Poruka Predsednice Jahjaga povodom 9. maja, Dana Evrope - Predsednik Republike Kosovo - DR. VJOSA OSMANI - SADRIU<\/title>\n<meta name=\"description\" content=\"Poruka Predsednice Jahjaga povodom 9. maja, Dana Evrope - Predsednik Republike Kosovo - DR. VJOSA OSMANI - SADRIU -\" \/>\n<meta name=\"robots\" content=\"index, follow, max-snippet:-1, max-image-preview:large, max-video-preview:-1\" \/>\n<link rel=\"canonical\" href=\"https:\/\/president-ksgov.net\/mesazhi-i-presidentes-jahjaga-me-rastin-e-9-majit-dites-se-evropes\/\" \/>\n<meta property=\"og:locale\" content=\"sr_RS\" \/>\n<meta property=\"og:type\" content=\"article\" \/>\n<meta property=\"og:title\" content=\"Poruka Predsednice Jahjaga povodom 9. maja, Dana Evrope - Predsednik Republike Kosovo - DR. VJOSA OSMANI - SADRIU\" \/>\n<meta property=\"og:description\" content=\"Poruka Predsednice Jahjaga povodom 9. maja, Dana Evrope - Predsednik Republike Kosovo - DR. VJOSA OSMANI - SADRIU -\" \/>\n<meta property=\"og:url\" content=\"https:\/\/president-ksgov.net\/mesazhi-i-presidentes-jahjaga-me-rastin-e-9-majit-dites-se-evropes\/\" \/>\n<meta property=\"og:site_name\" content=\"Predsednik Republike Kosovo - DR. VJOSA OSMANI - SADRIU\" \/>\n<meta property=\"article:published_time\" content=\"2013-05-08T15:58:14+00:00\" \/>\n<meta property=\"og:image\" content=\"https:\/\/president-ksgov.net\/wp-content\/uploads\/Zyra-e-Presidentes-Featured-Image1-e1678970937938.png\" \/>\n\t<meta property=\"og:image:width\" content=\"1024\" \/>\n\t<meta property=\"og:image:height\" content=\"716\" \/>\n\t<meta property=\"og:image:type\" content=\"image\/png\" \/>\n<meta name=\"author\" content=\"admin\" \/>\n<meta name=\"twitter:card\" content=\"summary_large_image\" \/>\n<meta name=\"twitter:label1\" content=\"\u041d\u0430\u043f\u0438\u0441\u0430\u043d\u043e \u043e\u0434\" \/>\n\t<meta name=\"twitter:data1\" content=\"admin\" \/>\n\t<meta name=\"twitter:label2\" content=\"\u041f\u0440\u043e\u0446\u0435\u045a\u0435\u043d\u043e \u0432\u0440\u0435\u043c\u0435 \u0447\u0438\u0442\u0430\u045a\u0430\" \/>\n\t<meta name=\"twitter:data2\" content=\"1 \u043c\u0438\u043d\u0443\u0442\" \/>\n<script type=\"application\/ld+json\" class=\"yoast-schema-graph\">{\"@context\":\"https:\/\/schema.org\",\"@graph\":[{\"@type\":\"WebPage\",\"@id\":\"https:\/\/president-ksgov.net\/mesazhi-i-presidentes-jahjaga-me-rastin-e-9-majit-dites-se-evropes\/\",\"url\":\"https:\/\/president-ksgov.net\/mesazhi-i-presidentes-jahjaga-me-rastin-e-9-majit-dites-se-evropes\/\",\"name\":\"Poruka Predsednice Jahjaga povodom 9. maja, Dana Evrope - Predsednik Republike Kosovo - DR. VJOSA OSMANI - SADRIU\",\"isPartOf\":{\"@id\":\"https:\/\/president-ksgov.net\/#website\"},\"primaryImageOfPage\":{\"@id\":\"https:\/\/president-ksgov.net\/mesazhi-i-presidentes-jahjaga-me-rastin-e-9-majit-dites-se-evropes\/#primaryimage\"},\"image\":{\"@id\":\"https:\/\/president-ksgov.net\/mesazhi-i-presidentes-jahjaga-me-rastin-e-9-majit-dites-se-evropes\/#primaryimage\"},\"thumbnailUrl\":\"https:\/\/president-ksgov.net\/wp-content\/uploads\/Zyra-e-Presidentes-Featured-Image1-e1678970937938.png\",\"datePublished\":\"2013-05-08T15:58:14+00:00\",\"dateModified\":\"2013-05-08T15:58:14+00:00\",\"author\":{\"@id\":\"https:\/\/president-ksgov.net\/#\/schema\/person\/bb4337a5fb147cb2046d80548172cbee\"},\"description\":\"Poruka Predsednice Jahjaga povodom 9. maja, Dana Evrope - Predsednik Republike Kosovo - DR. VJOSA OSMANI - SADRIU -\",\"breadcrumb\":{\"@id\":\"https:\/\/president-ksgov.net\/mesazhi-i-presidentes-jahjaga-me-rastin-e-9-majit-dites-se-evropes\/#breadcrumb\"},\"inLanguage\":\"sr-RS\",\"potentialAction\":[{\"@type\":\"ReadAction\",\"target\":[\"https:\/\/president-ksgov.net\/mesazhi-i-presidentes-jahjaga-me-rastin-e-9-majit-dites-se-evropes\/\"]}]},{\"@type\":\"ImageObject\",\"inLanguage\":\"sr-RS\",\"@id\":\"https:\/\/president-ksgov.net\/mesazhi-i-presidentes-jahjaga-me-rastin-e-9-majit-dites-se-evropes\/#primaryimage\",\"url\":\"https:\/\/president-ksgov.net\/wp-content\/uploads\/Zyra-e-Presidentes-Featured-Image1-e1678970937938.png\",\"contentUrl\":\"https:\/\/president-ksgov.net\/wp-content\/uploads\/Zyra-e-Presidentes-Featured-Image1-e1678970937938.png\",\"width\":1024,\"height\":716},{\"@type\":\"BreadcrumbList\",\"@id\":\"https:\/\/president-ksgov.net\/mesazhi-i-presidentes-jahjaga-me-rastin-e-9-majit-dites-se-evropes\/#breadcrumb\",\"itemListElement\":[{\"@type\":\"ListItem\",\"position\":1,\"name\":\"Home\",\"item\":\"https:\/\/president-ksgov.net\/sr\/\"},{\"@type\":\"ListItem\",\"position\":2,\"name\":\"Poruka Predsednice Jahjaga povodom 9. maja, Dana Evrope\"}]},{\"@type\":\"WebSite\",\"@id\":\"https:\/\/president-ksgov.net\/#website\",\"url\":\"https:\/\/president-ksgov.net\/\",\"name\":\"Presidente e Republik\u00ebs s\u00eb Kosov\u00ebs\",\"description\":\"Presidente e Republik\u00ebs s\u00eb Kosov\u00ebs\",\"alternateName\":\"DR. VJOSA OSMANI - SADRIU\",\"potentialAction\":[{\"@type\":\"SearchAction\",\"target\":{\"@type\":\"EntryPoint\",\"urlTemplate\":\"https:\/\/president-ksgov.net\/?s={search_term_string}\"},\"query-input\":{\"@type\":\"PropertyValueSpecification\",\"valueRequired\":true,\"valueName\":\"search_term_string\"}}],\"inLanguage\":\"sr-RS\"},{\"@type\":\"Person\",\"@id\":\"https:\/\/president-ksgov.net\/#\/schema\/person\/bb4337a5fb147cb2046d80548172cbee\",\"name\":\"admin\",\"image\":{\"@type\":\"ImageObject\",\"inLanguage\":\"sr-RS\",\"@id\":\"https:\/\/president-ksgov.net\/#\/schema\/person\/image\/\",\"url\":\"https:\/\/secure.gravatar.com\/avatar\/36156ca0fa3b8d9d25174f146e16beea0cf28f37adf1b9e19b6c9c279a7c9dd3?s=96&d=mm&r=g\",\"contentUrl\":\"https:\/\/secure.gravatar.com\/avatar\/36156ca0fa3b8d9d25174f146e16beea0cf28f37adf1b9e19b6c9c279a7c9dd3?s=96&d=mm&r=g\",\"caption\":\"admin\"},\"sameAs\":[\"https:\/\/president-ksgov.net\"]}]}<\/script>\n<!-- \/ Yoast SEO plugin. -->","yoast_head_json":{"title":"Poruka Predsednice Jahjaga povodom 9. maja, Dana Evrope - Predsednik Republike Kosovo - DR. VJOSA OSMANI - SADRIU","description":"Poruka Predsednice Jahjaga povodom 9. maja, Dana Evrope - Predsednik Republike Kosovo - DR. VJOSA OSMANI - SADRIU -","robots":{"index":"index","follow":"follow","max-snippet":"max-snippet:-1","max-image-preview":"max-image-preview:large","max-video-preview":"max-video-preview:-1"},"canonical":"https:\/\/president-ksgov.net\/mesazhi-i-presidentes-jahjaga-me-rastin-e-9-majit-dites-se-evropes\/","og_locale":"sr_RS","og_type":"article","og_title":"Poruka Predsednice Jahjaga povodom 9. maja, Dana Evrope - Predsednik Republike Kosovo - DR. VJOSA OSMANI - SADRIU","og_description":"Poruka Predsednice Jahjaga povodom 9. maja, Dana Evrope - Predsednik Republike Kosovo - DR. VJOSA OSMANI - SADRIU -","og_url":"https:\/\/president-ksgov.net\/mesazhi-i-presidentes-jahjaga-me-rastin-e-9-majit-dites-se-evropes\/","og_site_name":"Predsednik Republike Kosovo - DR. VJOSA OSMANI - SADRIU","article_published_time":"2013-05-08T15:58:14+00:00","og_image":[{"width":1024,"height":716,"url":"https:\/\/president-ksgov.net\/wp-content\/uploads\/Zyra-e-Presidentes-Featured-Image1-e1678970937938.png","type":"image\/png"}],"author":"admin","twitter_card":"summary_large_image","twitter_misc":{"\u041d\u0430\u043f\u0438\u0441\u0430\u043d\u043e \u043e\u0434":"admin","\u041f\u0440\u043e\u0446\u0435\u045a\u0435\u043d\u043e \u0432\u0440\u0435\u043c\u0435 \u0447\u0438\u0442\u0430\u045a\u0430":"1 \u043c\u0438\u043d\u0443\u0442"},"schema":{"@context":"https:\/\/schema.org","@graph":[{"@type":"WebPage","@id":"https:\/\/president-ksgov.net\/mesazhi-i-presidentes-jahjaga-me-rastin-e-9-majit-dites-se-evropes\/","url":"https:\/\/president-ksgov.net\/mesazhi-i-presidentes-jahjaga-me-rastin-e-9-majit-dites-se-evropes\/","name":"Poruka Predsednice Jahjaga povodom 9. maja, Dana Evrope - Predsednik Republike Kosovo - DR. VJOSA OSMANI - SADRIU","isPartOf":{"@id":"https:\/\/president-ksgov.net\/#website"},"primaryImageOfPage":{"@id":"https:\/\/president-ksgov.net\/mesazhi-i-presidentes-jahjaga-me-rastin-e-9-majit-dites-se-evropes\/#primaryimage"},"image":{"@id":"https:\/\/president-ksgov.net\/mesazhi-i-presidentes-jahjaga-me-rastin-e-9-majit-dites-se-evropes\/#primaryimage"},"thumbnailUrl":"https:\/\/president-ksgov.net\/wp-content\/uploads\/Zyra-e-Presidentes-Featured-Image1-e1678970937938.png","datePublished":"2013-05-08T15:58:14+00:00","dateModified":"2013-05-08T15:58:14+00:00","author":{"@id":"https:\/\/president-ksgov.net\/#\/schema\/person\/bb4337a5fb147cb2046d80548172cbee"},"description":"Poruka Predsednice Jahjaga povodom 9. maja, Dana Evrope - Predsednik Republike Kosovo - DR. VJOSA OSMANI - SADRIU -","breadcrumb":{"@id":"https:\/\/president-ksgov.net\/mesazhi-i-presidentes-jahjaga-me-rastin-e-9-majit-dites-se-evropes\/#breadcrumb"},"inLanguage":"sr-RS","potentialAction":[{"@type":"ReadAction","target":["https:\/\/president-ksgov.net\/mesazhi-i-presidentes-jahjaga-me-rastin-e-9-majit-dites-se-evropes\/"]}]},{"@type":"ImageObject","inLanguage":"sr-RS","@id":"https:\/\/president-ksgov.net\/mesazhi-i-presidentes-jahjaga-me-rastin-e-9-majit-dites-se-evropes\/#primaryimage","url":"https:\/\/president-ksgov.net\/wp-content\/uploads\/Zyra-e-Presidentes-Featured-Image1-e1678970937938.png","contentUrl":"https:\/\/president-ksgov.net\/wp-content\/uploads\/Zyra-e-Presidentes-Featured-Image1-e1678970937938.png","width":1024,"height":716},{"@type":"BreadcrumbList","@id":"https:\/\/president-ksgov.net\/mesazhi-i-presidentes-jahjaga-me-rastin-e-9-majit-dites-se-evropes\/#breadcrumb","itemListElement":[{"@type":"ListItem","position":1,"name":"Home","item":"https:\/\/president-ksgov.net\/sr\/"},{"@type":"ListItem","position":2,"name":"Poruka Predsednice Jahjaga povodom 9. maja, Dana Evrope"}]},{"@type":"WebSite","@id":"https:\/\/president-ksgov.net\/#website","url":"https:\/\/president-ksgov.net\/","name":"Presidente e Republik\u00ebs s\u00eb Kosov\u00ebs","description":"Presidente e Republik\u00ebs s\u00eb Kosov\u00ebs","alternateName":"DR. VJOSA OSMANI - SADRIU","potentialAction":[{"@type":"SearchAction","target":{"@type":"EntryPoint","urlTemplate":"https:\/\/president-ksgov.net\/?s={search_term_string}"},"query-input":{"@type":"PropertyValueSpecification","valueRequired":true,"valueName":"search_term_string"}}],"inLanguage":"sr-RS"},{"@type":"Person","@id":"https:\/\/president-ksgov.net\/#\/schema\/person\/bb4337a5fb147cb2046d80548172cbee","name":"admin","image":{"@type":"ImageObject","inLanguage":"sr-RS","@id":"https:\/\/president-ksgov.net\/#\/schema\/person\/image\/","url":"https:\/\/secure.gravatar.com\/avatar\/36156ca0fa3b8d9d25174f146e16beea0cf28f37adf1b9e19b6c9c279a7c9dd3?s=96&d=mm&r=g","contentUrl":"https:\/\/secure.gravatar.com\/avatar\/36156ca0fa3b8d9d25174f146e16beea0cf28f37adf1b9e19b6c9c279a7c9dd3?s=96&d=mm&r=g","caption":"admin"},"sameAs":["https:\/\/president-ksgov.net"]}]}},"_links":{"self":[{"href":"https:\/\/president-ksgov.net\/sr\/wp-json\/wp\/v2\/posts\/78427","targetHints":{"allow":["GET"]}}],"collection":[{"href":"https:\/\/president-ksgov.net\/sr\/wp-json\/wp\/v2\/posts"}],"about":[{"href":"https:\/\/president-ksgov.net\/sr\/wp-json\/wp\/v2\/types\/post"}],"author":[{"embeddable":true,"href":"https:\/\/president-ksgov.net\/sr\/wp-json\/wp\/v2\/users\/1"}],"replies":[{"embeddable":true,"href":"https:\/\/president-ksgov.net\/sr\/wp-json\/wp\/v2\/comments?post=78427"}],"version-history":[{"count":0,"href":"https:\/\/president-ksgov.net\/sr\/wp-json\/wp\/v2\/posts\/78427\/revisions"}],"wp:featuredmedia":[{"embeddable":true,"href":"https:\/\/president-ksgov.net\/sr\/wp-json\/wp\/v2\/media\/86338"}],"wp:attachment":[{"href":"https:\/\/president-ksgov.net\/sr\/wp-json\/wp\/v2\/media?parent=78427"}],"wp:term":[{"taxonomy":"category","embeddable":true,"href":"https:\/\/president-ksgov.net\/sr\/wp-json\/wp\/v2\/categories?post=78427"},{"taxonomy":"post_tag","embeddable":true,"href":"https:\/\/president-ksgov.net\/sr\/wp-json\/wp\/v2\/tags?post=78427"}],"curies":[{"name":"wp","href":"https:\/\/api.w.org\/{rel}","templated":true}]}}