{"id":78423,"date":"2013-05-14T20:17:31","date_gmt":"2013-05-14T20:17:31","guid":{"rendered":"https:\/\/dev.president-ksgov.net\/predsednica-jahjaga-posetila-administrativnu-kancelariju-vlade-republike-kosovo-u-severnu-mitrovicu\/"},"modified":"2013-05-14T20:17:31","modified_gmt":"2013-05-14T20:17:31","slug":"predsednica-jahjaga-posetila-administrativnu-kancelariju-vlade-republike-kosovo-u-severnu-mitrovicu","status":"publish","type":"post","link":"https:\/\/president-ksgov.net\/sr\/predsednica-jahjaga-posetila-administrativnu-kancelariju-vlade-republike-kosovo-u-severnu-mitrovicu\/","title":{"rendered":"Predsednica Jahjaga posetila Administrativnu Kancelariju Vlade Republike Kosovo u Severnu Mitrovicu"},"content":{"rendered":"<p>Predsednica Republike Kosovo, gospo\u0111a Atifete Jahjaga danas je posetila Administrativnu Kancelariju Vlade Republike Kosovo u Severnu Mitrovicu. Ona je do\u010dekana od &#353;efice ove kancelarije Adrijana Hod&#382;i\u0107 i ostali upravlja\u0107i te kancelarije.<\/p>\n<p>Predsednica Jahjaga i &#353;efica Administrativne Kancelarije, Adrijana Hod&#382;i\u0107, su razgovarale od radu i anga&#382;ovanju Kancelarije oko pitanja koja se nadovezuju sa ovom kancelarijom.<\/p>\n<p>Predsednica Jahjaga je \u010destitala gospo\u0111o Hod&#382;i\u0107 godi&#353;njicu otvaranja Kancelarije i ocenila rad kancelarije i njenu ulogu u slu&#382;bi gra\u0111ana svih zajednica koje &#382;ive u ovom delu teritorija Republike Kosovo. Ona je dala punu podr&#353;ku radnicima Administrativne Kancelarije u Severnu Mitrovicu u odgovornom obavljanju zadataka u slu&#382;bi gra\u0111ana Kosova.<\/p>\n<p>&#352;efica Administrativne Kancelarije Vlade Kosova, gospo\u0111a Adrijana Hod&#382;i\u0107, zahvaljuju\u0107i se Predsednici Jahjaga za posetu, re\u010de da za kancelariju i njene radnike je od velike va&#382;nosti institucionalna podr&#353;ka i njena konkretna podr&#353;ka. Ona je obavestila Predsednicu o ukupnom radu i anga&#382;ovanju cele kancelarije i uslugama koje ona pru&#382;a gra\u0111anima u Severnu Mitrovicu.<\/p>\n<p>U nastavku, Predsednica Jahjaga prisustvovala ceremoniji organizovane za godi&#353;njicu osnivanja Administrativne Kancelarije Vlade Republike Kosovo u Severnu Mitrovicu. Ceremoniji su prisustvovali zamenici premijera Slobodan Petrovi\u0107 i Mimoza Kusari-Ljilja, ministarka Vljora \u010citaku i ostali zvani\u010dnici Vlade Republike Kosovo i ostalih institucija, ambasador SAD-e na Kosovu, Tracy Ann Jacobson, ambasador Norve&#353;ke, Jan Braathu, ambasador Turske, Songul Ozan, ambasadori i drugi predstavnici akreditirani u na&#353;u zemlju, kao i ostali gosti.<\/p>\n<p>U prigodno odr&#382;anom govoru u ovoj ceremoniji, Predsednica Jahjaga re\u010de:<\/p>\n<p>Po&#353;tovani Predstavnici Institucija Republike Kosovo,<br \/>\nAmbasadori i predstavnici diplomatskih misija na Kosovu,<br \/>\nPredstavnici KFOR-a,\u00a0 EULEX-a i UNMIK-a,<br \/>\nPredstavnici Policije Kosova, sudova,<br \/>\nPredsednici op&#353;tina Kosova,<br \/>\nPredstavnici verskih zajednica,<br \/>\nPo&#353;tovani u\u010desnici,<br \/>\nPo&#353;tovana gospo\u0111a Hod&#382;i\u0107 i osoblje Administrativne Kancelarije Vlade Republike Kosovo u Severnu Mitrovicu.<\/p>\n<p>Cenimo uspe&#353;nim jednogodi&#353;nji rad Administrativne Kancelarije Republike Kosovo koja je odlukom Vlade\u00a0 otvorena u Severnu Mitrovicu. <\/p>\n<p>\u010cestitamo g-\u0111i Hod&#382;i\u0107 i svo njeno osoblje za\u00a0 posve\u0107enje i vrlo zna\u010dajni rad na uslugu gra\u0111ana u sprovo\u0111enju ustavnosti i zakonitosti.<\/p>\n<p>Administrativna Kancelarija u Severnu Mitrovicu izra&#382;ava na&#353;e posve\u0107enje da svakom gra\u0111aninu pru&#382;imo sve usluge, koje mu olak&#353;aju &#382;ivot i rad.<\/p>\n<p>Ova Kancelarija, svojim radom je pove\u0107ala poverenje i po&#353;tovanje gra\u0111ana u institucije na&#353;e dr&#382;ave, jer je na brz i ta\u010dan na\u010din izvr&#353;avala usluge na osnovu zahteva gra\u0111ana uz postizanje zavidne efikasnosti u administrativnim poslovima.<\/p>\n<p>Vi gospo\u0111o Hod&#382;i\u0107 i slu&#382;benici ove kancelarije podigli ste ugled na&#353;ih institucija u slu&#382;bi gra\u0111ana &#8211; rade\u0107i marljivo, po&#353;teno i neumorno, re&#353;avaju\u0107i svaki zahtev, izlaze\u0107i u susret svim gra\u0111anima bez obzira na njihovu nacionalnu i versku pripadnost.<br \/>\nPo&#353;tovani u\u010desnici,<br \/>\nPostignuti Sporazum u Brisel za normalizaciju odnosa izme\u0111u Kosova i Srbije jeste koristan\u00a0 za sve gra\u0111ane bez razlike, jeste doprinos za mir i stabilnost regiona i poma&#382;e uspostavljanju reda i vladanju zakona u svakom delu zemlje. <\/p>\n<p>Ovim sporazumom nema gubitnika, svi smo dobitnici &#8211; jedino na ovaj na\u010din mo&#382;emo izgraditi svetliju budu\u0107nost.<\/p>\n<p>Sporazum je sveobuhvatan i njegovim sprovo\u0111enjem stranke \u0107e u potpunosti ispuniti svoje obaveze. Odr&#382;avanje lokalnih izbora tokom ove godine u svim op&#353;tinama Kosova, obuhvataju\u0107i i op&#353;tine Leposavi\u0107e, Zve\u010dane, Zubin Potok i Severnu Mitrovicu, bi obele&#382;ilo okon\u010danje jednog poglavlja pro&#353;losti i otvaranje jedne nove evropske perspektive saradnje i razumevanja. Ovo omogu\u0107ava izgradnju jasnih razvojnih politika i privla\u010dnosti inostranih investicija.<\/p>\n<p>Ovo omogu\u0107ava izbora legalnih i legitimnih organa koji predstavljaju interese gra\u0111ana i koje omogu\u0107ava potpunu integraciju srpske zajednice u institucije Republike Kosovo.<\/p>\n<p>Pri tome imamo stalnu pomo\u0107 Evropske Zajednice i Sjedinjenih Ameri\u010dkih Dr&#382;ava.<\/p>\n<p>Republika Kosovo je sigurna na putu evropsko-atlantskih integracija, imaju\u0107i jasnu perspektivu sve zemlje regiona, sara\u0111uju\u0107i i grade\u0107i dobro susedne odnose stvaraju zajedni\u010dku perspektivu integracije u Evropsku Zajednicu. Evropski put nema alternativu za zemlje i narode regije. Ovo je razvoj, standard i garancija izgradnje demokratskih dru&#353;tava.<\/p>\n<p>Republika Kosovo je dr&#382;ava svih njenih gra\u0111ana, slobodnih i ravnopravnih:\u00a0 Albanaca, Srba, Bo&#353;njaka, Turaka, Roma, A&#353;kalija, Egip\u0107ana, Gorana, Crnogoraca, Hrvata &#8211; i svih drugih &#8211; koji vekovima zajedno &#382;ivimo na ovim prostorima sara\u0111uju\u0107i i pro&#382;imaju\u0107i se me\u0111usobno. Kosovo je na&#353;a zajedni\u010dka domovina i svi smo odgovorni za njenu budu\u0107nost.<\/p>\n<p>Hvala vam i sretna vam ova godi&#353;njica.<\/p>\n","protected":false},"excerpt":{"rendered":"<p>Predsednica Republike Kosovo, gospo\u0111a Atifete Jahjaga danas je posetila Administrativnu Kancelariju Vlade Republike Kosovo u Severnu Mitrovicu. Ona je do\u010dekana od &#353;efice ove kancelarije Adrijana Hod&#382;i\u0107 i ostali upravlja\u0107i te kancelarije.<\/p>\n","protected":false},"author":1,"featured_media":51239,"comment_status":"open","ping_status":"closed","sticky":false,"template":"","format":"standard","meta":{"_eb_attr":"","footnotes":""},"categories":[101],"tags":[],"class_list":["post-78423","post","type-post","status-publish","format-standard","has-post-thumbnail","hentry","category-vesti"],"yoast_head":"<!-- This site is optimized with the Yoast SEO plugin v23.5 - https:\/\/yoast.com\/wordpress\/plugins\/seo\/ -->\n<title>Predsednica Jahjaga posetila Administrativnu Kancelariju Vlade Republike Kosovo u Severnu Mitrovicu - Predsednik Republike Kosovo - DR. VJOSA OSMANI - SADRIU<\/title>\n<meta name=\"description\" content=\"Predsednica Jahjaga posetila Administrativnu Kancelariju Vlade Republike Kosovo u Severnu Mitrovicu - Predsednik Republike Kosovo - DR. VJOSA OSMANI - SADRIU -\" \/>\n<meta name=\"robots\" content=\"index, follow, max-snippet:-1, max-image-preview:large, max-video-preview:-1\" \/>\n<link rel=\"canonical\" href=\"https:\/\/president-ksgov.net\/presidentja-jahjaga-vizitoi-zyren-administrative-te-qeverise-se-republikes-se-kosoves-ne-mitrovicen-e-veriut\/\" \/>\n<meta property=\"og:locale\" content=\"sr_RS\" \/>\n<meta property=\"og:type\" content=\"article\" \/>\n<meta property=\"og:title\" content=\"Predsednica Jahjaga posetila Administrativnu Kancelariju Vlade Republike Kosovo u Severnu Mitrovicu - Predsednik Republike Kosovo - DR. VJOSA OSMANI - SADRIU\" \/>\n<meta property=\"og:description\" content=\"Predsednica Jahjaga posetila Administrativnu Kancelariju Vlade Republike Kosovo u Severnu Mitrovicu - Predsednik Republike Kosovo - DR. VJOSA OSMANI - SADRIU -\" \/>\n<meta property=\"og:url\" content=\"https:\/\/president-ksgov.net\/presidentja-jahjaga-vizitoi-zyren-administrative-te-qeverise-se-republikes-se-kosoves-ne-mitrovicen-e-veriut\/\" \/>\n<meta property=\"og:site_name\" content=\"Predsednik Republike Kosovo - DR. VJOSA OSMANI - SADRIU\" \/>\n<meta property=\"article:published_time\" content=\"2013-05-14T20:17:31+00:00\" \/>\n<meta property=\"og:image\" content=\"https:\/\/president-ksgov.net\/wp-content\/uploads\/14_05_2013_Mitrovice_2.jpg\" \/>\n\t<meta property=\"og:image:width\" content=\"1000\" \/>\n\t<meta property=\"og:image:height\" content=\"671\" \/>\n\t<meta property=\"og:image:type\" content=\"image\/jpeg\" \/>\n<meta name=\"author\" content=\"admin\" \/>\n<meta name=\"twitter:card\" content=\"summary_large_image\" \/>\n<meta name=\"twitter:label1\" content=\"\u041d\u0430\u043f\u0438\u0441\u0430\u043d\u043e \u043e\u0434\" \/>\n\t<meta name=\"twitter:data1\" content=\"admin\" \/>\n\t<meta name=\"twitter:label2\" content=\"\u041f\u0440\u043e\u0446\u0435\u045a\u0435\u043d\u043e \u0432\u0440\u0435\u043c\u0435 \u0447\u0438\u0442\u0430\u045a\u0430\" \/>\n\t<meta name=\"twitter:data2\" content=\"4 \u043c\u0438\u043d\u0443\u0442\u0430\" \/>\n<script type=\"application\/ld+json\" class=\"yoast-schema-graph\">{\"@context\":\"https:\/\/schema.org\",\"@graph\":[{\"@type\":\"WebPage\",\"@id\":\"https:\/\/president-ksgov.net\/presidentja-jahjaga-vizitoi-zyren-administrative-te-qeverise-se-republikes-se-kosoves-ne-mitrovicen-e-veriut\/\",\"url\":\"https:\/\/president-ksgov.net\/presidentja-jahjaga-vizitoi-zyren-administrative-te-qeverise-se-republikes-se-kosoves-ne-mitrovicen-e-veriut\/\",\"name\":\"Predsednica Jahjaga posetila Administrativnu Kancelariju Vlade Republike Kosovo u Severnu Mitrovicu - Predsednik Republike Kosovo - DR. VJOSA OSMANI - SADRIU\",\"isPartOf\":{\"@id\":\"https:\/\/president-ksgov.net\/#website\"},\"primaryImageOfPage\":{\"@id\":\"https:\/\/president-ksgov.net\/presidentja-jahjaga-vizitoi-zyren-administrative-te-qeverise-se-republikes-se-kosoves-ne-mitrovicen-e-veriut\/#primaryimage\"},\"image\":{\"@id\":\"https:\/\/president-ksgov.net\/presidentja-jahjaga-vizitoi-zyren-administrative-te-qeverise-se-republikes-se-kosoves-ne-mitrovicen-e-veriut\/#primaryimage\"},\"thumbnailUrl\":\"https:\/\/president-ksgov.net\/wp-content\/uploads\/14_05_2013_Mitrovice_2.jpg\",\"datePublished\":\"2013-05-14T20:17:31+00:00\",\"dateModified\":\"2013-05-14T20:17:31+00:00\",\"author\":{\"@id\":\"https:\/\/president-ksgov.net\/#\/schema\/person\/bb4337a5fb147cb2046d80548172cbee\"},\"description\":\"Predsednica Jahjaga posetila Administrativnu Kancelariju Vlade Republike Kosovo u Severnu Mitrovicu - Predsednik Republike Kosovo - DR. VJOSA OSMANI - SADRIU -\",\"breadcrumb\":{\"@id\":\"https:\/\/president-ksgov.net\/presidentja-jahjaga-vizitoi-zyren-administrative-te-qeverise-se-republikes-se-kosoves-ne-mitrovicen-e-veriut\/#breadcrumb\"},\"inLanguage\":\"sr-RS\",\"potentialAction\":[{\"@type\":\"ReadAction\",\"target\":[\"https:\/\/president-ksgov.net\/presidentja-jahjaga-vizitoi-zyren-administrative-te-qeverise-se-republikes-se-kosoves-ne-mitrovicen-e-veriut\/\"]}]},{\"@type\":\"ImageObject\",\"inLanguage\":\"sr-RS\",\"@id\":\"https:\/\/president-ksgov.net\/presidentja-jahjaga-vizitoi-zyren-administrative-te-qeverise-se-republikes-se-kosoves-ne-mitrovicen-e-veriut\/#primaryimage\",\"url\":\"https:\/\/president-ksgov.net\/wp-content\/uploads\/14_05_2013_Mitrovice_2.jpg\",\"contentUrl\":\"https:\/\/president-ksgov.net\/wp-content\/uploads\/14_05_2013_Mitrovice_2.jpg\",\"width\":1000,\"height\":671},{\"@type\":\"BreadcrumbList\",\"@id\":\"https:\/\/president-ksgov.net\/presidentja-jahjaga-vizitoi-zyren-administrative-te-qeverise-se-republikes-se-kosoves-ne-mitrovicen-e-veriut\/#breadcrumb\",\"itemListElement\":[{\"@type\":\"ListItem\",\"position\":1,\"name\":\"Home\",\"item\":\"https:\/\/president-ksgov.net\/sr\/\"},{\"@type\":\"ListItem\",\"position\":2,\"name\":\"Predsednica Jahjaga posetila Administrativnu Kancelariju Vlade Republike Kosovo u Severnu Mitrovicu\"}]},{\"@type\":\"WebSite\",\"@id\":\"https:\/\/president-ksgov.net\/#website\",\"url\":\"https:\/\/president-ksgov.net\/\",\"name\":\"Presidente e Republik\u00ebs s\u00eb Kosov\u00ebs\",\"description\":\"Presidente e Republik\u00ebs s\u00eb Kosov\u00ebs\",\"alternateName\":\"DR. VJOSA OSMANI - SADRIU\",\"potentialAction\":[{\"@type\":\"SearchAction\",\"target\":{\"@type\":\"EntryPoint\",\"urlTemplate\":\"https:\/\/president-ksgov.net\/?s={search_term_string}\"},\"query-input\":{\"@type\":\"PropertyValueSpecification\",\"valueRequired\":true,\"valueName\":\"search_term_string\"}}],\"inLanguage\":\"sr-RS\"},{\"@type\":\"Person\",\"@id\":\"https:\/\/president-ksgov.net\/#\/schema\/person\/bb4337a5fb147cb2046d80548172cbee\",\"name\":\"admin\",\"image\":{\"@type\":\"ImageObject\",\"inLanguage\":\"sr-RS\",\"@id\":\"https:\/\/president-ksgov.net\/#\/schema\/person\/image\/\",\"url\":\"https:\/\/secure.gravatar.com\/avatar\/36156ca0fa3b8d9d25174f146e16beea0cf28f37adf1b9e19b6c9c279a7c9dd3?s=96&d=mm&r=g\",\"contentUrl\":\"https:\/\/secure.gravatar.com\/avatar\/36156ca0fa3b8d9d25174f146e16beea0cf28f37adf1b9e19b6c9c279a7c9dd3?s=96&d=mm&r=g\",\"caption\":\"admin\"},\"sameAs\":[\"https:\/\/president-ksgov.net\"]}]}<\/script>\n<!-- \/ Yoast SEO plugin. -->","yoast_head_json":{"title":"Predsednica Jahjaga posetila Administrativnu Kancelariju Vlade Republike Kosovo u Severnu Mitrovicu - Predsednik Republike Kosovo - DR. VJOSA OSMANI - SADRIU","description":"Predsednica Jahjaga posetila Administrativnu Kancelariju Vlade Republike Kosovo u Severnu Mitrovicu - Predsednik Republike Kosovo - DR. VJOSA OSMANI - SADRIU -","robots":{"index":"index","follow":"follow","max-snippet":"max-snippet:-1","max-image-preview":"max-image-preview:large","max-video-preview":"max-video-preview:-1"},"canonical":"https:\/\/president-ksgov.net\/presidentja-jahjaga-vizitoi-zyren-administrative-te-qeverise-se-republikes-se-kosoves-ne-mitrovicen-e-veriut\/","og_locale":"sr_RS","og_type":"article","og_title":"Predsednica Jahjaga posetila Administrativnu Kancelariju Vlade Republike Kosovo u Severnu Mitrovicu - Predsednik Republike Kosovo - DR. VJOSA OSMANI - SADRIU","og_description":"Predsednica Jahjaga posetila Administrativnu Kancelariju Vlade Republike Kosovo u Severnu Mitrovicu - Predsednik Republike Kosovo - DR. VJOSA OSMANI - SADRIU -","og_url":"https:\/\/president-ksgov.net\/presidentja-jahjaga-vizitoi-zyren-administrative-te-qeverise-se-republikes-se-kosoves-ne-mitrovicen-e-veriut\/","og_site_name":"Predsednik Republike Kosovo - DR. VJOSA OSMANI - SADRIU","article_published_time":"2013-05-14T20:17:31+00:00","og_image":[{"width":1000,"height":671,"url":"https:\/\/president-ksgov.net\/wp-content\/uploads\/14_05_2013_Mitrovice_2.jpg","type":"image\/jpeg"}],"author":"admin","twitter_card":"summary_large_image","twitter_misc":{"\u041d\u0430\u043f\u0438\u0441\u0430\u043d\u043e \u043e\u0434":"admin","\u041f\u0440\u043e\u0446\u0435\u045a\u0435\u043d\u043e \u0432\u0440\u0435\u043c\u0435 \u0447\u0438\u0442\u0430\u045a\u0430":"4 \u043c\u0438\u043d\u0443\u0442\u0430"},"schema":{"@context":"https:\/\/schema.org","@graph":[{"@type":"WebPage","@id":"https:\/\/president-ksgov.net\/presidentja-jahjaga-vizitoi-zyren-administrative-te-qeverise-se-republikes-se-kosoves-ne-mitrovicen-e-veriut\/","url":"https:\/\/president-ksgov.net\/presidentja-jahjaga-vizitoi-zyren-administrative-te-qeverise-se-republikes-se-kosoves-ne-mitrovicen-e-veriut\/","name":"Predsednica Jahjaga posetila Administrativnu Kancelariju Vlade Republike Kosovo u Severnu Mitrovicu - Predsednik Republike Kosovo - DR. VJOSA OSMANI - SADRIU","isPartOf":{"@id":"https:\/\/president-ksgov.net\/#website"},"primaryImageOfPage":{"@id":"https:\/\/president-ksgov.net\/presidentja-jahjaga-vizitoi-zyren-administrative-te-qeverise-se-republikes-se-kosoves-ne-mitrovicen-e-veriut\/#primaryimage"},"image":{"@id":"https:\/\/president-ksgov.net\/presidentja-jahjaga-vizitoi-zyren-administrative-te-qeverise-se-republikes-se-kosoves-ne-mitrovicen-e-veriut\/#primaryimage"},"thumbnailUrl":"https:\/\/president-ksgov.net\/wp-content\/uploads\/14_05_2013_Mitrovice_2.jpg","datePublished":"2013-05-14T20:17:31+00:00","dateModified":"2013-05-14T20:17:31+00:00","author":{"@id":"https:\/\/president-ksgov.net\/#\/schema\/person\/bb4337a5fb147cb2046d80548172cbee"},"description":"Predsednica Jahjaga posetila Administrativnu Kancelariju Vlade Republike Kosovo u Severnu Mitrovicu - Predsednik Republike Kosovo - DR. VJOSA OSMANI - SADRIU -","breadcrumb":{"@id":"https:\/\/president-ksgov.net\/presidentja-jahjaga-vizitoi-zyren-administrative-te-qeverise-se-republikes-se-kosoves-ne-mitrovicen-e-veriut\/#breadcrumb"},"inLanguage":"sr-RS","potentialAction":[{"@type":"ReadAction","target":["https:\/\/president-ksgov.net\/presidentja-jahjaga-vizitoi-zyren-administrative-te-qeverise-se-republikes-se-kosoves-ne-mitrovicen-e-veriut\/"]}]},{"@type":"ImageObject","inLanguage":"sr-RS","@id":"https:\/\/president-ksgov.net\/presidentja-jahjaga-vizitoi-zyren-administrative-te-qeverise-se-republikes-se-kosoves-ne-mitrovicen-e-veriut\/#primaryimage","url":"https:\/\/president-ksgov.net\/wp-content\/uploads\/14_05_2013_Mitrovice_2.jpg","contentUrl":"https:\/\/president-ksgov.net\/wp-content\/uploads\/14_05_2013_Mitrovice_2.jpg","width":1000,"height":671},{"@type":"BreadcrumbList","@id":"https:\/\/president-ksgov.net\/presidentja-jahjaga-vizitoi-zyren-administrative-te-qeverise-se-republikes-se-kosoves-ne-mitrovicen-e-veriut\/#breadcrumb","itemListElement":[{"@type":"ListItem","position":1,"name":"Home","item":"https:\/\/president-ksgov.net\/sr\/"},{"@type":"ListItem","position":2,"name":"Predsednica Jahjaga posetila Administrativnu Kancelariju Vlade Republike Kosovo u Severnu Mitrovicu"}]},{"@type":"WebSite","@id":"https:\/\/president-ksgov.net\/#website","url":"https:\/\/president-ksgov.net\/","name":"Presidente e Republik\u00ebs s\u00eb Kosov\u00ebs","description":"Presidente e Republik\u00ebs s\u00eb Kosov\u00ebs","alternateName":"DR. VJOSA OSMANI - SADRIU","potentialAction":[{"@type":"SearchAction","target":{"@type":"EntryPoint","urlTemplate":"https:\/\/president-ksgov.net\/?s={search_term_string}"},"query-input":{"@type":"PropertyValueSpecification","valueRequired":true,"valueName":"search_term_string"}}],"inLanguage":"sr-RS"},{"@type":"Person","@id":"https:\/\/president-ksgov.net\/#\/schema\/person\/bb4337a5fb147cb2046d80548172cbee","name":"admin","image":{"@type":"ImageObject","inLanguage":"sr-RS","@id":"https:\/\/president-ksgov.net\/#\/schema\/person\/image\/","url":"https:\/\/secure.gravatar.com\/avatar\/36156ca0fa3b8d9d25174f146e16beea0cf28f37adf1b9e19b6c9c279a7c9dd3?s=96&d=mm&r=g","contentUrl":"https:\/\/secure.gravatar.com\/avatar\/36156ca0fa3b8d9d25174f146e16beea0cf28f37adf1b9e19b6c9c279a7c9dd3?s=96&d=mm&r=g","caption":"admin"},"sameAs":["https:\/\/president-ksgov.net"]}]}},"_links":{"self":[{"href":"https:\/\/president-ksgov.net\/sr\/wp-json\/wp\/v2\/posts\/78423","targetHints":{"allow":["GET"]}}],"collection":[{"href":"https:\/\/president-ksgov.net\/sr\/wp-json\/wp\/v2\/posts"}],"about":[{"href":"https:\/\/president-ksgov.net\/sr\/wp-json\/wp\/v2\/types\/post"}],"author":[{"embeddable":true,"href":"https:\/\/president-ksgov.net\/sr\/wp-json\/wp\/v2\/users\/1"}],"replies":[{"embeddable":true,"href":"https:\/\/president-ksgov.net\/sr\/wp-json\/wp\/v2\/comments?post=78423"}],"version-history":[{"count":0,"href":"https:\/\/president-ksgov.net\/sr\/wp-json\/wp\/v2\/posts\/78423\/revisions"}],"wp:featuredmedia":[{"embeddable":true,"href":"https:\/\/president-ksgov.net\/sr\/wp-json\/wp\/v2\/media\/51239"}],"wp:attachment":[{"href":"https:\/\/president-ksgov.net\/sr\/wp-json\/wp\/v2\/media?parent=78423"}],"wp:term":[{"taxonomy":"category","embeddable":true,"href":"https:\/\/president-ksgov.net\/sr\/wp-json\/wp\/v2\/categories?post=78423"},{"taxonomy":"post_tag","embeddable":true,"href":"https:\/\/president-ksgov.net\/sr\/wp-json\/wp\/v2\/tags?post=78423"}],"curies":[{"name":"wp","href":"https:\/\/api.w.org\/{rel}","templated":true}]}}