{"id":78422,"date":"2013-05-15T14:15:39","date_gmt":"2013-05-15T14:15:39","guid":{"rendered":"https:\/\/dev.president-ksgov.net\/govor-predsednice-jahjaga-pri-lansiranju-kampanje-brinite-o-meni-2\/"},"modified":"2013-05-15T14:15:39","modified_gmt":"2013-05-15T14:15:39","slug":"govor-predsednice-jahjaga-pri-lansiranju-kampanje-brinite-o-meni-2","status":"publish","type":"post","link":"https:\/\/president-ksgov.net\/sr\/govor-predsednice-jahjaga-pri-lansiranju-kampanje-brinite-o-meni-2\/","title":{"rendered":"Govor Predsednice Jahjaga pri lansiranju kampanje &#147;Brinite o MENI&#147;"},"content":{"rendered":"<p>Predsednica Republike Kosovo, gospo\u0111a Atifete Jahjaga danas je prisustvovala manifestaciji lansiranja kampanje &#8220;Brinite o MENI&#8220;, organizovane u SOS De\u010dje Selo Kosova u Pri&#353;tini.<\/p>\n<p>U svom govoru odr&#382;anog ovom prilikom, Predsednica Jahjaga re\u010de:<\/p>\n<p>Po&#353;tovani Ministar Ra&#353;i\u0107,<br \/>\nPo&#353;tovana poslanik Novobrdaliu,<br \/>\nPo&#353;tovana gospo\u0111a Gad,<br \/>\nPo&#353;tovani prisutni,<br \/>\nDame i gospodo,<\/p>\n<p>Imam \u010dast i zadovoljstvo biti danas pred vama pri lansiranju kampanje &#8220;Brinite i MENI&#8220;, koja\u00a0 ima za cilj podizanje op&#353;te dru&#353;tvene svesti o va&#382;nosti porodice kao njen temelj i pove\u0107anje blagostanja dece unutar nje.<\/p>\n<p>Dozvolite da po\u010dinjem sa priznanjem za doprinos doma\u0107ih i me\u0111unarodnih organizacija i svih propagatora, koji su se privr&#382;eno i stalno anga&#382;ovali godinama, pomogli za&#353;titu i obezbedili &#353;to bolji polo&#382;aj deteta i porodice u na&#353;e dru&#353;tvo, u novo sveobuhvatno i ustrajno Kosovo, koju ciljamo graditi.<\/p>\n<p>Ali iznad svega &#382;elim da se zahvalim svima vama prisutnima koji va&#353;im dolaskom podr&#382;avate ovu kampanju posvete, koja u centar na&#353;eg institucionalnog i dru&#353;tvenog anga&#382;ovanja stavlja brigu o deci, za njihovo blagostanje, da im se\u00a0 obezbede\u00a0\u00a0\u00a0 sve mogu\u0107nosti i potreban ambijent, kako bi oni odrasli uz sve potrebne uslove u pravcu realizacije njihovog punog potencijala u budu\u0107e.<\/p>\n<p>Uspeh deteta i njegovo blagostanje su usko povezani sa porodicom, ljubavi prema njemu i posve\u0107enje\u00a0 koje mu se pru&#382;a u jednom takvom ambijentu. Za mnoge ovo je jedan uobi\u010dajen preduslov, ispoljen u dnevnu rutinsku brige prema detetu.<\/p>\n<p>Ali, tokom ovih godina u tranziciju, suo\u010deni sa pojavama i novim problemima, nije svakom detetu pru&#382;ena ljubav i roditeljska pa&#382;nja. Nema oca i majku svako dete. Nema svako dete porodicu i dom.<br \/>\nU decembru, u no\u0107i smene godina, provela sam malo vremena pored dece u siroti&#353;te SOS sela, da izrazim institucionalnu podr&#353;ku za decu siro\u010dad i moje li\u010dno posve\u0107enje da se svakom \u010dlanu na&#353;eg dru&#353;tva obezbedi jedan dostojanstven &#382;ivot. Jer dostojanstven &#382;ivot se zasniva na vrednosti koje mi ne samo &#353;to ciljamo, kao dru&#353;tvo i kao dr&#382;ava, nego koje ciljamo da ostvarimo i \u010dinimo opipljivim i dostupnim za svakog stanovnika Kosova svakog dana.<br \/>\n\u00a0<br \/>\nU ovom periodu kada gradimo dr&#382;avu Kosovo, kao jednu zemlju velikih mogu\u0107nosti, i kada je na&#353;a pa&#382;nja usmerena u vi&#353;e pravaca obuhvataju\u0107i i sastavljanje zakonodavstva koje obezbe\u0111uje demokratsko funkcioniranje na&#353;e dr&#382;ave i do re&#353;avanja politi\u010dkih problema pro&#353;losti, ne trebamo zaboraviti da se pobrinemo i poma&#382;emo ono &#353;to ostaje centralna vrednost na&#353;eg dru&#353;tva i bez \u010dega sama na&#353;a bit, samo na&#353;e postojanje bi bilo dovedeno pod znakom pitanja.<\/p>\n<p>Porodica je, dakle, kao koncept i potreba, temelj koji trebamo poja\u010dati. Jer samo poja\u010danjem koncepta porodice poja\u010dati \u0107emo svaki njen \u010dlan. Jer smanjenjem pritiska nad majkom i ocem reducira\u0107emo mogu\u0107nosti da oni zapostave svoju decu. Samo ja\u010danjem profesionalizma na&#353;ih socijalnih usluga uspe\u0107emo smanjiti pote&#353;ko\u0107e roditelja i spre\u010di\u0107emo udaljavanje dece od njihovog porodi\u010dnog ambijenta.<br \/>\nOvo trebamo u\u010diniti za na&#353;u decu, za budu\u0107nost Kosova.<br \/>\nPo&#353;tovani u\u010desnici,<\/p>\n<p>Kada je Hillary Clinton, biv&#353;i ameri\u010dki dr&#382;avni sekretar i na&#353;a velika prijateljica, bila Prva Dama Amerike, rekla je da za podizanje jednog zdravog deteta, veselog i punog nade, potrebna je jedna porodica, jedna vojska vaspita\u010da, lideri zajednice, biznismeni, lekari i policajci. Potrebni smo svi mi skupa. Radi podizanja jednog deteta, potrebno je anga&#382;ovanje jednog celog dru&#353;tva.\u00a0 <\/p>\n<p>Danas su ove re\u010di istinitije nego ikada. Na&#353;e anga&#382;ovanje za za&#353;titu porodice i radi brige za decu ovog dru&#353;tva treba da je nepo&#353;tedno. Investiranje i stvaranje mogu\u0107nosti za svako dete jeste na&#353;a misija.<br \/>\n\u00a0<\/p>\n","protected":false},"excerpt":{"rendered":"<p>Predsednica Republike Kosovo, gospo\u0111a Atifete Jahjaga danas je prisustvovala manifestaciji lansiranja kampanje &#8220;Brinite o MENI&#8220;, organizovane u SOS De\u010dje Selo Kosova u Pri&#353;tini.<\/p>\n","protected":false},"author":1,"featured_media":70860,"comment_status":"open","ping_status":"closed","sticky":false,"template":"","format":"standard","meta":{"_eb_attr":"","footnotes":""},"categories":[101],"tags":[],"class_list":["post-78422","post","type-post","status-publish","format-standard","has-post-thumbnail","hentry","category-vesti"],"yoast_head":"<!-- This site is optimized with the Yoast SEO plugin v23.5 - https:\/\/yoast.com\/wordpress\/plugins\/seo\/ -->\n<title>Govor Predsednice Jahjaga pri lansiranju kampanje &#147;Brinite o MENI&#147; - Predsednik Republike Kosovo - DR. VJOSA OSMANI - SADRIU<\/title>\n<meta name=\"description\" content=\"Govor Predsednice Jahjaga pri lansiranju kampanje &#147;Brinite o MENI&#147; - Predsednik Republike Kosovo - DR. VJOSA OSMANI - SADRIU -\" \/>\n<meta name=\"robots\" content=\"index, follow, max-snippet:-1, max-image-preview:large, max-video-preview:-1\" \/>\n<link rel=\"canonical\" href=\"https:\/\/president-ksgov.net\/sr\/govor-predsednice-jahjaga-pri-lansiranju-kampanje-brinite-o-meni-2\/\" \/>\n<meta property=\"og:locale\" content=\"sr_RS\" \/>\n<meta property=\"og:type\" content=\"article\" \/>\n<meta property=\"og:title\" content=\"Govor Predsednice Jahjaga pri lansiranju kampanje &#147;Brinite o MENI&#147; - Predsednik Republike Kosovo - DR. VJOSA OSMANI - SADRIU\" \/>\n<meta property=\"og:description\" content=\"Govor Predsednice Jahjaga pri lansiranju kampanje &#147;Brinite o MENI&#147; - Predsednik Republike Kosovo - DR. VJOSA OSMANI - SADRIU -\" \/>\n<meta property=\"og:url\" content=\"https:\/\/president-ksgov.net\/sr\/govor-predsednice-jahjaga-pri-lansiranju-kampanje-brinite-o-meni-2\/\" \/>\n<meta property=\"og:site_name\" content=\"Predsednik Republike Kosovo - DR. VJOSA OSMANI - SADRIU\" \/>\n<meta property=\"article:published_time\" content=\"2013-05-15T14:15:39+00:00\" \/>\n<meta property=\"og:image\" content=\"https:\/\/president-ksgov.net\/wp-content\/uploads\/15_05_2013_SOS_fshati_1.jpg\" \/>\n\t<meta property=\"og:image:width\" content=\"1000\" \/>\n\t<meta property=\"og:image:height\" content=\"691\" \/>\n\t<meta property=\"og:image:type\" content=\"image\/jpeg\" \/>\n<meta name=\"author\" content=\"admin\" \/>\n<meta name=\"twitter:card\" content=\"summary_large_image\" \/>\n<meta name=\"twitter:label1\" content=\"\u041d\u0430\u043f\u0438\u0441\u0430\u043d\u043e \u043e\u0434\" \/>\n\t<meta name=\"twitter:data1\" content=\"admin\" \/>\n\t<meta name=\"twitter:label2\" content=\"\u041f\u0440\u043e\u0446\u0435\u045a\u0435\u043d\u043e \u0432\u0440\u0435\u043c\u0435 \u0447\u0438\u0442\u0430\u045a\u0430\" \/>\n\t<meta name=\"twitter:data2\" content=\"3 \u043c\u0438\u043d\u0443\u0442\u0430\" \/>\n<script type=\"application\/ld+json\" class=\"yoast-schema-graph\">{\"@context\":\"https:\/\/schema.org\",\"@graph\":[{\"@type\":\"WebPage\",\"@id\":\"https:\/\/president-ksgov.net\/sr\/govor-predsednice-jahjaga-pri-lansiranju-kampanje-brinite-o-meni-2\/\",\"url\":\"https:\/\/president-ksgov.net\/sr\/govor-predsednice-jahjaga-pri-lansiranju-kampanje-brinite-o-meni-2\/\",\"name\":\"Govor Predsednice Jahjaga pri lansiranju kampanje &#147;Brinite o MENI&#147; - Predsednik Republike Kosovo - DR. VJOSA OSMANI - SADRIU\",\"isPartOf\":{\"@id\":\"https:\/\/president-ksgov.net\/#website\"},\"primaryImageOfPage\":{\"@id\":\"https:\/\/president-ksgov.net\/sr\/govor-predsednice-jahjaga-pri-lansiranju-kampanje-brinite-o-meni-2\/#primaryimage\"},\"image\":{\"@id\":\"https:\/\/president-ksgov.net\/sr\/govor-predsednice-jahjaga-pri-lansiranju-kampanje-brinite-o-meni-2\/#primaryimage\"},\"thumbnailUrl\":\"https:\/\/president-ksgov.net\/wp-content\/uploads\/15_05_2013_SOS_fshati_1.jpg\",\"datePublished\":\"2013-05-15T14:15:39+00:00\",\"dateModified\":\"2013-05-15T14:15:39+00:00\",\"author\":{\"@id\":\"https:\/\/president-ksgov.net\/#\/schema\/person\/bb4337a5fb147cb2046d80548172cbee\"},\"description\":\"Govor Predsednice Jahjaga pri lansiranju kampanje &#147;Brinite o MENI&#147; - Predsednik Republike Kosovo - DR. VJOSA OSMANI - SADRIU -\",\"breadcrumb\":{\"@id\":\"https:\/\/president-ksgov.net\/sr\/govor-predsednice-jahjaga-pri-lansiranju-kampanje-brinite-o-meni-2\/#breadcrumb\"},\"inLanguage\":\"sr-RS\",\"potentialAction\":[{\"@type\":\"ReadAction\",\"target\":[\"https:\/\/president-ksgov.net\/sr\/govor-predsednice-jahjaga-pri-lansiranju-kampanje-brinite-o-meni-2\/\"]}]},{\"@type\":\"ImageObject\",\"inLanguage\":\"sr-RS\",\"@id\":\"https:\/\/president-ksgov.net\/sr\/govor-predsednice-jahjaga-pri-lansiranju-kampanje-brinite-o-meni-2\/#primaryimage\",\"url\":\"https:\/\/president-ksgov.net\/wp-content\/uploads\/15_05_2013_SOS_fshati_1.jpg\",\"contentUrl\":\"https:\/\/president-ksgov.net\/wp-content\/uploads\/15_05_2013_SOS_fshati_1.jpg\",\"width\":1000,\"height\":691},{\"@type\":\"BreadcrumbList\",\"@id\":\"https:\/\/president-ksgov.net\/sr\/govor-predsednice-jahjaga-pri-lansiranju-kampanje-brinite-o-meni-2\/#breadcrumb\",\"itemListElement\":[{\"@type\":\"ListItem\",\"position\":1,\"name\":\"Home\",\"item\":\"https:\/\/president-ksgov.net\/sr\/\"},{\"@type\":\"ListItem\",\"position\":2,\"name\":\"Govor Predsednice Jahjaga pri lansiranju kampanje &#147;Brinite o MENI&#147;\"}]},{\"@type\":\"WebSite\",\"@id\":\"https:\/\/president-ksgov.net\/#website\",\"url\":\"https:\/\/president-ksgov.net\/\",\"name\":\"Presidente e Republik\u00ebs s\u00eb Kosov\u00ebs\",\"description\":\"Presidente e Republik\u00ebs s\u00eb Kosov\u00ebs\",\"alternateName\":\"DR. VJOSA OSMANI - SADRIU\",\"potentialAction\":[{\"@type\":\"SearchAction\",\"target\":{\"@type\":\"EntryPoint\",\"urlTemplate\":\"https:\/\/president-ksgov.net\/?s={search_term_string}\"},\"query-input\":{\"@type\":\"PropertyValueSpecification\",\"valueRequired\":true,\"valueName\":\"search_term_string\"}}],\"inLanguage\":\"sr-RS\"},{\"@type\":\"Person\",\"@id\":\"https:\/\/president-ksgov.net\/#\/schema\/person\/bb4337a5fb147cb2046d80548172cbee\",\"name\":\"admin\",\"image\":{\"@type\":\"ImageObject\",\"inLanguage\":\"sr-RS\",\"@id\":\"https:\/\/president-ksgov.net\/#\/schema\/person\/image\/\",\"url\":\"https:\/\/secure.gravatar.com\/avatar\/36156ca0fa3b8d9d25174f146e16beea0cf28f37adf1b9e19b6c9c279a7c9dd3?s=96&d=mm&r=g\",\"contentUrl\":\"https:\/\/secure.gravatar.com\/avatar\/36156ca0fa3b8d9d25174f146e16beea0cf28f37adf1b9e19b6c9c279a7c9dd3?s=96&d=mm&r=g\",\"caption\":\"admin\"},\"sameAs\":[\"https:\/\/president-ksgov.net\"]}]}<\/script>\n<!-- \/ Yoast SEO plugin. -->","yoast_head_json":{"title":"Govor Predsednice Jahjaga pri lansiranju kampanje &#147;Brinite o MENI&#147; - Predsednik Republike Kosovo - DR. VJOSA OSMANI - SADRIU","description":"Govor Predsednice Jahjaga pri lansiranju kampanje &#147;Brinite o MENI&#147; - Predsednik Republike Kosovo - DR. VJOSA OSMANI - SADRIU -","robots":{"index":"index","follow":"follow","max-snippet":"max-snippet:-1","max-image-preview":"max-image-preview:large","max-video-preview":"max-video-preview:-1"},"canonical":"https:\/\/president-ksgov.net\/sr\/govor-predsednice-jahjaga-pri-lansiranju-kampanje-brinite-o-meni-2\/","og_locale":"sr_RS","og_type":"article","og_title":"Govor Predsednice Jahjaga pri lansiranju kampanje &#147;Brinite o MENI&#147; - Predsednik Republike Kosovo - DR. VJOSA OSMANI - SADRIU","og_description":"Govor Predsednice Jahjaga pri lansiranju kampanje &#147;Brinite o MENI&#147; - Predsednik Republike Kosovo - DR. VJOSA OSMANI - SADRIU -","og_url":"https:\/\/president-ksgov.net\/sr\/govor-predsednice-jahjaga-pri-lansiranju-kampanje-brinite-o-meni-2\/","og_site_name":"Predsednik Republike Kosovo - DR. VJOSA OSMANI - SADRIU","article_published_time":"2013-05-15T14:15:39+00:00","og_image":[{"width":1000,"height":691,"url":"https:\/\/president-ksgov.net\/wp-content\/uploads\/15_05_2013_SOS_fshati_1.jpg","type":"image\/jpeg"}],"author":"admin","twitter_card":"summary_large_image","twitter_misc":{"\u041d\u0430\u043f\u0438\u0441\u0430\u043d\u043e \u043e\u0434":"admin","\u041f\u0440\u043e\u0446\u0435\u045a\u0435\u043d\u043e \u0432\u0440\u0435\u043c\u0435 \u0447\u0438\u0442\u0430\u045a\u0430":"3 \u043c\u0438\u043d\u0443\u0442\u0430"},"schema":{"@context":"https:\/\/schema.org","@graph":[{"@type":"WebPage","@id":"https:\/\/president-ksgov.net\/sr\/govor-predsednice-jahjaga-pri-lansiranju-kampanje-brinite-o-meni-2\/","url":"https:\/\/president-ksgov.net\/sr\/govor-predsednice-jahjaga-pri-lansiranju-kampanje-brinite-o-meni-2\/","name":"Govor Predsednice Jahjaga pri lansiranju kampanje &#147;Brinite o MENI&#147; - Predsednik Republike Kosovo - DR. VJOSA OSMANI - SADRIU","isPartOf":{"@id":"https:\/\/president-ksgov.net\/#website"},"primaryImageOfPage":{"@id":"https:\/\/president-ksgov.net\/sr\/govor-predsednice-jahjaga-pri-lansiranju-kampanje-brinite-o-meni-2\/#primaryimage"},"image":{"@id":"https:\/\/president-ksgov.net\/sr\/govor-predsednice-jahjaga-pri-lansiranju-kampanje-brinite-o-meni-2\/#primaryimage"},"thumbnailUrl":"https:\/\/president-ksgov.net\/wp-content\/uploads\/15_05_2013_SOS_fshati_1.jpg","datePublished":"2013-05-15T14:15:39+00:00","dateModified":"2013-05-15T14:15:39+00:00","author":{"@id":"https:\/\/president-ksgov.net\/#\/schema\/person\/bb4337a5fb147cb2046d80548172cbee"},"description":"Govor Predsednice Jahjaga pri lansiranju kampanje &#147;Brinite o MENI&#147; - Predsednik Republike Kosovo - DR. VJOSA OSMANI - SADRIU -","breadcrumb":{"@id":"https:\/\/president-ksgov.net\/sr\/govor-predsednice-jahjaga-pri-lansiranju-kampanje-brinite-o-meni-2\/#breadcrumb"},"inLanguage":"sr-RS","potentialAction":[{"@type":"ReadAction","target":["https:\/\/president-ksgov.net\/sr\/govor-predsednice-jahjaga-pri-lansiranju-kampanje-brinite-o-meni-2\/"]}]},{"@type":"ImageObject","inLanguage":"sr-RS","@id":"https:\/\/president-ksgov.net\/sr\/govor-predsednice-jahjaga-pri-lansiranju-kampanje-brinite-o-meni-2\/#primaryimage","url":"https:\/\/president-ksgov.net\/wp-content\/uploads\/15_05_2013_SOS_fshati_1.jpg","contentUrl":"https:\/\/president-ksgov.net\/wp-content\/uploads\/15_05_2013_SOS_fshati_1.jpg","width":1000,"height":691},{"@type":"BreadcrumbList","@id":"https:\/\/president-ksgov.net\/sr\/govor-predsednice-jahjaga-pri-lansiranju-kampanje-brinite-o-meni-2\/#breadcrumb","itemListElement":[{"@type":"ListItem","position":1,"name":"Home","item":"https:\/\/president-ksgov.net\/sr\/"},{"@type":"ListItem","position":2,"name":"Govor Predsednice Jahjaga pri lansiranju kampanje &#147;Brinite o MENI&#147;"}]},{"@type":"WebSite","@id":"https:\/\/president-ksgov.net\/#website","url":"https:\/\/president-ksgov.net\/","name":"Presidente e Republik\u00ebs s\u00eb Kosov\u00ebs","description":"Presidente e Republik\u00ebs s\u00eb Kosov\u00ebs","alternateName":"DR. VJOSA OSMANI - SADRIU","potentialAction":[{"@type":"SearchAction","target":{"@type":"EntryPoint","urlTemplate":"https:\/\/president-ksgov.net\/?s={search_term_string}"},"query-input":{"@type":"PropertyValueSpecification","valueRequired":true,"valueName":"search_term_string"}}],"inLanguage":"sr-RS"},{"@type":"Person","@id":"https:\/\/president-ksgov.net\/#\/schema\/person\/bb4337a5fb147cb2046d80548172cbee","name":"admin","image":{"@type":"ImageObject","inLanguage":"sr-RS","@id":"https:\/\/president-ksgov.net\/#\/schema\/person\/image\/","url":"https:\/\/secure.gravatar.com\/avatar\/36156ca0fa3b8d9d25174f146e16beea0cf28f37adf1b9e19b6c9c279a7c9dd3?s=96&d=mm&r=g","contentUrl":"https:\/\/secure.gravatar.com\/avatar\/36156ca0fa3b8d9d25174f146e16beea0cf28f37adf1b9e19b6c9c279a7c9dd3?s=96&d=mm&r=g","caption":"admin"},"sameAs":["https:\/\/president-ksgov.net"]}]}},"_links":{"self":[{"href":"https:\/\/president-ksgov.net\/sr\/wp-json\/wp\/v2\/posts\/78422","targetHints":{"allow":["GET"]}}],"collection":[{"href":"https:\/\/president-ksgov.net\/sr\/wp-json\/wp\/v2\/posts"}],"about":[{"href":"https:\/\/president-ksgov.net\/sr\/wp-json\/wp\/v2\/types\/post"}],"author":[{"embeddable":true,"href":"https:\/\/president-ksgov.net\/sr\/wp-json\/wp\/v2\/users\/1"}],"replies":[{"embeddable":true,"href":"https:\/\/president-ksgov.net\/sr\/wp-json\/wp\/v2\/comments?post=78422"}],"version-history":[{"count":0,"href":"https:\/\/president-ksgov.net\/sr\/wp-json\/wp\/v2\/posts\/78422\/revisions"}],"wp:featuredmedia":[{"embeddable":true,"href":"https:\/\/president-ksgov.net\/sr\/wp-json\/wp\/v2\/media\/70860"}],"wp:attachment":[{"href":"https:\/\/president-ksgov.net\/sr\/wp-json\/wp\/v2\/media?parent=78422"}],"wp:term":[{"taxonomy":"category","embeddable":true,"href":"https:\/\/president-ksgov.net\/sr\/wp-json\/wp\/v2\/categories?post=78422"},{"taxonomy":"post_tag","embeddable":true,"href":"https:\/\/president-ksgov.net\/sr\/wp-json\/wp\/v2\/tags?post=78422"}],"curies":[{"name":"wp","href":"https:\/\/api.w.org\/{rel}","templated":true}]}}