{"id":78412,"date":"2013-05-23T14:54:39","date_gmt":"2013-05-23T14:54:39","guid":{"rendered":"https:\/\/dev.president-ksgov.net\/predsednica-jahjaga-je-docekala-delegaciju-parlamentarne-komisije-za-evropsku-integraciju-makedonije\/"},"modified":"2013-05-23T14:54:39","modified_gmt":"2013-05-23T14:54:39","slug":"predsednica-jahjaga-je-docekala-delegaciju-parlamentarne-komisije-za-evropsku-integraciju-makedonije","status":"publish","type":"post","link":"https:\/\/president-ksgov.net\/sr\/predsednica-jahjaga-je-docekala-delegaciju-parlamentarne-komisije-za-evropsku-integraciju-makedonije\/","title":{"rendered":"Predsednica Jahjaga je do\u010dekala delegaciju Parlamentarne Komisije za Evropsku Integraciju  Makedonije"},"content":{"rendered":"<p>Predsednica Republike Kosovo, gospo\u0111a Atifete Jahjaga danas je do\u010dekala na sastanak jednu delegaciju Parlamentarne Komisije za Evropsku Integraciju Republike  Makedonije, koju je predvodio predsednik Komisije, gospodin Hajrula Misini i potpredsednik Skup&#353;tine Makedonije, gospodin Jani Makraduli.<\/p>\n<p>Predsednica Jahjaga je visoko cenila posetu delegacije Republike Makedonije i istakla da je va&#382;no da Parlamentarne Komisije dveju zemalja me\u0111usobno sara\u0111uju i razmenjuju njihova iskustva o procesu evropske integracije. Ona re\u010de da je Republika Makedonija e prevazi&#353;la jedan put ispunjavanja kriterija i standarda u procesu evropske integracije i mo&#382;e pomo\u0107i Kosovo svojim iskustvom.<br \/>\n\u00a0<br \/>\nPredsednica Jahjaga re\u010de da Republika Kosovo je posve\u0107ena da primeni sve kriterije i da produbi sve reforme koje su neophodne na putu evropske integracije koje omogu\u0107avaju dobrobit gra\u0111ana zemlje.<br \/>\n\u00a0<br \/>\nGovore\u0107i o me\u0111u susednim odnosima, Predsednica Jahjaga je istakla da je Kosovo promoter ovih odnosa sa svim njenim susedima i to, re\u010de ona, doprinosi o\u010duvanju mira i stabilnosti Zapadnog Balkana.<\/p>\n<p>Predsednica Jahjaga je istakla da su me\u0111u susedni odnosi jo&#353; jedan preduslov za evropske integracije i oni se trebaju graditi na osnovu obostranog po&#353;tovanja i ravnopravnosti izme\u0111u svih dr&#382;ava regiona\u00a0 Zapadnog Balkana.<br \/>\n\u00a0<br \/>\nU razgovoru sa delegacijom Republike Makedonije, Predsednica Jahjaga je istakla da postignuti sporazumi u dijalogu, posredovanjem EZ-e i podr&#382;ani od SAD-e, izme\u0111u Republike Kosovo i Republike Srbije, kao dve suverene i nezavisne dr&#382;ave, treba da se sprovode jer olak&#353;aju &#382;ivot gra\u0111ana sa obe stane granice, doprinose o\u010duvanju mira i stabilnosti te poma&#382;u kretanje dveju dr&#382;ava u njihovom putu evropske integracije.<br \/>\n\u00a0<br \/>\nPredsednica Jahjaga je naglasila da integracija u EZ-e je individualni proces svake dr&#382;ave zasebno, ali na ovom putu sve dr&#382;ave regiona Zapadnog Balkana treba da poma&#382;u jedna drugu.<br \/>\n\u00a0<br \/>\n\u010clanovi delegacije Skup&#353;tine Makedonije su se zahvalili Predsednici Jahjaga za do\u010dek i ocenili njihovu posetu Kosovu kao dokaz odli\u010dnih odnosa dveju zemalja, koji odnosi bele&#382;e stalni uspon. Oni su rekli da su obe zemlje pro&#353;le test dobrosusedstva, kao preduslova evropske integracije. \u010clanovi delegacije Republike Makedonije su rekli da su Parlamentarne Komisije dveju zemalja imale mogu\u0107nosti da razmene dobra iskustva o bilateralnim odnosima i anga&#382;ovanju za evropsku integraciju.<\/p>\n","protected":false},"excerpt":{"rendered":"<p>Predsednica Republike Kosovo, gospo\u0111a Atifete Jahjaga danas je do\u010dekala na sastanak jednu delegaciju Parlamentarne Komisije za Evropsku Integraciju Republike  Makedonije, koju je predvodio predsednik Komisije, gospodin Hajrula Misini i potpredsednik Skup&#353;tine Makedonije, gospodin Jani Makraduli.<\/p>\n","protected":false},"author":1,"featured_media":51181,"comment_status":"open","ping_status":"closed","sticky":false,"template":"","format":"standard","meta":{"_eb_attr":"","footnotes":""},"categories":[101],"tags":[],"class_list":["post-78412","post","type-post","status-publish","format-standard","has-post-thumbnail","hentry","category-vesti"],"yoast_head":"<!-- This site is optimized with the Yoast SEO plugin v23.5 - https:\/\/yoast.com\/wordpress\/plugins\/seo\/ -->\n<title>Predsednica Jahjaga je do\u010dekala delegaciju Parlamentarne Komisije za Evropsku Integraciju Makedonije - Predsednik Republike Kosovo - DR. VJOSA OSMANI - SADRIU<\/title>\n<meta name=\"description\" content=\"Predsednica Jahjaga je do\u010dekala delegaciju Parlamentarne Komisije za Evropsku Integraciju Makedonije - Predsednik Republike Kosovo - DR. VJOSA OSMANI - SADRIU -\" \/>\n<meta name=\"robots\" content=\"index, follow, max-snippet:-1, max-image-preview:large, max-video-preview:-1\" \/>\n<link rel=\"canonical\" href=\"https:\/\/president-ksgov.net\/sr\/predsednica-jahjaga-je-docekala-delegaciju-parlamentarne-komisije-za-evropsku-integraciju-makedonije\/\" \/>\n<meta property=\"og:locale\" content=\"sr_RS\" \/>\n<meta property=\"og:type\" content=\"article\" \/>\n<meta property=\"og:title\" content=\"Predsednica Jahjaga je do\u010dekala delegaciju Parlamentarne Komisije za Evropsku Integraciju Makedonije - Predsednik Republike Kosovo - DR. VJOSA OSMANI - SADRIU\" \/>\n<meta property=\"og:description\" content=\"Predsednica Jahjaga je do\u010dekala delegaciju Parlamentarne Komisije za Evropsku Integraciju Makedonije - Predsednik Republike Kosovo - DR. VJOSA OSMANI - SADRIU -\" \/>\n<meta property=\"og:url\" content=\"https:\/\/president-ksgov.net\/sr\/predsednica-jahjaga-je-docekala-delegaciju-parlamentarne-komisije-za-evropsku-integraciju-makedonije\/\" \/>\n<meta property=\"og:site_name\" content=\"Predsednik Republike Kosovo - DR. VJOSA OSMANI - SADRIU\" \/>\n<meta property=\"article:published_time\" content=\"2013-05-23T14:54:39+00:00\" \/>\n<meta property=\"og:image\" content=\"https:\/\/president-ksgov.net\/wp-content\/uploads\/23_05_2013_Takim_0.jpg\" \/>\n\t<meta property=\"og:image:width\" content=\"1000\" \/>\n\t<meta property=\"og:image:height\" content=\"667\" \/>\n\t<meta property=\"og:image:type\" content=\"image\/jpeg\" \/>\n<meta name=\"author\" content=\"admin\" \/>\n<meta name=\"twitter:card\" content=\"summary_large_image\" \/>\n<meta name=\"twitter:label1\" content=\"\u041d\u0430\u043f\u0438\u0441\u0430\u043d\u043e \u043e\u0434\" \/>\n\t<meta name=\"twitter:data1\" content=\"admin\" \/>\n\t<meta name=\"twitter:label2\" content=\"\u041f\u0440\u043e\u0446\u0435\u045a\u0435\u043d\u043e \u0432\u0440\u0435\u043c\u0435 \u0447\u0438\u0442\u0430\u045a\u0430\" \/>\n\t<meta name=\"twitter:data2\" content=\"2 \u043c\u0438\u043d\u0443\u0442\u0430\" \/>\n<script type=\"application\/ld+json\" class=\"yoast-schema-graph\">{\"@context\":\"https:\/\/schema.org\",\"@graph\":[{\"@type\":\"WebPage\",\"@id\":\"https:\/\/president-ksgov.net\/sr\/predsednica-jahjaga-je-docekala-delegaciju-parlamentarne-komisije-za-evropsku-integraciju-makedonije\/\",\"url\":\"https:\/\/president-ksgov.net\/sr\/predsednica-jahjaga-je-docekala-delegaciju-parlamentarne-komisije-za-evropsku-integraciju-makedonije\/\",\"name\":\"Predsednica Jahjaga je do\u010dekala delegaciju Parlamentarne Komisije za Evropsku Integraciju Makedonije - Predsednik Republike Kosovo - DR. VJOSA OSMANI - SADRIU\",\"isPartOf\":{\"@id\":\"https:\/\/president-ksgov.net\/#website\"},\"primaryImageOfPage\":{\"@id\":\"https:\/\/president-ksgov.net\/sr\/predsednica-jahjaga-je-docekala-delegaciju-parlamentarne-komisije-za-evropsku-integraciju-makedonije\/#primaryimage\"},\"image\":{\"@id\":\"https:\/\/president-ksgov.net\/sr\/predsednica-jahjaga-je-docekala-delegaciju-parlamentarne-komisije-za-evropsku-integraciju-makedonije\/#primaryimage\"},\"thumbnailUrl\":\"https:\/\/president-ksgov.net\/wp-content\/uploads\/23_05_2013_Takim_0.jpg\",\"datePublished\":\"2013-05-23T14:54:39+00:00\",\"dateModified\":\"2013-05-23T14:54:39+00:00\",\"author\":{\"@id\":\"https:\/\/president-ksgov.net\/#\/schema\/person\/bb4337a5fb147cb2046d80548172cbee\"},\"description\":\"Predsednica Jahjaga je do\u010dekala delegaciju Parlamentarne Komisije za Evropsku Integraciju Makedonije - Predsednik Republike Kosovo - DR. VJOSA OSMANI - SADRIU -\",\"breadcrumb\":{\"@id\":\"https:\/\/president-ksgov.net\/sr\/predsednica-jahjaga-je-docekala-delegaciju-parlamentarne-komisije-za-evropsku-integraciju-makedonije\/#breadcrumb\"},\"inLanguage\":\"sr-RS\",\"potentialAction\":[{\"@type\":\"ReadAction\",\"target\":[\"https:\/\/president-ksgov.net\/sr\/predsednica-jahjaga-je-docekala-delegaciju-parlamentarne-komisije-za-evropsku-integraciju-makedonije\/\"]}]},{\"@type\":\"ImageObject\",\"inLanguage\":\"sr-RS\",\"@id\":\"https:\/\/president-ksgov.net\/sr\/predsednica-jahjaga-je-docekala-delegaciju-parlamentarne-komisije-za-evropsku-integraciju-makedonije\/#primaryimage\",\"url\":\"https:\/\/president-ksgov.net\/wp-content\/uploads\/23_05_2013_Takim_0.jpg\",\"contentUrl\":\"https:\/\/president-ksgov.net\/wp-content\/uploads\/23_05_2013_Takim_0.jpg\",\"width\":1000,\"height\":667},{\"@type\":\"BreadcrumbList\",\"@id\":\"https:\/\/president-ksgov.net\/sr\/predsednica-jahjaga-je-docekala-delegaciju-parlamentarne-komisije-za-evropsku-integraciju-makedonije\/#breadcrumb\",\"itemListElement\":[{\"@type\":\"ListItem\",\"position\":1,\"name\":\"Home\",\"item\":\"https:\/\/president-ksgov.net\/sr\/\"},{\"@type\":\"ListItem\",\"position\":2,\"name\":\"Predsednica Jahjaga je do\u010dekala delegaciju Parlamentarne Komisije za Evropsku Integraciju Makedonije\"}]},{\"@type\":\"WebSite\",\"@id\":\"https:\/\/president-ksgov.net\/#website\",\"url\":\"https:\/\/president-ksgov.net\/\",\"name\":\"Presidente e Republik\u00ebs s\u00eb Kosov\u00ebs\",\"description\":\"Presidente e Republik\u00ebs s\u00eb Kosov\u00ebs\",\"alternateName\":\"DR. VJOSA OSMANI - SADRIU\",\"potentialAction\":[{\"@type\":\"SearchAction\",\"target\":{\"@type\":\"EntryPoint\",\"urlTemplate\":\"https:\/\/president-ksgov.net\/?s={search_term_string}\"},\"query-input\":{\"@type\":\"PropertyValueSpecification\",\"valueRequired\":true,\"valueName\":\"search_term_string\"}}],\"inLanguage\":\"sr-RS\"},{\"@type\":\"Person\",\"@id\":\"https:\/\/president-ksgov.net\/#\/schema\/person\/bb4337a5fb147cb2046d80548172cbee\",\"name\":\"admin\",\"image\":{\"@type\":\"ImageObject\",\"inLanguage\":\"sr-RS\",\"@id\":\"https:\/\/president-ksgov.net\/#\/schema\/person\/image\/\",\"url\":\"https:\/\/secure.gravatar.com\/avatar\/36156ca0fa3b8d9d25174f146e16beea0cf28f37adf1b9e19b6c9c279a7c9dd3?s=96&d=mm&r=g\",\"contentUrl\":\"https:\/\/secure.gravatar.com\/avatar\/36156ca0fa3b8d9d25174f146e16beea0cf28f37adf1b9e19b6c9c279a7c9dd3?s=96&d=mm&r=g\",\"caption\":\"admin\"},\"sameAs\":[\"https:\/\/president-ksgov.net\"]}]}<\/script>\n<!-- \/ Yoast SEO plugin. -->","yoast_head_json":{"title":"Predsednica Jahjaga je do\u010dekala delegaciju Parlamentarne Komisije za Evropsku Integraciju Makedonije - Predsednik Republike Kosovo - DR. VJOSA OSMANI - SADRIU","description":"Predsednica Jahjaga je do\u010dekala delegaciju Parlamentarne Komisije za Evropsku Integraciju Makedonije - Predsednik Republike Kosovo - DR. VJOSA OSMANI - SADRIU -","robots":{"index":"index","follow":"follow","max-snippet":"max-snippet:-1","max-image-preview":"max-image-preview:large","max-video-preview":"max-video-preview:-1"},"canonical":"https:\/\/president-ksgov.net\/sr\/predsednica-jahjaga-je-docekala-delegaciju-parlamentarne-komisije-za-evropsku-integraciju-makedonije\/","og_locale":"sr_RS","og_type":"article","og_title":"Predsednica Jahjaga je do\u010dekala delegaciju Parlamentarne Komisije za Evropsku Integraciju Makedonije - Predsednik Republike Kosovo - DR. VJOSA OSMANI - SADRIU","og_description":"Predsednica Jahjaga je do\u010dekala delegaciju Parlamentarne Komisije za Evropsku Integraciju Makedonije - Predsednik Republike Kosovo - DR. VJOSA OSMANI - SADRIU -","og_url":"https:\/\/president-ksgov.net\/sr\/predsednica-jahjaga-je-docekala-delegaciju-parlamentarne-komisije-za-evropsku-integraciju-makedonije\/","og_site_name":"Predsednik Republike Kosovo - DR. VJOSA OSMANI - SADRIU","article_published_time":"2013-05-23T14:54:39+00:00","og_image":[{"width":1000,"height":667,"url":"https:\/\/president-ksgov.net\/wp-content\/uploads\/23_05_2013_Takim_0.jpg","type":"image\/jpeg"}],"author":"admin","twitter_card":"summary_large_image","twitter_misc":{"\u041d\u0430\u043f\u0438\u0441\u0430\u043d\u043e \u043e\u0434":"admin","\u041f\u0440\u043e\u0446\u0435\u045a\u0435\u043d\u043e \u0432\u0440\u0435\u043c\u0435 \u0447\u0438\u0442\u0430\u045a\u0430":"2 \u043c\u0438\u043d\u0443\u0442\u0430"},"schema":{"@context":"https:\/\/schema.org","@graph":[{"@type":"WebPage","@id":"https:\/\/president-ksgov.net\/sr\/predsednica-jahjaga-je-docekala-delegaciju-parlamentarne-komisije-za-evropsku-integraciju-makedonije\/","url":"https:\/\/president-ksgov.net\/sr\/predsednica-jahjaga-je-docekala-delegaciju-parlamentarne-komisije-za-evropsku-integraciju-makedonije\/","name":"Predsednica Jahjaga je do\u010dekala delegaciju Parlamentarne Komisije za Evropsku Integraciju Makedonije - Predsednik Republike Kosovo - DR. VJOSA OSMANI - SADRIU","isPartOf":{"@id":"https:\/\/president-ksgov.net\/#website"},"primaryImageOfPage":{"@id":"https:\/\/president-ksgov.net\/sr\/predsednica-jahjaga-je-docekala-delegaciju-parlamentarne-komisije-za-evropsku-integraciju-makedonije\/#primaryimage"},"image":{"@id":"https:\/\/president-ksgov.net\/sr\/predsednica-jahjaga-je-docekala-delegaciju-parlamentarne-komisije-za-evropsku-integraciju-makedonije\/#primaryimage"},"thumbnailUrl":"https:\/\/president-ksgov.net\/wp-content\/uploads\/23_05_2013_Takim_0.jpg","datePublished":"2013-05-23T14:54:39+00:00","dateModified":"2013-05-23T14:54:39+00:00","author":{"@id":"https:\/\/president-ksgov.net\/#\/schema\/person\/bb4337a5fb147cb2046d80548172cbee"},"description":"Predsednica Jahjaga je do\u010dekala delegaciju Parlamentarne Komisije za Evropsku Integraciju Makedonije - Predsednik Republike Kosovo - DR. VJOSA OSMANI - SADRIU -","breadcrumb":{"@id":"https:\/\/president-ksgov.net\/sr\/predsednica-jahjaga-je-docekala-delegaciju-parlamentarne-komisije-za-evropsku-integraciju-makedonije\/#breadcrumb"},"inLanguage":"sr-RS","potentialAction":[{"@type":"ReadAction","target":["https:\/\/president-ksgov.net\/sr\/predsednica-jahjaga-je-docekala-delegaciju-parlamentarne-komisije-za-evropsku-integraciju-makedonije\/"]}]},{"@type":"ImageObject","inLanguage":"sr-RS","@id":"https:\/\/president-ksgov.net\/sr\/predsednica-jahjaga-je-docekala-delegaciju-parlamentarne-komisije-za-evropsku-integraciju-makedonije\/#primaryimage","url":"https:\/\/president-ksgov.net\/wp-content\/uploads\/23_05_2013_Takim_0.jpg","contentUrl":"https:\/\/president-ksgov.net\/wp-content\/uploads\/23_05_2013_Takim_0.jpg","width":1000,"height":667},{"@type":"BreadcrumbList","@id":"https:\/\/president-ksgov.net\/sr\/predsednica-jahjaga-je-docekala-delegaciju-parlamentarne-komisije-za-evropsku-integraciju-makedonije\/#breadcrumb","itemListElement":[{"@type":"ListItem","position":1,"name":"Home","item":"https:\/\/president-ksgov.net\/sr\/"},{"@type":"ListItem","position":2,"name":"Predsednica Jahjaga je do\u010dekala delegaciju Parlamentarne Komisije za Evropsku Integraciju Makedonije"}]},{"@type":"WebSite","@id":"https:\/\/president-ksgov.net\/#website","url":"https:\/\/president-ksgov.net\/","name":"Presidente e Republik\u00ebs s\u00eb Kosov\u00ebs","description":"Presidente e Republik\u00ebs s\u00eb Kosov\u00ebs","alternateName":"DR. VJOSA OSMANI - SADRIU","potentialAction":[{"@type":"SearchAction","target":{"@type":"EntryPoint","urlTemplate":"https:\/\/president-ksgov.net\/?s={search_term_string}"},"query-input":{"@type":"PropertyValueSpecification","valueRequired":true,"valueName":"search_term_string"}}],"inLanguage":"sr-RS"},{"@type":"Person","@id":"https:\/\/president-ksgov.net\/#\/schema\/person\/bb4337a5fb147cb2046d80548172cbee","name":"admin","image":{"@type":"ImageObject","inLanguage":"sr-RS","@id":"https:\/\/president-ksgov.net\/#\/schema\/person\/image\/","url":"https:\/\/secure.gravatar.com\/avatar\/36156ca0fa3b8d9d25174f146e16beea0cf28f37adf1b9e19b6c9c279a7c9dd3?s=96&d=mm&r=g","contentUrl":"https:\/\/secure.gravatar.com\/avatar\/36156ca0fa3b8d9d25174f146e16beea0cf28f37adf1b9e19b6c9c279a7c9dd3?s=96&d=mm&r=g","caption":"admin"},"sameAs":["https:\/\/president-ksgov.net"]}]}},"_links":{"self":[{"href":"https:\/\/president-ksgov.net\/sr\/wp-json\/wp\/v2\/posts\/78412","targetHints":{"allow":["GET"]}}],"collection":[{"href":"https:\/\/president-ksgov.net\/sr\/wp-json\/wp\/v2\/posts"}],"about":[{"href":"https:\/\/president-ksgov.net\/sr\/wp-json\/wp\/v2\/types\/post"}],"author":[{"embeddable":true,"href":"https:\/\/president-ksgov.net\/sr\/wp-json\/wp\/v2\/users\/1"}],"replies":[{"embeddable":true,"href":"https:\/\/president-ksgov.net\/sr\/wp-json\/wp\/v2\/comments?post=78412"}],"version-history":[{"count":0,"href":"https:\/\/president-ksgov.net\/sr\/wp-json\/wp\/v2\/posts\/78412\/revisions"}],"wp:featuredmedia":[{"embeddable":true,"href":"https:\/\/president-ksgov.net\/sr\/wp-json\/wp\/v2\/media\/51181"}],"wp:attachment":[{"href":"https:\/\/president-ksgov.net\/sr\/wp-json\/wp\/v2\/media?parent=78412"}],"wp:term":[{"taxonomy":"category","embeddable":true,"href":"https:\/\/president-ksgov.net\/sr\/wp-json\/wp\/v2\/categories?post=78412"},{"taxonomy":"post_tag","embeddable":true,"href":"https:\/\/president-ksgov.net\/sr\/wp-json\/wp\/v2\/tags?post=78412"}],"curies":[{"name":"wp","href":"https:\/\/api.w.org\/{rel}","templated":true}]}}