{"id":78406,"date":"2013-05-24T19:43:49","date_gmt":"2013-05-24T19:43:49","guid":{"rendered":"https:\/\/dev.president-ksgov.net\/govor-predsednice-kosova-na-otvaranje-medjuverske-konferencije-u-peci-2\/"},"modified":"2013-05-24T19:43:49","modified_gmt":"2013-05-24T19:43:49","slug":"govor-predsednice-kosova-na-otvaranje-medjuverske-konferencije-u-peci-2","status":"publish","type":"post","link":"https:\/\/president-ksgov.net\/sr\/govor-predsednice-kosova-na-otvaranje-medjuverske-konferencije-u-peci-2\/","title":{"rendered":"GOVOR PREDSEDNICE KOSOVA NA OTVARANJE ME\u0110UVERSKE KONFERENCIJE U PE\u0106I"},"content":{"rendered":"<p>Imam \u010dast da vam po&#382;elim dobrodo&#353;licu na Kosovu, predstavnicima raznih veroispovesti na Kosovu i u svetu, u\u010denjaci i ljudi dobre volje , koji su se skupili zajedno radi podsticanja i promocije multikulturalizma, ekumenskog dijaloga, jedne kulture zajedni\u010dkog &#382;ivota i pomirenja.<\/p>\n<p>Po&#353;tovani lideri verskih zajednica na Kosovo<br \/>\nPo&#353;tovani lideri i precdanici verskih zajedinca u regijonu isire<br \/>\nPo&#353;tovani predstavnici Kosovskih institucija<br \/>\nPo&#353;tovani gosti,<br \/>\nPo&#353;tovani u\u010desnici konferencije,<br \/>\nDame i Gospodo, <\/p>\n<p>Imam \u010dast da vam po&#382;elim dobrodo&#353;licu na Kosovu, predstavnicima raznih veroispovesti na Kosovu i u svetu, u\u010denjaci i ljudi dobre volje , koji su se skupili zajedno radi podsticanja i promocije multikulturalizma, ekumenskog dijaloga, jedne kulture zajedni\u010dkog &#382;ivota i pomirenja.<\/p>\n<p>Ova me\u0111uverska konferencija koja se odr&#382;ava u Pe\u0107i, kao deo Nedelje Tolerancije na Kosovu, jeste na&#353;e zajedni\u010dko anga&#382;ovanje da primerima potenciramo \u010dinjenicu da jedan potpuno misaoni dijalog ja\u010da mir, obostrano po&#353;tovanje i razumevanje izme\u0111u raznih zajednica i ujedno to je realno mogu\u0107e.<\/p>\n<p>Mi ne trebamo gledati jako daleko da vidimo ovakve primere.<\/p>\n<p>Kao &#353;to \u0107e dokazati mnogi verski u\u010desnici, Kosovo ima jednu jedinstvenu me\u0111uversku toleranciju.<\/p>\n<p>Ova tradicija se izra&#382;ava u arhitektonskim vrednostima, u na&#353;e kulturno nasle\u0111e, u kultnim objektima i dokazni je testament na&#353;eg zajedni\u010dkog &#382;ivota tokom vekova. Kao dru&#353;tvo, mi imamo jednu tradiciju o\u010duvanja na&#353;eg jedinstvenog nasle\u0111a koju smatramo kao na&#353;u zajedni\u010dku svojinu..<\/p>\n<p>Ova tradicija je tako\u0111e duboko ukorenjena u na&#353;u verbalnu istoriju, u istorijama ortodoksnih manastira koji su za&#353;titili i odbranili Albanski klanovi od otomanske okupacije, kao i slavlja i verski rituali, u kojima svaki- kr&#353;\u0107ani i muslimani su bili pozvani da zajedno slave. I u razmeni susednih poseta u recipro\u010dna slavlja odazvali se jedni drugima da bi ispoljavali po&#353;tovanje za veru drugog.<\/p>\n<p>U na&#353;em svakodnevnom &#382;ivotu, mi smo vazda bili jedan uz drugog, i verovanje je bilo\u00a0 pitanje pripadnosti, koliko privatno toliko i dru&#353;tveno pitanje, koja je zajednice odr&#382;ala zajedno.<\/p>\n<p>Ne tako mnogo vremena ranije, u novijoj\u00a0 istoriji Kosova, mi smo bili obuhva\u0107eni u ratu i konfliktu. Rat je ostavio mnogo dubokih rana i mnogo nere&#353;enih pitanja, uklju\u010duju\u0107i i potrebu za obnovu veza koje odr&#382;avaju zajedno strukturu na&#353;eg dru&#353;tva i da adresiramo nepoverenje koje je posa\u0111eno me\u0111u nama.<\/p>\n<p>Kao rukovodioci Kosova, mi smo se latili ovog zadatka obnove na&#353;ih veza sa gledi&#353;ta da na&#353; su&#382;ivot\u00a0 je du&#382;i nego period nesporazuma izme\u0111u nas, jer mir i stabilnost se ne mogu graditi sa pretnjama i pritiscima, jer ekonomski prosperitet i vrednosti i ideali demokratije ne mogu o&#382;iveti bez ukidanja neprijateljstva.<\/p>\n<p>I to se ne mo&#382;e ostvariti bez istorijskog pomirenja izme\u0111u dr&#382;ava i cele regije- ne zaboravljaju\u0107i istoriju i &#382;rtve vi&#353;e generacija za o\u010duvanje slobode &#8211; ali sa obe\u0107anjem da rat ne\u0107e nikada zameniti dijalog i da gorka pro&#353;lost, puna &#382;rtava i patne, se vi&#353;e nikada ne\u0107e ponoviti.<\/p>\n<p>Uz veliki zamah se trudimo da menjamo pravac na&#353;e kasne istorije, da ostavimo mr&#382;nju za nama, zajedno sa gubicima i patnjama koje su o&#353;te\u0107ivale na&#353;e &#382;ivote. Ovo nije lak zadatak, jer jo&#353; ima mnogo otvorenih rana i se\u0107anje na patnje je jo&#353; uvek sve&#382;e. Isto tako, pravda jo&#353; uvek nije potpuno dovedena na mesto.<\/p>\n<p>Ali dijalog i gradnja obostranog poverenja ostaje jedina mogu\u0107nost radi primoranja svakoga od nas da preuzme na sebe odgovornosti koje imamo jedan prema drugom i da se pona&#353;amo odgovorno prema na&#353;im susedima.<\/p>\n<p>To je duboko ube\u0111enje koja nam ne dozvoljava da prenosimo teret starih neprijateljstva novim generacijama i upravo to je ono ube\u0111enje koja nas obavezuje da obnovimo veze izme\u0111u raznih zajednica.<\/p>\n<p>U ovo na&#353;e nastojanje, verski rukovodioci ovde na Kosovu, mogu mnogo da doprinose.<br \/>\n\u00a0<br \/>\nDragi u\u010desnici konferencije,<\/p>\n<p>Po&#353;tovani gosti,<\/p>\n<p>Verski, kulturni i nacionalni diverzitet Kosova, je na&#353;a najve\u0107a\u00a0 vrednost. Za&#353;tita prava svih gra\u0111ana je uklesana u na&#353; Ustav. Tolerancije i miran su&#382;ivot su oja\u010dali kao ube\u0111enje i vera u na&#353;u zemlju.<\/p>\n<p>Danas mi smo u toku izgradnje jednog naroda posve\u0107enog miru i razumevanju, gajenja su&#382;ivota kultura i vera. Mi smo posve\u0107eni da postavimo temelje jedne ustrajne budu\u0107nosti za sve na&#353;e gra\u0111ane. Mi &#382;elimo da ostavimo za nama jednu prosperitetnu zemlju, bez jezika mr&#382;nje i ostataka pro&#353;lih nesporazuma za budu\u0107e generacije. Mi smo odlu\u010dni da dajemo na&#353;oj zajedni\u010dkoj budu\u0107nosti jedan dugi izgled &#8211; onu zajedni\u010dkog obostranog po&#353;tovanja i napretka.<\/p>\n<p>Mi smo u toku izgradnje jednog dru&#353;tva sa karakteristikama mira i tolerancije izme\u0111u ljudi Kosova kao i tolerancije izme\u0111u gra\u0111ana razli\u010ditih zajednica i vera, toleranciju koja \u0107e ponovo ste\u0107i poljuljano poverenje izme\u0111u jednog i drugoga. Mi smo odlu\u010dni i \u010dvrsto opredeljeni i ube\u0111eni za mir i slobodu.<\/p>\n<p>Mi smo u toku gradnje jednog multikulturnog dru&#353;tva, jedne jake i prosperitetne dr&#382;ave, za svakog gra\u0111anina na&#353;e zemlje, jedan narod koji vere smatra najve\u0107im bogatstvom\u00a0 i gde verska sloboda je na&#353;a glavna vrednost.<\/p>\n<p>Hvala vam<\/p>\n","protected":false},"excerpt":{"rendered":"<p>Imam \u010dast da vam po&#382;elim dobrodo&#353;licu na Kosovu, predstavnicima raznih veroispovesti na Kosovu i u svetu, u\u010denjaci i ljudi dobre volje , koji su se skupili zajedno radi podsticanja i promocije multikulturalizma, ekumenskog dijaloga, jedne kulture zajedni\u010dkog &#382;ivota i pomirenja.<\/p>\n","protected":false},"author":1,"featured_media":51124,"comment_status":"open","ping_status":"closed","sticky":false,"template":"","format":"standard","meta":{"_eb_attr":"","footnotes":""},"categories":[101],"tags":[],"class_list":["post-78406","post","type-post","status-publish","format-standard","has-post-thumbnail","hentry","category-vesti"],"yoast_head":"<!-- This site is optimized with the Yoast SEO plugin v23.5 - https:\/\/yoast.com\/wordpress\/plugins\/seo\/ -->\n<title>GOVOR PREDSEDNICE KOSOVA NA OTVARANJE ME\u0110UVERSKE KONFERENCIJE U PE\u0106I - Predsednik Republike Kosovo - DR. VJOSA OSMANI - SADRIU<\/title>\n<meta name=\"description\" content=\"GOVOR PREDSEDNICE KOSOVA NA OTVARANJE ME\u0110UVERSKE KONFERENCIJE U PE\u0106I - Predsednik Republike Kosovo - DR. VJOSA OSMANI - SADRIU -\" \/>\n<meta name=\"robots\" content=\"index, follow, max-snippet:-1, max-image-preview:large, max-video-preview:-1\" \/>\n<link rel=\"canonical\" href=\"https:\/\/president-ksgov.net\/fjalimi-i-presidentes-se-kosoves-ne-hapjen-e-konferences-nderfetare-ne-peje-2\/\" \/>\n<meta property=\"og:locale\" content=\"sr_RS\" \/>\n<meta property=\"og:type\" content=\"article\" \/>\n<meta property=\"og:title\" content=\"GOVOR PREDSEDNICE KOSOVA NA OTVARANJE ME\u0110UVERSKE KONFERENCIJE U PE\u0106I - Predsednik Republike Kosovo - DR. VJOSA OSMANI - SADRIU\" \/>\n<meta property=\"og:description\" content=\"GOVOR PREDSEDNICE KOSOVA NA OTVARANJE ME\u0110UVERSKE KONFERENCIJE U PE\u0106I - Predsednik Republike Kosovo - DR. VJOSA OSMANI - SADRIU -\" \/>\n<meta property=\"og:url\" content=\"https:\/\/president-ksgov.net\/fjalimi-i-presidentes-se-kosoves-ne-hapjen-e-konferences-nderfetare-ne-peje-2\/\" \/>\n<meta property=\"og:site_name\" content=\"Predsednik Republike Kosovo - DR. VJOSA OSMANI - SADRIU\" \/>\n<meta property=\"article:published_time\" content=\"2013-05-24T19:43:49+00:00\" \/>\n<meta property=\"og:image\" content=\"https:\/\/president-ksgov.net\/wp-content\/uploads\/24.05.2013_konferenca_1.jpg\" \/>\n\t<meta property=\"og:image:width\" content=\"1000\" \/>\n\t<meta property=\"og:image:height\" content=\"667\" \/>\n\t<meta property=\"og:image:type\" content=\"image\/jpeg\" \/>\n<meta name=\"author\" content=\"admin\" \/>\n<meta name=\"twitter:card\" content=\"summary_large_image\" \/>\n<meta name=\"twitter:label1\" content=\"\u041d\u0430\u043f\u0438\u0441\u0430\u043d\u043e \u043e\u0434\" \/>\n\t<meta name=\"twitter:data1\" content=\"admin\" \/>\n\t<meta name=\"twitter:label2\" content=\"\u041f\u0440\u043e\u0446\u0435\u045a\u0435\u043d\u043e \u0432\u0440\u0435\u043c\u0435 \u0447\u0438\u0442\u0430\u045a\u0430\" \/>\n\t<meta name=\"twitter:data2\" content=\"4 \u043c\u0438\u043d\u0443\u0442\u0430\" \/>\n<script type=\"application\/ld+json\" class=\"yoast-schema-graph\">{\"@context\":\"https:\/\/schema.org\",\"@graph\":[{\"@type\":\"WebPage\",\"@id\":\"https:\/\/president-ksgov.net\/fjalimi-i-presidentes-se-kosoves-ne-hapjen-e-konferences-nderfetare-ne-peje-2\/\",\"url\":\"https:\/\/president-ksgov.net\/fjalimi-i-presidentes-se-kosoves-ne-hapjen-e-konferences-nderfetare-ne-peje-2\/\",\"name\":\"GOVOR PREDSEDNICE KOSOVA NA OTVARANJE ME\u0110UVERSKE KONFERENCIJE U PE\u0106I - Predsednik Republike Kosovo - DR. VJOSA OSMANI - SADRIU\",\"isPartOf\":{\"@id\":\"https:\/\/president-ksgov.net\/#website\"},\"primaryImageOfPage\":{\"@id\":\"https:\/\/president-ksgov.net\/fjalimi-i-presidentes-se-kosoves-ne-hapjen-e-konferences-nderfetare-ne-peje-2\/#primaryimage\"},\"image\":{\"@id\":\"https:\/\/president-ksgov.net\/fjalimi-i-presidentes-se-kosoves-ne-hapjen-e-konferences-nderfetare-ne-peje-2\/#primaryimage\"},\"thumbnailUrl\":\"https:\/\/president-ksgov.net\/wp-content\/uploads\/24.05.2013_konferenca_1.jpg\",\"datePublished\":\"2013-05-24T19:43:49+00:00\",\"dateModified\":\"2013-05-24T19:43:49+00:00\",\"author\":{\"@id\":\"https:\/\/president-ksgov.net\/#\/schema\/person\/bb4337a5fb147cb2046d80548172cbee\"},\"description\":\"GOVOR PREDSEDNICE KOSOVA NA OTVARANJE ME\u0110UVERSKE KONFERENCIJE U PE\u0106I - Predsednik Republike Kosovo - DR. VJOSA OSMANI - SADRIU -\",\"breadcrumb\":{\"@id\":\"https:\/\/president-ksgov.net\/fjalimi-i-presidentes-se-kosoves-ne-hapjen-e-konferences-nderfetare-ne-peje-2\/#breadcrumb\"},\"inLanguage\":\"sr-RS\",\"potentialAction\":[{\"@type\":\"ReadAction\",\"target\":[\"https:\/\/president-ksgov.net\/fjalimi-i-presidentes-se-kosoves-ne-hapjen-e-konferences-nderfetare-ne-peje-2\/\"]}]},{\"@type\":\"ImageObject\",\"inLanguage\":\"sr-RS\",\"@id\":\"https:\/\/president-ksgov.net\/fjalimi-i-presidentes-se-kosoves-ne-hapjen-e-konferences-nderfetare-ne-peje-2\/#primaryimage\",\"url\":\"https:\/\/president-ksgov.net\/wp-content\/uploads\/24.05.2013_konferenca_1.jpg\",\"contentUrl\":\"https:\/\/president-ksgov.net\/wp-content\/uploads\/24.05.2013_konferenca_1.jpg\",\"width\":1000,\"height\":667},{\"@type\":\"BreadcrumbList\",\"@id\":\"https:\/\/president-ksgov.net\/fjalimi-i-presidentes-se-kosoves-ne-hapjen-e-konferences-nderfetare-ne-peje-2\/#breadcrumb\",\"itemListElement\":[{\"@type\":\"ListItem\",\"position\":1,\"name\":\"Home\",\"item\":\"https:\/\/president-ksgov.net\/sr\/\"},{\"@type\":\"ListItem\",\"position\":2,\"name\":\"GOVOR PREDSEDNICE KOSOVA NA OTVARANJE ME\u0110UVERSKE KONFERENCIJE U PE\u0106I\"}]},{\"@type\":\"WebSite\",\"@id\":\"https:\/\/president-ksgov.net\/#website\",\"url\":\"https:\/\/president-ksgov.net\/\",\"name\":\"Presidente e Republik\u00ebs s\u00eb Kosov\u00ebs\",\"description\":\"Presidente e Republik\u00ebs s\u00eb Kosov\u00ebs\",\"alternateName\":\"DR. VJOSA OSMANI - SADRIU\",\"potentialAction\":[{\"@type\":\"SearchAction\",\"target\":{\"@type\":\"EntryPoint\",\"urlTemplate\":\"https:\/\/president-ksgov.net\/?s={search_term_string}\"},\"query-input\":{\"@type\":\"PropertyValueSpecification\",\"valueRequired\":true,\"valueName\":\"search_term_string\"}}],\"inLanguage\":\"sr-RS\"},{\"@type\":\"Person\",\"@id\":\"https:\/\/president-ksgov.net\/#\/schema\/person\/bb4337a5fb147cb2046d80548172cbee\",\"name\":\"admin\",\"image\":{\"@type\":\"ImageObject\",\"inLanguage\":\"sr-RS\",\"@id\":\"https:\/\/president-ksgov.net\/#\/schema\/person\/image\/\",\"url\":\"https:\/\/secure.gravatar.com\/avatar\/36156ca0fa3b8d9d25174f146e16beea0cf28f37adf1b9e19b6c9c279a7c9dd3?s=96&d=mm&r=g\",\"contentUrl\":\"https:\/\/secure.gravatar.com\/avatar\/36156ca0fa3b8d9d25174f146e16beea0cf28f37adf1b9e19b6c9c279a7c9dd3?s=96&d=mm&r=g\",\"caption\":\"admin\"},\"sameAs\":[\"https:\/\/president-ksgov.net\"]}]}<\/script>\n<!-- \/ Yoast SEO plugin. -->","yoast_head_json":{"title":"GOVOR PREDSEDNICE KOSOVA NA OTVARANJE ME\u0110UVERSKE KONFERENCIJE U PE\u0106I - Predsednik Republike Kosovo - DR. VJOSA OSMANI - SADRIU","description":"GOVOR PREDSEDNICE KOSOVA NA OTVARANJE ME\u0110UVERSKE KONFERENCIJE U PE\u0106I - Predsednik Republike Kosovo - DR. VJOSA OSMANI - SADRIU -","robots":{"index":"index","follow":"follow","max-snippet":"max-snippet:-1","max-image-preview":"max-image-preview:large","max-video-preview":"max-video-preview:-1"},"canonical":"https:\/\/president-ksgov.net\/fjalimi-i-presidentes-se-kosoves-ne-hapjen-e-konferences-nderfetare-ne-peje-2\/","og_locale":"sr_RS","og_type":"article","og_title":"GOVOR PREDSEDNICE KOSOVA NA OTVARANJE ME\u0110UVERSKE KONFERENCIJE U PE\u0106I - Predsednik Republike Kosovo - DR. VJOSA OSMANI - SADRIU","og_description":"GOVOR PREDSEDNICE KOSOVA NA OTVARANJE ME\u0110UVERSKE KONFERENCIJE U PE\u0106I - Predsednik Republike Kosovo - DR. VJOSA OSMANI - SADRIU -","og_url":"https:\/\/president-ksgov.net\/fjalimi-i-presidentes-se-kosoves-ne-hapjen-e-konferences-nderfetare-ne-peje-2\/","og_site_name":"Predsednik Republike Kosovo - DR. VJOSA OSMANI - SADRIU","article_published_time":"2013-05-24T19:43:49+00:00","og_image":[{"width":1000,"height":667,"url":"https:\/\/president-ksgov.net\/wp-content\/uploads\/24.05.2013_konferenca_1.jpg","type":"image\/jpeg"}],"author":"admin","twitter_card":"summary_large_image","twitter_misc":{"\u041d\u0430\u043f\u0438\u0441\u0430\u043d\u043e \u043e\u0434":"admin","\u041f\u0440\u043e\u0446\u0435\u045a\u0435\u043d\u043e \u0432\u0440\u0435\u043c\u0435 \u0447\u0438\u0442\u0430\u045a\u0430":"4 \u043c\u0438\u043d\u0443\u0442\u0430"},"schema":{"@context":"https:\/\/schema.org","@graph":[{"@type":"WebPage","@id":"https:\/\/president-ksgov.net\/fjalimi-i-presidentes-se-kosoves-ne-hapjen-e-konferences-nderfetare-ne-peje-2\/","url":"https:\/\/president-ksgov.net\/fjalimi-i-presidentes-se-kosoves-ne-hapjen-e-konferences-nderfetare-ne-peje-2\/","name":"GOVOR PREDSEDNICE KOSOVA NA OTVARANJE ME\u0110UVERSKE KONFERENCIJE U PE\u0106I - Predsednik Republike Kosovo - DR. VJOSA OSMANI - SADRIU","isPartOf":{"@id":"https:\/\/president-ksgov.net\/#website"},"primaryImageOfPage":{"@id":"https:\/\/president-ksgov.net\/fjalimi-i-presidentes-se-kosoves-ne-hapjen-e-konferences-nderfetare-ne-peje-2\/#primaryimage"},"image":{"@id":"https:\/\/president-ksgov.net\/fjalimi-i-presidentes-se-kosoves-ne-hapjen-e-konferences-nderfetare-ne-peje-2\/#primaryimage"},"thumbnailUrl":"https:\/\/president-ksgov.net\/wp-content\/uploads\/24.05.2013_konferenca_1.jpg","datePublished":"2013-05-24T19:43:49+00:00","dateModified":"2013-05-24T19:43:49+00:00","author":{"@id":"https:\/\/president-ksgov.net\/#\/schema\/person\/bb4337a5fb147cb2046d80548172cbee"},"description":"GOVOR PREDSEDNICE KOSOVA NA OTVARANJE ME\u0110UVERSKE KONFERENCIJE U PE\u0106I - Predsednik Republike Kosovo - DR. VJOSA OSMANI - SADRIU -","breadcrumb":{"@id":"https:\/\/president-ksgov.net\/fjalimi-i-presidentes-se-kosoves-ne-hapjen-e-konferences-nderfetare-ne-peje-2\/#breadcrumb"},"inLanguage":"sr-RS","potentialAction":[{"@type":"ReadAction","target":["https:\/\/president-ksgov.net\/fjalimi-i-presidentes-se-kosoves-ne-hapjen-e-konferences-nderfetare-ne-peje-2\/"]}]},{"@type":"ImageObject","inLanguage":"sr-RS","@id":"https:\/\/president-ksgov.net\/fjalimi-i-presidentes-se-kosoves-ne-hapjen-e-konferences-nderfetare-ne-peje-2\/#primaryimage","url":"https:\/\/president-ksgov.net\/wp-content\/uploads\/24.05.2013_konferenca_1.jpg","contentUrl":"https:\/\/president-ksgov.net\/wp-content\/uploads\/24.05.2013_konferenca_1.jpg","width":1000,"height":667},{"@type":"BreadcrumbList","@id":"https:\/\/president-ksgov.net\/fjalimi-i-presidentes-se-kosoves-ne-hapjen-e-konferences-nderfetare-ne-peje-2\/#breadcrumb","itemListElement":[{"@type":"ListItem","position":1,"name":"Home","item":"https:\/\/president-ksgov.net\/sr\/"},{"@type":"ListItem","position":2,"name":"GOVOR PREDSEDNICE KOSOVA NA OTVARANJE ME\u0110UVERSKE KONFERENCIJE U PE\u0106I"}]},{"@type":"WebSite","@id":"https:\/\/president-ksgov.net\/#website","url":"https:\/\/president-ksgov.net\/","name":"Presidente e Republik\u00ebs s\u00eb Kosov\u00ebs","description":"Presidente e Republik\u00ebs s\u00eb Kosov\u00ebs","alternateName":"DR. VJOSA OSMANI - SADRIU","potentialAction":[{"@type":"SearchAction","target":{"@type":"EntryPoint","urlTemplate":"https:\/\/president-ksgov.net\/?s={search_term_string}"},"query-input":{"@type":"PropertyValueSpecification","valueRequired":true,"valueName":"search_term_string"}}],"inLanguage":"sr-RS"},{"@type":"Person","@id":"https:\/\/president-ksgov.net\/#\/schema\/person\/bb4337a5fb147cb2046d80548172cbee","name":"admin","image":{"@type":"ImageObject","inLanguage":"sr-RS","@id":"https:\/\/president-ksgov.net\/#\/schema\/person\/image\/","url":"https:\/\/secure.gravatar.com\/avatar\/36156ca0fa3b8d9d25174f146e16beea0cf28f37adf1b9e19b6c9c279a7c9dd3?s=96&d=mm&r=g","contentUrl":"https:\/\/secure.gravatar.com\/avatar\/36156ca0fa3b8d9d25174f146e16beea0cf28f37adf1b9e19b6c9c279a7c9dd3?s=96&d=mm&r=g","caption":"admin"},"sameAs":["https:\/\/president-ksgov.net"]}]}},"_links":{"self":[{"href":"https:\/\/president-ksgov.net\/sr\/wp-json\/wp\/v2\/posts\/78406","targetHints":{"allow":["GET"]}}],"collection":[{"href":"https:\/\/president-ksgov.net\/sr\/wp-json\/wp\/v2\/posts"}],"about":[{"href":"https:\/\/president-ksgov.net\/sr\/wp-json\/wp\/v2\/types\/post"}],"author":[{"embeddable":true,"href":"https:\/\/president-ksgov.net\/sr\/wp-json\/wp\/v2\/users\/1"}],"replies":[{"embeddable":true,"href":"https:\/\/president-ksgov.net\/sr\/wp-json\/wp\/v2\/comments?post=78406"}],"version-history":[{"count":0,"href":"https:\/\/president-ksgov.net\/sr\/wp-json\/wp\/v2\/posts\/78406\/revisions"}],"wp:featuredmedia":[{"embeddable":true,"href":"https:\/\/president-ksgov.net\/sr\/wp-json\/wp\/v2\/media\/51124"}],"wp:attachment":[{"href":"https:\/\/president-ksgov.net\/sr\/wp-json\/wp\/v2\/media?parent=78406"}],"wp:term":[{"taxonomy":"category","embeddable":true,"href":"https:\/\/president-ksgov.net\/sr\/wp-json\/wp\/v2\/categories?post=78406"},{"taxonomy":"post_tag","embeddable":true,"href":"https:\/\/president-ksgov.net\/sr\/wp-json\/wp\/v2\/tags?post=78406"}],"curies":[{"name":"wp","href":"https:\/\/api.w.org\/{rel}","templated":true}]}}