{"id":78403,"date":"2013-05-25T12:23:28","date_gmt":"2013-05-25T12:23:28","guid":{"rendered":"https:\/\/dev.president-ksgov.net\/govor-predsednice-jahjaga-na-jutarnju-molitvu\/"},"modified":"2023-03-08T09:03:52","modified_gmt":"2023-03-08T09:03:52","slug":"govor-predsednice-jahjaga-na-jutarnju-molitvu","status":"publish","type":"post","link":"https:\/\/president-ksgov.net\/sr\/govor-predsednice-jahjaga-na-jutarnju-molitvu\/","title":{"rendered":"Govor  Predsednice Jahjaga na Jutarnju Molitvu"},"content":{"rendered":"<p>Zadovoljstvo je da u ovoj ceremoniji, koja se organizuje po prvi put u Republici Kosovo, u\u010destvuje tako mnogo prijatelja moje zemlje budu\u0107i ujedinjeni na ovu jutarnju molitvu.<\/p>\n<p>Postovani Predsednice Skupstine Kosova, Krasniqi,<br \/>\nPostovani Premijeru, Thaci<br \/>\nPostovani zamenici premijera<br \/>\nMinistri i zamenici ministara iz Kosova i regijona,<br \/>\nKongresmeni Aderholt i McEwen,<br \/>\nPostovani ambasadori i predstavnici diplomatskih misija na Kosovu,\u00a0<br \/>\nPostovani lideri politickih partija,<br \/>\nPoslanici Skupstine Kosova,<br \/>\nGospodine Beasley i gospodine Holmes,<br \/>\nPostovani lideri i predstavnici verskih zajednica<br \/>\nPostovani Gradonacelnice Opstine Pristina<br \/>\nPostovani gosti is regijona i sire,<br \/>\nDame i gospodo<\/p>\n<p>Zadovoljstvo je da u ovoj ceremoniji, koja se organizuje po prvi put u Republici Kosovo, u\u010destvuje tako mnogo prijatelja moje zemlje budu\u0107i ujedinjeni na ovu jutarnju molitvu.<\/p>\n<p>Ova molitva jeste jedna mogu\u0107nost da zajedno, sa svim razlikama koje svaki od nas ima u sebi, zastajemo i razmislimo o na&#353;im dosada&#353;njim postupcima i njihovom uticaju na svakodnevni &#382;ivot na&#353;ih gra\u0111ana i njihovih porodica.<\/p>\n<p>Odluke lidera se odnose na svakodnevnicu i kvalitet &#382;ivota svakog gra\u0111anina, s toga zastanimo i analizirajmo da li su slu\u010dajno svakodnevni izazovi u\u010dinili da zaboravimo ono &#353;to je bitno, po&#353;tovanje za ljudski &#382;ivot.<\/p>\n<p>Republika Kosovo jeste u jednom vrlo zna\u010dajnom momentu ja\u010danja dr&#382;ave imaju\u0107i kao prioritet interes svakog gra\u0111ana.<\/p>\n<p>Kosovo je danas faktor mira i stabilnosti u regionu, jeste model kako funkcionira jedna vi&#353;enacionalna dr&#382;ava i konkretan je primer kako razli\u010ditost predstavlja vrednost jednog dru&#353;tva.<\/p>\n<p>Republika Kosovo, najmla\u0111a dr&#382;ava Evrope, cilja da daje najbolji primer kako se grade dobri me\u0111u etni\u010dki i me\u0111u verski odnosi, isti\u010du\u0107i se tolerancijom, razumevanjem i zajedni\u010dkim &#382;ivotom. Ovo je identitet. Ovo je na&#353;a zajedni\u010dka volja slobodno izra&#382;ena za izgradnju demokratskog dru&#353;tva slobodnih i ravnopravnih ljudi, izgradnje pravne dr&#382;ave.<\/p>\n<p>Po&#353;tovani u\u010desnici,<\/p>\n<p>Poverenje jeste jedan motiv, jedan dodatni podstrek za postizanje svakog cilja sa velikom posvetom i ljubavlju. Ja \u010dvrsto verujem da onde gde ima dobre volje i poverenja, mo&#382;e se posti\u0107i uspeh. Nikada ne trebamo zaboraviti da razlika po\u010dinje sa nama, sa postupcima i na&#353;im dnevnim interakcijama, u na&#353;em svakodnevnom &#382;ivotu.<\/p>\n<p>Po&#353;tovani u\u010desnici, <\/p>\n<p>Republika Kosovo jeste vi&#353;enacionalna dr&#382;ava. Gra\u0111ani Kosova, razli\u010dite nacionalne, verske, kulturne i jezi\u010dke pripadnosti, \u010dine divan mozaik i dokazuju da nezavisno od toga koliko mo&#382;emo biti razli\u010diti, svaki u nastojanju da sa\u010duva, neguje i unapre\u0111uje svoj identitet, mi smo svi skupa vrlo jedinstveni u ljubavi koju gajimo za na&#353;u zemlju.<\/p>\n<p>&#352;to su vi&#353;e unapre\u0111ena prava raznih zajednica u jednoj dr&#382;avi, toliko \u0107e ona biti ja\u010da. Ove vrednosti ne mogu postati deo na&#353;e politike, ukoliko nisu deo na&#353;eg srca.<\/p>\n<p>Promene ne dolaze re\u010dima nego konkretnim postupcima. Da manje govorimo a da vi&#353;e radimo. Onako kako nam je poru\u010dila sveta Majka Tereza:<\/p>\n<p>&#8221;Ju\u010dera&#353;nje je pro&#353;lo, sutra&#353;nje jo&#353; nije do&#353;lo. Mi imamo samo dana&#353;njicu. Da po\u010dnemo&#8221;.\u00a0 Koja tako\u0111e ka&#382;e da &#8220;Ukoliko nema mira u ovom svetu, to je za to &#353;to smo mi zaboravili da pripadamo jedan &#8211; drugome&#8220;.<\/p>\n<p>Da se pomolimo svi jedan za drugog. Da razmislimo o na&#353;im zajedni\u010dkim dobrima. Da radimo svaki na svom mestu, razmi&#353;ljaju\u0107i o dobroti za sve.\u00a0 <\/p>\n<p>Sve vas Bog blagosiljao!<br \/>\nBlagosiljao Bog Kosovo!<br \/>\nHvala vam!<\/p>\n","protected":false},"excerpt":{"rendered":"<p>Zadovoljstvo je da u ovoj ceremoniji, koja se organizuje po prvi put u Republici Kosovo, u\u010destvuje tako mnogo prijatelja moje zemlje budu\u0107i ujedinjeni na ovu jutarnju molitvu.<\/p>\n","protected":false},"author":1,"featured_media":51076,"comment_status":"open","ping_status":"closed","sticky":false,"template":"","format":"standard","meta":{"_eb_attr":"","footnotes":""},"categories":[106],"tags":[],"class_list":["post-78403","post","type-post","status-publish","format-standard","has-post-thumbnail","hentry","category-govori"],"yoast_head":"<!-- This site is optimized with the Yoast SEO plugin v23.5 - https:\/\/yoast.com\/wordpress\/plugins\/seo\/ -->\n<title>Govor Predsednice Jahjaga na Jutarnju Molitvu - Predsednik Republike Kosovo - DR. VJOSA OSMANI - SADRIU<\/title>\n<meta name=\"description\" content=\"Govor Predsednice Jahjaga na Jutarnju Molitvu - Predsednik Republike Kosovo - DR. VJOSA OSMANI - SADRIU -\" \/>\n<meta name=\"robots\" content=\"index, follow, max-snippet:-1, max-image-preview:large, max-video-preview:-1\" \/>\n<link rel=\"canonical\" href=\"https:\/\/president-ksgov.net\/fjala-e-presidentes-jahjaga-ne-lutjet-e-mengjesit\/\" \/>\n<meta property=\"og:locale\" content=\"sr_RS\" \/>\n<meta property=\"og:type\" content=\"article\" \/>\n<meta property=\"og:title\" content=\"Govor Predsednice Jahjaga na Jutarnju Molitvu - Predsednik Republike Kosovo - DR. VJOSA OSMANI - SADRIU\" \/>\n<meta property=\"og:description\" content=\"Govor Predsednice Jahjaga na Jutarnju Molitvu - Predsednik Republike Kosovo - DR. VJOSA OSMANI - SADRIU -\" \/>\n<meta property=\"og:url\" content=\"https:\/\/president-ksgov.net\/fjala-e-presidentes-jahjaga-ne-lutjet-e-mengjesit\/\" \/>\n<meta property=\"og:site_name\" content=\"Predsednik Republike Kosovo - DR. VJOSA OSMANI - SADRIU\" \/>\n<meta property=\"article:published_time\" content=\"2013-05-25T12:23:28+00:00\" \/>\n<meta property=\"article:modified_time\" content=\"2023-03-08T09:03:52+00:00\" \/>\n<meta property=\"og:image\" content=\"https:\/\/president-ksgov.net\/wp-content\/uploads\/25_05_13_133409_25_05_2013_Lutjet_e_Mengjesit_1.jpg\" \/>\n\t<meta property=\"og:image:width\" content=\"1000\" \/>\n\t<meta property=\"og:image:height\" content=\"778\" \/>\n\t<meta property=\"og:image:type\" content=\"image\/jpeg\" \/>\n<meta name=\"author\" content=\"admin\" \/>\n<meta name=\"twitter:card\" content=\"summary_large_image\" \/>\n<meta name=\"twitter:label1\" content=\"\u041d\u0430\u043f\u0438\u0441\u0430\u043d\u043e \u043e\u0434\" \/>\n\t<meta name=\"twitter:data1\" content=\"admin\" \/>\n\t<meta name=\"twitter:label2\" content=\"\u041f\u0440\u043e\u0446\u0435\u045a\u0435\u043d\u043e \u0432\u0440\u0435\u043c\u0435 \u0447\u0438\u0442\u0430\u045a\u0430\" \/>\n\t<meta name=\"twitter:data2\" content=\"3 \u043c\u0438\u043d\u0443\u0442\u0430\" \/>\n<script type=\"application\/ld+json\" class=\"yoast-schema-graph\">{\"@context\":\"https:\/\/schema.org\",\"@graph\":[{\"@type\":\"WebPage\",\"@id\":\"https:\/\/president-ksgov.net\/fjala-e-presidentes-jahjaga-ne-lutjet-e-mengjesit\/\",\"url\":\"https:\/\/president-ksgov.net\/fjala-e-presidentes-jahjaga-ne-lutjet-e-mengjesit\/\",\"name\":\"Govor Predsednice Jahjaga na Jutarnju Molitvu - Predsednik Republike Kosovo - DR. VJOSA OSMANI - SADRIU\",\"isPartOf\":{\"@id\":\"https:\/\/president-ksgov.net\/#website\"},\"primaryImageOfPage\":{\"@id\":\"https:\/\/president-ksgov.net\/fjala-e-presidentes-jahjaga-ne-lutjet-e-mengjesit\/#primaryimage\"},\"image\":{\"@id\":\"https:\/\/president-ksgov.net\/fjala-e-presidentes-jahjaga-ne-lutjet-e-mengjesit\/#primaryimage\"},\"thumbnailUrl\":\"https:\/\/president-ksgov.net\/wp-content\/uploads\/25_05_13_133409_25_05_2013_Lutjet_e_Mengjesit_1.jpg\",\"datePublished\":\"2013-05-25T12:23:28+00:00\",\"dateModified\":\"2023-03-08T09:03:52+00:00\",\"author\":{\"@id\":\"https:\/\/president-ksgov.net\/#\/schema\/person\/bb4337a5fb147cb2046d80548172cbee\"},\"description\":\"Govor Predsednice Jahjaga na Jutarnju Molitvu - Predsednik Republike Kosovo - DR. VJOSA OSMANI - SADRIU -\",\"breadcrumb\":{\"@id\":\"https:\/\/president-ksgov.net\/fjala-e-presidentes-jahjaga-ne-lutjet-e-mengjesit\/#breadcrumb\"},\"inLanguage\":\"sr-RS\",\"potentialAction\":[{\"@type\":\"ReadAction\",\"target\":[\"https:\/\/president-ksgov.net\/fjala-e-presidentes-jahjaga-ne-lutjet-e-mengjesit\/\"]}]},{\"@type\":\"ImageObject\",\"inLanguage\":\"sr-RS\",\"@id\":\"https:\/\/president-ksgov.net\/fjala-e-presidentes-jahjaga-ne-lutjet-e-mengjesit\/#primaryimage\",\"url\":\"https:\/\/president-ksgov.net\/wp-content\/uploads\/25_05_13_133409_25_05_2013_Lutjet_e_Mengjesit_1.jpg\",\"contentUrl\":\"https:\/\/president-ksgov.net\/wp-content\/uploads\/25_05_13_133409_25_05_2013_Lutjet_e_Mengjesit_1.jpg\",\"width\":1000,\"height\":778},{\"@type\":\"BreadcrumbList\",\"@id\":\"https:\/\/president-ksgov.net\/fjala-e-presidentes-jahjaga-ne-lutjet-e-mengjesit\/#breadcrumb\",\"itemListElement\":[{\"@type\":\"ListItem\",\"position\":1,\"name\":\"Home\",\"item\":\"https:\/\/president-ksgov.net\/sr\/\"},{\"@type\":\"ListItem\",\"position\":2,\"name\":\"Govor Predsednice Jahjaga na Jutarnju Molitvu\"}]},{\"@type\":\"WebSite\",\"@id\":\"https:\/\/president-ksgov.net\/#website\",\"url\":\"https:\/\/president-ksgov.net\/\",\"name\":\"Presidente e Republik\u00ebs s\u00eb Kosov\u00ebs\",\"description\":\"Presidente e Republik\u00ebs s\u00eb Kosov\u00ebs\",\"alternateName\":\"DR. VJOSA OSMANI - SADRIU\",\"potentialAction\":[{\"@type\":\"SearchAction\",\"target\":{\"@type\":\"EntryPoint\",\"urlTemplate\":\"https:\/\/president-ksgov.net\/?s={search_term_string}\"},\"query-input\":{\"@type\":\"PropertyValueSpecification\",\"valueRequired\":true,\"valueName\":\"search_term_string\"}}],\"inLanguage\":\"sr-RS\"},{\"@type\":\"Person\",\"@id\":\"https:\/\/president-ksgov.net\/#\/schema\/person\/bb4337a5fb147cb2046d80548172cbee\",\"name\":\"admin\",\"image\":{\"@type\":\"ImageObject\",\"inLanguage\":\"sr-RS\",\"@id\":\"https:\/\/president-ksgov.net\/#\/schema\/person\/image\/\",\"url\":\"https:\/\/secure.gravatar.com\/avatar\/36156ca0fa3b8d9d25174f146e16beea0cf28f37adf1b9e19b6c9c279a7c9dd3?s=96&d=mm&r=g\",\"contentUrl\":\"https:\/\/secure.gravatar.com\/avatar\/36156ca0fa3b8d9d25174f146e16beea0cf28f37adf1b9e19b6c9c279a7c9dd3?s=96&d=mm&r=g\",\"caption\":\"admin\"},\"sameAs\":[\"https:\/\/president-ksgov.net\"]}]}<\/script>\n<!-- \/ Yoast SEO plugin. -->","yoast_head_json":{"title":"Govor Predsednice Jahjaga na Jutarnju Molitvu - Predsednik Republike Kosovo - DR. VJOSA OSMANI - SADRIU","description":"Govor Predsednice Jahjaga na Jutarnju Molitvu - Predsednik Republike Kosovo - DR. VJOSA OSMANI - SADRIU -","robots":{"index":"index","follow":"follow","max-snippet":"max-snippet:-1","max-image-preview":"max-image-preview:large","max-video-preview":"max-video-preview:-1"},"canonical":"https:\/\/president-ksgov.net\/fjala-e-presidentes-jahjaga-ne-lutjet-e-mengjesit\/","og_locale":"sr_RS","og_type":"article","og_title":"Govor Predsednice Jahjaga na Jutarnju Molitvu - Predsednik Republike Kosovo - DR. VJOSA OSMANI - SADRIU","og_description":"Govor Predsednice Jahjaga na Jutarnju Molitvu - Predsednik Republike Kosovo - DR. VJOSA OSMANI - SADRIU -","og_url":"https:\/\/president-ksgov.net\/fjala-e-presidentes-jahjaga-ne-lutjet-e-mengjesit\/","og_site_name":"Predsednik Republike Kosovo - DR. VJOSA OSMANI - SADRIU","article_published_time":"2013-05-25T12:23:28+00:00","article_modified_time":"2023-03-08T09:03:52+00:00","og_image":[{"width":1000,"height":778,"url":"https:\/\/president-ksgov.net\/wp-content\/uploads\/25_05_13_133409_25_05_2013_Lutjet_e_Mengjesit_1.jpg","type":"image\/jpeg"}],"author":"admin","twitter_card":"summary_large_image","twitter_misc":{"\u041d\u0430\u043f\u0438\u0441\u0430\u043d\u043e \u043e\u0434":"admin","\u041f\u0440\u043e\u0446\u0435\u045a\u0435\u043d\u043e \u0432\u0440\u0435\u043c\u0435 \u0447\u0438\u0442\u0430\u045a\u0430":"3 \u043c\u0438\u043d\u0443\u0442\u0430"},"schema":{"@context":"https:\/\/schema.org","@graph":[{"@type":"WebPage","@id":"https:\/\/president-ksgov.net\/fjala-e-presidentes-jahjaga-ne-lutjet-e-mengjesit\/","url":"https:\/\/president-ksgov.net\/fjala-e-presidentes-jahjaga-ne-lutjet-e-mengjesit\/","name":"Govor Predsednice Jahjaga na Jutarnju Molitvu - Predsednik Republike Kosovo - DR. VJOSA OSMANI - SADRIU","isPartOf":{"@id":"https:\/\/president-ksgov.net\/#website"},"primaryImageOfPage":{"@id":"https:\/\/president-ksgov.net\/fjala-e-presidentes-jahjaga-ne-lutjet-e-mengjesit\/#primaryimage"},"image":{"@id":"https:\/\/president-ksgov.net\/fjala-e-presidentes-jahjaga-ne-lutjet-e-mengjesit\/#primaryimage"},"thumbnailUrl":"https:\/\/president-ksgov.net\/wp-content\/uploads\/25_05_13_133409_25_05_2013_Lutjet_e_Mengjesit_1.jpg","datePublished":"2013-05-25T12:23:28+00:00","dateModified":"2023-03-08T09:03:52+00:00","author":{"@id":"https:\/\/president-ksgov.net\/#\/schema\/person\/bb4337a5fb147cb2046d80548172cbee"},"description":"Govor Predsednice Jahjaga na Jutarnju Molitvu - Predsednik Republike Kosovo - DR. VJOSA OSMANI - SADRIU -","breadcrumb":{"@id":"https:\/\/president-ksgov.net\/fjala-e-presidentes-jahjaga-ne-lutjet-e-mengjesit\/#breadcrumb"},"inLanguage":"sr-RS","potentialAction":[{"@type":"ReadAction","target":["https:\/\/president-ksgov.net\/fjala-e-presidentes-jahjaga-ne-lutjet-e-mengjesit\/"]}]},{"@type":"ImageObject","inLanguage":"sr-RS","@id":"https:\/\/president-ksgov.net\/fjala-e-presidentes-jahjaga-ne-lutjet-e-mengjesit\/#primaryimage","url":"https:\/\/president-ksgov.net\/wp-content\/uploads\/25_05_13_133409_25_05_2013_Lutjet_e_Mengjesit_1.jpg","contentUrl":"https:\/\/president-ksgov.net\/wp-content\/uploads\/25_05_13_133409_25_05_2013_Lutjet_e_Mengjesit_1.jpg","width":1000,"height":778},{"@type":"BreadcrumbList","@id":"https:\/\/president-ksgov.net\/fjala-e-presidentes-jahjaga-ne-lutjet-e-mengjesit\/#breadcrumb","itemListElement":[{"@type":"ListItem","position":1,"name":"Home","item":"https:\/\/president-ksgov.net\/sr\/"},{"@type":"ListItem","position":2,"name":"Govor Predsednice Jahjaga na Jutarnju Molitvu"}]},{"@type":"WebSite","@id":"https:\/\/president-ksgov.net\/#website","url":"https:\/\/president-ksgov.net\/","name":"Presidente e Republik\u00ebs s\u00eb Kosov\u00ebs","description":"Presidente e Republik\u00ebs s\u00eb Kosov\u00ebs","alternateName":"DR. VJOSA OSMANI - SADRIU","potentialAction":[{"@type":"SearchAction","target":{"@type":"EntryPoint","urlTemplate":"https:\/\/president-ksgov.net\/?s={search_term_string}"},"query-input":{"@type":"PropertyValueSpecification","valueRequired":true,"valueName":"search_term_string"}}],"inLanguage":"sr-RS"},{"@type":"Person","@id":"https:\/\/president-ksgov.net\/#\/schema\/person\/bb4337a5fb147cb2046d80548172cbee","name":"admin","image":{"@type":"ImageObject","inLanguage":"sr-RS","@id":"https:\/\/president-ksgov.net\/#\/schema\/person\/image\/","url":"https:\/\/secure.gravatar.com\/avatar\/36156ca0fa3b8d9d25174f146e16beea0cf28f37adf1b9e19b6c9c279a7c9dd3?s=96&d=mm&r=g","contentUrl":"https:\/\/secure.gravatar.com\/avatar\/36156ca0fa3b8d9d25174f146e16beea0cf28f37adf1b9e19b6c9c279a7c9dd3?s=96&d=mm&r=g","caption":"admin"},"sameAs":["https:\/\/president-ksgov.net"]}]}},"_links":{"self":[{"href":"https:\/\/president-ksgov.net\/sr\/wp-json\/wp\/v2\/posts\/78403","targetHints":{"allow":["GET"]}}],"collection":[{"href":"https:\/\/president-ksgov.net\/sr\/wp-json\/wp\/v2\/posts"}],"about":[{"href":"https:\/\/president-ksgov.net\/sr\/wp-json\/wp\/v2\/types\/post"}],"author":[{"embeddable":true,"href":"https:\/\/president-ksgov.net\/sr\/wp-json\/wp\/v2\/users\/1"}],"replies":[{"embeddable":true,"href":"https:\/\/president-ksgov.net\/sr\/wp-json\/wp\/v2\/comments?post=78403"}],"version-history":[{"count":1,"href":"https:\/\/president-ksgov.net\/sr\/wp-json\/wp\/v2\/posts\/78403\/revisions"}],"predecessor-version":[{"id":81740,"href":"https:\/\/president-ksgov.net\/sr\/wp-json\/wp\/v2\/posts\/78403\/revisions\/81740"}],"wp:featuredmedia":[{"embeddable":true,"href":"https:\/\/president-ksgov.net\/sr\/wp-json\/wp\/v2\/media\/51076"}],"wp:attachment":[{"href":"https:\/\/president-ksgov.net\/sr\/wp-json\/wp\/v2\/media?parent=78403"}],"wp:term":[{"taxonomy":"category","embeddable":true,"href":"https:\/\/president-ksgov.net\/sr\/wp-json\/wp\/v2\/categories?post=78403"},{"taxonomy":"post_tag","embeddable":true,"href":"https:\/\/president-ksgov.net\/sr\/wp-json\/wp\/v2\/tags?post=78403"}],"curies":[{"name":"wp","href":"https:\/\/api.w.org\/{rel}","templated":true}]}}