{"id":78402,"date":"2013-05-25T16:51:36","date_gmt":"2013-05-25T16:51:36","guid":{"rendered":"https:\/\/dev.president-ksgov.net\/predsednica-atifete-jahjaga-docekala-americkog-kongresmena-robert-aderholt\/"},"modified":"2013-05-25T16:51:36","modified_gmt":"2013-05-25T16:51:36","slug":"predsednica-atifete-jahjaga-docekala-americkog-kongresmena-robert-aderholt","status":"publish","type":"post","link":"https:\/\/president-ksgov.net\/sr\/predsednica-atifete-jahjaga-docekala-americkog-kongresmena-robert-aderholt\/","title":{"rendered":"Predsednica Atifete Jahjaga do\u010dekala ameri\u010dkog kongresmena Robert Aderholt"},"content":{"rendered":"<p>Predsednica Republike Kosovo, gospo\u0111a Atifete Jahjaga, danas je do\u010dekala na sastanak ameri\u010dkog kongresmena Robert Aderholt, koji je prisustvovao &#8220;Jutarnjoj Molitvi&#8220;, koja je organizovana u okviru Nedelje Tolerancije i Pomirenja, u Pri&#353;tini. On je bio u dru&#353;tvu Stan Holmer, predsednik Fondacije za organizovanje Jutarnjih Molitvi.<\/p>\n<p>Predsednica Jahjaga je na po\u010detku rekla da je narod Kosova zahvalan SAD-e, ameri\u010dkoj administraciji, ameri\u010dkom Kongresu i narodu Amerike, za svu pomo\u0107 i podr&#353;ku koja mu pru&#382;ena, u svim fazama izgradnje dr&#382;ave i demokratizacije Kosova.<\/p>\n<p>Ona re\u010de da je Kosovo jedna ispovest zajedni\u010dkog uspeha njenih institucija, naroda i me\u0111unarodne zajednice i ocenila posve\u0107enje SAD-e i EZ-e za Balkan i evropski integracioni proces zemalja ovog regiona.<\/p>\n<p>Predsednica Jahjaga re\u010de da stalna prisutnost SAD-e na Kosovu je garancija mira i stabilnosti ne samo u zemlji nego i za celu regiju Balkana. Ona je istakla da je Kosovo ostvarilo veliki napredak tokom vi&#353;e od jedne dekade, postaju\u0107i jedan va&#382;an faktor mira i stabilnosti, i jedna gra\u0111anska dr&#382;ava gde se po&#353;tuju prava i sloboda svih gra\u0111ana bez razlike.<\/p>\n<p>Predsednica Jahjaga re\u010de da je Kosovo posve\u0107ena postati \u010dlan EZ-e, kao i ceo region Balkana\u00a0 i tako\u0111e je posve\u0107ena da produbi sve njene unutra&#353;nje reforme na putu evropskih integracija, za dobrobit i blagostanje njenih gra\u0111ana.<\/p>\n<p>Ona re\u010de da \u0107e integracija u EZ-e pomo\u0107i ostavljanje za sobom pro&#353;losti gledaju\u0107i napred u pravcu zajedni\u010dke budu\u0107nosti kao suverene dr&#382;ave i to je jedna garancija za mir u ceo region.<\/p>\n<p>Govore\u0107i o postignutim sporazumima u Brisel, u dijalogu izme\u0111u Republike Kosovo i Republike Srbije, uz pomo\u0107 EZ-e i podr&#353;ku SAD-e, predsednica Jahjaga je istakla da se oni trebaju u potpunosti sprovesti jer vode u pravcu normalizacije odnosa izme\u0111u dve na&#353;e dr&#382;ave. <\/p>\n<p>Ameri\u010dki kongresmen, Robert Aderholt, koji je ujedno i zajedni\u010dki predsedavaju\u0107i Grupe za albansko pitanje u Kongres SAD-e, istakao da je Kosovo postigla veliki napredak u svim oblastima. On re\u010de da je impresioniran sa pozitivnim razvojem u zemlji i nastavi\u0107u da podr&#382;im Kosovo u ameri\u010dki Kongres.<br \/>\n\u00a0<br \/>\nNa sastanku sa Predsednicom Jahjaga, ameri\u010dki kongresmen Aderholt je bio u dru&#353;tvu sa poslanikom Skup&#353;tine Kosova, Adem Grabovci i Lutfi Haziri i ambasadorom Republike Kosovo u Japanu, Ahmet &#352;alja.<\/p>\n","protected":false},"excerpt":{"rendered":"<p>Predsednica Republike Kosovo, gospo\u0111a Atifete Jahjaga, danas je do\u010dekala na sastanak ameri\u010dkog kongresmena Robert Aderholt, koji je prisustvovao &#8220;Jutarnjoj Molitvi&#8220;, koja je organizovana u okviru Nedelje Tolerancije i Pomirenja, u Pri&#353;tini. On je bio u dru&#353;tvu Stan Holmer, predsednik Fondacije za organizovanje Jutarnjih Molitvi.<\/p>\n","protected":false},"author":1,"featured_media":51066,"comment_status":"open","ping_status":"closed","sticky":false,"template":"","format":"standard","meta":{"_eb_attr":"","footnotes":""},"categories":[101],"tags":[],"class_list":["post-78402","post","type-post","status-publish","format-standard","has-post-thumbnail","hentry","category-vesti"],"yoast_head":"<!-- This site is optimized with the Yoast SEO plugin v23.5 - https:\/\/yoast.com\/wordpress\/plugins\/seo\/ -->\n<title>Predsednica Atifete Jahjaga do\u010dekala ameri\u010dkog kongresmena Robert Aderholt - Predsednik Republike Kosovo - DR. VJOSA OSMANI - SADRIU<\/title>\n<meta name=\"description\" content=\"Predsednica Atifete Jahjaga do\u010dekala ameri\u010dkog kongresmena Robert Aderholt - Predsednik Republike Kosovo - DR. VJOSA OSMANI - SADRIU -\" \/>\n<meta name=\"robots\" content=\"index, follow, max-snippet:-1, max-image-preview:large, max-video-preview:-1\" \/>\n<link rel=\"canonical\" href=\"https:\/\/president-ksgov.net\/presidentja-atifete-jahjaga-priti-kongresistin-amerikan-robert-aderholt\/\" \/>\n<meta property=\"og:locale\" content=\"sr_RS\" \/>\n<meta property=\"og:type\" content=\"article\" \/>\n<meta property=\"og:title\" content=\"Predsednica Atifete Jahjaga do\u010dekala ameri\u010dkog kongresmena Robert Aderholt - Predsednik Republike Kosovo - DR. VJOSA OSMANI - SADRIU\" \/>\n<meta property=\"og:description\" content=\"Predsednica Atifete Jahjaga do\u010dekala ameri\u010dkog kongresmena Robert Aderholt - Predsednik Republike Kosovo - DR. VJOSA OSMANI - SADRIU -\" \/>\n<meta property=\"og:url\" content=\"https:\/\/president-ksgov.net\/presidentja-atifete-jahjaga-priti-kongresistin-amerikan-robert-aderholt\/\" \/>\n<meta property=\"og:site_name\" content=\"Predsednik Republike Kosovo - DR. VJOSA OSMANI - SADRIU\" \/>\n<meta property=\"article:published_time\" content=\"2013-05-25T16:51:36+00:00\" \/>\n<meta property=\"og:image\" content=\"https:\/\/president-ksgov.net\/wp-content\/uploads\/001_25_05_2013_Takim_1.jpg\" \/>\n\t<meta property=\"og:image:width\" content=\"1000\" \/>\n\t<meta property=\"og:image:height\" content=\"771\" \/>\n\t<meta property=\"og:image:type\" content=\"image\/jpeg\" \/>\n<meta name=\"author\" content=\"admin\" \/>\n<meta name=\"twitter:card\" content=\"summary_large_image\" \/>\n<meta name=\"twitter:label1\" content=\"\u041d\u0430\u043f\u0438\u0441\u0430\u043d\u043e \u043e\u0434\" \/>\n\t<meta name=\"twitter:data1\" content=\"admin\" \/>\n\t<meta name=\"twitter:label2\" content=\"\u041f\u0440\u043e\u0446\u0435\u045a\u0435\u043d\u043e \u0432\u0440\u0435\u043c\u0435 \u0447\u0438\u0442\u0430\u045a\u0430\" \/>\n\t<meta name=\"twitter:data2\" content=\"2 \u043c\u0438\u043d\u0443\u0442\u0430\" \/>\n<script type=\"application\/ld+json\" class=\"yoast-schema-graph\">{\"@context\":\"https:\/\/schema.org\",\"@graph\":[{\"@type\":\"WebPage\",\"@id\":\"https:\/\/president-ksgov.net\/presidentja-atifete-jahjaga-priti-kongresistin-amerikan-robert-aderholt\/\",\"url\":\"https:\/\/president-ksgov.net\/presidentja-atifete-jahjaga-priti-kongresistin-amerikan-robert-aderholt\/\",\"name\":\"Predsednica Atifete Jahjaga do\u010dekala ameri\u010dkog kongresmena Robert Aderholt - Predsednik Republike Kosovo - DR. VJOSA OSMANI - SADRIU\",\"isPartOf\":{\"@id\":\"https:\/\/president-ksgov.net\/#website\"},\"primaryImageOfPage\":{\"@id\":\"https:\/\/president-ksgov.net\/presidentja-atifete-jahjaga-priti-kongresistin-amerikan-robert-aderholt\/#primaryimage\"},\"image\":{\"@id\":\"https:\/\/president-ksgov.net\/presidentja-atifete-jahjaga-priti-kongresistin-amerikan-robert-aderholt\/#primaryimage\"},\"thumbnailUrl\":\"https:\/\/president-ksgov.net\/wp-content\/uploads\/001_25_05_2013_Takim_1.jpg\",\"datePublished\":\"2013-05-25T16:51:36+00:00\",\"dateModified\":\"2013-05-25T16:51:36+00:00\",\"author\":{\"@id\":\"https:\/\/president-ksgov.net\/#\/schema\/person\/bb4337a5fb147cb2046d80548172cbee\"},\"description\":\"Predsednica Atifete Jahjaga do\u010dekala ameri\u010dkog kongresmena Robert Aderholt - Predsednik Republike Kosovo - DR. VJOSA OSMANI - SADRIU -\",\"breadcrumb\":{\"@id\":\"https:\/\/president-ksgov.net\/presidentja-atifete-jahjaga-priti-kongresistin-amerikan-robert-aderholt\/#breadcrumb\"},\"inLanguage\":\"sr-RS\",\"potentialAction\":[{\"@type\":\"ReadAction\",\"target\":[\"https:\/\/president-ksgov.net\/presidentja-atifete-jahjaga-priti-kongresistin-amerikan-robert-aderholt\/\"]}]},{\"@type\":\"ImageObject\",\"inLanguage\":\"sr-RS\",\"@id\":\"https:\/\/president-ksgov.net\/presidentja-atifete-jahjaga-priti-kongresistin-amerikan-robert-aderholt\/#primaryimage\",\"url\":\"https:\/\/president-ksgov.net\/wp-content\/uploads\/001_25_05_2013_Takim_1.jpg\",\"contentUrl\":\"https:\/\/president-ksgov.net\/wp-content\/uploads\/001_25_05_2013_Takim_1.jpg\",\"width\":1000,\"height\":771},{\"@type\":\"BreadcrumbList\",\"@id\":\"https:\/\/president-ksgov.net\/presidentja-atifete-jahjaga-priti-kongresistin-amerikan-robert-aderholt\/#breadcrumb\",\"itemListElement\":[{\"@type\":\"ListItem\",\"position\":1,\"name\":\"Home\",\"item\":\"https:\/\/president-ksgov.net\/sr\/\"},{\"@type\":\"ListItem\",\"position\":2,\"name\":\"Predsednica Atifete Jahjaga do\u010dekala ameri\u010dkog kongresmena Robert Aderholt\"}]},{\"@type\":\"WebSite\",\"@id\":\"https:\/\/president-ksgov.net\/#website\",\"url\":\"https:\/\/president-ksgov.net\/\",\"name\":\"Presidente e Republik\u00ebs s\u00eb Kosov\u00ebs\",\"description\":\"Presidente e Republik\u00ebs s\u00eb Kosov\u00ebs\",\"alternateName\":\"DR. VJOSA OSMANI - SADRIU\",\"potentialAction\":[{\"@type\":\"SearchAction\",\"target\":{\"@type\":\"EntryPoint\",\"urlTemplate\":\"https:\/\/president-ksgov.net\/?s={search_term_string}\"},\"query-input\":{\"@type\":\"PropertyValueSpecification\",\"valueRequired\":true,\"valueName\":\"search_term_string\"}}],\"inLanguage\":\"sr-RS\"},{\"@type\":\"Person\",\"@id\":\"https:\/\/president-ksgov.net\/#\/schema\/person\/bb4337a5fb147cb2046d80548172cbee\",\"name\":\"admin\",\"image\":{\"@type\":\"ImageObject\",\"inLanguage\":\"sr-RS\",\"@id\":\"https:\/\/president-ksgov.net\/#\/schema\/person\/image\/\",\"url\":\"https:\/\/secure.gravatar.com\/avatar\/36156ca0fa3b8d9d25174f146e16beea0cf28f37adf1b9e19b6c9c279a7c9dd3?s=96&d=mm&r=g\",\"contentUrl\":\"https:\/\/secure.gravatar.com\/avatar\/36156ca0fa3b8d9d25174f146e16beea0cf28f37adf1b9e19b6c9c279a7c9dd3?s=96&d=mm&r=g\",\"caption\":\"admin\"},\"sameAs\":[\"https:\/\/president-ksgov.net\"]}]}<\/script>\n<!-- \/ Yoast SEO plugin. -->","yoast_head_json":{"title":"Predsednica Atifete Jahjaga do\u010dekala ameri\u010dkog kongresmena Robert Aderholt - Predsednik Republike Kosovo - DR. VJOSA OSMANI - SADRIU","description":"Predsednica Atifete Jahjaga do\u010dekala ameri\u010dkog kongresmena Robert Aderholt - Predsednik Republike Kosovo - DR. VJOSA OSMANI - SADRIU -","robots":{"index":"index","follow":"follow","max-snippet":"max-snippet:-1","max-image-preview":"max-image-preview:large","max-video-preview":"max-video-preview:-1"},"canonical":"https:\/\/president-ksgov.net\/presidentja-atifete-jahjaga-priti-kongresistin-amerikan-robert-aderholt\/","og_locale":"sr_RS","og_type":"article","og_title":"Predsednica Atifete Jahjaga do\u010dekala ameri\u010dkog kongresmena Robert Aderholt - Predsednik Republike Kosovo - DR. VJOSA OSMANI - SADRIU","og_description":"Predsednica Atifete Jahjaga do\u010dekala ameri\u010dkog kongresmena Robert Aderholt - Predsednik Republike Kosovo - DR. VJOSA OSMANI - SADRIU -","og_url":"https:\/\/president-ksgov.net\/presidentja-atifete-jahjaga-priti-kongresistin-amerikan-robert-aderholt\/","og_site_name":"Predsednik Republike Kosovo - DR. VJOSA OSMANI - SADRIU","article_published_time":"2013-05-25T16:51:36+00:00","og_image":[{"width":1000,"height":771,"url":"https:\/\/president-ksgov.net\/wp-content\/uploads\/001_25_05_2013_Takim_1.jpg","type":"image\/jpeg"}],"author":"admin","twitter_card":"summary_large_image","twitter_misc":{"\u041d\u0430\u043f\u0438\u0441\u0430\u043d\u043e \u043e\u0434":"admin","\u041f\u0440\u043e\u0446\u0435\u045a\u0435\u043d\u043e \u0432\u0440\u0435\u043c\u0435 \u0447\u0438\u0442\u0430\u045a\u0430":"2 \u043c\u0438\u043d\u0443\u0442\u0430"},"schema":{"@context":"https:\/\/schema.org","@graph":[{"@type":"WebPage","@id":"https:\/\/president-ksgov.net\/presidentja-atifete-jahjaga-priti-kongresistin-amerikan-robert-aderholt\/","url":"https:\/\/president-ksgov.net\/presidentja-atifete-jahjaga-priti-kongresistin-amerikan-robert-aderholt\/","name":"Predsednica Atifete Jahjaga do\u010dekala ameri\u010dkog kongresmena Robert Aderholt - Predsednik Republike Kosovo - DR. VJOSA OSMANI - SADRIU","isPartOf":{"@id":"https:\/\/president-ksgov.net\/#website"},"primaryImageOfPage":{"@id":"https:\/\/president-ksgov.net\/presidentja-atifete-jahjaga-priti-kongresistin-amerikan-robert-aderholt\/#primaryimage"},"image":{"@id":"https:\/\/president-ksgov.net\/presidentja-atifete-jahjaga-priti-kongresistin-amerikan-robert-aderholt\/#primaryimage"},"thumbnailUrl":"https:\/\/president-ksgov.net\/wp-content\/uploads\/001_25_05_2013_Takim_1.jpg","datePublished":"2013-05-25T16:51:36+00:00","dateModified":"2013-05-25T16:51:36+00:00","author":{"@id":"https:\/\/president-ksgov.net\/#\/schema\/person\/bb4337a5fb147cb2046d80548172cbee"},"description":"Predsednica Atifete Jahjaga do\u010dekala ameri\u010dkog kongresmena Robert Aderholt - Predsednik Republike Kosovo - DR. VJOSA OSMANI - SADRIU -","breadcrumb":{"@id":"https:\/\/president-ksgov.net\/presidentja-atifete-jahjaga-priti-kongresistin-amerikan-robert-aderholt\/#breadcrumb"},"inLanguage":"sr-RS","potentialAction":[{"@type":"ReadAction","target":["https:\/\/president-ksgov.net\/presidentja-atifete-jahjaga-priti-kongresistin-amerikan-robert-aderholt\/"]}]},{"@type":"ImageObject","inLanguage":"sr-RS","@id":"https:\/\/president-ksgov.net\/presidentja-atifete-jahjaga-priti-kongresistin-amerikan-robert-aderholt\/#primaryimage","url":"https:\/\/president-ksgov.net\/wp-content\/uploads\/001_25_05_2013_Takim_1.jpg","contentUrl":"https:\/\/president-ksgov.net\/wp-content\/uploads\/001_25_05_2013_Takim_1.jpg","width":1000,"height":771},{"@type":"BreadcrumbList","@id":"https:\/\/president-ksgov.net\/presidentja-atifete-jahjaga-priti-kongresistin-amerikan-robert-aderholt\/#breadcrumb","itemListElement":[{"@type":"ListItem","position":1,"name":"Home","item":"https:\/\/president-ksgov.net\/sr\/"},{"@type":"ListItem","position":2,"name":"Predsednica Atifete Jahjaga do\u010dekala ameri\u010dkog kongresmena Robert Aderholt"}]},{"@type":"WebSite","@id":"https:\/\/president-ksgov.net\/#website","url":"https:\/\/president-ksgov.net\/","name":"Presidente e Republik\u00ebs s\u00eb Kosov\u00ebs","description":"Presidente e Republik\u00ebs s\u00eb Kosov\u00ebs","alternateName":"DR. VJOSA OSMANI - SADRIU","potentialAction":[{"@type":"SearchAction","target":{"@type":"EntryPoint","urlTemplate":"https:\/\/president-ksgov.net\/?s={search_term_string}"},"query-input":{"@type":"PropertyValueSpecification","valueRequired":true,"valueName":"search_term_string"}}],"inLanguage":"sr-RS"},{"@type":"Person","@id":"https:\/\/president-ksgov.net\/#\/schema\/person\/bb4337a5fb147cb2046d80548172cbee","name":"admin","image":{"@type":"ImageObject","inLanguage":"sr-RS","@id":"https:\/\/president-ksgov.net\/#\/schema\/person\/image\/","url":"https:\/\/secure.gravatar.com\/avatar\/36156ca0fa3b8d9d25174f146e16beea0cf28f37adf1b9e19b6c9c279a7c9dd3?s=96&d=mm&r=g","contentUrl":"https:\/\/secure.gravatar.com\/avatar\/36156ca0fa3b8d9d25174f146e16beea0cf28f37adf1b9e19b6c9c279a7c9dd3?s=96&d=mm&r=g","caption":"admin"},"sameAs":["https:\/\/president-ksgov.net"]}]}},"_links":{"self":[{"href":"https:\/\/president-ksgov.net\/sr\/wp-json\/wp\/v2\/posts\/78402","targetHints":{"allow":["GET"]}}],"collection":[{"href":"https:\/\/president-ksgov.net\/sr\/wp-json\/wp\/v2\/posts"}],"about":[{"href":"https:\/\/president-ksgov.net\/sr\/wp-json\/wp\/v2\/types\/post"}],"author":[{"embeddable":true,"href":"https:\/\/president-ksgov.net\/sr\/wp-json\/wp\/v2\/users\/1"}],"replies":[{"embeddable":true,"href":"https:\/\/president-ksgov.net\/sr\/wp-json\/wp\/v2\/comments?post=78402"}],"version-history":[{"count":0,"href":"https:\/\/president-ksgov.net\/sr\/wp-json\/wp\/v2\/posts\/78402\/revisions"}],"wp:featuredmedia":[{"embeddable":true,"href":"https:\/\/president-ksgov.net\/sr\/wp-json\/wp\/v2\/media\/51066"}],"wp:attachment":[{"href":"https:\/\/president-ksgov.net\/sr\/wp-json\/wp\/v2\/media?parent=78402"}],"wp:term":[{"taxonomy":"category","embeddable":true,"href":"https:\/\/president-ksgov.net\/sr\/wp-json\/wp\/v2\/categories?post=78402"},{"taxonomy":"post_tag","embeddable":true,"href":"https:\/\/president-ksgov.net\/sr\/wp-json\/wp\/v2\/tags?post=78402"}],"curies":[{"name":"wp","href":"https:\/\/api.w.org\/{rel}","templated":true}]}}