{"id":78400,"date":"2013-05-28T11:31:30","date_gmt":"2013-05-28T11:31:30","guid":{"rendered":"https:\/\/dev.president-ksgov.net\/govor-predsednice-jahjaga-na-konferenciji-ucece-i-uloga-ene-u-institucije-bezbednosti-na-kosovu\/"},"modified":"2023-03-08T09:03:52","modified_gmt":"2023-03-08T09:03:52","slug":"govor-predsednice-jahjaga-na-konferenciji-ucece-i-uloga-ene-u-institucije-bezbednosti-na-kosovu","status":"publish","type":"post","link":"https:\/\/president-ksgov.net\/sr\/govor-predsednice-jahjaga-na-konferenciji-ucece-i-uloga-ene-u-institucije-bezbednosti-na-kosovu\/","title":{"rendered":"Govor Predsednice Jahjaga na konferenciji &#147;U\u010de&#154;\u0107e i uloga &#158;ene u institucije bezbednosti na Kosovu&#148;"},"content":{"rendered":"<p>Imam \u010dast i zadovoljstvo danas biti sa vama ovde za obele&#382;avanje rada &#382;ena na Kosovu koje su se opredelile \u010diniti Kosovo bezbedan ambijent, i rad stotine hiljada, ako ne miliona &#382;ena oko sveta, koje nastavljaju se &#382;rtvovati i izvr&#353;avati va&#382;nu dnevnu du&#382;nost za izgradnju naprednih dru&#353;tava i zemalja gde vlada pravda.<\/p>\n<p>Po&#353;tovani predstavnici institucija Kosova,<br \/>\nPo&#353;tovani poslanici,<br \/>\nPo&#353;tovani zam.ministra g. Veseli,<br \/>\nPo&#353;tovani direktor g. Mad&#382;uni,<br \/>\nPo&#353;tovani direktor NDI-a za Kosovo, g. Chavarria<br \/>\nPo&#353;tovani gosti,<br \/>\nDame i gospodo,<\/p>\n<p>Imam \u010dast i zadovoljstvo danas biti sa vama ovde za obele&#382;avanje rada &#382;ena na Kosovu koje su se opredelile \u010diniti Kosovo bezbedan ambijent, i rad stotine hiljada, ako ne miliona &#382;ena oko sveta, koje nastavljaju se &#382;rtvovati i izvr&#353;avati va&#382;nu dnevnu du&#382;nost za izgradnju naprednih dru&#353;tava i zemalja gde vlada pravda.<\/p>\n<p>&#381;ene na Kosovu su uvek bile stub dru&#353;tva \u010duvaju\u0107i porodicu ali tako\u0111e i prihvataju\u0107i uloge koje tradicionalno nisu bile njihove radi pomaganja svojim porodicama i grade\u0107i svoju zajednicu. <\/p>\n<p>U ovim godinama tranzicije na Kosovu, jedan period muke i kontradikcije, &#382;ene su \u010desto bile glavne &#382;rtve izazova koje donose ovi procesi. Ponovo one su na&#353;le volju i motivaciju da dru&#353;tvo pokrenu napred.<\/p>\n<p>Nakon\u00a0 rata, &#382;ene na Kosovu su postale graditelji mostova izme\u0111u konfliktom podeljenih zajednica.<\/p>\n<p>One su bile uklju\u010dene u dnevnoj politici i javnim slu&#382;bama te su obezbedile da politike koje su se gradile u posleratno Kosovo budu balansirane i da ispunjavaju potrebe svake zajednice i svakog pojedinca bez obzira na etni\u010dku pripadnost.\u00a0 <\/p>\n<p>&#381;ene su prevazi&#353;le partijske podele i tvrdokorne ideologije radi ujedinjenja oko jedne zajedni\u010dke\u00a0 agende radi nastavljanja ja\u010danja &#382;ena, posebno sektor bezbednosti, koji je klju\u010dan za obezbe\u0111enje potpunog predstavljanje &#382;ena na Kosovu i bitan za obezbe\u0111enje jedne bolje budu\u0107nosti za sve.<br \/>\n\u00a0<br \/>\nTokom moje slu&#382;be u javnoj slu&#382;bi i sektoru bezbednosti, uverila sam se da ne mo&#382;emo imati jednu istinitu\u00a0 i zna\u010dajnu demokratiju ukoliko ne nastojimo svakog dana da uklju\u010dimo svakog \u010dlana dru&#353;tva u proces dono&#353;enja odluka, i ukoliko se\u00a0 svaki \u010dlan na&#353;eg dru&#353;tva ne ose\u0107a bezbednim i ne tretira se ravnopravno.<br \/>\n\u00a0<br \/>\nPo&#353;tovani u\u010desnici,<br \/>\n\u00a0<br \/>\nMnogo je dosada&#353;njih istra&#382;ivanja do&#353;lo do zaklju\u010dka da nivo u\u010de&#353;\u0107a &#382;ena u jednoj dr&#382;avi je usko povezano sa nivoom razvoja te dr&#382;ave.<\/p>\n<p>Dakle, u\u010de&#353;\u0107e &#382;ena u svakoj oblasti &#382;ivota nije samo moralno pravo: nego tako\u0111e garantuje jednu sigurnu budu\u0107nost za sve nas.<br \/>\n\u00a0<br \/>\nGrade\u0107i nad mnogo zavr&#353;enih poslova za uklju\u010divanje &#382;ena na Kosovu jo&#353; od 1999 godine od &#382;enskih aktivista, politi\u010dkih rukovodilaca i dru&#353;tva u celini, ja kao Predsednica Kosova sam zahtevala da podstaknem napredak ove vizije za jednu dr&#382;avu gde se svaki \u010dlan tretira ravnopravno.<br \/>\n\u00a0<br \/>\nMi smo usredsredili na&#353;a nastojanja u sastavljanju zakonodavstva koje je odgovorno za potrebe &#382;ene u na&#353;e dru&#353;tvo ali tako\u0111e i za njen potencijal. Mi jo&#353; imamo posla za uraditi da bismo pre&#353;li sa zakonodavstva na sprovo\u0111enje i kretaju\u0107i se napred ovde stoji glavni izazov.<br \/>\n\u00a0<br \/>\nPozdravljaju\u0107i rad koji je ostvaren od generacija pre nas i mnogo od vas koje nastavljate da se borite za ravnopravnost i dru&#353;tveno pravo, pozivam Vas sve ovde, od Parlamenta i Izvr&#353;nih organa i drugih Agencija da podr&#382;avate misiju &#382;ena u ovom sektoru.<br \/>\n\u00a0<br \/>\nMi smo svi ravnopravni i kao takvi \u0107emo garantovati jedno bezbedno Kosovo.<\/p>\n<p>Hvala vam!\u00a0<\/p>\n","protected":false},"excerpt":{"rendered":"<p>Imam \u010dast i zadovoljstvo danas biti sa vama ovde za obele&#382;avanje rada &#382;ena na Kosovu koje su se opredelile \u010diniti Kosovo bezbedan ambijent, i rad stotine hiljada, ako ne miliona &#382;ena oko sveta, koje nastavljaju se &#382;rtvovati i izvr&#353;avati va&#382;nu dnevnu du&#382;nost za izgradnju naprednih dru&#353;tava i zemalja gde vlada pravda.<\/p>\n","protected":false},"author":1,"featured_media":51046,"comment_status":"open","ping_status":"closed","sticky":false,"template":"","format":"standard","meta":{"_eb_attr":"","footnotes":""},"categories":[106],"tags":[],"class_list":["post-78400","post","type-post","status-publish","format-standard","has-post-thumbnail","hentry","category-govori"],"yoast_head":"<!-- This site is optimized with the Yoast SEO plugin v23.5 - https:\/\/yoast.com\/wordpress\/plugins\/seo\/ -->\n<title>Govor Predsednice Jahjaga na konferenciji &#147;U\u010de&#154;\u0107e i uloga &#158;ene u institucije bezbednosti na Kosovu&#148; - Predsednik Republike Kosovo - DR. VJOSA OSMANI - SADRIU<\/title>\n<meta name=\"description\" content=\"Govor Predsednice Jahjaga na konferenciji &#147;U\u010de&#154;\u0107e i uloga &#158;ene u institucije bezbednosti na Kosovu&#148; - Predsednik Republike Kosovo - DR. VJOSA OSMANI - SADRIU -\" \/>\n<meta name=\"robots\" content=\"index, follow, max-snippet:-1, max-image-preview:large, max-video-preview:-1\" \/>\n<link rel=\"canonical\" href=\"https:\/\/president-ksgov.net\/fjala-e-presidentes-jahjaga-ne-konferencen-pjesemarrja-dhe-roli-i-femres-ne-institucionet-e-sigurise-ne-kosove\/\" \/>\n<meta property=\"og:locale\" content=\"sr_RS\" \/>\n<meta property=\"og:type\" content=\"article\" \/>\n<meta property=\"og:title\" content=\"Govor Predsednice Jahjaga na konferenciji &#147;U\u010de&#154;\u0107e i uloga &#158;ene u institucije bezbednosti na Kosovu&#148; - Predsednik Republike Kosovo - DR. VJOSA OSMANI - SADRIU\" \/>\n<meta property=\"og:description\" content=\"Govor Predsednice Jahjaga na konferenciji &#147;U\u010de&#154;\u0107e i uloga &#158;ene u institucije bezbednosti na Kosovu&#148; - Predsednik Republike Kosovo - DR. VJOSA OSMANI - SADRIU -\" \/>\n<meta property=\"og:url\" content=\"https:\/\/president-ksgov.net\/fjala-e-presidentes-jahjaga-ne-konferencen-pjesemarrja-dhe-roli-i-femres-ne-institucionet-e-sigurise-ne-kosove\/\" \/>\n<meta property=\"og:site_name\" content=\"Predsednik Republike Kosovo - DR. VJOSA OSMANI - SADRIU\" \/>\n<meta property=\"article:published_time\" content=\"2013-05-28T11:31:30+00:00\" \/>\n<meta property=\"article:modified_time\" content=\"2023-03-08T09:03:52+00:00\" \/>\n<meta property=\"og:image\" content=\"https:\/\/president-ksgov.net\/wp-content\/uploads\/28_05_13_136764_28_05_2013_Takim_me_0.jpg\" \/>\n\t<meta property=\"og:image:width\" content=\"1000\" \/>\n\t<meta property=\"og:image:height\" content=\"667\" \/>\n\t<meta property=\"og:image:type\" content=\"image\/jpeg\" \/>\n<meta name=\"author\" content=\"admin\" \/>\n<meta name=\"twitter:card\" content=\"summary_large_image\" \/>\n<meta name=\"twitter:label1\" content=\"\u041d\u0430\u043f\u0438\u0441\u0430\u043d\u043e \u043e\u0434\" \/>\n\t<meta name=\"twitter:data1\" content=\"admin\" \/>\n\t<meta name=\"twitter:label2\" content=\"\u041f\u0440\u043e\u0446\u0435\u045a\u0435\u043d\u043e \u0432\u0440\u0435\u043c\u0435 \u0447\u0438\u0442\u0430\u045a\u0430\" \/>\n\t<meta name=\"twitter:data2\" content=\"3 \u043c\u0438\u043d\u0443\u0442\u0430\" \/>\n<script type=\"application\/ld+json\" class=\"yoast-schema-graph\">{\"@context\":\"https:\/\/schema.org\",\"@graph\":[{\"@type\":\"WebPage\",\"@id\":\"https:\/\/president-ksgov.net\/fjala-e-presidentes-jahjaga-ne-konferencen-pjesemarrja-dhe-roli-i-femres-ne-institucionet-e-sigurise-ne-kosove\/\",\"url\":\"https:\/\/president-ksgov.net\/fjala-e-presidentes-jahjaga-ne-konferencen-pjesemarrja-dhe-roli-i-femres-ne-institucionet-e-sigurise-ne-kosove\/\",\"name\":\"Govor Predsednice Jahjaga na konferenciji &#147;U\u010de&#154;\u0107e i uloga &#158;ene u institucije bezbednosti na Kosovu&#148; - Predsednik Republike Kosovo - DR. VJOSA OSMANI - SADRIU\",\"isPartOf\":{\"@id\":\"https:\/\/president-ksgov.net\/#website\"},\"primaryImageOfPage\":{\"@id\":\"https:\/\/president-ksgov.net\/fjala-e-presidentes-jahjaga-ne-konferencen-pjesemarrja-dhe-roli-i-femres-ne-institucionet-e-sigurise-ne-kosove\/#primaryimage\"},\"image\":{\"@id\":\"https:\/\/president-ksgov.net\/fjala-e-presidentes-jahjaga-ne-konferencen-pjesemarrja-dhe-roli-i-femres-ne-institucionet-e-sigurise-ne-kosove\/#primaryimage\"},\"thumbnailUrl\":\"https:\/\/president-ksgov.net\/wp-content\/uploads\/28_05_13_136764_28_05_2013_Takim_me_0.jpg\",\"datePublished\":\"2013-05-28T11:31:30+00:00\",\"dateModified\":\"2023-03-08T09:03:52+00:00\",\"author\":{\"@id\":\"https:\/\/president-ksgov.net\/#\/schema\/person\/bb4337a5fb147cb2046d80548172cbee\"},\"description\":\"Govor Predsednice Jahjaga na konferenciji &#147;U\u010de&#154;\u0107e i uloga &#158;ene u institucije bezbednosti na Kosovu&#148; - Predsednik Republike Kosovo - DR. VJOSA OSMANI - SADRIU -\",\"breadcrumb\":{\"@id\":\"https:\/\/president-ksgov.net\/fjala-e-presidentes-jahjaga-ne-konferencen-pjesemarrja-dhe-roli-i-femres-ne-institucionet-e-sigurise-ne-kosove\/#breadcrumb\"},\"inLanguage\":\"sr-RS\",\"potentialAction\":[{\"@type\":\"ReadAction\",\"target\":[\"https:\/\/president-ksgov.net\/fjala-e-presidentes-jahjaga-ne-konferencen-pjesemarrja-dhe-roli-i-femres-ne-institucionet-e-sigurise-ne-kosove\/\"]}]},{\"@type\":\"ImageObject\",\"inLanguage\":\"sr-RS\",\"@id\":\"https:\/\/president-ksgov.net\/fjala-e-presidentes-jahjaga-ne-konferencen-pjesemarrja-dhe-roli-i-femres-ne-institucionet-e-sigurise-ne-kosove\/#primaryimage\",\"url\":\"https:\/\/president-ksgov.net\/wp-content\/uploads\/28_05_13_136764_28_05_2013_Takim_me_0.jpg\",\"contentUrl\":\"https:\/\/president-ksgov.net\/wp-content\/uploads\/28_05_13_136764_28_05_2013_Takim_me_0.jpg\",\"width\":1000,\"height\":667},{\"@type\":\"BreadcrumbList\",\"@id\":\"https:\/\/president-ksgov.net\/fjala-e-presidentes-jahjaga-ne-konferencen-pjesemarrja-dhe-roli-i-femres-ne-institucionet-e-sigurise-ne-kosove\/#breadcrumb\",\"itemListElement\":[{\"@type\":\"ListItem\",\"position\":1,\"name\":\"Home\",\"item\":\"https:\/\/president-ksgov.net\/sr\/\"},{\"@type\":\"ListItem\",\"position\":2,\"name\":\"Govor Predsednice Jahjaga na konferenciji &#147;U\u010de&#154;\u0107e i uloga &#158;ene u institucije bezbednosti na Kosovu&#148;\"}]},{\"@type\":\"WebSite\",\"@id\":\"https:\/\/president-ksgov.net\/#website\",\"url\":\"https:\/\/president-ksgov.net\/\",\"name\":\"Presidente e Republik\u00ebs s\u00eb Kosov\u00ebs\",\"description\":\"Presidente e Republik\u00ebs s\u00eb Kosov\u00ebs\",\"alternateName\":\"DR. VJOSA OSMANI - SADRIU\",\"potentialAction\":[{\"@type\":\"SearchAction\",\"target\":{\"@type\":\"EntryPoint\",\"urlTemplate\":\"https:\/\/president-ksgov.net\/?s={search_term_string}\"},\"query-input\":{\"@type\":\"PropertyValueSpecification\",\"valueRequired\":true,\"valueName\":\"search_term_string\"}}],\"inLanguage\":\"sr-RS\"},{\"@type\":\"Person\",\"@id\":\"https:\/\/president-ksgov.net\/#\/schema\/person\/bb4337a5fb147cb2046d80548172cbee\",\"name\":\"admin\",\"image\":{\"@type\":\"ImageObject\",\"inLanguage\":\"sr-RS\",\"@id\":\"https:\/\/president-ksgov.net\/#\/schema\/person\/image\/\",\"url\":\"https:\/\/secure.gravatar.com\/avatar\/36156ca0fa3b8d9d25174f146e16beea0cf28f37adf1b9e19b6c9c279a7c9dd3?s=96&d=mm&r=g\",\"contentUrl\":\"https:\/\/secure.gravatar.com\/avatar\/36156ca0fa3b8d9d25174f146e16beea0cf28f37adf1b9e19b6c9c279a7c9dd3?s=96&d=mm&r=g\",\"caption\":\"admin\"},\"sameAs\":[\"https:\/\/president-ksgov.net\"]}]}<\/script>\n<!-- \/ Yoast SEO plugin. -->","yoast_head_json":{"title":"Govor Predsednice Jahjaga na konferenciji &#147;U\u010de&#154;\u0107e i uloga &#158;ene u institucije bezbednosti na Kosovu&#148; - Predsednik Republike Kosovo - DR. VJOSA OSMANI - SADRIU","description":"Govor Predsednice Jahjaga na konferenciji &#147;U\u010de&#154;\u0107e i uloga &#158;ene u institucije bezbednosti na Kosovu&#148; - Predsednik Republike Kosovo - DR. VJOSA OSMANI - SADRIU -","robots":{"index":"index","follow":"follow","max-snippet":"max-snippet:-1","max-image-preview":"max-image-preview:large","max-video-preview":"max-video-preview:-1"},"canonical":"https:\/\/president-ksgov.net\/fjala-e-presidentes-jahjaga-ne-konferencen-pjesemarrja-dhe-roli-i-femres-ne-institucionet-e-sigurise-ne-kosove\/","og_locale":"sr_RS","og_type":"article","og_title":"Govor Predsednice Jahjaga na konferenciji &#147;U\u010de&#154;\u0107e i uloga &#158;ene u institucije bezbednosti na Kosovu&#148; - Predsednik Republike Kosovo - DR. VJOSA OSMANI - SADRIU","og_description":"Govor Predsednice Jahjaga na konferenciji &#147;U\u010de&#154;\u0107e i uloga &#158;ene u institucije bezbednosti na Kosovu&#148; - Predsednik Republike Kosovo - DR. VJOSA OSMANI - SADRIU -","og_url":"https:\/\/president-ksgov.net\/fjala-e-presidentes-jahjaga-ne-konferencen-pjesemarrja-dhe-roli-i-femres-ne-institucionet-e-sigurise-ne-kosove\/","og_site_name":"Predsednik Republike Kosovo - DR. VJOSA OSMANI - SADRIU","article_published_time":"2013-05-28T11:31:30+00:00","article_modified_time":"2023-03-08T09:03:52+00:00","og_image":[{"width":1000,"height":667,"url":"https:\/\/president-ksgov.net\/wp-content\/uploads\/28_05_13_136764_28_05_2013_Takim_me_0.jpg","type":"image\/jpeg"}],"author":"admin","twitter_card":"summary_large_image","twitter_misc":{"\u041d\u0430\u043f\u0438\u0441\u0430\u043d\u043e \u043e\u0434":"admin","\u041f\u0440\u043e\u0446\u0435\u045a\u0435\u043d\u043e \u0432\u0440\u0435\u043c\u0435 \u0447\u0438\u0442\u0430\u045a\u0430":"3 \u043c\u0438\u043d\u0443\u0442\u0430"},"schema":{"@context":"https:\/\/schema.org","@graph":[{"@type":"WebPage","@id":"https:\/\/president-ksgov.net\/fjala-e-presidentes-jahjaga-ne-konferencen-pjesemarrja-dhe-roli-i-femres-ne-institucionet-e-sigurise-ne-kosove\/","url":"https:\/\/president-ksgov.net\/fjala-e-presidentes-jahjaga-ne-konferencen-pjesemarrja-dhe-roli-i-femres-ne-institucionet-e-sigurise-ne-kosove\/","name":"Govor Predsednice Jahjaga na konferenciji &#147;U\u010de&#154;\u0107e i uloga &#158;ene u institucije bezbednosti na Kosovu&#148; - Predsednik Republike Kosovo - DR. VJOSA OSMANI - SADRIU","isPartOf":{"@id":"https:\/\/president-ksgov.net\/#website"},"primaryImageOfPage":{"@id":"https:\/\/president-ksgov.net\/fjala-e-presidentes-jahjaga-ne-konferencen-pjesemarrja-dhe-roli-i-femres-ne-institucionet-e-sigurise-ne-kosove\/#primaryimage"},"image":{"@id":"https:\/\/president-ksgov.net\/fjala-e-presidentes-jahjaga-ne-konferencen-pjesemarrja-dhe-roli-i-femres-ne-institucionet-e-sigurise-ne-kosove\/#primaryimage"},"thumbnailUrl":"https:\/\/president-ksgov.net\/wp-content\/uploads\/28_05_13_136764_28_05_2013_Takim_me_0.jpg","datePublished":"2013-05-28T11:31:30+00:00","dateModified":"2023-03-08T09:03:52+00:00","author":{"@id":"https:\/\/president-ksgov.net\/#\/schema\/person\/bb4337a5fb147cb2046d80548172cbee"},"description":"Govor Predsednice Jahjaga na konferenciji &#147;U\u010de&#154;\u0107e i uloga &#158;ene u institucije bezbednosti na Kosovu&#148; - Predsednik Republike Kosovo - DR. VJOSA OSMANI - SADRIU -","breadcrumb":{"@id":"https:\/\/president-ksgov.net\/fjala-e-presidentes-jahjaga-ne-konferencen-pjesemarrja-dhe-roli-i-femres-ne-institucionet-e-sigurise-ne-kosove\/#breadcrumb"},"inLanguage":"sr-RS","potentialAction":[{"@type":"ReadAction","target":["https:\/\/president-ksgov.net\/fjala-e-presidentes-jahjaga-ne-konferencen-pjesemarrja-dhe-roli-i-femres-ne-institucionet-e-sigurise-ne-kosove\/"]}]},{"@type":"ImageObject","inLanguage":"sr-RS","@id":"https:\/\/president-ksgov.net\/fjala-e-presidentes-jahjaga-ne-konferencen-pjesemarrja-dhe-roli-i-femres-ne-institucionet-e-sigurise-ne-kosove\/#primaryimage","url":"https:\/\/president-ksgov.net\/wp-content\/uploads\/28_05_13_136764_28_05_2013_Takim_me_0.jpg","contentUrl":"https:\/\/president-ksgov.net\/wp-content\/uploads\/28_05_13_136764_28_05_2013_Takim_me_0.jpg","width":1000,"height":667},{"@type":"BreadcrumbList","@id":"https:\/\/president-ksgov.net\/fjala-e-presidentes-jahjaga-ne-konferencen-pjesemarrja-dhe-roli-i-femres-ne-institucionet-e-sigurise-ne-kosove\/#breadcrumb","itemListElement":[{"@type":"ListItem","position":1,"name":"Home","item":"https:\/\/president-ksgov.net\/sr\/"},{"@type":"ListItem","position":2,"name":"Govor Predsednice Jahjaga na konferenciji &#147;U\u010de&#154;\u0107e i uloga &#158;ene u institucije bezbednosti na Kosovu&#148;"}]},{"@type":"WebSite","@id":"https:\/\/president-ksgov.net\/#website","url":"https:\/\/president-ksgov.net\/","name":"Presidente e Republik\u00ebs s\u00eb Kosov\u00ebs","description":"Presidente e Republik\u00ebs s\u00eb Kosov\u00ebs","alternateName":"DR. VJOSA OSMANI - SADRIU","potentialAction":[{"@type":"SearchAction","target":{"@type":"EntryPoint","urlTemplate":"https:\/\/president-ksgov.net\/?s={search_term_string}"},"query-input":{"@type":"PropertyValueSpecification","valueRequired":true,"valueName":"search_term_string"}}],"inLanguage":"sr-RS"},{"@type":"Person","@id":"https:\/\/president-ksgov.net\/#\/schema\/person\/bb4337a5fb147cb2046d80548172cbee","name":"admin","image":{"@type":"ImageObject","inLanguage":"sr-RS","@id":"https:\/\/president-ksgov.net\/#\/schema\/person\/image\/","url":"https:\/\/secure.gravatar.com\/avatar\/36156ca0fa3b8d9d25174f146e16beea0cf28f37adf1b9e19b6c9c279a7c9dd3?s=96&d=mm&r=g","contentUrl":"https:\/\/secure.gravatar.com\/avatar\/36156ca0fa3b8d9d25174f146e16beea0cf28f37adf1b9e19b6c9c279a7c9dd3?s=96&d=mm&r=g","caption":"admin"},"sameAs":["https:\/\/president-ksgov.net"]}]}},"_links":{"self":[{"href":"https:\/\/president-ksgov.net\/sr\/wp-json\/wp\/v2\/posts\/78400","targetHints":{"allow":["GET"]}}],"collection":[{"href":"https:\/\/president-ksgov.net\/sr\/wp-json\/wp\/v2\/posts"}],"about":[{"href":"https:\/\/president-ksgov.net\/sr\/wp-json\/wp\/v2\/types\/post"}],"author":[{"embeddable":true,"href":"https:\/\/president-ksgov.net\/sr\/wp-json\/wp\/v2\/users\/1"}],"replies":[{"embeddable":true,"href":"https:\/\/president-ksgov.net\/sr\/wp-json\/wp\/v2\/comments?post=78400"}],"version-history":[{"count":1,"href":"https:\/\/president-ksgov.net\/sr\/wp-json\/wp\/v2\/posts\/78400\/revisions"}],"predecessor-version":[{"id":81739,"href":"https:\/\/president-ksgov.net\/sr\/wp-json\/wp\/v2\/posts\/78400\/revisions\/81739"}],"wp:featuredmedia":[{"embeddable":true,"href":"https:\/\/president-ksgov.net\/sr\/wp-json\/wp\/v2\/media\/51046"}],"wp:attachment":[{"href":"https:\/\/president-ksgov.net\/sr\/wp-json\/wp\/v2\/media?parent=78400"}],"wp:term":[{"taxonomy":"category","embeddable":true,"href":"https:\/\/president-ksgov.net\/sr\/wp-json\/wp\/v2\/categories?post=78400"},{"taxonomy":"post_tag","embeddable":true,"href":"https:\/\/president-ksgov.net\/sr\/wp-json\/wp\/v2\/tags?post=78400"}],"curies":[{"name":"wp","href":"https:\/\/api.w.org\/{rel}","templated":true}]}}