{"id":78391,"date":"2013-06-06T11:01:48","date_gmt":"2013-06-06T11:01:48","guid":{"rendered":"https:\/\/dev.president-ksgov.net\/govor-predsednice-jahjaga-na-otvaranju-ministarskog-panela-globalnog-samita-ena\/"},"modified":"2023-03-08T09:03:52","modified_gmt":"2023-03-08T09:03:52","slug":"govor-predsednice-jahjaga-na-otvaranju-ministarskog-panela-globalnog-samita-ena","status":"publish","type":"post","link":"https:\/\/president-ksgov.net\/sr\/govor-predsednice-jahjaga-na-otvaranju-ministarskog-panela-globalnog-samita-ena\/","title":{"rendered":"Govor Predsednice Jahjaga na otvaranju ministarskog panela Globalnog Samita &#142;ena"},"content":{"rendered":"<p>Predsednica Republike Kosovo, gospo\u0111a Atifete Jahjaga, danas je odr&#382;ala govor na otvaranju ministarskog panela Globalnog Samita &#381;ena, u Kuala Lumpur Malezije, na temu ekonomskog ja\u010danja &#382;ene i va&#382;nosti partnerstva javnog &#8211; i privatnog sektora. Ovom panelu su prisustvovali zamenik predsednika Vijetnama, Nguyen Thi Doan, prva dama Namibije , Penehupife Pahamba, i prva dama  Zambije, Christine Kaseba.<\/p>\n<p>Ovom panelu je prisustvovala i Zamenik premijera i ministarka Trgovine i Industrije, Mimoza Kusari-Lila.<\/p>\n<p>Predsednica Jahjaga prisustvuje Globalnom Samitu &#381;ena u Kuala Lumpur Malezije, zajedno sa predstavnicama dr&#382;ava, vlada i civilnog dru&#353;tva iz celog sveta.<\/p>\n<p>U nastavku objavljujemo govor Predsednice Jahjaga na otvaranju ministarskog panela:<\/p>\n<p>Po&#353;tovana Irene,<br \/>\nPo&#353;tovane Dame i Gospodo,<\/p>\n<p>Uz veliko zadovoljstvo se obra\u0107am ovom vrlo interesantnom panelu, koji po\u010dinje danas i &#382;elela bih da izrazim moje veliko po&#353;tovanje za divan rad koji je \u010dinila Irena tokom svih ovih godina da bi ekonomski razvoj pretvorila u realnost. Vi ste jedan model i inspiracija za &#382;ene i devojke u celom svetu.<\/p>\n<p>Tokom vi&#353;e od jednog stole\u0107a mi smo galvanizirali na&#353;a dru&#353;tva radi prihvatanja \u010dinjenice da su &#382;ene stub na&#353;eg napretka.\u00a0 <\/p>\n<p>Dok po\u010dinjemo sa na&#353;im diskusijama, kao predstavnici javnog i privatnog sektora, mi razmatramo do sada postignuti uspeh sa liderima vizionare, koji su sebi postavili visoke ciljeve i bez ikakvog straha su branili \u010dinjenicu da se svaki \u010dlan dru&#353;tva tretira na ravnopravan na\u010din.<\/p>\n<p>Svaki gram prava koji kao &#382;e4ne danas u&#382;ivamo, je ste\u010den te&#353;kim radom i jednom velikom ustrajno&#353;\u0107u. Borba za &#382;ivot &#382;ena u svim krajevima sveta ima isti obraz, uklju\u010duju\u0107i i regiju odakle ja dolazim &#8211; Jugoisto\u010dnu Evropu. Velikim radom mi smo u toku menjanja stereotipa unutar na&#353;ih dru&#353;tava. Ja s ponosom predstavljam jednu zemlju koja je pre \u010detrnaest godina iza&#353;la iz jednog od najve\u0107ih krvolo\u010dnih ratova u Zapadnom Balkanu, koji je regeneriran u mir stvaraju\u0107i jedno uklju\u010duju\u0107e dru&#353;tvo, obezbe\u0111uju\u0107i da se svakom gra\u0111aninu garantuje jednaka\u00a0 prava i sloboda.<\/p>\n<p>Na Kosovu mi smo razvili neke od efektivnih politika, ustrajne inicijative u pravcu transformacije rodnih normi. Na&#353;e je ube\u0111enje da su jedna zdrava demokratija i jedan uklju\u010div sistem su najbolja sredstva za jedan ustrajan razvoj.<\/p>\n<p>&#381;ene su danas na Kosovu u klju\u010dnim polo&#382;ajima i sve vi&#353;e postaju deo velikog uticaja u proces odlu\u010divanja. Kosovo ima jednu &#382;enu predsednicu i dve &#382;ene zamenice premijera, jednu &#382;enu koja vodi sektor trgovine i industrije i jednu &#382;enu koja vodi proces integracije u EZ-e. U Parlament, &#382;ene \u010dine 30 % \u010dlanova Parlamenta.<\/p>\n<p>&#381;ene imaju jo&#353; toga da \u010dine da bi stekle svoj ravnopravni deo u dru&#353;tvu i pravo da same odlu\u010duju o svom &#382;ivotu. Ali, mi smo odlu\u010dni i ujedinjeni vi&#353;e nego ikada ranije, kao &#353;to dokazuje i ovaj samit, za garantovanje \u010dinjenice da svakoj osobi treba da se daje &#353;ansa za jednaka prava i jednake mogu\u0107nosti po &#382;ivot. <\/p>\n<p>Ja\u010danje &#382;ena i devojaka treba da bude prednost svim svetskim liderima, koji &#382;ele da vide svoju zemlju da napreduje. Jer, paradoks je govoriti o napretku ako je jedan deo dru&#353;tva zaostao, pru&#382;ena mu je manja mogu\u0107nost i diskriminirana je.<\/p>\n<p>Pred nama imamo jedan vrlo izazovan put. Barijere \u0107e nastaviti blokirati na&#353;e kretanje, ali mi \u0107emo uspeti pretvoriti ja\u010danje &#382;ena u jednu realnost svugde, u svakoj dr&#382;avi, u svakom gradu i svako selo.<br \/>\n\u00a0<br \/>\nZbog tog razloga, kada god govorimo o ekonomskom ja\u010danju &#382;ene, mi govorimo o ja\u010danju na&#353;ih porodica, za ja\u010danje na&#353;ih zajednica i ja\u010danju na&#353;e dr&#382;ave.<\/p>\n<p>\u010cesto puta smo videli da investiraju\u0107i za &#382;ene mi zapravo investiramo za jednu bolju budu\u0107nost svih gra\u0111ana.\u00a0 Jer investiranje za &#382;ene nije investiranje na jednu osobu , nego je direktno investiranje u vrstu vaspitanja koje sti\u010du na&#353;a deca i vrstu zdravstvene za&#353;tite koja se pru&#382;a na&#353;oj deci, stvari ove koje \u0107e imati uticaj na njihovu budu\u0107nost i blagostanje cele porodice.<\/p>\n<p>Po&#353;tovane Dame i Gospodo,<\/p>\n<p>Kada govorimo o pravima &#382;ena, mi ne govorimo o prednostima ili posebnim\u00a0 privilegijama za &#382;ene. Mi govorimo o onom &#353;to je pravo, za ne&#353;to &#353;to je mudrost koja treba da bude norma po kojoj se mi svi trebamo rukovoditi.<\/p>\n<p>Pravedno je da &#382;ene u\u010destvuju u svim oblastima &#382;ivota i da ponude svoju perspektivu u slu\u010dajevima kada se kreiraju politike i kada se definiraju strategije koje se ti\u010du svakog individua dru&#353;tva, svakog mu&#353;karca i svaku &#382;enu, svakog odraslog i svaku mladu osobu.<\/p>\n<p>&#381;ene su motor na&#353;eg dru&#353;tva. Uz njihovu neumornu pomo\u0107 i njihovu snagu transformacije smo videli tok napretka dru&#353;tava. <\/p>\n<p>Investiranjem pedeset procentnog ljudskog kapitala na&#353;ih dru&#353;tva , mi dodajemo na&#353;im privredama nove generatora rasta, koji \u0107e da menjaju model stalnog ekonomskog razvoja i ubrzano \u0107emo pove\u0107ati i ja\u010dati izgradnju jedne dr&#382;ave.<\/p>\n<p>Mi smo svedoci transformacije koja se zbiva u svakoj zemlji, kad god &#382;ene aktivno u\u010destvuju u na&#353;im ekonomijama.<\/p>\n<p>Razlika je evidentna dok &#382;ene postaju motor pokreta\u010d ekonomija zemalja u razvoju upotrebljavaju\u0107i njihov talenat i njihove sposobnosti uspostavljanja i vlasni&#353;tva mnogih malih i srednjih preduze\u0107a.<\/p>\n<p>Ovo je evidentno u razvijenim zemljama, gde je razlika izme\u0111u rodova manja i koje u&#382;ivaju ve\u0107i stepen razvoja.<\/p>\n<p>Po&#353;tovane Dame i Gospodo,<\/p>\n<p>Odgovornost svakog dru&#353;tva je da ovu bitku smatra kao svoju osobnu bitku. Jer ova bitka nije izolovanja samo za &#382;ene i devojke, to je na&#353; zajedni\u010dki izazov. Iz tog razloga mi trebamo tra&#382;iti zajedni\u010dka re&#353;enja, putem mostova saradnje i partnerstva na raznim nivoima, me\u0111u raznim katalizatorima.<\/p>\n<p>Mi trebamo razbiti zamku ekonomske zavisnosti u kojoj su &#382;ene na&#353;le sebe generacijama za redom. Pru&#382;aju\u0107i ravnopravnost na tr&#382;i&#353;te rada, pristup u obrazovanje i obu\u010davanje. <\/p>\n<p>&#381;ene su jedan sna&#382;an izvor ekonomije. Talenat i sposobnost koje &#382;ene donose sobom su bitne za javni i privatni sektor. I, zaista, \u010desto smo primetili da je ovo parnterstvo rezultiralo nastanak novih na\u010dina ekonomskog ja\u010danja &#382;ena.<\/p>\n<p>I, dok smo stvorili zakonodavstvo, mi jo&#353; uvek vidimo &#382;ene koje se zaustave od tradicionalnog zakona. &#381;ene jo&#353; uvek u\u010destvuju manje od mu&#353;karaca u radnu snagu i vlasnice su samo malih procenata svetske svojine..<\/p>\n<p>Mi ponovo trebamo izmisliti na\u010din kako sastaviti zakone, politike i kako vodimo0 biznis da bismo udovoljili potrebe i limite &#382;ena.<\/p>\n<p>Mi trebamo da se osiguramo da smo u toku sastavljanja zakonodavstva koje ravnopravno tretira &#382;ene, koje razmatra njihovo pravo nasledstva i pravo na svojinu.<\/p>\n<p>Mi trebamo stvoriti mehanizam koji smanjuje prostor razdvajanja izvora za &#382;ene i mu&#353;karce, pru&#382;aju\u0107i &#382;enama pristup finansijskim izvorima i bankarske pozajmice mogu pomo\u0107i da bi po\u010dele svoj biznis.<\/p>\n<p>Grade\u0107i mostove saradnje izme\u0111u javnog i privatnog sektora mi mo&#382;emo upotrebiti sredstva za podr&#382;avanje inicijativa koje imaju za cilj da stave na raspolaganje i upotrebu snagu &#382;ena i prilagode njihovom talentu i sposobnostima u ekonomiji zemlje.<\/p>\n<p>Mi trebamo stvoriti jednu platformu konkretnih mera radi ustrajnog odr&#382;avanja ciljeva namere za koje smo se opredelili i odlu\u010dili. Mi trebamo stvoriti jedan lanac saradnje i su\u010deljavati se sa ovim problemom u svakom nivou.<\/p>\n<p>Mogu sa vama podeliti primer Kosova, gde uz podr&#353;ku mog ureda i ureda Ministarstva Trgovine i Industrije i USAID-a, mi smo \u010dinili korak u pravcu stvaranja Prve Trgova\u010dke Komore, koju osnivaju &#382;ene.<\/p>\n<p>Mi smo se obratili uspe&#353;nim &#382;enama preduzetnicima, koje su savladale sve prepreke i staklene plafone i zahtevali smo od njih da poma&#382;u uzdizanje drugih &#382;ena, da postanu njihov mentor i njihov podr&#382;avalac.<\/p>\n<p>I uo\u010dimo pozitivne rezultate svakog dana. To su modeli koji ohrabre ostale &#382;ene da se ne pla&#353;e, da u\u010destvuju na tr&#382;i&#353;te rada, da po\u010dnu svoj biznis, da idu u &#353;kolu i da di&#382;u glas protiv nepravde.<\/p>\n<p>Po&#353;tovani u\u010desnici samita, <\/p>\n<p>Mi trebamo \u010diniti kao misiju na&#353;e generacije nastavak prostiranja puta za naredne generacije i to posle nje, kada vi&#353;e ne\u0107emo \u010diniti razliku izme\u0111u prava &#382;ena i mu&#353;karaca, nego \u0107emo govoriti o mogu\u0107nostima za svakog \u010dlana dru&#353;tva, bez obzira na rod. <\/p>\n<p>Ja\u010danje &#382;ena treba da postane socijalni pokret 21 stole\u0107a. To je pravedno i mudro i mi trebamo delovati u tom pravcu.<\/p>\n<p>Hvala vam!<\/p>\n","protected":false},"excerpt":{"rendered":"<p>Predsednica Republike Kosovo, gospo\u0111a Atifete Jahjaga, danas je odr&#382;ala govor na otvaranju ministarskog panela Globalnog Samita &#381;ena, u Kuala Lumpur Malezije, na temu ekonomskog ja\u010danja &#382;ene i va&#382;nosti partnerstva javnog &#8211; i privatnog sektora. Ovom panelu su prisustvovali zamenik predsednika Vijetnama, Nguyen Thi Doan, prva dama Namibije , Penehupife Pahamba, i prva dama  Zambije, Christine Kaseba.<\/p>\n","protected":false},"author":1,"featured_media":50938,"comment_status":"open","ping_status":"closed","sticky":false,"template":"","format":"standard","meta":{"_eb_attr":"","footnotes":""},"categories":[106],"tags":[],"class_list":["post-78391","post","type-post","status-publish","format-standard","has-post-thumbnail","hentry","category-govori"],"yoast_head":"<!-- This site is optimized with the Yoast SEO plugin v23.5 - https:\/\/yoast.com\/wordpress\/plugins\/seo\/ -->\n<title>Govor Predsednice Jahjaga na otvaranju ministarskog panela Globalnog Samita &#142;ena - Predsednik Republike Kosovo - DR. VJOSA OSMANI - SADRIU<\/title>\n<meta name=\"description\" content=\"Govor Predsednice Jahjaga na otvaranju ministarskog panela Globalnog Samita &#142;ena - Predsednik Republike Kosovo - DR. VJOSA OSMANI - SADRIU -\" \/>\n<meta name=\"robots\" content=\"index, follow, max-snippet:-1, max-image-preview:large, max-video-preview:-1\" \/>\n<link rel=\"canonical\" href=\"https:\/\/president-ksgov.net\/fjalimi-i-presidentes-jahjaga-ne-hapjen-e-panelit-ministror-te-samitit-global-te-gruas\/\" \/>\n<meta property=\"og:locale\" content=\"sr_RS\" \/>\n<meta property=\"og:type\" content=\"article\" \/>\n<meta property=\"og:title\" content=\"Govor Predsednice Jahjaga na otvaranju ministarskog panela Globalnog Samita &#142;ena - Predsednik Republike Kosovo - DR. VJOSA OSMANI - SADRIU\" \/>\n<meta property=\"og:description\" content=\"Govor Predsednice Jahjaga na otvaranju ministarskog panela Globalnog Samita &#142;ena - Predsednik Republike Kosovo - DR. VJOSA OSMANI - SADRIU -\" \/>\n<meta property=\"og:url\" content=\"https:\/\/president-ksgov.net\/fjalimi-i-presidentes-jahjaga-ne-hapjen-e-panelit-ministror-te-samitit-global-te-gruas\/\" \/>\n<meta property=\"og:site_name\" content=\"Predsednik Republike Kosovo - DR. VJOSA OSMANI - SADRIU\" \/>\n<meta property=\"article:published_time\" content=\"2013-06-06T11:01:48+00:00\" \/>\n<meta property=\"article:modified_time\" content=\"2023-03-08T09:03:52+00:00\" \/>\n<meta property=\"og:image\" content=\"https:\/\/president-ksgov.net\/wp-content\/uploads\/06_06_13_57911_001_06.06.2013.jpg\" \/>\n\t<meta property=\"og:image:width\" content=\"523\" \/>\n\t<meta property=\"og:image:height\" content=\"800\" \/>\n\t<meta property=\"og:image:type\" content=\"image\/jpeg\" \/>\n<meta name=\"author\" content=\"admin\" \/>\n<meta name=\"twitter:card\" content=\"summary_large_image\" \/>\n<meta name=\"twitter:label1\" content=\"\u041d\u0430\u043f\u0438\u0441\u0430\u043d\u043e \u043e\u0434\" \/>\n\t<meta name=\"twitter:data1\" content=\"admin\" \/>\n\t<meta name=\"twitter:label2\" content=\"\u041f\u0440\u043e\u0446\u0435\u045a\u0435\u043d\u043e \u0432\u0440\u0435\u043c\u0435 \u0447\u0438\u0442\u0430\u045a\u0430\" \/>\n\t<meta name=\"twitter:data2\" content=\"7 \u043c\u0438\u043d\u0443\u0442\u0430\" \/>\n<script type=\"application\/ld+json\" class=\"yoast-schema-graph\">{\"@context\":\"https:\/\/schema.org\",\"@graph\":[{\"@type\":\"WebPage\",\"@id\":\"https:\/\/president-ksgov.net\/fjalimi-i-presidentes-jahjaga-ne-hapjen-e-panelit-ministror-te-samitit-global-te-gruas\/\",\"url\":\"https:\/\/president-ksgov.net\/fjalimi-i-presidentes-jahjaga-ne-hapjen-e-panelit-ministror-te-samitit-global-te-gruas\/\",\"name\":\"Govor Predsednice Jahjaga na otvaranju ministarskog panela Globalnog Samita &#142;ena - Predsednik Republike Kosovo - DR. VJOSA OSMANI - SADRIU\",\"isPartOf\":{\"@id\":\"https:\/\/president-ksgov.net\/#website\"},\"primaryImageOfPage\":{\"@id\":\"https:\/\/president-ksgov.net\/fjalimi-i-presidentes-jahjaga-ne-hapjen-e-panelit-ministror-te-samitit-global-te-gruas\/#primaryimage\"},\"image\":{\"@id\":\"https:\/\/president-ksgov.net\/fjalimi-i-presidentes-jahjaga-ne-hapjen-e-panelit-ministror-te-samitit-global-te-gruas\/#primaryimage\"},\"thumbnailUrl\":\"https:\/\/president-ksgov.net\/wp-content\/uploads\/06_06_13_57911_001_06.06.2013.jpg\",\"datePublished\":\"2013-06-06T11:01:48+00:00\",\"dateModified\":\"2023-03-08T09:03:52+00:00\",\"author\":{\"@id\":\"https:\/\/president-ksgov.net\/#\/schema\/person\/bb4337a5fb147cb2046d80548172cbee\"},\"description\":\"Govor Predsednice Jahjaga na otvaranju ministarskog panela Globalnog Samita &#142;ena - Predsednik Republike Kosovo - DR. VJOSA OSMANI - SADRIU -\",\"breadcrumb\":{\"@id\":\"https:\/\/president-ksgov.net\/fjalimi-i-presidentes-jahjaga-ne-hapjen-e-panelit-ministror-te-samitit-global-te-gruas\/#breadcrumb\"},\"inLanguage\":\"sr-RS\",\"potentialAction\":[{\"@type\":\"ReadAction\",\"target\":[\"https:\/\/president-ksgov.net\/fjalimi-i-presidentes-jahjaga-ne-hapjen-e-panelit-ministror-te-samitit-global-te-gruas\/\"]}]},{\"@type\":\"ImageObject\",\"inLanguage\":\"sr-RS\",\"@id\":\"https:\/\/president-ksgov.net\/fjalimi-i-presidentes-jahjaga-ne-hapjen-e-panelit-ministror-te-samitit-global-te-gruas\/#primaryimage\",\"url\":\"https:\/\/president-ksgov.net\/wp-content\/uploads\/06_06_13_57911_001_06.06.2013.jpg\",\"contentUrl\":\"https:\/\/president-ksgov.net\/wp-content\/uploads\/06_06_13_57911_001_06.06.2013.jpg\",\"width\":523,\"height\":800},{\"@type\":\"BreadcrumbList\",\"@id\":\"https:\/\/president-ksgov.net\/fjalimi-i-presidentes-jahjaga-ne-hapjen-e-panelit-ministror-te-samitit-global-te-gruas\/#breadcrumb\",\"itemListElement\":[{\"@type\":\"ListItem\",\"position\":1,\"name\":\"Home\",\"item\":\"https:\/\/president-ksgov.net\/sr\/\"},{\"@type\":\"ListItem\",\"position\":2,\"name\":\"Govor Predsednice Jahjaga na otvaranju ministarskog panela Globalnog Samita &#142;ena\"}]},{\"@type\":\"WebSite\",\"@id\":\"https:\/\/president-ksgov.net\/#website\",\"url\":\"https:\/\/president-ksgov.net\/\",\"name\":\"Presidente e Republik\u00ebs s\u00eb Kosov\u00ebs\",\"description\":\"Presidente e Republik\u00ebs s\u00eb Kosov\u00ebs\",\"alternateName\":\"DR. VJOSA OSMANI - SADRIU\",\"potentialAction\":[{\"@type\":\"SearchAction\",\"target\":{\"@type\":\"EntryPoint\",\"urlTemplate\":\"https:\/\/president-ksgov.net\/?s={search_term_string}\"},\"query-input\":{\"@type\":\"PropertyValueSpecification\",\"valueRequired\":true,\"valueName\":\"search_term_string\"}}],\"inLanguage\":\"sr-RS\"},{\"@type\":\"Person\",\"@id\":\"https:\/\/president-ksgov.net\/#\/schema\/person\/bb4337a5fb147cb2046d80548172cbee\",\"name\":\"admin\",\"image\":{\"@type\":\"ImageObject\",\"inLanguage\":\"sr-RS\",\"@id\":\"https:\/\/president-ksgov.net\/#\/schema\/person\/image\/\",\"url\":\"https:\/\/secure.gravatar.com\/avatar\/36156ca0fa3b8d9d25174f146e16beea0cf28f37adf1b9e19b6c9c279a7c9dd3?s=96&d=mm&r=g\",\"contentUrl\":\"https:\/\/secure.gravatar.com\/avatar\/36156ca0fa3b8d9d25174f146e16beea0cf28f37adf1b9e19b6c9c279a7c9dd3?s=96&d=mm&r=g\",\"caption\":\"admin\"},\"sameAs\":[\"https:\/\/president-ksgov.net\"]}]}<\/script>\n<!-- \/ Yoast SEO plugin. -->","yoast_head_json":{"title":"Govor Predsednice Jahjaga na otvaranju ministarskog panela Globalnog Samita &#142;ena - Predsednik Republike Kosovo - DR. VJOSA OSMANI - SADRIU","description":"Govor Predsednice Jahjaga na otvaranju ministarskog panela Globalnog Samita &#142;ena - Predsednik Republike Kosovo - DR. VJOSA OSMANI - SADRIU -","robots":{"index":"index","follow":"follow","max-snippet":"max-snippet:-1","max-image-preview":"max-image-preview:large","max-video-preview":"max-video-preview:-1"},"canonical":"https:\/\/president-ksgov.net\/fjalimi-i-presidentes-jahjaga-ne-hapjen-e-panelit-ministror-te-samitit-global-te-gruas\/","og_locale":"sr_RS","og_type":"article","og_title":"Govor Predsednice Jahjaga na otvaranju ministarskog panela Globalnog Samita &#142;ena - Predsednik Republike Kosovo - DR. VJOSA OSMANI - SADRIU","og_description":"Govor Predsednice Jahjaga na otvaranju ministarskog panela Globalnog Samita &#142;ena - Predsednik Republike Kosovo - DR. VJOSA OSMANI - SADRIU -","og_url":"https:\/\/president-ksgov.net\/fjalimi-i-presidentes-jahjaga-ne-hapjen-e-panelit-ministror-te-samitit-global-te-gruas\/","og_site_name":"Predsednik Republike Kosovo - DR. VJOSA OSMANI - SADRIU","article_published_time":"2013-06-06T11:01:48+00:00","article_modified_time":"2023-03-08T09:03:52+00:00","og_image":[{"width":523,"height":800,"url":"https:\/\/president-ksgov.net\/wp-content\/uploads\/06_06_13_57911_001_06.06.2013.jpg","type":"image\/jpeg"}],"author":"admin","twitter_card":"summary_large_image","twitter_misc":{"\u041d\u0430\u043f\u0438\u0441\u0430\u043d\u043e \u043e\u0434":"admin","\u041f\u0440\u043e\u0446\u0435\u045a\u0435\u043d\u043e \u0432\u0440\u0435\u043c\u0435 \u0447\u0438\u0442\u0430\u045a\u0430":"7 \u043c\u0438\u043d\u0443\u0442\u0430"},"schema":{"@context":"https:\/\/schema.org","@graph":[{"@type":"WebPage","@id":"https:\/\/president-ksgov.net\/fjalimi-i-presidentes-jahjaga-ne-hapjen-e-panelit-ministror-te-samitit-global-te-gruas\/","url":"https:\/\/president-ksgov.net\/fjalimi-i-presidentes-jahjaga-ne-hapjen-e-panelit-ministror-te-samitit-global-te-gruas\/","name":"Govor Predsednice Jahjaga na otvaranju ministarskog panela Globalnog Samita &#142;ena - Predsednik Republike Kosovo - DR. VJOSA OSMANI - SADRIU","isPartOf":{"@id":"https:\/\/president-ksgov.net\/#website"},"primaryImageOfPage":{"@id":"https:\/\/president-ksgov.net\/fjalimi-i-presidentes-jahjaga-ne-hapjen-e-panelit-ministror-te-samitit-global-te-gruas\/#primaryimage"},"image":{"@id":"https:\/\/president-ksgov.net\/fjalimi-i-presidentes-jahjaga-ne-hapjen-e-panelit-ministror-te-samitit-global-te-gruas\/#primaryimage"},"thumbnailUrl":"https:\/\/president-ksgov.net\/wp-content\/uploads\/06_06_13_57911_001_06.06.2013.jpg","datePublished":"2013-06-06T11:01:48+00:00","dateModified":"2023-03-08T09:03:52+00:00","author":{"@id":"https:\/\/president-ksgov.net\/#\/schema\/person\/bb4337a5fb147cb2046d80548172cbee"},"description":"Govor Predsednice Jahjaga na otvaranju ministarskog panela Globalnog Samita &#142;ena - Predsednik Republike Kosovo - DR. VJOSA OSMANI - SADRIU -","breadcrumb":{"@id":"https:\/\/president-ksgov.net\/fjalimi-i-presidentes-jahjaga-ne-hapjen-e-panelit-ministror-te-samitit-global-te-gruas\/#breadcrumb"},"inLanguage":"sr-RS","potentialAction":[{"@type":"ReadAction","target":["https:\/\/president-ksgov.net\/fjalimi-i-presidentes-jahjaga-ne-hapjen-e-panelit-ministror-te-samitit-global-te-gruas\/"]}]},{"@type":"ImageObject","inLanguage":"sr-RS","@id":"https:\/\/president-ksgov.net\/fjalimi-i-presidentes-jahjaga-ne-hapjen-e-panelit-ministror-te-samitit-global-te-gruas\/#primaryimage","url":"https:\/\/president-ksgov.net\/wp-content\/uploads\/06_06_13_57911_001_06.06.2013.jpg","contentUrl":"https:\/\/president-ksgov.net\/wp-content\/uploads\/06_06_13_57911_001_06.06.2013.jpg","width":523,"height":800},{"@type":"BreadcrumbList","@id":"https:\/\/president-ksgov.net\/fjalimi-i-presidentes-jahjaga-ne-hapjen-e-panelit-ministror-te-samitit-global-te-gruas\/#breadcrumb","itemListElement":[{"@type":"ListItem","position":1,"name":"Home","item":"https:\/\/president-ksgov.net\/sr\/"},{"@type":"ListItem","position":2,"name":"Govor Predsednice Jahjaga na otvaranju ministarskog panela Globalnog Samita &#142;ena"}]},{"@type":"WebSite","@id":"https:\/\/president-ksgov.net\/#website","url":"https:\/\/president-ksgov.net\/","name":"Presidente e Republik\u00ebs s\u00eb Kosov\u00ebs","description":"Presidente e Republik\u00ebs s\u00eb Kosov\u00ebs","alternateName":"DR. VJOSA OSMANI - SADRIU","potentialAction":[{"@type":"SearchAction","target":{"@type":"EntryPoint","urlTemplate":"https:\/\/president-ksgov.net\/?s={search_term_string}"},"query-input":{"@type":"PropertyValueSpecification","valueRequired":true,"valueName":"search_term_string"}}],"inLanguage":"sr-RS"},{"@type":"Person","@id":"https:\/\/president-ksgov.net\/#\/schema\/person\/bb4337a5fb147cb2046d80548172cbee","name":"admin","image":{"@type":"ImageObject","inLanguage":"sr-RS","@id":"https:\/\/president-ksgov.net\/#\/schema\/person\/image\/","url":"https:\/\/secure.gravatar.com\/avatar\/36156ca0fa3b8d9d25174f146e16beea0cf28f37adf1b9e19b6c9c279a7c9dd3?s=96&d=mm&r=g","contentUrl":"https:\/\/secure.gravatar.com\/avatar\/36156ca0fa3b8d9d25174f146e16beea0cf28f37adf1b9e19b6c9c279a7c9dd3?s=96&d=mm&r=g","caption":"admin"},"sameAs":["https:\/\/president-ksgov.net"]}]}},"_links":{"self":[{"href":"https:\/\/president-ksgov.net\/sr\/wp-json\/wp\/v2\/posts\/78391","targetHints":{"allow":["GET"]}}],"collection":[{"href":"https:\/\/president-ksgov.net\/sr\/wp-json\/wp\/v2\/posts"}],"about":[{"href":"https:\/\/president-ksgov.net\/sr\/wp-json\/wp\/v2\/types\/post"}],"author":[{"embeddable":true,"href":"https:\/\/president-ksgov.net\/sr\/wp-json\/wp\/v2\/users\/1"}],"replies":[{"embeddable":true,"href":"https:\/\/president-ksgov.net\/sr\/wp-json\/wp\/v2\/comments?post=78391"}],"version-history":[{"count":1,"href":"https:\/\/president-ksgov.net\/sr\/wp-json\/wp\/v2\/posts\/78391\/revisions"}],"predecessor-version":[{"id":81737,"href":"https:\/\/president-ksgov.net\/sr\/wp-json\/wp\/v2\/posts\/78391\/revisions\/81737"}],"wp:featuredmedia":[{"embeddable":true,"href":"https:\/\/president-ksgov.net\/sr\/wp-json\/wp\/v2\/media\/50938"}],"wp:attachment":[{"href":"https:\/\/president-ksgov.net\/sr\/wp-json\/wp\/v2\/media?parent=78391"}],"wp:term":[{"taxonomy":"category","embeddable":true,"href":"https:\/\/president-ksgov.net\/sr\/wp-json\/wp\/v2\/categories?post=78391"},{"taxonomy":"post_tag","embeddable":true,"href":"https:\/\/president-ksgov.net\/sr\/wp-json\/wp\/v2\/tags?post=78391"}],"curies":[{"name":"wp","href":"https:\/\/api.w.org\/{rel}","templated":true}]}}